
{"id":4342,"date":"2013-02-01T11:48:56","date_gmt":"2013-02-01T11:48:56","guid":{"rendered":"http:\/\/jornalbeirario.com.br\/portal\/portal\/?p=4342"},"modified":"2013-02-01T11:48:56","modified_gmt":"2013-02-01T11:48:56","slug":"lais-amaral-12","status":"publish","type":"post","link":"https:\/\/jornalbeirario.com.br\/portal\/?p=4342","title":{"rendered":"La\u00eds Amaral"},"content":{"rendered":"<p><strong>Brev\u00edssimo manifesto \u00e0 Esb\u00f3rnia e \u00e0 Alegria<\/strong><br \/>\n<strong>S\u00e1bado dia 2 \u2013 tem Crust\u00e1ceos em Campos El\u00edseos<\/strong><br \/>\nTodo cidad\u00e3o de bem, entre 1 e 100 anos de idade, de qualquer sexo, est\u00e1 convocado a ser feliz e brincar\u00a0 no Bloco Et\u00edlico Carnavalesco Crust\u00e1ceos da Mangua\u00e7a, neste s\u00e1bado, dia 2, em Campos El\u00edseos, de forma descompromissada, sem traumas, sem vergonhas exageradas, sem conceitos estreitos e preconceitos de qualquer estirpe. Ao som de marchinhas e sambas, com uma banda enfezada, o cidad\u00e3o dever\u00e1 assumir tamb\u00e9m, de forma irrevog\u00e1vel uma postura respeitosa em rela\u00e7\u00e3o a seus semelhantes e, acima de tudo, querer ser feliz, como uma crian\u00e7a. Venha do jeito que quiser, com ou sem fantasia, com ou sem camiseta do bloco, mas \u00e9 obrigat\u00f3rio o uso permanente e constante de anima\u00e7\u00e3o incondicional. O \u2018Bloco Et\u00edlico Carnavalesco Crust\u00e1ceos da Mangua\u00e7a\u2019 faz duas concentra\u00e7\u00f5es: para os mais ansiosos \u00e0s 11 horas no \u2018Recanto dos Amigos\u2019 (Catarino) e ao meio dia e meia no Cal\u00e7ad\u00e3o de Campos El\u00edseos, pr\u00f3ximo \u00e0 Ponte Velha. N\u00e3o ser\u00e3o aceitas desculpas pelas poss\u00edveis aus\u00eancias.<\/p>\n<p><strong>Vamos \u2018crustacear\u2019 pela mem\u00f3ria do Valdir Mandrake<\/strong><br \/>\nDia 21 de fevereiro do ano passado, ter\u00e7a-feira gorda de Carnaval, morreu e foi sepultado, ao som de marchinhas, o nosso querido Valdir Mandrake. Valdir era um dos fundadores do \u2018Crust\u00e1ceos da Mangua\u00e7a\u2019 e chegou a ser enredo um ano desses a\u00ed. Ano passado ele esteve no bloco e foi certamente o seu \u00faltimo contato com a alegria desgovernada e intensa proporcionada pela loucura que ajudou a criar. Mandrake, receba a homenagem da turma toda: Marinho Santista (Presidente), Robson Monteiro (vice), Sonia Nogueira (chefe da cozinha), Katita Oliveira (comandante da Velha Guarda), Dona Ione (a foli\u00e3 mais idosa), Claudionor Rosa (foli\u00e3o), Nice Pinheiro (foli\u00e3 bissexta), La\u00eds Amaral (ass. Imprensa),\u00a0 Rosaine Pereira (divulga\u00e7\u00e3o), Aldair Almeida (pandeirista), Lucinha (passista), Zeli (sumida), Herbert Felipe, Ti\u00e3o Montanha, Gulu (ala de compositores), Fernando Pineschi e Martinho (tamb\u00e9m fundadores), Carol (lagostosa aposentada), Campe\u00e3o e suas filhas (linda fam\u00edlia botafoguense), Lurdinha (rainha da bateria, embora o bloco n\u00e3o tenha bateria), Ricardo Paiva, Milene, Rui Paiva e grupo (sempre uma surpresa), Rossi (seguran\u00e7a), Jo\u00e3o Sab\u00f3ia (documentarista), Mauro Periquito\u00a0 (colaborador e foli\u00e3o adesista), e mais: filhos, irm\u00e3os, primos, pais, m\u00e3es, amigos e conhecidos dessa turma toda a\u00ed citada. Grande abra\u00e7o, a gente brinca por voc\u00ea amanh\u00e3 (dia 2).<\/p>\n<p><strong>TRIPA<\/strong><br \/>\n*O Rancho Carnavalesco Chuveiro de Prata, comandado pelo \u2018Preto Velho\u2019 Claudionor Rosa vai desfilar dia 9, abrindo o desfile dos Blocos de Embalo em Resende, com o tema: \u2018Coisas Nossas\u2019. E por conta disso, Claudionor est\u00e1 avisando a todas as entidades organizadas que prestam algum tipo de servi\u00e7o em Resende, seja o que for, e que queiram desfilar exibindo suas marcas e divulgar assim tamb\u00e9m suas a\u00e7\u00f5es, que o Chuveiro de Prata est\u00e1 de bra\u00e7os abertos para receb\u00ea-los. Os interessados devem procurar o pr\u00f3prio Claudionor na Casa da Cultura (tel: 3360-6282) * Come\u00e7ou nessa segunda-feira, dia 28, no Espa\u00e7o \u2018Z\u2019, a exposi\u00e7\u00e3o \u201cDa Poeira ao Poema\u201d, do poeta e artista pl\u00e1stico Tiago Gomes. Tiago \u00e9 um artista sens\u00edvel e que j\u00e1 mexeu com arte urbana em Resende * Ser\u00e1 hoje, dia 1\u00ba de fevereiro, \u00e0s 19 horas no antigo Cinema da Aman, a \u2018Aula Inaugural\u2019 da rede p\u00fablica de ensino de Resende. O m\u00fasico Manoel Neto ser\u00e1 a grande atra\u00e7\u00e3o, o que est\u00e1 sendo chamado de \u201cshowlestra\u201d. J\u00e1 est\u00e1 virando uma tradi\u00e7\u00e3o misturar educa\u00e7\u00e3o e m\u00fasica na aula inaugural em Resende. D\u00e1 um bom resultado e o ano come\u00e7a com um astral l\u00e1 em cima. Beleza!! * Voltando a falar em Carnaval, ser\u00e1 neste s\u00e1bado a partir das 19 horas no Gssan a elei\u00e7\u00e3o de Rei e Rainha do Carnaval. Os concorrentes devem ser apresentados pelas agremia\u00e7\u00f5es que participam do Carnaval de Resende este ano. O atual Rei do Carnaval \u00e9 o Juarez Maur\u00edcio, o Juca, que j\u00e1 reina h\u00e1 dois Carnavais e vai tentar o Tri * A cantora Malu Rocha, ser\u00e1 a grande atra\u00e7\u00e3o da abertura da pr\u00f3xima exposi\u00e7\u00e3o do Museu de Arte Moderna de Resende, na quarta-feira que vem, dia 6, \u00e0s 19 horas.\u00a0 Exposi\u00e7\u00e3o \u201cN\u00f3s de Itatiaia\u201d re\u00fane pinturas, fotografias, esculturas e objetos de manifesta\u00e7\u00f5es livres de v\u00e1rios artistas do munic\u00edpio vizinho. A mostra vai de 7 de fevereiro a 15 de mar\u00e7o, de segunda a sexta-feira, das 9h \u00e0s 17h30.<\/p>\n<p><strong>ANIVERS\u00c1RIOS<\/strong><br \/>\nAniversariou na segunda-feira, dia 28, a Mayra Cristina. Na Ter\u00e7a, dia 29, ficou mais experiente o meu amigo Jo\u00e3o Saboia que, entre muitas facetas, \u00e9 o documentarista oficial do bloco carnavalesco Crust\u00e1ceos da Mangua\u00e7a e o olhar atento sobre as coisas que rolam na cidade. Quarta, dia 30, soprou velinhas a empres\u00e1ria Romana Diniz. Ontem, dia 31, mudou de idade o jovem cineasta Edgar Freitas. Hoje, 1\u00ba de fevereiro, inaugura idade nova o Flavinho da Banda carnavalesca, \u201cGalera da Zoeira\u201d. Amanh\u00e3, dia 2, conta mais um ano a minha amiga Mary Dutra, que vai \u2018crustacear\u2019 em Campos El\u00edseos. Parab\u00e9ns e todas as felicidades do mundo a eles.<\/p>\n","protected":false},"excerpt":{"rendered":"<p>Brev\u00edssimo manifesto \u00e0 Esb\u00f3rnia e \u00e0 Alegria S\u00e1bado dia 2 \u2013 tem Crust\u00e1ceos em Campos El\u00edseos Todo cidad\u00e3o de bem, entre 1 e 100<\/p>\n","protected":false},"author":1,"featured_media":0,"comment_status":"open","ping_status":"open","sticky":false,"template":"","format":"standard","meta":{"pmpro_default_level":"","footnotes":""},"categories":[13],"tags":[],"class_list":["post-4342","post","type-post","status-publish","format-standard","hentry","category-social","pmpro-has-access"],"yoast_head":"<!-- This site is optimized with the Yoast SEO plugin v27.4 - https:\/\/yoast.com\/product\/yoast-seo-wordpress\/ -->\n<title>La\u00eds Amaral - JORNAL BEIRA RIO<\/title>\n<meta name=\"robots\" content=\"index, follow, max-snippet:-1, max-image-preview:large, max-video-preview:-1\" \/>\n<link rel=\"canonical\" href=\"https:\/\/jornalbeirario.com.br\/portal\/?p=4342\" \/>\n<meta property=\"og:locale\" content=\"pt_BR\" \/>\n<meta property=\"og:type\" content=\"article\" \/>\n<meta property=\"og:title\" content=\"La\u00eds Amaral - JORNAL BEIRA RIO\" \/>\n<meta property=\"og:description\" content=\"Brev\u00edssimo manifesto \u00e0 Esb\u00f3rnia e \u00e0 Alegria S\u00e1bado dia 2 \u2013 tem Crust\u00e1ceos em Campos El\u00edseos Todo cidad\u00e3o de bem, entre 1 e 100\" \/>\n<meta property=\"og:url\" content=\"https:\/\/jornalbeirario.com.br\/portal\/?p=4342\" \/>\n<meta property=\"og:site_name\" content=\"JORNAL BEIRA RIO\" \/>\n<meta property=\"article:published_time\" content=\"2013-02-01T11:48:56+00:00\" \/>\n<meta name=\"author\" content=\"Jornal BEIRA-RIO\" \/>\n<meta name=\"twitter:card\" content=\"summary_large_image\" \/>\n<meta name=\"twitter:label1\" content=\"Escrito por\" \/>\n\t<meta name=\"twitter:data1\" content=\"Jornal BEIRA-RIO\" \/>\n\t<meta name=\"twitter:label2\" content=\"Est. tempo de leitura\" \/>\n\t<meta name=\"twitter:data2\" content=\"4 minutos\" \/>\n<script type=\"application\/ld+json\" class=\"yoast-schema-graph\">{\"@context\":\"https:\\\/\\\/schema.org\",\"@graph\":[{\"@type\":\"Article\",\"@id\":\"https:\\\/\\\/jornalbeirario.com.br\\\/portal\\\/?p=4342#article\",\"isPartOf\":{\"@id\":\"https:\\\/\\\/jornalbeirario.com.br\\\/portal\\\/?p=4342\"},\"author\":{\"name\":\"Jornal BEIRA-RIO\",\"@id\":\"https:\\\/\\\/jornalbeirario.com.br\\\/portal\\\/#\\\/schema\\\/person\\\/c6c423e4c2465d2a9233f6539173e7c1\"},\"headline\":\"La\u00eds Amaral\",\"datePublished\":\"2013-02-01T11:48:56+00:00\",\"mainEntityOfPage\":{\"@id\":\"https:\\\/\\\/jornalbeirario.com.br\\\/portal\\\/?p=4342\"},\"wordCount\":871,\"commentCount\":0,\"publisher\":{\"@id\":\"https:\\\/\\\/jornalbeirario.com.br\\\/portal\\\/#organization\"},\"articleSection\":[\"Social\"],\"inLanguage\":\"pt-BR\",\"potentialAction\":[{\"@type\":\"CommentAction\",\"name\":\"Comment\",\"target\":[\"https:\\\/\\\/jornalbeirario.com.br\\\/portal\\\/?p=4342#respond\"]}]},{\"@type\":\"WebPage\",\"@id\":\"https:\\\/\\\/jornalbeirario.com.br\\\/portal\\\/?p=4342\",\"url\":\"https:\\\/\\\/jornalbeirario.com.br\\\/portal\\\/?p=4342\",\"name\":\"La\u00eds Amaral - JORNAL BEIRA RIO\",\"isPartOf\":{\"@id\":\"https:\\\/\\\/jornalbeirario.com.br\\\/portal\\\/#website\"},\"datePublished\":\"2013-02-01T11:48:56+00:00\",\"breadcrumb\":{\"@id\":\"https:\\\/\\\/jornalbeirario.com.br\\\/portal\\\/?p=4342#breadcrumb\"},\"inLanguage\":\"pt-BR\",\"potentialAction\":[{\"@type\":\"ReadAction\",\"target\":[\"https:\\\/\\\/jornalbeirario.com.br\\\/portal\\\/?p=4342\"]}]},{\"@type\":\"BreadcrumbList\",\"@id\":\"https:\\\/\\\/jornalbeirario.com.br\\\/portal\\\/?p=4342#breadcrumb\",\"itemListElement\":[{\"@type\":\"ListItem\",\"position\":1,\"name\":\"Home\",\"item\":\"https:\\\/\\\/jornalbeirario.com.br\\\/portal\"},{\"@type\":\"ListItem\",\"position\":2,\"name\":\"La\u00eds Amaral\"}]},{\"@type\":\"WebSite\",\"@id\":\"https:\\\/\\\/jornalbeirario.com.br\\\/portal\\\/#website\",\"url\":\"https:\\\/\\\/jornalbeirario.com.br\\\/portal\\\/\",\"name\":\"JORNAL BEIRA RIO\",\"description\":\"\",\"publisher\":{\"@id\":\"https:\\\/\\\/jornalbeirario.com.br\\\/portal\\\/#organization\"},\"potentialAction\":[{\"@type\":\"SearchAction\",\"target\":{\"@type\":\"EntryPoint\",\"urlTemplate\":\"https:\\\/\\\/jornalbeirario.com.br\\\/portal\\\/?s={search_term_string}\"},\"query-input\":{\"@type\":\"PropertyValueSpecification\",\"valueRequired\":true,\"valueName\":\"search_term_string\"}}],\"inLanguage\":\"pt-BR\"},{\"@type\":\"Organization\",\"@id\":\"https:\\\/\\\/jornalbeirario.com.br\\\/portal\\\/#organization\",\"name\":\"JORNAL BEIRA RIO\",\"url\":\"https:\\\/\\\/jornalbeirario.com.br\\\/portal\\\/\",\"logo\":{\"@type\":\"ImageObject\",\"inLanguage\":\"pt-BR\",\"@id\":\"https:\\\/\\\/jornalbeirario.com.br\\\/portal\\\/#\\\/schema\\\/logo\\\/image\\\/\",\"url\":\"https:\\\/\\\/jornalbeirario.com.br\\\/portal\\\/wp-content\\\/uploads\\\/2017\\\/09\\\/BEIRA-RIO_logo600.png\",\"contentUrl\":\"https:\\\/\\\/jornalbeirario.com.br\\\/portal\\\/wp-content\\\/uploads\\\/2017\\\/09\\\/BEIRA-RIO_logo600.png\",\"width\":650,\"height\":108,\"caption\":\"JORNAL BEIRA RIO\"},\"image\":{\"@id\":\"https:\\\/\\\/jornalbeirario.com.br\\\/portal\\\/#\\\/schema\\\/logo\\\/image\\\/\"}},{\"@type\":\"Person\",\"@id\":\"https:\\\/\\\/jornalbeirario.com.br\\\/portal\\\/#\\\/schema\\\/person\\\/c6c423e4c2465d2a9233f6539173e7c1\",\"name\":\"Jornal BEIRA-RIO\",\"image\":{\"@type\":\"ImageObject\",\"inLanguage\":\"pt-BR\",\"@id\":\"https:\\\/\\\/jornalbeirario.com.br\\\/portal\\\/wp-content\\\/uploads\\\/2023\\\/10\\\/logojbr1.jpg\",\"url\":\"https:\\\/\\\/jornalbeirario.com.br\\\/portal\\\/wp-content\\\/uploads\\\/2023\\\/10\\\/logojbr1.jpg\",\"contentUrl\":\"https:\\\/\\\/jornalbeirario.com.br\\\/portal\\\/wp-content\\\/uploads\\\/2023\\\/10\\\/logojbr1.jpg\",\"caption\":\"Jornal BEIRA-RIO\"},\"url\":\"https:\\\/\\\/jornalbeirario.com.br\\\/portal\\\/?author=1\"}]}<\/script>\n<!-- \/ Yoast SEO plugin. -->","yoast_head_json":{"title":"La\u00eds Amaral - JORNAL BEIRA RIO","robots":{"index":"index","follow":"follow","max-snippet":"max-snippet:-1","max-image-preview":"max-image-preview:large","max-video-preview":"max-video-preview:-1"},"canonical":"https:\/\/jornalbeirario.com.br\/portal\/?p=4342","og_locale":"pt_BR","og_type":"article","og_title":"La\u00eds Amaral - JORNAL BEIRA RIO","og_description":"Brev\u00edssimo manifesto \u00e0 Esb\u00f3rnia e \u00e0 Alegria S\u00e1bado dia 2 \u2013 tem Crust\u00e1ceos em Campos El\u00edseos Todo cidad\u00e3o de bem, entre 1 e 100","og_url":"https:\/\/jornalbeirario.com.br\/portal\/?p=4342","og_site_name":"JORNAL BEIRA RIO","article_published_time":"2013-02-01T11:48:56+00:00","author":"Jornal BEIRA-RIO","twitter_card":"summary_large_image","twitter_misc":{"Escrito por":"Jornal BEIRA-RIO","Est. tempo de leitura":"4 minutos"},"schema":{"@context":"https:\/\/schema.org","@graph":[{"@type":"Article","@id":"https:\/\/jornalbeirario.com.br\/portal\/?p=4342#article","isPartOf":{"@id":"https:\/\/jornalbeirario.com.br\/portal\/?p=4342"},"author":{"name":"Jornal BEIRA-RIO","@id":"https:\/\/jornalbeirario.com.br\/portal\/#\/schema\/person\/c6c423e4c2465d2a9233f6539173e7c1"},"headline":"La\u00eds Amaral","datePublished":"2013-02-01T11:48:56+00:00","mainEntityOfPage":{"@id":"https:\/\/jornalbeirario.com.br\/portal\/?p=4342"},"wordCount":871,"commentCount":0,"publisher":{"@id":"https:\/\/jornalbeirario.com.br\/portal\/#organization"},"articleSection":["Social"],"inLanguage":"pt-BR","potentialAction":[{"@type":"CommentAction","name":"Comment","target":["https:\/\/jornalbeirario.com.br\/portal\/?p=4342#respond"]}]},{"@type":"WebPage","@id":"https:\/\/jornalbeirario.com.br\/portal\/?p=4342","url":"https:\/\/jornalbeirario.com.br\/portal\/?p=4342","name":"La\u00eds Amaral - JORNAL BEIRA RIO","isPartOf":{"@id":"https:\/\/jornalbeirario.com.br\/portal\/#website"},"datePublished":"2013-02-01T11:48:56+00:00","breadcrumb":{"@id":"https:\/\/jornalbeirario.com.br\/portal\/?p=4342#breadcrumb"},"inLanguage":"pt-BR","potentialAction":[{"@type":"ReadAction","target":["https:\/\/jornalbeirario.com.br\/portal\/?p=4342"]}]},{"@type":"BreadcrumbList","@id":"https:\/\/jornalbeirario.com.br\/portal\/?p=4342#breadcrumb","itemListElement":[{"@type":"ListItem","position":1,"name":"Home","item":"https:\/\/jornalbeirario.com.br\/portal"},{"@type":"ListItem","position":2,"name":"La\u00eds Amaral"}]},{"@type":"WebSite","@id":"https:\/\/jornalbeirario.com.br\/portal\/#website","url":"https:\/\/jornalbeirario.com.br\/portal\/","name":"JORNAL BEIRA RIO","description":"","publisher":{"@id":"https:\/\/jornalbeirario.com.br\/portal\/#organization"},"potentialAction":[{"@type":"SearchAction","target":{"@type":"EntryPoint","urlTemplate":"https:\/\/jornalbeirario.com.br\/portal\/?s={search_term_string}"},"query-input":{"@type":"PropertyValueSpecification","valueRequired":true,"valueName":"search_term_string"}}],"inLanguage":"pt-BR"},{"@type":"Organization","@id":"https:\/\/jornalbeirario.com.br\/portal\/#organization","name":"JORNAL BEIRA RIO","url":"https:\/\/jornalbeirario.com.br\/portal\/","logo":{"@type":"ImageObject","inLanguage":"pt-BR","@id":"https:\/\/jornalbeirario.com.br\/portal\/#\/schema\/logo\/image\/","url":"https:\/\/jornalbeirario.com.br\/portal\/wp-content\/uploads\/2017\/09\/BEIRA-RIO_logo600.png","contentUrl":"https:\/\/jornalbeirario.com.br\/portal\/wp-content\/uploads\/2017\/09\/BEIRA-RIO_logo600.png","width":650,"height":108,"caption":"JORNAL BEIRA RIO"},"image":{"@id":"https:\/\/jornalbeirario.com.br\/portal\/#\/schema\/logo\/image\/"}},{"@type":"Person","@id":"https:\/\/jornalbeirario.com.br\/portal\/#\/schema\/person\/c6c423e4c2465d2a9233f6539173e7c1","name":"Jornal BEIRA-RIO","image":{"@type":"ImageObject","inLanguage":"pt-BR","@id":"https:\/\/jornalbeirario.com.br\/portal\/wp-content\/uploads\/2023\/10\/logojbr1.jpg","url":"https:\/\/jornalbeirario.com.br\/portal\/wp-content\/uploads\/2023\/10\/logojbr1.jpg","contentUrl":"https:\/\/jornalbeirario.com.br\/portal\/wp-content\/uploads\/2023\/10\/logojbr1.jpg","caption":"Jornal BEIRA-RIO"},"url":"https:\/\/jornalbeirario.com.br\/portal\/?author=1"}]}},"_links":{"self":[{"href":"https:\/\/jornalbeirario.com.br\/portal\/index.php?rest_route=\/wp\/v2\/posts\/4342","targetHints":{"allow":["GET"]}}],"collection":[{"href":"https:\/\/jornalbeirario.com.br\/portal\/index.php?rest_route=\/wp\/v2\/posts"}],"about":[{"href":"https:\/\/jornalbeirario.com.br\/portal\/index.php?rest_route=\/wp\/v2\/types\/post"}],"author":[{"embeddable":true,"href":"https:\/\/jornalbeirario.com.br\/portal\/index.php?rest_route=\/wp\/v2\/users\/1"}],"replies":[{"embeddable":true,"href":"https:\/\/jornalbeirario.com.br\/portal\/index.php?rest_route=%2Fwp%2Fv2%2Fcomments&post=4342"}],"version-history":[{"count":2,"href":"https:\/\/jornalbeirario.com.br\/portal\/index.php?rest_route=\/wp\/v2\/posts\/4342\/revisions"}],"predecessor-version":[{"id":4435,"href":"https:\/\/jornalbeirario.com.br\/portal\/index.php?rest_route=\/wp\/v2\/posts\/4342\/revisions\/4435"}],"wp:attachment":[{"href":"https:\/\/jornalbeirario.com.br\/portal\/index.php?rest_route=%2Fwp%2Fv2%2Fmedia&parent=4342"}],"wp:term":[{"taxonomy":"category","embeddable":true,"href":"https:\/\/jornalbeirario.com.br\/portal\/index.php?rest_route=%2Fwp%2Fv2%2Fcategories&post=4342"},{"taxonomy":"post_tag","embeddable":true,"href":"https:\/\/jornalbeirario.com.br\/portal\/index.php?rest_route=%2Fwp%2Fv2%2Ftags&post=4342"}],"curies":[{"name":"wp","href":"https:\/\/api.w.org\/{rel}","templated":true}]}}