
{"id":43078,"date":"2016-07-28T13:02:16","date_gmt":"2016-07-28T13:02:16","guid":{"rendered":"http:\/\/jornalbeirario2.hospedagemdesites.ws\/?p=43078"},"modified":"2016-07-28T14:08:40","modified_gmt":"2016-07-28T14:08:40","slug":"uma-injustica-corrigida-em-barra-mansa","status":"publish","type":"post","link":"https:\/\/jornalbeirario.com.br\/portal\/?p=43078","title":{"rendered":"Uma injusti\u00e7a corrigida em Barra Mansa"},"content":{"rendered":"<p style=\"text-align: justify;\"><a href=\"http:\/\/jornalbeirario2.hospedagemdesites.ws\/wp-content\/uploads\/2016\/07\/bruno2.jpg\"><img loading=\"lazy\" decoding=\"async\" class=\"alignright size-medium wp-image-43085\" src=\"http:\/\/jornalbeirario2.hospedagemdesites.ws\/wp-content\/uploads\/2016\/07\/bruno2-225x300.jpg\" alt=\"bruno2\" width=\"225\" height=\"300\" srcset=\"https:\/\/jornalbeirario.com.br\/portal\/wp-content\/uploads\/2016\/07\/bruno2-225x300.jpg 225w, https:\/\/jornalbeirario.com.br\/portal\/wp-content\/uploads\/2016\/07\/bruno2.jpg 480w\" sizes=\"auto, (max-width: 225px) 100vw, 225px\" \/><\/a>Depois de anunciar os nomes de 12 dos 16 condutores, entre eles a <a href=\"http:\/\/jornalbeirario2.hospedagemdesites.ws\/?p=42967\">estudante Carolina Vit\u00f3ria de Souza Silva<\/a>, do Col\u00e9gio Estadual Baldomero Barbar\u00e1, o nome do ex-atleta da Gin\u00e1stica de Trampolim Bruno Martini (foto) \u00e9 mais um a ser confirmado no Revezamento da Tocha Ol\u00edmpica, que acontece pelas ruas de Barra Mansa nesta quinta-feira, dia 28, a partir das 16 horas, pelo Comit\u00ea Organizador do evento.<\/p>\n<p style=\"text-align: justify;\">Mas as informa\u00e7\u00f5es veiculadas sobre a nota emitida pela Assessoria de Comunica\u00e7\u00e3o da Prefeitura local na imprensa gerou revolta na fam\u00edlia e amigos, uma vez que informava que o prefeito Jonas Marins que teria sugerido a participa\u00e7\u00e3o do ex-atleta no revezamento ao Comit\u00ea, j\u00e1 que isso foi interpretado como uma iniciativa isolada do prefeito. A equipe do jornal <strong>BEIRA-RIO<\/strong> esteve na casa de Bruno Martini, em Barra Mansa, nesta quarta-feira, dia 27, para entrevist\u00e1-lo, e ele confirmou que foi convocado para o revezamento da tocha somente ap\u00f3s a mobiliza\u00e7\u00e3o de f\u00e3s e amigos nas redes sociais.<\/p>\n<p style=\"text-align: justify;\">&#8211; As pessoas viviam me perguntando se eu participaria da cerim\u00f4nia de passagem da tocha aqui na cidade e eu respondia que at\u00e9 o momento n\u00e3o recebera nenhum convite do Comit\u00ea. E elas acabavam se indignando, e com isso come\u00e7aram a se mobilizar. Acredito que a estrat\u00e9gia tenha dado certo, pois isso chegou a uma conhecida da minha fam\u00edlia que fazia parte da organiza\u00e7\u00e3o do evento. E com isso acabei recebendo um e-mail da organiza\u00e7\u00e3o na manh\u00e3 de ter\u00e7a (horas antes do an\u00fancio feito na prefeitura) &#8211; relembra.<\/p>\n<p style=\"text-align: justify;\">Martini confessa que j\u00e1 havia &#8220;jogado a toalha&#8221; para sua participa\u00e7\u00e3o no revezamento. &#8220;Eu j\u00e1 tinha meio que desistido e deixado isso de lado, n\u00e3o participaria at\u00e9 ent\u00e3o como condutor da tocha e sim como mero espectador&#8221;.<\/p>\n<p style=\"text-align: justify;\">Agora, j\u00e1 confirmado, Bruno se prepara para o evento. &#8220;Ser\u00e3o 200 metros conduzindo a tocha. Para quem foi um atleta profissional, 200 metros n\u00e3o s\u00e3o nada demais, pois isso n\u00e3o ir\u00e1 me cansar. Vou apenas trotar (forma de se locomover intermedi\u00e1ria entre caminhada e corrida) e curtir o momento&#8221;, explica.<\/p>\n<p style=\"text-align: justify;\">Natural de Barra Mansa, Martini tem a fa\u00e7anha de ser o \u00fanico atleta nacional a ter medalhas internacionais em todas as modalidades da Gin\u00e1stica de Trampolim, o que para ele o credenciou a ter o reconhecimento dentro do pr\u00f3prio munic\u00edpio por ser o maior nome profissional do esporte local. &#8220;Foi aqui que dei os primeiros passos, e agora com esses mesmos passos que conduzirei a tocha ol\u00edmpica que serve de inspira\u00e7\u00e3o a outros jovens atletas. Fiquei muito lisonjeado, ainda mais pela mobiliza\u00e7\u00e3o de pessoas que eu sequer conhecia antes, fiquei surpreso por todo esse reconhecimento&#8221;, retribui.<\/p>\n<p style=\"text-align: justify;\">Martini conduzir\u00e1 a tocha a partir da Igreja Matriz, no Centro, ap\u00f3s uma breve pausa de 15 minutos para a apresenta\u00e7\u00e3o da Orquestra Sinf\u00f4nica de Barra Mansa. De l\u00e1 percorre um trecho da Avenida Joaquim Leite que vai at\u00e9 o Banco do Brasil, pr\u00f3ximo a Rodovi\u00e1ria. Confira mais sobre o trajeto clicando <a href=\"http:\/\/jornalbeirario2.hospedagemdesites.ws\/?p=43013\">aqui<\/a>.<\/p>\n<p style=\"text-align: justify;\">SUGEST\u00c3O VEIO AP\u00d3S MOBILIZA\u00c7\u00c3O<br \/>\nSegundo a nota da prefeitura, o prefeito Jonas Marins e o gerente da for\u00e7a-tarefa do revezamento da Tocha Ol\u00edmpica, Ricardo Rosas, teriam anunciado no mesmo dia que o Comit\u00ea organizador havia acatado a solicita\u00e7\u00e3o dele e do gerente de incluir o ex-ginasta. Mas a mesma nota tamb\u00e9m informa que o prefeito citou a mobiliza\u00e7\u00e3o feita nas redes sociais que teria motivado seu pedido.<\/p>\n<p style=\"text-align: justify;\">\u2013 A inclus\u00e3o do Bruno no revezamento da tocha \u00e9 justa. Vimos a aclama\u00e7\u00e3o da cidade, inclusive pelas redes sociais, e pedi que o Ricardo solicitasse ao comit\u00ea sua participa\u00e7\u00e3o. J\u00e1 recebi o Bruno no gabinete e ele foi pauta de homenagens. Por isso, nos empenhamos para que ele estivesse neste momento hist\u00f3rico. Aproveito para parabeniz\u00e1-lo pela dedica\u00e7\u00e3o e agrade\u00e7o o comit\u00ea pela sensibiliza\u00e7\u00e3o com nosso pedido \u2013 destacou Jonas, na nota.<\/p>\n<p style=\"text-align: justify;\"><em>Foto de capa: Reprodu\u00e7\u00e3o do Facebook<\/em><\/p>\n","protected":false},"excerpt":{"rendered":"<p>Depois de anunciar os nomes de 12 dos 16 condutores, entre eles a estudante Carolina Vit\u00f3ria de Souza Silva, do Col\u00e9gio Estadual Baldomero Barbar\u00e1,<\/p>\n","protected":false},"author":1,"featured_media":43082,"comment_status":"open","ping_status":"open","sticky":false,"template":"","format":"standard","meta":{"pmpro_default_level":"","footnotes":"","_members_access_role":[],"_members_access_error":""},"categories":[1,187],"tags":[155],"class_list":["post-43078","post","type-post","status-publish","format-standard","has-post-thumbnail","hentry","category-cidade","category-rio-2016","tag-dehoraemhora","pmpro-has-access"],"yoast_head":"<!-- This site is optimized with the Yoast SEO plugin v28.4 - https:\/\/yoast.com\/product\/yoast-seo-wordpress\/ -->\n<title>Uma injusti\u00e7a corrigida em Barra Mansa - JORNAL BEIRA RIO<\/title>\n<meta name=\"robots\" content=\"index, follow, max-snippet:-1, max-image-preview:large, max-video-preview:-1\" \/>\n<link rel=\"canonical\" href=\"https:\/\/jornalbeirario.com.br\/portal\/?p=43078\" \/>\n<meta property=\"og:locale\" content=\"pt_BR\" \/>\n<meta property=\"og:type\" content=\"article\" \/>\n<meta property=\"og:title\" content=\"Uma injusti\u00e7a corrigida em Barra Mansa - JORNAL BEIRA RIO\" \/>\n<meta property=\"og:description\" content=\"Depois de anunciar os nomes de 12 dos 16 condutores, entre eles a estudante Carolina Vit\u00f3ria de Souza Silva, do Col\u00e9gio Estadual Baldomero Barbar\u00e1,\" \/>\n<meta property=\"og:url\" content=\"https:\/\/jornalbeirario.com.br\/portal\/?p=43078\" \/>\n<meta property=\"og:site_name\" content=\"JORNAL BEIRA RIO\" \/>\n<meta property=\"article:published_time\" content=\"2016-07-28T13:02:16+00:00\" \/>\n<meta property=\"article:modified_time\" content=\"2016-07-28T14:08:40+00:00\" \/>\n<meta property=\"og:image\" content=\"https:\/\/jornalbeirario.com.br\/portal\/wp-content\/uploads\/2016\/07\/bruno1.jpg\" \/>\n\t<meta property=\"og:image:width\" content=\"640\" \/>\n\t<meta property=\"og:image:height\" content=\"480\" \/>\n\t<meta property=\"og:image:type\" content=\"image\/jpeg\" \/>\n<meta name=\"author\" content=\"Jornal BEIRA-RIO\" \/>\n<meta name=\"twitter:card\" content=\"summary_large_image\" \/>\n<meta name=\"twitter:label1\" content=\"Escrito por\" \/>\n\t<meta name=\"twitter:data1\" content=\"Jornal BEIRA-RIO\" \/>\n\t<meta name=\"twitter:label2\" content=\"Est. tempo de leitura\" \/>\n\t<meta name=\"twitter:data2\" content=\"3 minutos\" \/>\n<script type=\"application\/ld+json\" class=\"yoast-schema-graph\">{\"@context\":\"https:\\\/\\\/schema.org\",\"@graph\":[{\"@type\":\"Article\",\"@id\":\"https:\\\/\\\/jornalbeirario.com.br\\\/portal\\\/?p=43078#article\",\"isPartOf\":{\"@id\":\"https:\\\/\\\/jornalbeirario.com.br\\\/portal\\\/?p=43078\"},\"author\":{\"name\":\"Jornal BEIRA-RIO\",\"@id\":\"https:\\\/\\\/jornalbeirario.com.br\\\/portal\\\/#\\\/schema\\\/person\\\/c6c423e4c2465d2a9233f6539173e7c1\"},\"headline\":\"Uma injusti\u00e7a corrigida em Barra Mansa\",\"datePublished\":\"2016-07-28T13:02:16+00:00\",\"dateModified\":\"2016-07-28T14:08:40+00:00\",\"mainEntityOfPage\":{\"@id\":\"https:\\\/\\\/jornalbeirario.com.br\\\/portal\\\/?p=43078\"},\"wordCount\":685,\"commentCount\":0,\"publisher\":{\"@id\":\"https:\\\/\\\/jornalbeirario.com.br\\\/portal\\\/#organization\"},\"image\":{\"@id\":\"https:\\\/\\\/jornalbeirario.com.br\\\/portal\\\/?p=43078#primaryimage\"},\"thumbnailUrl\":\"https:\\\/\\\/jornalbeirario.com.br\\\/portal\\\/wp-content\\\/uploads\\\/2016\\\/07\\\/bruno1.jpg\",\"keywords\":[\"dehoraemhora\"],\"articleSection\":[\"Cidade\",\"Rio 2016\"],\"inLanguage\":\"pt-BR\",\"potentialAction\":[{\"@type\":\"CommentAction\",\"name\":\"Comment\",\"target\":[\"https:\\\/\\\/jornalbeirario.com.br\\\/portal\\\/?p=43078#respond\"]}]},{\"@type\":\"WebPage\",\"@id\":\"https:\\\/\\\/jornalbeirario.com.br\\\/portal\\\/?p=43078\",\"url\":\"https:\\\/\\\/jornalbeirario.com.br\\\/portal\\\/?p=43078\",\"name\":\"Uma injusti\u00e7a corrigida em Barra Mansa - JORNAL BEIRA RIO\",\"isPartOf\":{\"@id\":\"https:\\\/\\\/jornalbeirario.com.br\\\/portal\\\/#website\"},\"primaryImageOfPage\":{\"@id\":\"https:\\\/\\\/jornalbeirario.com.br\\\/portal\\\/?p=43078#primaryimage\"},\"image\":{\"@id\":\"https:\\\/\\\/jornalbeirario.com.br\\\/portal\\\/?p=43078#primaryimage\"},\"thumbnailUrl\":\"https:\\\/\\\/jornalbeirario.com.br\\\/portal\\\/wp-content\\\/uploads\\\/2016\\\/07\\\/bruno1.jpg\",\"datePublished\":\"2016-07-28T13:02:16+00:00\",\"dateModified\":\"2016-07-28T14:08:40+00:00\",\"breadcrumb\":{\"@id\":\"https:\\\/\\\/jornalbeirario.com.br\\\/portal\\\/?p=43078#breadcrumb\"},\"inLanguage\":\"pt-BR\",\"potentialAction\":[{\"@type\":\"ReadAction\",\"target\":[\"https:\\\/\\\/jornalbeirario.com.br\\\/portal\\\/?p=43078\"]}]},{\"@type\":\"ImageObject\",\"inLanguage\":\"pt-BR\",\"@id\":\"https:\\\/\\\/jornalbeirario.com.br\\\/portal\\\/?p=43078#primaryimage\",\"url\":\"https:\\\/\\\/jornalbeirario.com.br\\\/portal\\\/wp-content\\\/uploads\\\/2016\\\/07\\\/bruno1.jpg\",\"contentUrl\":\"https:\\\/\\\/jornalbeirario.com.br\\\/portal\\\/wp-content\\\/uploads\\\/2016\\\/07\\\/bruno1.jpg\",\"width\":640,\"height\":480},{\"@type\":\"BreadcrumbList\",\"@id\":\"https:\\\/\\\/jornalbeirario.com.br\\\/portal\\\/?p=43078#breadcrumb\",\"itemListElement\":[{\"@type\":\"ListItem\",\"position\":1,\"name\":\"Home\",\"item\":\"https:\\\/\\\/jornalbeirario.com.br\\\/portal\"},{\"@type\":\"ListItem\",\"position\":2,\"name\":\"Uma injusti\u00e7a corrigida em Barra Mansa\"}]},{\"@type\":\"WebSite\",\"@id\":\"https:\\\/\\\/jornalbeirario.com.br\\\/portal\\\/#website\",\"url\":\"https:\\\/\\\/jornalbeirario.com.br\\\/portal\\\/\",\"name\":\"JORNAL BEIRA RIO\",\"description\":\"\",\"publisher\":{\"@id\":\"https:\\\/\\\/jornalbeirario.com.br\\\/portal\\\/#organization\"},\"potentialAction\":[{\"@type\":\"SearchAction\",\"target\":{\"@type\":\"EntryPoint\",\"urlTemplate\":\"https:\\\/\\\/jornalbeirario.com.br\\\/portal\\\/?s={search_term_string}\"},\"query-input\":{\"@type\":\"PropertyValueSpecification\",\"valueRequired\":true,\"valueName\":\"search_term_string\"}}],\"inLanguage\":\"pt-BR\"},{\"@type\":\"Organization\",\"@id\":\"https:\\\/\\\/jornalbeirario.com.br\\\/portal\\\/#organization\",\"name\":\"JORNAL BEIRA RIO\",\"url\":\"https:\\\/\\\/jornalbeirario.com.br\\\/portal\\\/\",\"logo\":{\"@type\":\"ImageObject\",\"inLanguage\":\"pt-BR\",\"@id\":\"https:\\\/\\\/jornalbeirario.com.br\\\/portal\\\/#\\\/schema\\\/logo\\\/image\\\/\",\"url\":\"https:\\\/\\\/jornalbeirario.com.br\\\/portal\\\/wp-content\\\/uploads\\\/2017\\\/09\\\/BEIRA-RIO_logo600.png\",\"contentUrl\":\"https:\\\/\\\/jornalbeirario.com.br\\\/portal\\\/wp-content\\\/uploads\\\/2017\\\/09\\\/BEIRA-RIO_logo600.png\",\"width\":650,\"height\":108,\"caption\":\"JORNAL BEIRA RIO\"},\"image\":{\"@id\":\"https:\\\/\\\/jornalbeirario.com.br\\\/portal\\\/#\\\/schema\\\/logo\\\/image\\\/\"}},{\"@type\":\"Person\",\"@id\":\"https:\\\/\\\/jornalbeirario.com.br\\\/portal\\\/#\\\/schema\\\/person\\\/c6c423e4c2465d2a9233f6539173e7c1\",\"name\":\"Jornal BEIRA-RIO\",\"image\":{\"@type\":\"ImageObject\",\"inLanguage\":\"pt-BR\",\"@id\":\"https:\\\/\\\/jornalbeirario.com.br\\\/portal\\\/wp-content\\\/uploads\\\/2023\\\/10\\\/logojbr1.jpg\",\"url\":\"https:\\\/\\\/jornalbeirario.com.br\\\/portal\\\/wp-content\\\/uploads\\\/2023\\\/10\\\/logojbr1.jpg\",\"contentUrl\":\"https:\\\/\\\/jornalbeirario.com.br\\\/portal\\\/wp-content\\\/uploads\\\/2023\\\/10\\\/logojbr1.jpg\",\"caption\":\"Jornal BEIRA-RIO\"},\"url\":\"https:\\\/\\\/jornalbeirario.com.br\\\/portal\\\/?author=1\"}]}<\/script>\n<!-- \/ Yoast SEO plugin. -->","yoast_head_json":{"title":"Uma injusti\u00e7a corrigida em Barra Mansa - JORNAL BEIRA RIO","robots":{"index":"index","follow":"follow","max-snippet":"max-snippet:-1","max-image-preview":"max-image-preview:large","max-video-preview":"max-video-preview:-1"},"canonical":"https:\/\/jornalbeirario.com.br\/portal\/?p=43078","og_locale":"pt_BR","og_type":"article","og_title":"Uma injusti\u00e7a corrigida em Barra Mansa - JORNAL BEIRA RIO","og_description":"Depois de anunciar os nomes de 12 dos 16 condutores, entre eles a estudante Carolina Vit\u00f3ria de Souza Silva, do Col\u00e9gio Estadual Baldomero Barbar\u00e1,","og_url":"https:\/\/jornalbeirario.com.br\/portal\/?p=43078","og_site_name":"JORNAL BEIRA RIO","article_published_time":"2016-07-28T13:02:16+00:00","article_modified_time":"2016-07-28T14:08:40+00:00","og_image":[{"width":640,"height":480,"url":"https:\/\/jornalbeirario.com.br\/portal\/wp-content\/uploads\/2016\/07\/bruno1.jpg","type":"image\/jpeg"}],"author":"Jornal BEIRA-RIO","twitter_card":"summary_large_image","twitter_misc":{"Escrito por":"Jornal BEIRA-RIO","Est. tempo de leitura":"3 minutos"},"schema":{"@context":"https:\/\/schema.org","@graph":[{"@type":"Article","@id":"https:\/\/jornalbeirario.com.br\/portal\/?p=43078#article","isPartOf":{"@id":"https:\/\/jornalbeirario.com.br\/portal\/?p=43078"},"author":{"name":"Jornal BEIRA-RIO","@id":"https:\/\/jornalbeirario.com.br\/portal\/#\/schema\/person\/c6c423e4c2465d2a9233f6539173e7c1"},"headline":"Uma injusti\u00e7a corrigida em Barra Mansa","datePublished":"2016-07-28T13:02:16+00:00","dateModified":"2016-07-28T14:08:40+00:00","mainEntityOfPage":{"@id":"https:\/\/jornalbeirario.com.br\/portal\/?p=43078"},"wordCount":685,"commentCount":0,"publisher":{"@id":"https:\/\/jornalbeirario.com.br\/portal\/#organization"},"image":{"@id":"https:\/\/jornalbeirario.com.br\/portal\/?p=43078#primaryimage"},"thumbnailUrl":"https:\/\/jornalbeirario.com.br\/portal\/wp-content\/uploads\/2016\/07\/bruno1.jpg","keywords":["dehoraemhora"],"articleSection":["Cidade","Rio 2016"],"inLanguage":"pt-BR","potentialAction":[{"@type":"CommentAction","name":"Comment","target":["https:\/\/jornalbeirario.com.br\/portal\/?p=43078#respond"]}]},{"@type":"WebPage","@id":"https:\/\/jornalbeirario.com.br\/portal\/?p=43078","url":"https:\/\/jornalbeirario.com.br\/portal\/?p=43078","name":"Uma injusti\u00e7a corrigida em Barra Mansa - JORNAL BEIRA RIO","isPartOf":{"@id":"https:\/\/jornalbeirario.com.br\/portal\/#website"},"primaryImageOfPage":{"@id":"https:\/\/jornalbeirario.com.br\/portal\/?p=43078#primaryimage"},"image":{"@id":"https:\/\/jornalbeirario.com.br\/portal\/?p=43078#primaryimage"},"thumbnailUrl":"https:\/\/jornalbeirario.com.br\/portal\/wp-content\/uploads\/2016\/07\/bruno1.jpg","datePublished":"2016-07-28T13:02:16+00:00","dateModified":"2016-07-28T14:08:40+00:00","breadcrumb":{"@id":"https:\/\/jornalbeirario.com.br\/portal\/?p=43078#breadcrumb"},"inLanguage":"pt-BR","potentialAction":[{"@type":"ReadAction","target":["https:\/\/jornalbeirario.com.br\/portal\/?p=43078"]}]},{"@type":"ImageObject","inLanguage":"pt-BR","@id":"https:\/\/jornalbeirario.com.br\/portal\/?p=43078#primaryimage","url":"https:\/\/jornalbeirario.com.br\/portal\/wp-content\/uploads\/2016\/07\/bruno1.jpg","contentUrl":"https:\/\/jornalbeirario.com.br\/portal\/wp-content\/uploads\/2016\/07\/bruno1.jpg","width":640,"height":480},{"@type":"BreadcrumbList","@id":"https:\/\/jornalbeirario.com.br\/portal\/?p=43078#breadcrumb","itemListElement":[{"@type":"ListItem","position":1,"name":"Home","item":"https:\/\/jornalbeirario.com.br\/portal"},{"@type":"ListItem","position":2,"name":"Uma injusti\u00e7a corrigida em Barra Mansa"}]},{"@type":"WebSite","@id":"https:\/\/jornalbeirario.com.br\/portal\/#website","url":"https:\/\/jornalbeirario.com.br\/portal\/","name":"JORNAL BEIRA RIO","description":"","publisher":{"@id":"https:\/\/jornalbeirario.com.br\/portal\/#organization"},"potentialAction":[{"@type":"SearchAction","target":{"@type":"EntryPoint","urlTemplate":"https:\/\/jornalbeirario.com.br\/portal\/?s={search_term_string}"},"query-input":{"@type":"PropertyValueSpecification","valueRequired":true,"valueName":"search_term_string"}}],"inLanguage":"pt-BR"},{"@type":"Organization","@id":"https:\/\/jornalbeirario.com.br\/portal\/#organization","name":"JORNAL BEIRA RIO","url":"https:\/\/jornalbeirario.com.br\/portal\/","logo":{"@type":"ImageObject","inLanguage":"pt-BR","@id":"https:\/\/jornalbeirario.com.br\/portal\/#\/schema\/logo\/image\/","url":"https:\/\/jornalbeirario.com.br\/portal\/wp-content\/uploads\/2017\/09\/BEIRA-RIO_logo600.png","contentUrl":"https:\/\/jornalbeirario.com.br\/portal\/wp-content\/uploads\/2017\/09\/BEIRA-RIO_logo600.png","width":650,"height":108,"caption":"JORNAL BEIRA RIO"},"image":{"@id":"https:\/\/jornalbeirario.com.br\/portal\/#\/schema\/logo\/image\/"}},{"@type":"Person","@id":"https:\/\/jornalbeirario.com.br\/portal\/#\/schema\/person\/c6c423e4c2465d2a9233f6539173e7c1","name":"Jornal BEIRA-RIO","image":{"@type":"ImageObject","inLanguage":"pt-BR","@id":"https:\/\/jornalbeirario.com.br\/portal\/wp-content\/uploads\/2023\/10\/logojbr1.jpg","url":"https:\/\/jornalbeirario.com.br\/portal\/wp-content\/uploads\/2023\/10\/logojbr1.jpg","contentUrl":"https:\/\/jornalbeirario.com.br\/portal\/wp-content\/uploads\/2023\/10\/logojbr1.jpg","caption":"Jornal BEIRA-RIO"},"url":"https:\/\/jornalbeirario.com.br\/portal\/?author=1"}]}},"_links":{"self":[{"href":"https:\/\/jornalbeirario.com.br\/portal\/index.php?rest_route=\/wp\/v2\/posts\/43078","targetHints":{"allow":["GET"]}}],"collection":[{"href":"https:\/\/jornalbeirario.com.br\/portal\/index.php?rest_route=\/wp\/v2\/posts"}],"about":[{"href":"https:\/\/jornalbeirario.com.br\/portal\/index.php?rest_route=\/wp\/v2\/types\/post"}],"author":[{"embeddable":true,"href":"https:\/\/jornalbeirario.com.br\/portal\/index.php?rest_route=\/wp\/v2\/users\/1"}],"replies":[{"embeddable":true,"href":"https:\/\/jornalbeirario.com.br\/portal\/index.php?rest_route=%2Fwp%2Fv2%2Fcomments&post=43078"}],"version-history":[{"count":6,"href":"https:\/\/jornalbeirario.com.br\/portal\/index.php?rest_route=\/wp\/v2\/posts\/43078\/revisions"}],"predecessor-version":[{"id":43087,"href":"https:\/\/jornalbeirario.com.br\/portal\/index.php?rest_route=\/wp\/v2\/posts\/43078\/revisions\/43087"}],"wp:featuredmedia":[{"embeddable":true,"href":"https:\/\/jornalbeirario.com.br\/portal\/index.php?rest_route=\/wp\/v2\/media\/43082"}],"wp:attachment":[{"href":"https:\/\/jornalbeirario.com.br\/portal\/index.php?rest_route=%2Fwp%2Fv2%2Fmedia&parent=43078"}],"wp:term":[{"taxonomy":"category","embeddable":true,"href":"https:\/\/jornalbeirario.com.br\/portal\/index.php?rest_route=%2Fwp%2Fv2%2Fcategories&post=43078"},{"taxonomy":"post_tag","embeddable":true,"href":"https:\/\/jornalbeirario.com.br\/portal\/index.php?rest_route=%2Fwp%2Fv2%2Ftags&post=43078"}],"curies":[{"name":"wp","href":"https:\/\/api.w.org\/{rel}","templated":true}]}}