
{"id":42641,"date":"2016-07-13T17:20:28","date_gmt":"2016-07-13T17:20:28","guid":{"rendered":"http:\/\/jornalbeirario.com.br\/portal\/portal\/?p=42641"},"modified":"2016-07-13T17:20:28","modified_gmt":"2016-07-13T17:20:28","slug":"mpf-convoca-audiencia-publica-sobre-a-despoluicao-da-baia-de-guanabara","status":"publish","type":"post","link":"https:\/\/jornalbeirario.com.br\/portal\/?p=42641","title":{"rendered":"MPF convoca audi\u00eancia p\u00fablica sobre a despolui\u00e7\u00e3o da Ba\u00eda de Guanabara"},"content":{"rendered":"<p style=\"text-align: justify;\">O Minist\u00e9rio P\u00fablico Federal do Rio de Janeiro realizar\u00e1 no dia 26 de agosto uma audi\u00eancia p\u00fablica para colher mais informa\u00e7\u00f5es sobre os motivos do insucesso das pol\u00edticas para despoluir a Ba\u00eda de Guanabara. Protagonista de um cen\u00e1rio de beleza c\u00eanica de tirar o f\u00f4lego, a Ba\u00eda, no entanto, n\u00e3o est\u00e1 nada bem na foto. Sua imagem maltratada rodou o mundo depois que a m\u00eddia direcionou suas lentes para o espelho d&#8217;\u00c1gua abarrotado de entulho, sem falar no lixo depositado nas margens e no fundo do mar.<\/p>\n<p style=\"text-align: justify;\">E tentativas de despoluir n\u00e3o faltaram. Em 1992 foi lan\u00e7ado o primeiro programa de despolui\u00e7\u00e3o da Ba\u00eda de Guanabara (PDGB). E em 2009, com a candidatura para os jogos ol\u00edmpicos de 2016, o governo estadual assumiu o compromisso de tratar 80% do esgoto da regi\u00e3o metropolitana. Veio ent\u00e3o um novo Programa de Saneamento (PSAM).<\/p>\n<p style=\"text-align: justify;\">Em 1\u00ba de julho de 2012, a cidade do Rio de Janeiro recebeu a chancela de Patrim\u00f4nio da Humanidade em virtude de sua incompar\u00e1vel paisagem cultural. Foi a primeira vez que a Unesco concedeu essa modalidade de chancela. Desde ent\u00e3o, o famoso cart\u00e3o postal da cidade maravilhosa passou a receber novas promessas de recomposi\u00e7\u00e3o ambiental. Entretanto, os dados obtidos inicialmente d\u00e3o conta que o sistema de esgotamento sanit\u00e1rio dos munic\u00edpios do entorno da ba\u00eda est\u00e1 muito longe de atingir a meta de universaliza\u00e7\u00e3o, conforme determina a Lei de Pol\u00edtica Nacional de Saneamento B\u00e1sico.<\/p>\n<p style=\"text-align: justify;\">Com isso, uma imensa quantidade de dejetos ainda \u00e9 lan\u00e7ada diretamente na ba\u00eda e em dezenas de rios que nela desembocam. Estima-se, al\u00e9m disso, que diariamente s\u00e3o despejadas cerca de 90 toneladas de lixo na ba\u00eda.<\/p>\n<p style=\"text-align: justify;\">De acordo com o procurador da Rep\u00fablica Jaime Mitropoulos, a situa\u00e7\u00e3o \u00e9 vergonhosa e n\u00e3o condiz com a import\u00e2ncia da Ba\u00eda de Guanabara. Trata-se de um ecossistema essencial para a vida das popula\u00e7\u00f5es que interagem com ela. &#8220;Sua gest\u00e3o deve ser racional, integrada, sist\u00eamica, sem dissociar a qualidade da \u00e1gua e do solo, compatibilizando recursos com as diversidades bi\u00f3ticas, demogr\u00e1ficas, econ\u00f4micas, sociais e culturais das regi\u00f5es de seu entorno&#8221;.<\/p>\n<p style=\"text-align: justify;\">Segundo Mitropoulos, a audi\u00eancia p\u00fablica tem como objetivo verificar se houve falhas na execu\u00e7\u00e3o dos programas. &#8220;Por isso pretendemos saber se existem falhas de planejamento, na coordena\u00e7\u00e3o e execu\u00e7\u00e3o do programa de despolui\u00e7\u00e3o, uma vez que o Sistema Nacional de Meio Ambiente exige dos gestores uma atua\u00e7\u00e3o articulada e eficiente, pensando e agindo de modo coordenado para alcan\u00e7ar resultados efetivos. Precisamos saber, sobretudo, se os recursos foram corretamente empregados na preserva\u00e7\u00e3o e na recupera\u00e7\u00e3o das \u00e1reas degradadas&#8221;.<\/p>\n<p style=\"text-align: justify;\">O evento acontece no Audit\u00f3rio da sede da Procuradoria da Rep\u00fablica no Estado do Rio de Janeiro (na Avenida Nilo Pe\u00e7anha, 31, 6\u00ba andar, Centro).<\/p>\n<p style=\"text-align: justify;\"><em>Foto: Reprodu\u00e7\u00e3o da internet<\/em><\/p>\n<p style=\"text-align: justify;\"><em>Fonte: Assessoria de Comunica\u00e7\u00e3o Social (PRRJ)<\/em><\/p>\n","protected":false},"excerpt":{"rendered":"<p>O Minist\u00e9rio P\u00fablico Federal do Rio de Janeiro realizar\u00e1 no dia 26 de agosto uma audi\u00eancia p\u00fablica para colher mais informa\u00e7\u00f5es sobre os motivos<\/p>\n","protected":false},"author":1,"featured_media":42644,"comment_status":"open","ping_status":"open","sticky":false,"template":"","format":"standard","meta":{"pmpro_default_level":"","footnotes":""},"categories":[27],"tags":[155],"class_list":["post-42641","post","type-post","status-publish","format-standard","has-post-thumbnail","hentry","category-meioambiente","tag-dehoraemhora","pmpro-has-access"],"yoast_head":"<!-- This site is optimized with the Yoast SEO plugin v27.4 - https:\/\/yoast.com\/product\/yoast-seo-wordpress\/ -->\n<title>MPF convoca audi\u00eancia p\u00fablica sobre a despolui\u00e7\u00e3o da Ba\u00eda de Guanabara - JORNAL BEIRA RIO<\/title>\n<meta name=\"robots\" content=\"index, follow, max-snippet:-1, max-image-preview:large, max-video-preview:-1\" \/>\n<link rel=\"canonical\" href=\"https:\/\/jornalbeirario.com.br\/portal\/?p=42641\" \/>\n<meta property=\"og:locale\" content=\"pt_BR\" \/>\n<meta property=\"og:type\" content=\"article\" \/>\n<meta property=\"og:title\" content=\"MPF convoca audi\u00eancia p\u00fablica sobre a despolui\u00e7\u00e3o da Ba\u00eda de Guanabara - JORNAL BEIRA RIO\" \/>\n<meta property=\"og:description\" content=\"O Minist\u00e9rio P\u00fablico Federal do Rio de Janeiro realizar\u00e1 no dia 26 de agosto uma audi\u00eancia p\u00fablica para colher mais informa\u00e7\u00f5es sobre os motivos\" \/>\n<meta property=\"og:url\" content=\"https:\/\/jornalbeirario.com.br\/portal\/?p=42641\" \/>\n<meta property=\"og:site_name\" content=\"JORNAL BEIRA RIO\" \/>\n<meta property=\"article:published_time\" content=\"2016-07-13T17:20:28+00:00\" \/>\n<meta property=\"og:image\" content=\"https:\/\/jornalbeirario.com.br\/portal\/wp-content\/uploads\/2016\/07\/guanabara1.jpg\" \/>\n\t<meta property=\"og:image:width\" content=\"640\" \/>\n\t<meta property=\"og:image:height\" content=\"480\" \/>\n\t<meta property=\"og:image:type\" content=\"image\/jpeg\" \/>\n<meta name=\"author\" content=\"Jornal BEIRA-RIO\" \/>\n<meta name=\"twitter:card\" content=\"summary_large_image\" \/>\n<meta name=\"twitter:label1\" content=\"Escrito por\" \/>\n\t<meta name=\"twitter:data1\" content=\"Jornal BEIRA-RIO\" \/>\n\t<meta name=\"twitter:label2\" content=\"Est. tempo de leitura\" \/>\n\t<meta name=\"twitter:data2\" content=\"3 minutos\" \/>\n<script type=\"application\/ld+json\" class=\"yoast-schema-graph\">{\"@context\":\"https:\\\/\\\/schema.org\",\"@graph\":[{\"@type\":\"Article\",\"@id\":\"https:\\\/\\\/jornalbeirario.com.br\\\/portal\\\/?p=42641#article\",\"isPartOf\":{\"@id\":\"https:\\\/\\\/jornalbeirario.com.br\\\/portal\\\/?p=42641\"},\"author\":{\"name\":\"Jornal BEIRA-RIO\",\"@id\":\"https:\\\/\\\/jornalbeirario.com.br\\\/portal\\\/#\\\/schema\\\/person\\\/c6c423e4c2465d2a9233f6539173e7c1\"},\"headline\":\"MPF convoca audi\u00eancia p\u00fablica sobre a despolui\u00e7\u00e3o da Ba\u00eda de Guanabara\",\"datePublished\":\"2016-07-13T17:20:28+00:00\",\"mainEntityOfPage\":{\"@id\":\"https:\\\/\\\/jornalbeirario.com.br\\\/portal\\\/?p=42641\"},\"wordCount\":519,\"commentCount\":0,\"publisher\":{\"@id\":\"https:\\\/\\\/jornalbeirario.com.br\\\/portal\\\/#organization\"},\"image\":{\"@id\":\"https:\\\/\\\/jornalbeirario.com.br\\\/portal\\\/?p=42641#primaryimage\"},\"thumbnailUrl\":\"https:\\\/\\\/jornalbeirario.com.br\\\/portal\\\/wp-content\\\/uploads\\\/2016\\\/07\\\/guanabara1.jpg\",\"keywords\":[\"dehoraemhora\"],\"articleSection\":[\"Meio Ambiente\"],\"inLanguage\":\"pt-BR\",\"potentialAction\":[{\"@type\":\"CommentAction\",\"name\":\"Comment\",\"target\":[\"https:\\\/\\\/jornalbeirario.com.br\\\/portal\\\/?p=42641#respond\"]}]},{\"@type\":\"WebPage\",\"@id\":\"https:\\\/\\\/jornalbeirario.com.br\\\/portal\\\/?p=42641\",\"url\":\"https:\\\/\\\/jornalbeirario.com.br\\\/portal\\\/?p=42641\",\"name\":\"MPF convoca audi\u00eancia p\u00fablica sobre a despolui\u00e7\u00e3o da Ba\u00eda de Guanabara - JORNAL BEIRA RIO\",\"isPartOf\":{\"@id\":\"https:\\\/\\\/jornalbeirario.com.br\\\/portal\\\/#website\"},\"primaryImageOfPage\":{\"@id\":\"https:\\\/\\\/jornalbeirario.com.br\\\/portal\\\/?p=42641#primaryimage\"},\"image\":{\"@id\":\"https:\\\/\\\/jornalbeirario.com.br\\\/portal\\\/?p=42641#primaryimage\"},\"thumbnailUrl\":\"https:\\\/\\\/jornalbeirario.com.br\\\/portal\\\/wp-content\\\/uploads\\\/2016\\\/07\\\/guanabara1.jpg\",\"datePublished\":\"2016-07-13T17:20:28+00:00\",\"breadcrumb\":{\"@id\":\"https:\\\/\\\/jornalbeirario.com.br\\\/portal\\\/?p=42641#breadcrumb\"},\"inLanguage\":\"pt-BR\",\"potentialAction\":[{\"@type\":\"ReadAction\",\"target\":[\"https:\\\/\\\/jornalbeirario.com.br\\\/portal\\\/?p=42641\"]}]},{\"@type\":\"ImageObject\",\"inLanguage\":\"pt-BR\",\"@id\":\"https:\\\/\\\/jornalbeirario.com.br\\\/portal\\\/?p=42641#primaryimage\",\"url\":\"https:\\\/\\\/jornalbeirario.com.br\\\/portal\\\/wp-content\\\/uploads\\\/2016\\\/07\\\/guanabara1.jpg\",\"contentUrl\":\"https:\\\/\\\/jornalbeirario.com.br\\\/portal\\\/wp-content\\\/uploads\\\/2016\\\/07\\\/guanabara1.jpg\",\"width\":640,\"height\":480},{\"@type\":\"BreadcrumbList\",\"@id\":\"https:\\\/\\\/jornalbeirario.com.br\\\/portal\\\/?p=42641#breadcrumb\",\"itemListElement\":[{\"@type\":\"ListItem\",\"position\":1,\"name\":\"Home\",\"item\":\"https:\\\/\\\/jornalbeirario.com.br\\\/portal\"},{\"@type\":\"ListItem\",\"position\":2,\"name\":\"MPF convoca audi\u00eancia p\u00fablica sobre a despolui\u00e7\u00e3o da Ba\u00eda de Guanabara\"}]},{\"@type\":\"WebSite\",\"@id\":\"https:\\\/\\\/jornalbeirario.com.br\\\/portal\\\/#website\",\"url\":\"https:\\\/\\\/jornalbeirario.com.br\\\/portal\\\/\",\"name\":\"JORNAL BEIRA RIO\",\"description\":\"\",\"publisher\":{\"@id\":\"https:\\\/\\\/jornalbeirario.com.br\\\/portal\\\/#organization\"},\"potentialAction\":[{\"@type\":\"SearchAction\",\"target\":{\"@type\":\"EntryPoint\",\"urlTemplate\":\"https:\\\/\\\/jornalbeirario.com.br\\\/portal\\\/?s={search_term_string}\"},\"query-input\":{\"@type\":\"PropertyValueSpecification\",\"valueRequired\":true,\"valueName\":\"search_term_string\"}}],\"inLanguage\":\"pt-BR\"},{\"@type\":\"Organization\",\"@id\":\"https:\\\/\\\/jornalbeirario.com.br\\\/portal\\\/#organization\",\"name\":\"JORNAL BEIRA RIO\",\"url\":\"https:\\\/\\\/jornalbeirario.com.br\\\/portal\\\/\",\"logo\":{\"@type\":\"ImageObject\",\"inLanguage\":\"pt-BR\",\"@id\":\"https:\\\/\\\/jornalbeirario.com.br\\\/portal\\\/#\\\/schema\\\/logo\\\/image\\\/\",\"url\":\"https:\\\/\\\/jornalbeirario.com.br\\\/portal\\\/wp-content\\\/uploads\\\/2017\\\/09\\\/BEIRA-RIO_logo600.png\",\"contentUrl\":\"https:\\\/\\\/jornalbeirario.com.br\\\/portal\\\/wp-content\\\/uploads\\\/2017\\\/09\\\/BEIRA-RIO_logo600.png\",\"width\":650,\"height\":108,\"caption\":\"JORNAL BEIRA RIO\"},\"image\":{\"@id\":\"https:\\\/\\\/jornalbeirario.com.br\\\/portal\\\/#\\\/schema\\\/logo\\\/image\\\/\"}},{\"@type\":\"Person\",\"@id\":\"https:\\\/\\\/jornalbeirario.com.br\\\/portal\\\/#\\\/schema\\\/person\\\/c6c423e4c2465d2a9233f6539173e7c1\",\"name\":\"Jornal BEIRA-RIO\",\"image\":{\"@type\":\"ImageObject\",\"inLanguage\":\"pt-BR\",\"@id\":\"https:\\\/\\\/jornalbeirario.com.br\\\/portal\\\/wp-content\\\/uploads\\\/2023\\\/10\\\/logojbr1.jpg\",\"url\":\"https:\\\/\\\/jornalbeirario.com.br\\\/portal\\\/wp-content\\\/uploads\\\/2023\\\/10\\\/logojbr1.jpg\",\"contentUrl\":\"https:\\\/\\\/jornalbeirario.com.br\\\/portal\\\/wp-content\\\/uploads\\\/2023\\\/10\\\/logojbr1.jpg\",\"caption\":\"Jornal BEIRA-RIO\"},\"url\":\"https:\\\/\\\/jornalbeirario.com.br\\\/portal\\\/?author=1\"}]}<\/script>\n<!-- \/ Yoast SEO plugin. -->","yoast_head_json":{"title":"MPF convoca audi\u00eancia p\u00fablica sobre a despolui\u00e7\u00e3o da Ba\u00eda de Guanabara - JORNAL BEIRA RIO","robots":{"index":"index","follow":"follow","max-snippet":"max-snippet:-1","max-image-preview":"max-image-preview:large","max-video-preview":"max-video-preview:-1"},"canonical":"https:\/\/jornalbeirario.com.br\/portal\/?p=42641","og_locale":"pt_BR","og_type":"article","og_title":"MPF convoca audi\u00eancia p\u00fablica sobre a despolui\u00e7\u00e3o da Ba\u00eda de Guanabara - JORNAL BEIRA RIO","og_description":"O Minist\u00e9rio P\u00fablico Federal do Rio de Janeiro realizar\u00e1 no dia 26 de agosto uma audi\u00eancia p\u00fablica para colher mais informa\u00e7\u00f5es sobre os motivos","og_url":"https:\/\/jornalbeirario.com.br\/portal\/?p=42641","og_site_name":"JORNAL BEIRA RIO","article_published_time":"2016-07-13T17:20:28+00:00","og_image":[{"width":640,"height":480,"url":"https:\/\/jornalbeirario.com.br\/portal\/wp-content\/uploads\/2016\/07\/guanabara1.jpg","type":"image\/jpeg"}],"author":"Jornal BEIRA-RIO","twitter_card":"summary_large_image","twitter_misc":{"Escrito por":"Jornal BEIRA-RIO","Est. tempo de leitura":"3 minutos"},"schema":{"@context":"https:\/\/schema.org","@graph":[{"@type":"Article","@id":"https:\/\/jornalbeirario.com.br\/portal\/?p=42641#article","isPartOf":{"@id":"https:\/\/jornalbeirario.com.br\/portal\/?p=42641"},"author":{"name":"Jornal BEIRA-RIO","@id":"https:\/\/jornalbeirario.com.br\/portal\/#\/schema\/person\/c6c423e4c2465d2a9233f6539173e7c1"},"headline":"MPF convoca audi\u00eancia p\u00fablica sobre a despolui\u00e7\u00e3o da Ba\u00eda de Guanabara","datePublished":"2016-07-13T17:20:28+00:00","mainEntityOfPage":{"@id":"https:\/\/jornalbeirario.com.br\/portal\/?p=42641"},"wordCount":519,"commentCount":0,"publisher":{"@id":"https:\/\/jornalbeirario.com.br\/portal\/#organization"},"image":{"@id":"https:\/\/jornalbeirario.com.br\/portal\/?p=42641#primaryimage"},"thumbnailUrl":"https:\/\/jornalbeirario.com.br\/portal\/wp-content\/uploads\/2016\/07\/guanabara1.jpg","keywords":["dehoraemhora"],"articleSection":["Meio Ambiente"],"inLanguage":"pt-BR","potentialAction":[{"@type":"CommentAction","name":"Comment","target":["https:\/\/jornalbeirario.com.br\/portal\/?p=42641#respond"]}]},{"@type":"WebPage","@id":"https:\/\/jornalbeirario.com.br\/portal\/?p=42641","url":"https:\/\/jornalbeirario.com.br\/portal\/?p=42641","name":"MPF convoca audi\u00eancia p\u00fablica sobre a despolui\u00e7\u00e3o da Ba\u00eda de Guanabara - JORNAL BEIRA RIO","isPartOf":{"@id":"https:\/\/jornalbeirario.com.br\/portal\/#website"},"primaryImageOfPage":{"@id":"https:\/\/jornalbeirario.com.br\/portal\/?p=42641#primaryimage"},"image":{"@id":"https:\/\/jornalbeirario.com.br\/portal\/?p=42641#primaryimage"},"thumbnailUrl":"https:\/\/jornalbeirario.com.br\/portal\/wp-content\/uploads\/2016\/07\/guanabara1.jpg","datePublished":"2016-07-13T17:20:28+00:00","breadcrumb":{"@id":"https:\/\/jornalbeirario.com.br\/portal\/?p=42641#breadcrumb"},"inLanguage":"pt-BR","potentialAction":[{"@type":"ReadAction","target":["https:\/\/jornalbeirario.com.br\/portal\/?p=42641"]}]},{"@type":"ImageObject","inLanguage":"pt-BR","@id":"https:\/\/jornalbeirario.com.br\/portal\/?p=42641#primaryimage","url":"https:\/\/jornalbeirario.com.br\/portal\/wp-content\/uploads\/2016\/07\/guanabara1.jpg","contentUrl":"https:\/\/jornalbeirario.com.br\/portal\/wp-content\/uploads\/2016\/07\/guanabara1.jpg","width":640,"height":480},{"@type":"BreadcrumbList","@id":"https:\/\/jornalbeirario.com.br\/portal\/?p=42641#breadcrumb","itemListElement":[{"@type":"ListItem","position":1,"name":"Home","item":"https:\/\/jornalbeirario.com.br\/portal"},{"@type":"ListItem","position":2,"name":"MPF convoca audi\u00eancia p\u00fablica sobre a despolui\u00e7\u00e3o da Ba\u00eda de Guanabara"}]},{"@type":"WebSite","@id":"https:\/\/jornalbeirario.com.br\/portal\/#website","url":"https:\/\/jornalbeirario.com.br\/portal\/","name":"JORNAL BEIRA RIO","description":"","publisher":{"@id":"https:\/\/jornalbeirario.com.br\/portal\/#organization"},"potentialAction":[{"@type":"SearchAction","target":{"@type":"EntryPoint","urlTemplate":"https:\/\/jornalbeirario.com.br\/portal\/?s={search_term_string}"},"query-input":{"@type":"PropertyValueSpecification","valueRequired":true,"valueName":"search_term_string"}}],"inLanguage":"pt-BR"},{"@type":"Organization","@id":"https:\/\/jornalbeirario.com.br\/portal\/#organization","name":"JORNAL BEIRA RIO","url":"https:\/\/jornalbeirario.com.br\/portal\/","logo":{"@type":"ImageObject","inLanguage":"pt-BR","@id":"https:\/\/jornalbeirario.com.br\/portal\/#\/schema\/logo\/image\/","url":"https:\/\/jornalbeirario.com.br\/portal\/wp-content\/uploads\/2017\/09\/BEIRA-RIO_logo600.png","contentUrl":"https:\/\/jornalbeirario.com.br\/portal\/wp-content\/uploads\/2017\/09\/BEIRA-RIO_logo600.png","width":650,"height":108,"caption":"JORNAL BEIRA RIO"},"image":{"@id":"https:\/\/jornalbeirario.com.br\/portal\/#\/schema\/logo\/image\/"}},{"@type":"Person","@id":"https:\/\/jornalbeirario.com.br\/portal\/#\/schema\/person\/c6c423e4c2465d2a9233f6539173e7c1","name":"Jornal BEIRA-RIO","image":{"@type":"ImageObject","inLanguage":"pt-BR","@id":"https:\/\/jornalbeirario.com.br\/portal\/wp-content\/uploads\/2023\/10\/logojbr1.jpg","url":"https:\/\/jornalbeirario.com.br\/portal\/wp-content\/uploads\/2023\/10\/logojbr1.jpg","contentUrl":"https:\/\/jornalbeirario.com.br\/portal\/wp-content\/uploads\/2023\/10\/logojbr1.jpg","caption":"Jornal BEIRA-RIO"},"url":"https:\/\/jornalbeirario.com.br\/portal\/?author=1"}]}},"_links":{"self":[{"href":"https:\/\/jornalbeirario.com.br\/portal\/index.php?rest_route=\/wp\/v2\/posts\/42641","targetHints":{"allow":["GET"]}}],"collection":[{"href":"https:\/\/jornalbeirario.com.br\/portal\/index.php?rest_route=\/wp\/v2\/posts"}],"about":[{"href":"https:\/\/jornalbeirario.com.br\/portal\/index.php?rest_route=\/wp\/v2\/types\/post"}],"author":[{"embeddable":true,"href":"https:\/\/jornalbeirario.com.br\/portal\/index.php?rest_route=\/wp\/v2\/users\/1"}],"replies":[{"embeddable":true,"href":"https:\/\/jornalbeirario.com.br\/portal\/index.php?rest_route=%2Fwp%2Fv2%2Fcomments&post=42641"}],"version-history":[{"count":3,"href":"https:\/\/jornalbeirario.com.br\/portal\/index.php?rest_route=\/wp\/v2\/posts\/42641\/revisions"}],"predecessor-version":[{"id":42645,"href":"https:\/\/jornalbeirario.com.br\/portal\/index.php?rest_route=\/wp\/v2\/posts\/42641\/revisions\/42645"}],"wp:featuredmedia":[{"embeddable":true,"href":"https:\/\/jornalbeirario.com.br\/portal\/index.php?rest_route=\/wp\/v2\/media\/42644"}],"wp:attachment":[{"href":"https:\/\/jornalbeirario.com.br\/portal\/index.php?rest_route=%2Fwp%2Fv2%2Fmedia&parent=42641"}],"wp:term":[{"taxonomy":"category","embeddable":true,"href":"https:\/\/jornalbeirario.com.br\/portal\/index.php?rest_route=%2Fwp%2Fv2%2Fcategories&post=42641"},{"taxonomy":"post_tag","embeddable":true,"href":"https:\/\/jornalbeirario.com.br\/portal\/index.php?rest_route=%2Fwp%2Fv2%2Ftags&post=42641"}],"curies":[{"name":"wp","href":"https:\/\/api.w.org\/{rel}","templated":true}]}}