
{"id":42345,"date":"2016-07-05T17:01:49","date_gmt":"2016-07-05T17:01:49","guid":{"rendered":"http:\/\/jornalbeirario.com.br\/portal\/portal\/?p=42345"},"modified":"2016-07-05T17:01:49","modified_gmt":"2016-07-05T17:01:49","slug":"justica-federal-pede-interdicao-da-ciclovia-tim-maia","status":"publish","type":"post","link":"https:\/\/jornalbeirario.com.br\/portal\/?p=42345","title":{"rendered":"Justi\u00e7a Federal pede interdi\u00e7\u00e3o da ciclovia Tim Maia"},"content":{"rendered":"<p style=\"text-align: justify;\">A pedido do Minist\u00e9rio P\u00fablico Federal (MPF) no Rio de Janeiro, a Justi\u00e7a Federal concedeu liminar determinando que o munic\u00edpio do Rio interdite a ciclovia Tim Maia e interrompa imediatamente as obras de reconstru\u00e7\u00e3o do trecho entre os pilares 48 e 49, local onde se deu o colapso, at\u00e9 que o licenciamento ambiental corretivo seja realizado, sob pena de multa de R$ 100 mil por dia de descumprimento.<\/p>\n<p>A a\u00e7\u00e3o do MPF pede que o licenciamento ambiental corretivo seja realizado com interven\u00e7\u00e3o da Uni\u00e3o e do Iphan, com apresenta\u00e7\u00e3o de estudo de impacto ambiental que deve observar, no m\u00ednimo, as recomenda\u00e7\u00f5es t\u00e9cnicas do relat\u00f3rio da Coppetec elaborado ap\u00f3s a queda do trecho da <span class=\"highlightedSearchTerm\">ciclovia<\/span> em 21 de abril. O MPF justifica a interven\u00e7\u00e3o da Uni\u00e3o pelo fato de a <span class=\"highlightedSearchTerm\">ciclovia<\/span> estar em Zona Costeira, patrim\u00f4nio da Uni\u00e3o cujo bioma \u00e9 de interesse nacional. Al\u00e9m do munic\u00edpio, respondem \u00e0 a\u00e7\u00e3o movida pelo MPF o cons\u00f3rcio Contemat-Concrejato e o Instituto Estadual do Meio Ambiente (Inea).<\/p>\n<p>De acordo com a a\u00e7\u00e3o, a obra foi objeto de licenciamento simplificado e os projetos b\u00e1sico e executivo n\u00e3o levaram em conta o eventual impacto das ondas al\u00e9m de 2,5 metros de altura. Em reuni\u00e3o realizada em maio com o MPF, representantes da Coppe ressaltaram a necessidade de que a <span class=\"highlightedSearchTerm\">ciclovia<\/span> seja reavaliada em sua totalidade para analisar a a\u00e7\u00e3o das ondas na estrutura. O licenciamento ambiental realizado n\u00e3o avaliou a quest\u00e3o e enfatizou apenas a supress\u00e3o de vegeta\u00e7\u00e3o e a retirada de entulho no curso das obras.<\/p>\n<p>O relat\u00f3rio da Coppe ainda aponta que a mureta da Gruta da Imprensa potencializou o efeito da onda que derrubou o trecho da <span class=\"highlightedSearchTerm\">ciclovia<\/span>.<\/p>\n<p style=\"text-align: justify;\">&#8211; Ocorre que n\u00e3o apenas o trecho entre os pilares 48 e 49 s\u00e3o de potencial forma\u00e7\u00e3o de tais jatos. H\u00e1 outros trechos onde o cost\u00e3o da Niemeyer foi alterado pelo homem. Muretas foram constru\u00eddas ao longo de tal cost\u00e3o, a fim de conter a queda de pedras e a eros\u00e3o &#8211; alerta a procuradora da Rep\u00fablica Zani Cajueiro, autora da a\u00e7\u00e3o.<\/p>\n<p>A <span class=\"highlightedSearchTerm\">ciclovia<\/span> Tim Maia tem 3,9km de extens\u00e3o e liga os bairros do Leblon e de S\u00e3o Conrado, na Zona Sul do Rio de Janeiro, seguindo o cost\u00e3o rochoso ao longo da Avenida Niemeyer. Em 21 de abril, uma ressaca fez com que o trecho sobre a Gruta da Imprensa desabasse, causando a morte de duas pessoas. Pr\u00f3ximo da<span class=\"highlightedSearchTerm\">ciclovia<\/span> est\u00e1 o Morro Dois Irm\u00e3os, tombado pelo Iphan em 1973 como patrim\u00f4nio natural.<\/p>\n<p>O MPF considera o licenciamento ambiental necess\u00e1rio porque qualquer interven\u00e7\u00e3o, mesmo que n\u00e3o seja feita diretamente sobre o morro, pode afetar sua visibilidade e ambi\u00eancia.<\/p>\n<p style=\"text-align: justify;\">&#8211; A beleza c\u00eanica daquela \u00e1rea \u00e9 reverenciada no mundo todo e foi reconhecida, para al\u00e9m da quest\u00e3o do entorno do Morro Dois Irm\u00e3os (Iphan), tamb\u00e9m pelo Conselho Municipal de Prote\u00e7\u00e3o do Patrim\u00f4nio Cultural &#8211; afirma a procuradora. O pr\u00f3prio Conselho condicionou a obra \u00e0 constru\u00e7\u00e3o de estruturas que se integrassem \u00e0 paisagem, o que n\u00e3o foi observado pela prefeitura.<\/p>\n<p>O MPF tamb\u00e9m considera necess\u00e1rio definir o protocolo de uso da <span class=\"highlightedSearchTerm\">ciclovia<\/span>, j\u00e1 que h\u00e1 o risco de que as pessoas sejam arrastadas pelas ondas mesmo que a estrutura permane\u00e7a intacta. Por isso, pede que a reabertura da via seja condicionada \u00e0 cria\u00e7\u00e3o de um sistema de monitoramento do mar. Al\u00e9m disso, o MPF pede indeniza\u00e7\u00e3o por danos morais coletivos pelos danos ambientais e patrimoniais causados, bem como pela perda p\u00fablica representada pela impossibilidade de utilizar a via.<\/p>\n<p style=\"text-align: justify;\">\nFonte: Comunica\u00e7\u00e3o MPF<\/p>\n<p style=\"text-align: justify;\">Foto: reprodu\u00e7\u00e3o internet<\/p>\n","protected":false},"excerpt":{"rendered":"<p>A pedido do Minist\u00e9rio P\u00fablico Federal (MPF) no Rio de Janeiro, a Justi\u00e7a Federal concedeu liminar determinando que o munic\u00edpio do Rio interdite a<\/p>\n","protected":false},"author":1,"featured_media":42346,"comment_status":"open","ping_status":"open","sticky":false,"template":"","format":"standard","meta":{"pmpro_default_level":"","footnotes":""},"categories":[175,35,11],"tags":[155],"class_list":["post-42345","post","type-post","status-publish","format-standard","has-post-thumbnail","hentry","category-justica","category-nacional","category-politica","tag-dehoraemhora","pmpro-has-access"],"yoast_head":"<!-- This site is optimized with the Yoast SEO plugin v27.4 - https:\/\/yoast.com\/product\/yoast-seo-wordpress\/ -->\n<title>Justi\u00e7a Federal pede interdi\u00e7\u00e3o da ciclovia Tim Maia - JORNAL BEIRA RIO<\/title>\n<meta name=\"robots\" content=\"index, follow, max-snippet:-1, max-image-preview:large, max-video-preview:-1\" \/>\n<link rel=\"canonical\" href=\"https:\/\/jornalbeirario.com.br\/portal\/?p=42345\" \/>\n<meta property=\"og:locale\" content=\"pt_BR\" \/>\n<meta property=\"og:type\" content=\"article\" \/>\n<meta property=\"og:title\" content=\"Justi\u00e7a Federal pede interdi\u00e7\u00e3o da ciclovia Tim Maia - JORNAL BEIRA RIO\" \/>\n<meta property=\"og:description\" content=\"A pedido do Minist\u00e9rio P\u00fablico Federal (MPF) no Rio de Janeiro, a Justi\u00e7a Federal concedeu liminar determinando que o munic\u00edpio do Rio interdite a\" \/>\n<meta property=\"og:url\" content=\"https:\/\/jornalbeirario.com.br\/portal\/?p=42345\" \/>\n<meta property=\"og:site_name\" content=\"JORNAL BEIRA RIO\" \/>\n<meta property=\"article:published_time\" content=\"2016-07-05T17:01:49+00:00\" \/>\n<meta property=\"og:image\" content=\"https:\/\/jornalbeirario.com.br\/portal\/wp-content\/uploads\/2016\/07\/ciclovia.jpg\" \/>\n\t<meta property=\"og:image:width\" content=\"640\" \/>\n\t<meta property=\"og:image:height\" content=\"415\" \/>\n\t<meta property=\"og:image:type\" content=\"image\/jpeg\" \/>\n<meta name=\"author\" content=\"Jornal BEIRA-RIO\" \/>\n<meta name=\"twitter:card\" content=\"summary_large_image\" \/>\n<meta name=\"twitter:label1\" content=\"Escrito por\" \/>\n\t<meta name=\"twitter:data1\" content=\"Jornal BEIRA-RIO\" \/>\n\t<meta name=\"twitter:label2\" content=\"Est. tempo de leitura\" \/>\n\t<meta name=\"twitter:data2\" content=\"3 minutos\" \/>\n<script type=\"application\/ld+json\" class=\"yoast-schema-graph\">{\"@context\":\"https:\\\/\\\/schema.org\",\"@graph\":[{\"@type\":\"Article\",\"@id\":\"https:\\\/\\\/jornalbeirario.com.br\\\/portal\\\/?p=42345#article\",\"isPartOf\":{\"@id\":\"https:\\\/\\\/jornalbeirario.com.br\\\/portal\\\/?p=42345\"},\"author\":{\"name\":\"Jornal BEIRA-RIO\",\"@id\":\"https:\\\/\\\/jornalbeirario.com.br\\\/portal\\\/#\\\/schema\\\/person\\\/c6c423e4c2465d2a9233f6539173e7c1\"},\"headline\":\"Justi\u00e7a Federal pede interdi\u00e7\u00e3o da ciclovia Tim Maia\",\"datePublished\":\"2016-07-05T17:01:49+00:00\",\"mainEntityOfPage\":{\"@id\":\"https:\\\/\\\/jornalbeirario.com.br\\\/portal\\\/?p=42345\"},\"wordCount\":644,\"commentCount\":0,\"publisher\":{\"@id\":\"https:\\\/\\\/jornalbeirario.com.br\\\/portal\\\/#organization\"},\"image\":{\"@id\":\"https:\\\/\\\/jornalbeirario.com.br\\\/portal\\\/?p=42345#primaryimage\"},\"thumbnailUrl\":\"https:\\\/\\\/jornalbeirario.com.br\\\/portal\\\/wp-content\\\/uploads\\\/2016\\\/07\\\/ciclovia.jpg\",\"keywords\":[\"dehoraemhora\"],\"articleSection\":[\"Justi\u00e7a\",\"Nacional\",\"Pol\u00edtica\"],\"inLanguage\":\"pt-BR\",\"potentialAction\":[{\"@type\":\"CommentAction\",\"name\":\"Comment\",\"target\":[\"https:\\\/\\\/jornalbeirario.com.br\\\/portal\\\/?p=42345#respond\"]}]},{\"@type\":\"WebPage\",\"@id\":\"https:\\\/\\\/jornalbeirario.com.br\\\/portal\\\/?p=42345\",\"url\":\"https:\\\/\\\/jornalbeirario.com.br\\\/portal\\\/?p=42345\",\"name\":\"Justi\u00e7a Federal pede interdi\u00e7\u00e3o da ciclovia Tim Maia - JORNAL BEIRA RIO\",\"isPartOf\":{\"@id\":\"https:\\\/\\\/jornalbeirario.com.br\\\/portal\\\/#website\"},\"primaryImageOfPage\":{\"@id\":\"https:\\\/\\\/jornalbeirario.com.br\\\/portal\\\/?p=42345#primaryimage\"},\"image\":{\"@id\":\"https:\\\/\\\/jornalbeirario.com.br\\\/portal\\\/?p=42345#primaryimage\"},\"thumbnailUrl\":\"https:\\\/\\\/jornalbeirario.com.br\\\/portal\\\/wp-content\\\/uploads\\\/2016\\\/07\\\/ciclovia.jpg\",\"datePublished\":\"2016-07-05T17:01:49+00:00\",\"breadcrumb\":{\"@id\":\"https:\\\/\\\/jornalbeirario.com.br\\\/portal\\\/?p=42345#breadcrumb\"},\"inLanguage\":\"pt-BR\",\"potentialAction\":[{\"@type\":\"ReadAction\",\"target\":[\"https:\\\/\\\/jornalbeirario.com.br\\\/portal\\\/?p=42345\"]}]},{\"@type\":\"ImageObject\",\"inLanguage\":\"pt-BR\",\"@id\":\"https:\\\/\\\/jornalbeirario.com.br\\\/portal\\\/?p=42345#primaryimage\",\"url\":\"https:\\\/\\\/jornalbeirario.com.br\\\/portal\\\/wp-content\\\/uploads\\\/2016\\\/07\\\/ciclovia.jpg\",\"contentUrl\":\"https:\\\/\\\/jornalbeirario.com.br\\\/portal\\\/wp-content\\\/uploads\\\/2016\\\/07\\\/ciclovia.jpg\",\"width\":640,\"height\":415},{\"@type\":\"BreadcrumbList\",\"@id\":\"https:\\\/\\\/jornalbeirario.com.br\\\/portal\\\/?p=42345#breadcrumb\",\"itemListElement\":[{\"@type\":\"ListItem\",\"position\":1,\"name\":\"Home\",\"item\":\"https:\\\/\\\/jornalbeirario.com.br\\\/portal\"},{\"@type\":\"ListItem\",\"position\":2,\"name\":\"Justi\u00e7a Federal pede interdi\u00e7\u00e3o da ciclovia Tim Maia\"}]},{\"@type\":\"WebSite\",\"@id\":\"https:\\\/\\\/jornalbeirario.com.br\\\/portal\\\/#website\",\"url\":\"https:\\\/\\\/jornalbeirario.com.br\\\/portal\\\/\",\"name\":\"JORNAL BEIRA RIO\",\"description\":\"\",\"publisher\":{\"@id\":\"https:\\\/\\\/jornalbeirario.com.br\\\/portal\\\/#organization\"},\"potentialAction\":[{\"@type\":\"SearchAction\",\"target\":{\"@type\":\"EntryPoint\",\"urlTemplate\":\"https:\\\/\\\/jornalbeirario.com.br\\\/portal\\\/?s={search_term_string}\"},\"query-input\":{\"@type\":\"PropertyValueSpecification\",\"valueRequired\":true,\"valueName\":\"search_term_string\"}}],\"inLanguage\":\"pt-BR\"},{\"@type\":\"Organization\",\"@id\":\"https:\\\/\\\/jornalbeirario.com.br\\\/portal\\\/#organization\",\"name\":\"JORNAL BEIRA RIO\",\"url\":\"https:\\\/\\\/jornalbeirario.com.br\\\/portal\\\/\",\"logo\":{\"@type\":\"ImageObject\",\"inLanguage\":\"pt-BR\",\"@id\":\"https:\\\/\\\/jornalbeirario.com.br\\\/portal\\\/#\\\/schema\\\/logo\\\/image\\\/\",\"url\":\"https:\\\/\\\/jornalbeirario.com.br\\\/portal\\\/wp-content\\\/uploads\\\/2017\\\/09\\\/BEIRA-RIO_logo600.png\",\"contentUrl\":\"https:\\\/\\\/jornalbeirario.com.br\\\/portal\\\/wp-content\\\/uploads\\\/2017\\\/09\\\/BEIRA-RIO_logo600.png\",\"width\":650,\"height\":108,\"caption\":\"JORNAL BEIRA RIO\"},\"image\":{\"@id\":\"https:\\\/\\\/jornalbeirario.com.br\\\/portal\\\/#\\\/schema\\\/logo\\\/image\\\/\"}},{\"@type\":\"Person\",\"@id\":\"https:\\\/\\\/jornalbeirario.com.br\\\/portal\\\/#\\\/schema\\\/person\\\/c6c423e4c2465d2a9233f6539173e7c1\",\"name\":\"Jornal BEIRA-RIO\",\"image\":{\"@type\":\"ImageObject\",\"inLanguage\":\"pt-BR\",\"@id\":\"https:\\\/\\\/jornalbeirario.com.br\\\/portal\\\/wp-content\\\/uploads\\\/2023\\\/10\\\/logojbr1.jpg\",\"url\":\"https:\\\/\\\/jornalbeirario.com.br\\\/portal\\\/wp-content\\\/uploads\\\/2023\\\/10\\\/logojbr1.jpg\",\"contentUrl\":\"https:\\\/\\\/jornalbeirario.com.br\\\/portal\\\/wp-content\\\/uploads\\\/2023\\\/10\\\/logojbr1.jpg\",\"caption\":\"Jornal BEIRA-RIO\"},\"url\":\"https:\\\/\\\/jornalbeirario.com.br\\\/portal\\\/?author=1\"}]}<\/script>\n<!-- \/ Yoast SEO plugin. -->","yoast_head_json":{"title":"Justi\u00e7a Federal pede interdi\u00e7\u00e3o da ciclovia Tim Maia - JORNAL BEIRA RIO","robots":{"index":"index","follow":"follow","max-snippet":"max-snippet:-1","max-image-preview":"max-image-preview:large","max-video-preview":"max-video-preview:-1"},"canonical":"https:\/\/jornalbeirario.com.br\/portal\/?p=42345","og_locale":"pt_BR","og_type":"article","og_title":"Justi\u00e7a Federal pede interdi\u00e7\u00e3o da ciclovia Tim Maia - JORNAL BEIRA RIO","og_description":"A pedido do Minist\u00e9rio P\u00fablico Federal (MPF) no Rio de Janeiro, a Justi\u00e7a Federal concedeu liminar determinando que o munic\u00edpio do Rio interdite a","og_url":"https:\/\/jornalbeirario.com.br\/portal\/?p=42345","og_site_name":"JORNAL BEIRA RIO","article_published_time":"2016-07-05T17:01:49+00:00","og_image":[{"width":640,"height":415,"url":"https:\/\/jornalbeirario.com.br\/portal\/wp-content\/uploads\/2016\/07\/ciclovia.jpg","type":"image\/jpeg"}],"author":"Jornal BEIRA-RIO","twitter_card":"summary_large_image","twitter_misc":{"Escrito por":"Jornal BEIRA-RIO","Est. tempo de leitura":"3 minutos"},"schema":{"@context":"https:\/\/schema.org","@graph":[{"@type":"Article","@id":"https:\/\/jornalbeirario.com.br\/portal\/?p=42345#article","isPartOf":{"@id":"https:\/\/jornalbeirario.com.br\/portal\/?p=42345"},"author":{"name":"Jornal BEIRA-RIO","@id":"https:\/\/jornalbeirario.com.br\/portal\/#\/schema\/person\/c6c423e4c2465d2a9233f6539173e7c1"},"headline":"Justi\u00e7a Federal pede interdi\u00e7\u00e3o da ciclovia Tim Maia","datePublished":"2016-07-05T17:01:49+00:00","mainEntityOfPage":{"@id":"https:\/\/jornalbeirario.com.br\/portal\/?p=42345"},"wordCount":644,"commentCount":0,"publisher":{"@id":"https:\/\/jornalbeirario.com.br\/portal\/#organization"},"image":{"@id":"https:\/\/jornalbeirario.com.br\/portal\/?p=42345#primaryimage"},"thumbnailUrl":"https:\/\/jornalbeirario.com.br\/portal\/wp-content\/uploads\/2016\/07\/ciclovia.jpg","keywords":["dehoraemhora"],"articleSection":["Justi\u00e7a","Nacional","Pol\u00edtica"],"inLanguage":"pt-BR","potentialAction":[{"@type":"CommentAction","name":"Comment","target":["https:\/\/jornalbeirario.com.br\/portal\/?p=42345#respond"]}]},{"@type":"WebPage","@id":"https:\/\/jornalbeirario.com.br\/portal\/?p=42345","url":"https:\/\/jornalbeirario.com.br\/portal\/?p=42345","name":"Justi\u00e7a Federal pede interdi\u00e7\u00e3o da ciclovia Tim Maia - JORNAL BEIRA RIO","isPartOf":{"@id":"https:\/\/jornalbeirario.com.br\/portal\/#website"},"primaryImageOfPage":{"@id":"https:\/\/jornalbeirario.com.br\/portal\/?p=42345#primaryimage"},"image":{"@id":"https:\/\/jornalbeirario.com.br\/portal\/?p=42345#primaryimage"},"thumbnailUrl":"https:\/\/jornalbeirario.com.br\/portal\/wp-content\/uploads\/2016\/07\/ciclovia.jpg","datePublished":"2016-07-05T17:01:49+00:00","breadcrumb":{"@id":"https:\/\/jornalbeirario.com.br\/portal\/?p=42345#breadcrumb"},"inLanguage":"pt-BR","potentialAction":[{"@type":"ReadAction","target":["https:\/\/jornalbeirario.com.br\/portal\/?p=42345"]}]},{"@type":"ImageObject","inLanguage":"pt-BR","@id":"https:\/\/jornalbeirario.com.br\/portal\/?p=42345#primaryimage","url":"https:\/\/jornalbeirario.com.br\/portal\/wp-content\/uploads\/2016\/07\/ciclovia.jpg","contentUrl":"https:\/\/jornalbeirario.com.br\/portal\/wp-content\/uploads\/2016\/07\/ciclovia.jpg","width":640,"height":415},{"@type":"BreadcrumbList","@id":"https:\/\/jornalbeirario.com.br\/portal\/?p=42345#breadcrumb","itemListElement":[{"@type":"ListItem","position":1,"name":"Home","item":"https:\/\/jornalbeirario.com.br\/portal"},{"@type":"ListItem","position":2,"name":"Justi\u00e7a Federal pede interdi\u00e7\u00e3o da ciclovia Tim Maia"}]},{"@type":"WebSite","@id":"https:\/\/jornalbeirario.com.br\/portal\/#website","url":"https:\/\/jornalbeirario.com.br\/portal\/","name":"JORNAL BEIRA RIO","description":"","publisher":{"@id":"https:\/\/jornalbeirario.com.br\/portal\/#organization"},"potentialAction":[{"@type":"SearchAction","target":{"@type":"EntryPoint","urlTemplate":"https:\/\/jornalbeirario.com.br\/portal\/?s={search_term_string}"},"query-input":{"@type":"PropertyValueSpecification","valueRequired":true,"valueName":"search_term_string"}}],"inLanguage":"pt-BR"},{"@type":"Organization","@id":"https:\/\/jornalbeirario.com.br\/portal\/#organization","name":"JORNAL BEIRA RIO","url":"https:\/\/jornalbeirario.com.br\/portal\/","logo":{"@type":"ImageObject","inLanguage":"pt-BR","@id":"https:\/\/jornalbeirario.com.br\/portal\/#\/schema\/logo\/image\/","url":"https:\/\/jornalbeirario.com.br\/portal\/wp-content\/uploads\/2017\/09\/BEIRA-RIO_logo600.png","contentUrl":"https:\/\/jornalbeirario.com.br\/portal\/wp-content\/uploads\/2017\/09\/BEIRA-RIO_logo600.png","width":650,"height":108,"caption":"JORNAL BEIRA RIO"},"image":{"@id":"https:\/\/jornalbeirario.com.br\/portal\/#\/schema\/logo\/image\/"}},{"@type":"Person","@id":"https:\/\/jornalbeirario.com.br\/portal\/#\/schema\/person\/c6c423e4c2465d2a9233f6539173e7c1","name":"Jornal BEIRA-RIO","image":{"@type":"ImageObject","inLanguage":"pt-BR","@id":"https:\/\/jornalbeirario.com.br\/portal\/wp-content\/uploads\/2023\/10\/logojbr1.jpg","url":"https:\/\/jornalbeirario.com.br\/portal\/wp-content\/uploads\/2023\/10\/logojbr1.jpg","contentUrl":"https:\/\/jornalbeirario.com.br\/portal\/wp-content\/uploads\/2023\/10\/logojbr1.jpg","caption":"Jornal BEIRA-RIO"},"url":"https:\/\/jornalbeirario.com.br\/portal\/?author=1"}]}},"_links":{"self":[{"href":"https:\/\/jornalbeirario.com.br\/portal\/index.php?rest_route=\/wp\/v2\/posts\/42345","targetHints":{"allow":["GET"]}}],"collection":[{"href":"https:\/\/jornalbeirario.com.br\/portal\/index.php?rest_route=\/wp\/v2\/posts"}],"about":[{"href":"https:\/\/jornalbeirario.com.br\/portal\/index.php?rest_route=\/wp\/v2\/types\/post"}],"author":[{"embeddable":true,"href":"https:\/\/jornalbeirario.com.br\/portal\/index.php?rest_route=\/wp\/v2\/users\/1"}],"replies":[{"embeddable":true,"href":"https:\/\/jornalbeirario.com.br\/portal\/index.php?rest_route=%2Fwp%2Fv2%2Fcomments&post=42345"}],"version-history":[{"count":1,"href":"https:\/\/jornalbeirario.com.br\/portal\/index.php?rest_route=\/wp\/v2\/posts\/42345\/revisions"}],"predecessor-version":[{"id":42348,"href":"https:\/\/jornalbeirario.com.br\/portal\/index.php?rest_route=\/wp\/v2\/posts\/42345\/revisions\/42348"}],"wp:featuredmedia":[{"embeddable":true,"href":"https:\/\/jornalbeirario.com.br\/portal\/index.php?rest_route=\/wp\/v2\/media\/42346"}],"wp:attachment":[{"href":"https:\/\/jornalbeirario.com.br\/portal\/index.php?rest_route=%2Fwp%2Fv2%2Fmedia&parent=42345"}],"wp:term":[{"taxonomy":"category","embeddable":true,"href":"https:\/\/jornalbeirario.com.br\/portal\/index.php?rest_route=%2Fwp%2Fv2%2Fcategories&post=42345"},{"taxonomy":"post_tag","embeddable":true,"href":"https:\/\/jornalbeirario.com.br\/portal\/index.php?rest_route=%2Fwp%2Fv2%2Ftags&post=42345"}],"curies":[{"name":"wp","href":"https:\/\/api.w.org\/{rel}","templated":true}]}}