
{"id":42172,"date":"2016-06-29T18:14:37","date_gmt":"2016-06-29T18:14:37","guid":{"rendered":"http:\/\/jornalbeirario.com.br\/portal\/portal\/?p=42172"},"modified":"2016-06-29T18:15:20","modified_gmt":"2016-06-29T18:15:20","slug":"pt-de-resende-pode-sofrer-intervencao-da-estadual","status":"publish","type":"post","link":"https:\/\/jornalbeirario.com.br\/portal\/?p=42172","title":{"rendered":"PT de Resende pode sofrer interven\u00e7\u00e3o da Executiva estadual"},"content":{"rendered":"<p style=\"text-align: justify;\">O diret\u00f3rio municipal do Partido dos Trabalhadores (PT) de Resende pode sofrer uma interven\u00e7\u00e3o do diret\u00f3rio estadual. O secret\u00e1rio estadual de organiza\u00e7\u00e3o do partido, Jo\u00e3o Maur\u00edcio de Freitas, convocou uma reuni\u00e3o no s\u00e1bado, dia 25, para tratar do caso, mas chamou o procedimento de &#8220;di\u00e1logos&#8221;.<\/p>\n<p style=\"text-align: justify;\">&#8211; Estamos fazendo reuni\u00f5es com o diret\u00f3rio municipal, mas n\u00e3o diria que \u00e9 uma interven\u00e7\u00e3o. Preferimos chamar de di\u00e1logos. J\u00e1 houve uma reuni\u00e3o e na pr\u00f3xima semana haver\u00e1 outra aqui no Rio de Janeiro, porque eles est\u00e3o precisando se reestruturar, se organizar, mas ainda acho prematuro falar em interven\u00e7\u00e3o. Na pr\u00f3xima semana deve haver mais informa\u00e7\u00f5es &#8211; declarou Jo\u00e3o Maur\u00edcio de Freitas.<\/p>\n<p style=\"text-align: justify;\">Segundo informa\u00e7\u00f5es a que o BEIRA-RIO teve acesso, algumas reuni\u00f5es do partido n\u00e3o t\u00eam qu\u00f3rum para vota\u00e7\u00f5es, uma parte dos integrantes da Executiva municipal n\u00e3o comparece aos encontros h\u00e1 meses, e nem se sabe onde ficam as atas do partido, que n\u00e3o s\u00e3o lidas nas reuni\u00f5es, comprometendo a organiza\u00e7\u00e3o eleitoral\u00a0do partido.<\/p>\n<p style=\"text-align: justify;\">O presidente do PT de Resende, J\u00falio Vidal, tamb\u00e9m negou que o partido v\u00e1 sofrer interven\u00e7\u00e3o da Executiva estadual, mas confirmou que devido aos problemas da sigla, o regimento aborda essa possibilidade.<\/p>\n<p style=\"text-align: justify;\">&#8211; Eu n\u00e3o fui comunicado de absolutamente nada. Existe essa possibilidade porque n\u00e3o h\u00e1 reuni\u00e3o de diret\u00f3rio h\u00e1 um temp\u00e3o, h\u00e1 v\u00e1rios meses, o que d\u00e1 margem para uma interven\u00e7\u00e3o, mas politicamente n\u00e3o acredito. Est\u00e1 no regimento, mas para mim ningu\u00e9m comentou nada, nem a Executiva estadual. Como o partido \u00e9 democracia, tradi\u00e7\u00e3o, colocam isso no regimento para que as pessoas que est\u00e3o acima de n\u00f3s na hierarquia do partido ossam vir aqui e questionar o que est\u00e1 acontecendo &#8211; avaliou Vidal.<\/p>\n<p style=\"text-align: justify;\">Para ele, Resende n\u00e3o \u00e9 o \u00fanico munic\u00edpio que passa por tais dificuldades e que a hist\u00f3ria pode ter vindo \u00e0 tona &#8220;porque h\u00e1 outras for\u00e7as dentro do partido&#8221;.<\/p>\n<p style=\"text-align: justify;\">&#8211; Hoje n\u00e3o d\u00e1 para falar que isso (interven\u00e7\u00e3o) \u00e9 um fato. Parece coisa de gente de direita. N\u00e3o tem reuni\u00e3o de diret\u00f3rio mesmo, mas se isso for levado ao p\u00e9 da letra das 92 cidades do Rio, em 90 vai ter interven\u00e7\u00e3o. Politicamente h\u00e1 outras for\u00e7as dentro do partido. Resende tem um posicionamento estrat\u00e9gico por conta da TV\u00a0e acabam tendo outros interesses. Sobre interven\u00e7\u00e3o aqui, liguei para a estadual e ningu\u00e9m est\u00e1 sabendo de nada &#8211; resumiu.<\/p>\n<p style=\"text-align: justify;\">O presidente do PT de Resende reconhece que o diret\u00f3rio municipal passa por dificuldades, mas analisa que outros partidos tamb\u00e9m tenham problemas parecidos.<\/p>\n<p style=\"text-align: justify;\">&#8211; \u00c9 uma din\u00e2mica de desmotiva\u00e7\u00e3o das pessoas mesmo. Elas perderam a motiva\u00e7\u00e3o nos debates pol\u00edticos de forma geral. H\u00e1 um movimento interessante da popula\u00e7\u00e3o na rua de no almo\u00e7o e caf\u00e9 discutirem pol\u00edtica, mas os partidos pol\u00edticos n\u00e3o conseguem reconhecer, dialogar com essa sociedade. As pessoas n\u00e3o entendem os partidos como locais para levar essas demandas &#8211; concluiu.<\/p>\n","protected":false},"excerpt":{"rendered":"<p>O diret\u00f3rio municipal do Partido dos Trabalhadores (PT) de Resende pode sofrer uma interven\u00e7\u00e3o do diret\u00f3rio estadual. O secret\u00e1rio estadual de organiza\u00e7\u00e3o do partido,<\/p>\n","protected":false},"author":1,"featured_media":42173,"comment_status":"open","ping_status":"open","sticky":false,"template":"","format":"standard","meta":{"pmpro_default_level":"","footnotes":""},"categories":[11],"tags":[155,153],"class_list":["post-42172","post","type-post","status-publish","format-standard","has-post-thumbnail","hentry","category-politica","tag-dehoraemhora","tag-manchete","pmpro-has-access"],"yoast_head":"<!-- This site is optimized with the Yoast SEO plugin v27.4 - https:\/\/yoast.com\/product\/yoast-seo-wordpress\/ -->\n<title>PT de Resende pode sofrer interven\u00e7\u00e3o da Executiva estadual - JORNAL BEIRA RIO<\/title>\n<meta name=\"robots\" content=\"index, follow, max-snippet:-1, max-image-preview:large, max-video-preview:-1\" \/>\n<link rel=\"canonical\" href=\"https:\/\/jornalbeirario.com.br\/portal\/?p=42172\" \/>\n<meta property=\"og:locale\" content=\"pt_BR\" \/>\n<meta property=\"og:type\" content=\"article\" \/>\n<meta property=\"og:title\" content=\"PT de Resende pode sofrer interven\u00e7\u00e3o da Executiva estadual - JORNAL BEIRA RIO\" \/>\n<meta property=\"og:description\" content=\"O diret\u00f3rio municipal do Partido dos Trabalhadores (PT) de Resende pode sofrer uma interven\u00e7\u00e3o do diret\u00f3rio estadual. O secret\u00e1rio estadual de organiza\u00e7\u00e3o do partido,\" \/>\n<meta property=\"og:url\" content=\"https:\/\/jornalbeirario.com.br\/portal\/?p=42172\" \/>\n<meta property=\"og:site_name\" content=\"JORNAL BEIRA RIO\" \/>\n<meta property=\"article:published_time\" content=\"2016-06-29T18:14:37+00:00\" \/>\n<meta property=\"article:modified_time\" content=\"2016-06-29T18:15:20+00:00\" \/>\n<meta property=\"og:image\" content=\"https:\/\/jornalbeirario.com.br\/portal\/wp-content\/uploads\/2016\/06\/pt-capa.jpg\" \/>\n\t<meta property=\"og:image:width\" content=\"930\" \/>\n\t<meta property=\"og:image:height\" content=\"350\" \/>\n\t<meta property=\"og:image:type\" content=\"image\/jpeg\" \/>\n<meta name=\"author\" content=\"Jornal BEIRA-RIO\" \/>\n<meta name=\"twitter:card\" content=\"summary_large_image\" \/>\n<meta name=\"twitter:label1\" content=\"Escrito por\" \/>\n\t<meta name=\"twitter:data1\" content=\"Jornal BEIRA-RIO\" \/>\n\t<meta name=\"twitter:label2\" content=\"Est. tempo de leitura\" \/>\n\t<meta name=\"twitter:data2\" content=\"3 minutos\" \/>\n<script type=\"application\/ld+json\" class=\"yoast-schema-graph\">{\"@context\":\"https:\\\/\\\/schema.org\",\"@graph\":[{\"@type\":\"Article\",\"@id\":\"https:\\\/\\\/jornalbeirario.com.br\\\/portal\\\/?p=42172#article\",\"isPartOf\":{\"@id\":\"https:\\\/\\\/jornalbeirario.com.br\\\/portal\\\/?p=42172\"},\"author\":{\"name\":\"Jornal BEIRA-RIO\",\"@id\":\"https:\\\/\\\/jornalbeirario.com.br\\\/portal\\\/#\\\/schema\\\/person\\\/c6c423e4c2465d2a9233f6539173e7c1\"},\"headline\":\"PT de Resende pode sofrer interven\u00e7\u00e3o da Executiva estadual\",\"datePublished\":\"2016-06-29T18:14:37+00:00\",\"dateModified\":\"2016-06-29T18:15:20+00:00\",\"mainEntityOfPage\":{\"@id\":\"https:\\\/\\\/jornalbeirario.com.br\\\/portal\\\/?p=42172\"},\"wordCount\":539,\"commentCount\":0,\"publisher\":{\"@id\":\"https:\\\/\\\/jornalbeirario.com.br\\\/portal\\\/#organization\"},\"image\":{\"@id\":\"https:\\\/\\\/jornalbeirario.com.br\\\/portal\\\/?p=42172#primaryimage\"},\"thumbnailUrl\":\"https:\\\/\\\/jornalbeirario.com.br\\\/portal\\\/wp-content\\\/uploads\\\/2016\\\/06\\\/pt-capa.jpg\",\"keywords\":[\"dehoraemhora\",\"manchete\"],\"articleSection\":[\"Pol\u00edtica\"],\"inLanguage\":\"pt-BR\",\"potentialAction\":[{\"@type\":\"CommentAction\",\"name\":\"Comment\",\"target\":[\"https:\\\/\\\/jornalbeirario.com.br\\\/portal\\\/?p=42172#respond\"]}]},{\"@type\":\"WebPage\",\"@id\":\"https:\\\/\\\/jornalbeirario.com.br\\\/portal\\\/?p=42172\",\"url\":\"https:\\\/\\\/jornalbeirario.com.br\\\/portal\\\/?p=42172\",\"name\":\"PT de Resende pode sofrer interven\u00e7\u00e3o da Executiva estadual - JORNAL BEIRA RIO\",\"isPartOf\":{\"@id\":\"https:\\\/\\\/jornalbeirario.com.br\\\/portal\\\/#website\"},\"primaryImageOfPage\":{\"@id\":\"https:\\\/\\\/jornalbeirario.com.br\\\/portal\\\/?p=42172#primaryimage\"},\"image\":{\"@id\":\"https:\\\/\\\/jornalbeirario.com.br\\\/portal\\\/?p=42172#primaryimage\"},\"thumbnailUrl\":\"https:\\\/\\\/jornalbeirario.com.br\\\/portal\\\/wp-content\\\/uploads\\\/2016\\\/06\\\/pt-capa.jpg\",\"datePublished\":\"2016-06-29T18:14:37+00:00\",\"dateModified\":\"2016-06-29T18:15:20+00:00\",\"breadcrumb\":{\"@id\":\"https:\\\/\\\/jornalbeirario.com.br\\\/portal\\\/?p=42172#breadcrumb\"},\"inLanguage\":\"pt-BR\",\"potentialAction\":[{\"@type\":\"ReadAction\",\"target\":[\"https:\\\/\\\/jornalbeirario.com.br\\\/portal\\\/?p=42172\"]}]},{\"@type\":\"ImageObject\",\"inLanguage\":\"pt-BR\",\"@id\":\"https:\\\/\\\/jornalbeirario.com.br\\\/portal\\\/?p=42172#primaryimage\",\"url\":\"https:\\\/\\\/jornalbeirario.com.br\\\/portal\\\/wp-content\\\/uploads\\\/2016\\\/06\\\/pt-capa.jpg\",\"contentUrl\":\"https:\\\/\\\/jornalbeirario.com.br\\\/portal\\\/wp-content\\\/uploads\\\/2016\\\/06\\\/pt-capa.jpg\",\"width\":930,\"height\":350},{\"@type\":\"BreadcrumbList\",\"@id\":\"https:\\\/\\\/jornalbeirario.com.br\\\/portal\\\/?p=42172#breadcrumb\",\"itemListElement\":[{\"@type\":\"ListItem\",\"position\":1,\"name\":\"Home\",\"item\":\"https:\\\/\\\/jornalbeirario.com.br\\\/portal\"},{\"@type\":\"ListItem\",\"position\":2,\"name\":\"PT de Resende pode sofrer interven\u00e7\u00e3o da Executiva estadual\"}]},{\"@type\":\"WebSite\",\"@id\":\"https:\\\/\\\/jornalbeirario.com.br\\\/portal\\\/#website\",\"url\":\"https:\\\/\\\/jornalbeirario.com.br\\\/portal\\\/\",\"name\":\"JORNAL BEIRA RIO\",\"description\":\"\",\"publisher\":{\"@id\":\"https:\\\/\\\/jornalbeirario.com.br\\\/portal\\\/#organization\"},\"potentialAction\":[{\"@type\":\"SearchAction\",\"target\":{\"@type\":\"EntryPoint\",\"urlTemplate\":\"https:\\\/\\\/jornalbeirario.com.br\\\/portal\\\/?s={search_term_string}\"},\"query-input\":{\"@type\":\"PropertyValueSpecification\",\"valueRequired\":true,\"valueName\":\"search_term_string\"}}],\"inLanguage\":\"pt-BR\"},{\"@type\":\"Organization\",\"@id\":\"https:\\\/\\\/jornalbeirario.com.br\\\/portal\\\/#organization\",\"name\":\"JORNAL BEIRA RIO\",\"url\":\"https:\\\/\\\/jornalbeirario.com.br\\\/portal\\\/\",\"logo\":{\"@type\":\"ImageObject\",\"inLanguage\":\"pt-BR\",\"@id\":\"https:\\\/\\\/jornalbeirario.com.br\\\/portal\\\/#\\\/schema\\\/logo\\\/image\\\/\",\"url\":\"https:\\\/\\\/jornalbeirario.com.br\\\/portal\\\/wp-content\\\/uploads\\\/2017\\\/09\\\/BEIRA-RIO_logo600.png\",\"contentUrl\":\"https:\\\/\\\/jornalbeirario.com.br\\\/portal\\\/wp-content\\\/uploads\\\/2017\\\/09\\\/BEIRA-RIO_logo600.png\",\"width\":650,\"height\":108,\"caption\":\"JORNAL BEIRA RIO\"},\"image\":{\"@id\":\"https:\\\/\\\/jornalbeirario.com.br\\\/portal\\\/#\\\/schema\\\/logo\\\/image\\\/\"}},{\"@type\":\"Person\",\"@id\":\"https:\\\/\\\/jornalbeirario.com.br\\\/portal\\\/#\\\/schema\\\/person\\\/c6c423e4c2465d2a9233f6539173e7c1\",\"name\":\"Jornal BEIRA-RIO\",\"image\":{\"@type\":\"ImageObject\",\"inLanguage\":\"pt-BR\",\"@id\":\"https:\\\/\\\/jornalbeirario.com.br\\\/portal\\\/wp-content\\\/uploads\\\/2023\\\/10\\\/logojbr1.jpg\",\"url\":\"https:\\\/\\\/jornalbeirario.com.br\\\/portal\\\/wp-content\\\/uploads\\\/2023\\\/10\\\/logojbr1.jpg\",\"contentUrl\":\"https:\\\/\\\/jornalbeirario.com.br\\\/portal\\\/wp-content\\\/uploads\\\/2023\\\/10\\\/logojbr1.jpg\",\"caption\":\"Jornal BEIRA-RIO\"},\"url\":\"https:\\\/\\\/jornalbeirario.com.br\\\/portal\\\/?author=1\"}]}<\/script>\n<!-- \/ Yoast SEO plugin. -->","yoast_head_json":{"title":"PT de Resende pode sofrer interven\u00e7\u00e3o da Executiva estadual - JORNAL BEIRA RIO","robots":{"index":"index","follow":"follow","max-snippet":"max-snippet:-1","max-image-preview":"max-image-preview:large","max-video-preview":"max-video-preview:-1"},"canonical":"https:\/\/jornalbeirario.com.br\/portal\/?p=42172","og_locale":"pt_BR","og_type":"article","og_title":"PT de Resende pode sofrer interven\u00e7\u00e3o da Executiva estadual - JORNAL BEIRA RIO","og_description":"O diret\u00f3rio municipal do Partido dos Trabalhadores (PT) de Resende pode sofrer uma interven\u00e7\u00e3o do diret\u00f3rio estadual. O secret\u00e1rio estadual de organiza\u00e7\u00e3o do partido,","og_url":"https:\/\/jornalbeirario.com.br\/portal\/?p=42172","og_site_name":"JORNAL BEIRA RIO","article_published_time":"2016-06-29T18:14:37+00:00","article_modified_time":"2016-06-29T18:15:20+00:00","og_image":[{"width":930,"height":350,"url":"https:\/\/jornalbeirario.com.br\/portal\/wp-content\/uploads\/2016\/06\/pt-capa.jpg","type":"image\/jpeg"}],"author":"Jornal BEIRA-RIO","twitter_card":"summary_large_image","twitter_misc":{"Escrito por":"Jornal BEIRA-RIO","Est. tempo de leitura":"3 minutos"},"schema":{"@context":"https:\/\/schema.org","@graph":[{"@type":"Article","@id":"https:\/\/jornalbeirario.com.br\/portal\/?p=42172#article","isPartOf":{"@id":"https:\/\/jornalbeirario.com.br\/portal\/?p=42172"},"author":{"name":"Jornal BEIRA-RIO","@id":"https:\/\/jornalbeirario.com.br\/portal\/#\/schema\/person\/c6c423e4c2465d2a9233f6539173e7c1"},"headline":"PT de Resende pode sofrer interven\u00e7\u00e3o da Executiva estadual","datePublished":"2016-06-29T18:14:37+00:00","dateModified":"2016-06-29T18:15:20+00:00","mainEntityOfPage":{"@id":"https:\/\/jornalbeirario.com.br\/portal\/?p=42172"},"wordCount":539,"commentCount":0,"publisher":{"@id":"https:\/\/jornalbeirario.com.br\/portal\/#organization"},"image":{"@id":"https:\/\/jornalbeirario.com.br\/portal\/?p=42172#primaryimage"},"thumbnailUrl":"https:\/\/jornalbeirario.com.br\/portal\/wp-content\/uploads\/2016\/06\/pt-capa.jpg","keywords":["dehoraemhora","manchete"],"articleSection":["Pol\u00edtica"],"inLanguage":"pt-BR","potentialAction":[{"@type":"CommentAction","name":"Comment","target":["https:\/\/jornalbeirario.com.br\/portal\/?p=42172#respond"]}]},{"@type":"WebPage","@id":"https:\/\/jornalbeirario.com.br\/portal\/?p=42172","url":"https:\/\/jornalbeirario.com.br\/portal\/?p=42172","name":"PT de Resende pode sofrer interven\u00e7\u00e3o da Executiva estadual - JORNAL BEIRA RIO","isPartOf":{"@id":"https:\/\/jornalbeirario.com.br\/portal\/#website"},"primaryImageOfPage":{"@id":"https:\/\/jornalbeirario.com.br\/portal\/?p=42172#primaryimage"},"image":{"@id":"https:\/\/jornalbeirario.com.br\/portal\/?p=42172#primaryimage"},"thumbnailUrl":"https:\/\/jornalbeirario.com.br\/portal\/wp-content\/uploads\/2016\/06\/pt-capa.jpg","datePublished":"2016-06-29T18:14:37+00:00","dateModified":"2016-06-29T18:15:20+00:00","breadcrumb":{"@id":"https:\/\/jornalbeirario.com.br\/portal\/?p=42172#breadcrumb"},"inLanguage":"pt-BR","potentialAction":[{"@type":"ReadAction","target":["https:\/\/jornalbeirario.com.br\/portal\/?p=42172"]}]},{"@type":"ImageObject","inLanguage":"pt-BR","@id":"https:\/\/jornalbeirario.com.br\/portal\/?p=42172#primaryimage","url":"https:\/\/jornalbeirario.com.br\/portal\/wp-content\/uploads\/2016\/06\/pt-capa.jpg","contentUrl":"https:\/\/jornalbeirario.com.br\/portal\/wp-content\/uploads\/2016\/06\/pt-capa.jpg","width":930,"height":350},{"@type":"BreadcrumbList","@id":"https:\/\/jornalbeirario.com.br\/portal\/?p=42172#breadcrumb","itemListElement":[{"@type":"ListItem","position":1,"name":"Home","item":"https:\/\/jornalbeirario.com.br\/portal"},{"@type":"ListItem","position":2,"name":"PT de Resende pode sofrer interven\u00e7\u00e3o da Executiva estadual"}]},{"@type":"WebSite","@id":"https:\/\/jornalbeirario.com.br\/portal\/#website","url":"https:\/\/jornalbeirario.com.br\/portal\/","name":"JORNAL BEIRA RIO","description":"","publisher":{"@id":"https:\/\/jornalbeirario.com.br\/portal\/#organization"},"potentialAction":[{"@type":"SearchAction","target":{"@type":"EntryPoint","urlTemplate":"https:\/\/jornalbeirario.com.br\/portal\/?s={search_term_string}"},"query-input":{"@type":"PropertyValueSpecification","valueRequired":true,"valueName":"search_term_string"}}],"inLanguage":"pt-BR"},{"@type":"Organization","@id":"https:\/\/jornalbeirario.com.br\/portal\/#organization","name":"JORNAL BEIRA RIO","url":"https:\/\/jornalbeirario.com.br\/portal\/","logo":{"@type":"ImageObject","inLanguage":"pt-BR","@id":"https:\/\/jornalbeirario.com.br\/portal\/#\/schema\/logo\/image\/","url":"https:\/\/jornalbeirario.com.br\/portal\/wp-content\/uploads\/2017\/09\/BEIRA-RIO_logo600.png","contentUrl":"https:\/\/jornalbeirario.com.br\/portal\/wp-content\/uploads\/2017\/09\/BEIRA-RIO_logo600.png","width":650,"height":108,"caption":"JORNAL BEIRA RIO"},"image":{"@id":"https:\/\/jornalbeirario.com.br\/portal\/#\/schema\/logo\/image\/"}},{"@type":"Person","@id":"https:\/\/jornalbeirario.com.br\/portal\/#\/schema\/person\/c6c423e4c2465d2a9233f6539173e7c1","name":"Jornal BEIRA-RIO","image":{"@type":"ImageObject","inLanguage":"pt-BR","@id":"https:\/\/jornalbeirario.com.br\/portal\/wp-content\/uploads\/2023\/10\/logojbr1.jpg","url":"https:\/\/jornalbeirario.com.br\/portal\/wp-content\/uploads\/2023\/10\/logojbr1.jpg","contentUrl":"https:\/\/jornalbeirario.com.br\/portal\/wp-content\/uploads\/2023\/10\/logojbr1.jpg","caption":"Jornal BEIRA-RIO"},"url":"https:\/\/jornalbeirario.com.br\/portal\/?author=1"}]}},"_links":{"self":[{"href":"https:\/\/jornalbeirario.com.br\/portal\/index.php?rest_route=\/wp\/v2\/posts\/42172","targetHints":{"allow":["GET"]}}],"collection":[{"href":"https:\/\/jornalbeirario.com.br\/portal\/index.php?rest_route=\/wp\/v2\/posts"}],"about":[{"href":"https:\/\/jornalbeirario.com.br\/portal\/index.php?rest_route=\/wp\/v2\/types\/post"}],"author":[{"embeddable":true,"href":"https:\/\/jornalbeirario.com.br\/portal\/index.php?rest_route=\/wp\/v2\/users\/1"}],"replies":[{"embeddable":true,"href":"https:\/\/jornalbeirario.com.br\/portal\/index.php?rest_route=%2Fwp%2Fv2%2Fcomments&post=42172"}],"version-history":[{"count":2,"href":"https:\/\/jornalbeirario.com.br\/portal\/index.php?rest_route=\/wp\/v2\/posts\/42172\/revisions"}],"predecessor-version":[{"id":42175,"href":"https:\/\/jornalbeirario.com.br\/portal\/index.php?rest_route=\/wp\/v2\/posts\/42172\/revisions\/42175"}],"wp:featuredmedia":[{"embeddable":true,"href":"https:\/\/jornalbeirario.com.br\/portal\/index.php?rest_route=\/wp\/v2\/media\/42173"}],"wp:attachment":[{"href":"https:\/\/jornalbeirario.com.br\/portal\/index.php?rest_route=%2Fwp%2Fv2%2Fmedia&parent=42172"}],"wp:term":[{"taxonomy":"category","embeddable":true,"href":"https:\/\/jornalbeirario.com.br\/portal\/index.php?rest_route=%2Fwp%2Fv2%2Fcategories&post=42172"},{"taxonomy":"post_tag","embeddable":true,"href":"https:\/\/jornalbeirario.com.br\/portal\/index.php?rest_route=%2Fwp%2Fv2%2Ftags&post=42172"}],"curies":[{"name":"wp","href":"https:\/\/api.w.org\/{rel}","templated":true}]}}