
{"id":41877,"date":"2016-06-21T14:47:37","date_gmt":"2016-06-21T14:47:37","guid":{"rendered":"http:\/\/jornalbeirario.com.br\/portal\/portal\/?p=41877"},"modified":"2016-06-21T14:47:37","modified_gmt":"2016-06-21T14:47:37","slug":"novos-casos-de-microcefalia-estao-aumentando-no-sudeste-diz-ministerio-da-saude","status":"publish","type":"post","link":"https:\/\/jornalbeirario.com.br\/portal\/?p=41877","title":{"rendered":"Novos casos de microcefalia est\u00e3o aumentando no Sudeste, diz Minist\u00e9rio da Sa\u00fade"},"content":{"rendered":"<p style=\"text-align: justify;\">O diretor do Departamento de Vigil\u00e2ncia Epidemiol\u00f3gica do Minist\u00e9rio da Sa\u00fade, Eduardo Hage Carmo, disse nesta segunda-feira, dia\u00a020 que, nas \u00faltimas cinco semanas, h\u00e1 indicativo de que o Sudeste registrou mais novos casos de microcefalia em rela\u00e7\u00e3o ao Nordeste, regi\u00e3o que concentra o maior n\u00famero de casos no pa\u00eds desde o in\u00edcio da notifica\u00e7\u00e3o de microcefalia.<\/p>\n<p style=\"text-align: justify;\">Conforme dados dos minist\u00e9rio, foram registrados 172 novos casos de beb\u00eas com suspeita de microcefalia contra 171, no Nordeste, nas \u00faltimas cinco semanas.\u00a0No entando, no acumulado de casos, o Nordeste ainda concentra cerca de 75% dos beb\u00eas com o per\u00edmetro da cabe\u00e7a menor que o estabelecido para a notifica\u00e7\u00e3o de casos, que atualmente \u00e9 de 32 cent\u00edmetros. Mas o n\u00famero de crian\u00e7as que tem nascido com o indicativo de malforma\u00e7\u00e3o cerebral, de acordo com Eduardo Hage Carmo, vem aumentando mais no Sudeste do que em outras localidades do pa\u00eds.<\/p>\n<p style=\"text-align: justify;\">&#8211; Provavelmente, os casos est\u00e3o relacionados ao pico de ocorr\u00eancia de infec\u00e7\u00e3o por Zika, que na Regi\u00e3o Sudeste se d\u00e1 depois da Regi\u00e3o Nordeste. Enquanto na Regi\u00e3o Nordeste h\u00e1 um pico no primeiro semestre, at\u00e9 meados de junho\/julho, na regi\u00e3o Sudeste esse pico se d\u00e1 entre novembro, dezembro [de 2015], janeiro e fevereiro [de 2016]. H\u00e1 um per\u00edodo entre a ocorr\u00eancia da infec\u00e7\u00e3o por zika e a notifica\u00e7\u00e3o da microcefalia, que \u00e9 a gesta\u00e7\u00e3o &#8211; explica Carmo, que participou do\u00a0Semin\u00e1rio Estadual de Vigil\u00e2ncia e Resposta \u00e0s Arboviroses e suas Complica\u00e7\u00f5es, iniciado hoje, no Recife.\u00a0Segundo ele, a tend\u00eancia \u00e9 que haja uma curva ascendente dos casos de microcefalia no Sudeste.<\/p>\n<div class=\"know_more\">\n<p style=\"text-align: justify;\">O \u00faltimo boletim divulgado pelo Minist\u00e9rio da Sa\u00fade informa que, em 2016, foram 54.803 registros de Zika no Sudeste, contra 51.065 na Regi\u00e3o Nordeste.<\/p>\n<p style=\"text-align: justify;\">De acordo com o diretor, na Regi\u00e3o Nordeste tem havido desalecera\u00e7\u00e3o do registro de novos casos de microcefalia desde o fim do ano passado, enquanto no Sudeste, sobretudo em S\u00e3o Paulo e no Rio de Janeiro, o movimento \u00e9 contr\u00e1rio.<\/p>\n<p style=\"text-align: justify;\">Rio de Janeiro e S\u00e3o Paulo s\u00e3o os estados com maior crescimento de registros suspeitos de microcefalia. Nas \u00faltimas cinco semanas, a varia\u00e7\u00e3o foi de 46 (RJ) e 104 (SP) novos beb\u00eas notificados, enquanto no Esp\u00edrito Santo e em Minas Gerais o total foi de 11 registros cada. O caso de S\u00e3o Paulo \u2013 o estado mais populoso do Brasil \u2013 ultrapassa qualquer estado do Nordeste. A maior varia\u00e7\u00e3o \u00e9 de Pernambuco, com 52 novas suspeitas \u2013 metade do observado no estado paulista.<\/p>\n<p style=\"text-align: justify;\">Fonte: Ag\u00eancia Brasil<\/p>\n<\/div>\n","protected":false},"excerpt":{"rendered":"<p>O diretor do Departamento de Vigil\u00e2ncia Epidemiol\u00f3gica do Minist\u00e9rio da Sa\u00fade, Eduardo Hage Carmo, disse nesta segunda-feira, dia\u00a020 que, nas \u00faltimas cinco semanas, h\u00e1<\/p>\n","protected":false},"author":1,"featured_media":37478,"comment_status":"open","ping_status":"open","sticky":false,"template":"","format":"standard","meta":{"pmpro_default_level":"","footnotes":"","_members_access_role":[],"_members_access_error":""},"categories":[18],"tags":[155],"class_list":["post-41877","post","type-post","status-publish","format-standard","has-post-thumbnail","hentry","category-saude","tag-dehoraemhora","pmpro-has-access"],"yoast_head":"<!-- This site is optimized with the Yoast SEO plugin v28.4 - https:\/\/yoast.com\/product\/yoast-seo-wordpress\/ -->\n<title>Novos casos de microcefalia est\u00e3o aumentando no Sudeste, diz Minist\u00e9rio da Sa\u00fade - JORNAL BEIRA RIO<\/title>\n<meta name=\"robots\" content=\"index, follow, max-snippet:-1, max-image-preview:large, max-video-preview:-1\" \/>\n<link rel=\"canonical\" href=\"https:\/\/jornalbeirario.com.br\/portal\/?p=41877\" \/>\n<meta property=\"og:locale\" content=\"pt_BR\" \/>\n<meta property=\"og:type\" content=\"article\" \/>\n<meta property=\"og:title\" content=\"Novos casos de microcefalia est\u00e3o aumentando no Sudeste, diz Minist\u00e9rio da Sa\u00fade - JORNAL BEIRA RIO\" \/>\n<meta property=\"og:description\" content=\"O diretor do Departamento de Vigil\u00e2ncia Epidemiol\u00f3gica do Minist\u00e9rio da Sa\u00fade, Eduardo Hage Carmo, disse nesta segunda-feira, dia\u00a020 que, nas \u00faltimas cinco semanas, h\u00e1\" \/>\n<meta property=\"og:url\" content=\"https:\/\/jornalbeirario.com.br\/portal\/?p=41877\" \/>\n<meta property=\"og:site_name\" content=\"JORNAL BEIRA RIO\" \/>\n<meta property=\"article:published_time\" content=\"2016-06-21T14:47:37+00:00\" \/>\n<meta property=\"og:image\" content=\"https:\/\/jornalbeirario.com.br\/portal\/wp-content\/uploads\/2016\/02\/microcefalia2.jpg\" \/>\n\t<meta property=\"og:image:width\" content=\"640\" \/>\n\t<meta property=\"og:image:height\" content=\"480\" \/>\n\t<meta property=\"og:image:type\" content=\"image\/jpeg\" \/>\n<meta name=\"author\" content=\"Jornal BEIRA-RIO\" \/>\n<meta name=\"twitter:card\" content=\"summary_large_image\" \/>\n<meta name=\"twitter:label1\" content=\"Escrito por\" \/>\n\t<meta name=\"twitter:data1\" content=\"Jornal BEIRA-RIO\" \/>\n\t<meta name=\"twitter:label2\" content=\"Est. tempo de leitura\" \/>\n\t<meta name=\"twitter:data2\" content=\"2 minutos\" \/>\n<script type=\"application\/ld+json\" class=\"yoast-schema-graph\">{\"@context\":\"https:\\\/\\\/schema.org\",\"@graph\":[{\"@type\":\"Article\",\"@id\":\"https:\\\/\\\/jornalbeirario.com.br\\\/portal\\\/?p=41877#article\",\"isPartOf\":{\"@id\":\"https:\\\/\\\/jornalbeirario.com.br\\\/portal\\\/?p=41877\"},\"author\":{\"name\":\"Jornal BEIRA-RIO\",\"@id\":\"https:\\\/\\\/jornalbeirario.com.br\\\/portal\\\/#\\\/schema\\\/person\\\/c6c423e4c2465d2a9233f6539173e7c1\"},\"headline\":\"Novos casos de microcefalia est\u00e3o aumentando no Sudeste, diz Minist\u00e9rio da Sa\u00fade\",\"datePublished\":\"2016-06-21T14:47:37+00:00\",\"mainEntityOfPage\":{\"@id\":\"https:\\\/\\\/jornalbeirario.com.br\\\/portal\\\/?p=41877\"},\"wordCount\":454,\"commentCount\":0,\"publisher\":{\"@id\":\"https:\\\/\\\/jornalbeirario.com.br\\\/portal\\\/#organization\"},\"image\":{\"@id\":\"https:\\\/\\\/jornalbeirario.com.br\\\/portal\\\/?p=41877#primaryimage\"},\"thumbnailUrl\":\"https:\\\/\\\/jornalbeirario.com.br\\\/portal\\\/wp-content\\\/uploads\\\/2016\\\/02\\\/microcefalia2.jpg\",\"keywords\":[\"dehoraemhora\"],\"articleSection\":[\"Sa\u00fade\"],\"inLanguage\":\"pt-BR\",\"potentialAction\":[{\"@type\":\"CommentAction\",\"name\":\"Comment\",\"target\":[\"https:\\\/\\\/jornalbeirario.com.br\\\/portal\\\/?p=41877#respond\"]}]},{\"@type\":\"WebPage\",\"@id\":\"https:\\\/\\\/jornalbeirario.com.br\\\/portal\\\/?p=41877\",\"url\":\"https:\\\/\\\/jornalbeirario.com.br\\\/portal\\\/?p=41877\",\"name\":\"Novos casos de microcefalia est\u00e3o aumentando no Sudeste, diz Minist\u00e9rio da Sa\u00fade - JORNAL BEIRA RIO\",\"isPartOf\":{\"@id\":\"https:\\\/\\\/jornalbeirario.com.br\\\/portal\\\/#website\"},\"primaryImageOfPage\":{\"@id\":\"https:\\\/\\\/jornalbeirario.com.br\\\/portal\\\/?p=41877#primaryimage\"},\"image\":{\"@id\":\"https:\\\/\\\/jornalbeirario.com.br\\\/portal\\\/?p=41877#primaryimage\"},\"thumbnailUrl\":\"https:\\\/\\\/jornalbeirario.com.br\\\/portal\\\/wp-content\\\/uploads\\\/2016\\\/02\\\/microcefalia2.jpg\",\"datePublished\":\"2016-06-21T14:47:37+00:00\",\"breadcrumb\":{\"@id\":\"https:\\\/\\\/jornalbeirario.com.br\\\/portal\\\/?p=41877#breadcrumb\"},\"inLanguage\":\"pt-BR\",\"potentialAction\":[{\"@type\":\"ReadAction\",\"target\":[\"https:\\\/\\\/jornalbeirario.com.br\\\/portal\\\/?p=41877\"]}]},{\"@type\":\"ImageObject\",\"inLanguage\":\"pt-BR\",\"@id\":\"https:\\\/\\\/jornalbeirario.com.br\\\/portal\\\/?p=41877#primaryimage\",\"url\":\"https:\\\/\\\/jornalbeirario.com.br\\\/portal\\\/wp-content\\\/uploads\\\/2016\\\/02\\\/microcefalia2.jpg\",\"contentUrl\":\"https:\\\/\\\/jornalbeirario.com.br\\\/portal\\\/wp-content\\\/uploads\\\/2016\\\/02\\\/microcefalia2.jpg\",\"width\":640,\"height\":480},{\"@type\":\"BreadcrumbList\",\"@id\":\"https:\\\/\\\/jornalbeirario.com.br\\\/portal\\\/?p=41877#breadcrumb\",\"itemListElement\":[{\"@type\":\"ListItem\",\"position\":1,\"name\":\"Home\",\"item\":\"https:\\\/\\\/jornalbeirario.com.br\\\/portal\"},{\"@type\":\"ListItem\",\"position\":2,\"name\":\"Novos casos de microcefalia est\u00e3o aumentando no Sudeste, diz Minist\u00e9rio da Sa\u00fade\"}]},{\"@type\":\"WebSite\",\"@id\":\"https:\\\/\\\/jornalbeirario.com.br\\\/portal\\\/#website\",\"url\":\"https:\\\/\\\/jornalbeirario.com.br\\\/portal\\\/\",\"name\":\"JORNAL BEIRA RIO\",\"description\":\"\",\"publisher\":{\"@id\":\"https:\\\/\\\/jornalbeirario.com.br\\\/portal\\\/#organization\"},\"potentialAction\":[{\"@type\":\"SearchAction\",\"target\":{\"@type\":\"EntryPoint\",\"urlTemplate\":\"https:\\\/\\\/jornalbeirario.com.br\\\/portal\\\/?s={search_term_string}\"},\"query-input\":{\"@type\":\"PropertyValueSpecification\",\"valueRequired\":true,\"valueName\":\"search_term_string\"}}],\"inLanguage\":\"pt-BR\"},{\"@type\":\"Organization\",\"@id\":\"https:\\\/\\\/jornalbeirario.com.br\\\/portal\\\/#organization\",\"name\":\"JORNAL BEIRA RIO\",\"url\":\"https:\\\/\\\/jornalbeirario.com.br\\\/portal\\\/\",\"logo\":{\"@type\":\"ImageObject\",\"inLanguage\":\"pt-BR\",\"@id\":\"https:\\\/\\\/jornalbeirario.com.br\\\/portal\\\/#\\\/schema\\\/logo\\\/image\\\/\",\"url\":\"https:\\\/\\\/jornalbeirario.com.br\\\/portal\\\/wp-content\\\/uploads\\\/2017\\\/09\\\/BEIRA-RIO_logo600.png\",\"contentUrl\":\"https:\\\/\\\/jornalbeirario.com.br\\\/portal\\\/wp-content\\\/uploads\\\/2017\\\/09\\\/BEIRA-RIO_logo600.png\",\"width\":650,\"height\":108,\"caption\":\"JORNAL BEIRA RIO\"},\"image\":{\"@id\":\"https:\\\/\\\/jornalbeirario.com.br\\\/portal\\\/#\\\/schema\\\/logo\\\/image\\\/\"}},{\"@type\":\"Person\",\"@id\":\"https:\\\/\\\/jornalbeirario.com.br\\\/portal\\\/#\\\/schema\\\/person\\\/c6c423e4c2465d2a9233f6539173e7c1\",\"name\":\"Jornal BEIRA-RIO\",\"image\":{\"@type\":\"ImageObject\",\"inLanguage\":\"pt-BR\",\"@id\":\"https:\\\/\\\/jornalbeirario.com.br\\\/portal\\\/wp-content\\\/uploads\\\/2023\\\/10\\\/logojbr1.jpg\",\"url\":\"https:\\\/\\\/jornalbeirario.com.br\\\/portal\\\/wp-content\\\/uploads\\\/2023\\\/10\\\/logojbr1.jpg\",\"contentUrl\":\"https:\\\/\\\/jornalbeirario.com.br\\\/portal\\\/wp-content\\\/uploads\\\/2023\\\/10\\\/logojbr1.jpg\",\"caption\":\"Jornal BEIRA-RIO\"},\"url\":\"https:\\\/\\\/jornalbeirario.com.br\\\/portal\\\/?author=1\"}]}<\/script>\n<!-- \/ Yoast SEO plugin. -->","yoast_head_json":{"title":"Novos casos de microcefalia est\u00e3o aumentando no Sudeste, diz Minist\u00e9rio da Sa\u00fade - JORNAL BEIRA RIO","robots":{"index":"index","follow":"follow","max-snippet":"max-snippet:-1","max-image-preview":"max-image-preview:large","max-video-preview":"max-video-preview:-1"},"canonical":"https:\/\/jornalbeirario.com.br\/portal\/?p=41877","og_locale":"pt_BR","og_type":"article","og_title":"Novos casos de microcefalia est\u00e3o aumentando no Sudeste, diz Minist\u00e9rio da Sa\u00fade - JORNAL BEIRA RIO","og_description":"O diretor do Departamento de Vigil\u00e2ncia Epidemiol\u00f3gica do Minist\u00e9rio da Sa\u00fade, Eduardo Hage Carmo, disse nesta segunda-feira, dia\u00a020 que, nas \u00faltimas cinco semanas, h\u00e1","og_url":"https:\/\/jornalbeirario.com.br\/portal\/?p=41877","og_site_name":"JORNAL BEIRA RIO","article_published_time":"2016-06-21T14:47:37+00:00","og_image":[{"width":640,"height":480,"url":"https:\/\/jornalbeirario.com.br\/portal\/wp-content\/uploads\/2016\/02\/microcefalia2.jpg","type":"image\/jpeg"}],"author":"Jornal BEIRA-RIO","twitter_card":"summary_large_image","twitter_misc":{"Escrito por":"Jornal BEIRA-RIO","Est. tempo de leitura":"2 minutos"},"schema":{"@context":"https:\/\/schema.org","@graph":[{"@type":"Article","@id":"https:\/\/jornalbeirario.com.br\/portal\/?p=41877#article","isPartOf":{"@id":"https:\/\/jornalbeirario.com.br\/portal\/?p=41877"},"author":{"name":"Jornal BEIRA-RIO","@id":"https:\/\/jornalbeirario.com.br\/portal\/#\/schema\/person\/c6c423e4c2465d2a9233f6539173e7c1"},"headline":"Novos casos de microcefalia est\u00e3o aumentando no Sudeste, diz Minist\u00e9rio da Sa\u00fade","datePublished":"2016-06-21T14:47:37+00:00","mainEntityOfPage":{"@id":"https:\/\/jornalbeirario.com.br\/portal\/?p=41877"},"wordCount":454,"commentCount":0,"publisher":{"@id":"https:\/\/jornalbeirario.com.br\/portal\/#organization"},"image":{"@id":"https:\/\/jornalbeirario.com.br\/portal\/?p=41877#primaryimage"},"thumbnailUrl":"https:\/\/jornalbeirario.com.br\/portal\/wp-content\/uploads\/2016\/02\/microcefalia2.jpg","keywords":["dehoraemhora"],"articleSection":["Sa\u00fade"],"inLanguage":"pt-BR","potentialAction":[{"@type":"CommentAction","name":"Comment","target":["https:\/\/jornalbeirario.com.br\/portal\/?p=41877#respond"]}]},{"@type":"WebPage","@id":"https:\/\/jornalbeirario.com.br\/portal\/?p=41877","url":"https:\/\/jornalbeirario.com.br\/portal\/?p=41877","name":"Novos casos de microcefalia est\u00e3o aumentando no Sudeste, diz Minist\u00e9rio da Sa\u00fade - JORNAL BEIRA RIO","isPartOf":{"@id":"https:\/\/jornalbeirario.com.br\/portal\/#website"},"primaryImageOfPage":{"@id":"https:\/\/jornalbeirario.com.br\/portal\/?p=41877#primaryimage"},"image":{"@id":"https:\/\/jornalbeirario.com.br\/portal\/?p=41877#primaryimage"},"thumbnailUrl":"https:\/\/jornalbeirario.com.br\/portal\/wp-content\/uploads\/2016\/02\/microcefalia2.jpg","datePublished":"2016-06-21T14:47:37+00:00","breadcrumb":{"@id":"https:\/\/jornalbeirario.com.br\/portal\/?p=41877#breadcrumb"},"inLanguage":"pt-BR","potentialAction":[{"@type":"ReadAction","target":["https:\/\/jornalbeirario.com.br\/portal\/?p=41877"]}]},{"@type":"ImageObject","inLanguage":"pt-BR","@id":"https:\/\/jornalbeirario.com.br\/portal\/?p=41877#primaryimage","url":"https:\/\/jornalbeirario.com.br\/portal\/wp-content\/uploads\/2016\/02\/microcefalia2.jpg","contentUrl":"https:\/\/jornalbeirario.com.br\/portal\/wp-content\/uploads\/2016\/02\/microcefalia2.jpg","width":640,"height":480},{"@type":"BreadcrumbList","@id":"https:\/\/jornalbeirario.com.br\/portal\/?p=41877#breadcrumb","itemListElement":[{"@type":"ListItem","position":1,"name":"Home","item":"https:\/\/jornalbeirario.com.br\/portal"},{"@type":"ListItem","position":2,"name":"Novos casos de microcefalia est\u00e3o aumentando no Sudeste, diz Minist\u00e9rio da Sa\u00fade"}]},{"@type":"WebSite","@id":"https:\/\/jornalbeirario.com.br\/portal\/#website","url":"https:\/\/jornalbeirario.com.br\/portal\/","name":"JORNAL BEIRA RIO","description":"","publisher":{"@id":"https:\/\/jornalbeirario.com.br\/portal\/#organization"},"potentialAction":[{"@type":"SearchAction","target":{"@type":"EntryPoint","urlTemplate":"https:\/\/jornalbeirario.com.br\/portal\/?s={search_term_string}"},"query-input":{"@type":"PropertyValueSpecification","valueRequired":true,"valueName":"search_term_string"}}],"inLanguage":"pt-BR"},{"@type":"Organization","@id":"https:\/\/jornalbeirario.com.br\/portal\/#organization","name":"JORNAL BEIRA RIO","url":"https:\/\/jornalbeirario.com.br\/portal\/","logo":{"@type":"ImageObject","inLanguage":"pt-BR","@id":"https:\/\/jornalbeirario.com.br\/portal\/#\/schema\/logo\/image\/","url":"https:\/\/jornalbeirario.com.br\/portal\/wp-content\/uploads\/2017\/09\/BEIRA-RIO_logo600.png","contentUrl":"https:\/\/jornalbeirario.com.br\/portal\/wp-content\/uploads\/2017\/09\/BEIRA-RIO_logo600.png","width":650,"height":108,"caption":"JORNAL BEIRA RIO"},"image":{"@id":"https:\/\/jornalbeirario.com.br\/portal\/#\/schema\/logo\/image\/"}},{"@type":"Person","@id":"https:\/\/jornalbeirario.com.br\/portal\/#\/schema\/person\/c6c423e4c2465d2a9233f6539173e7c1","name":"Jornal BEIRA-RIO","image":{"@type":"ImageObject","inLanguage":"pt-BR","@id":"https:\/\/jornalbeirario.com.br\/portal\/wp-content\/uploads\/2023\/10\/logojbr1.jpg","url":"https:\/\/jornalbeirario.com.br\/portal\/wp-content\/uploads\/2023\/10\/logojbr1.jpg","contentUrl":"https:\/\/jornalbeirario.com.br\/portal\/wp-content\/uploads\/2023\/10\/logojbr1.jpg","caption":"Jornal BEIRA-RIO"},"url":"https:\/\/jornalbeirario.com.br\/portal\/?author=1"}]}},"_links":{"self":[{"href":"https:\/\/jornalbeirario.com.br\/portal\/index.php?rest_route=\/wp\/v2\/posts\/41877","targetHints":{"allow":["GET"]}}],"collection":[{"href":"https:\/\/jornalbeirario.com.br\/portal\/index.php?rest_route=\/wp\/v2\/posts"}],"about":[{"href":"https:\/\/jornalbeirario.com.br\/portal\/index.php?rest_route=\/wp\/v2\/types\/post"}],"author":[{"embeddable":true,"href":"https:\/\/jornalbeirario.com.br\/portal\/index.php?rest_route=\/wp\/v2\/users\/1"}],"replies":[{"embeddable":true,"href":"https:\/\/jornalbeirario.com.br\/portal\/index.php?rest_route=%2Fwp%2Fv2%2Fcomments&post=41877"}],"version-history":[{"count":1,"href":"https:\/\/jornalbeirario.com.br\/portal\/index.php?rest_route=\/wp\/v2\/posts\/41877\/revisions"}],"predecessor-version":[{"id":41878,"href":"https:\/\/jornalbeirario.com.br\/portal\/index.php?rest_route=\/wp\/v2\/posts\/41877\/revisions\/41878"}],"wp:featuredmedia":[{"embeddable":true,"href":"https:\/\/jornalbeirario.com.br\/portal\/index.php?rest_route=\/wp\/v2\/media\/37478"}],"wp:attachment":[{"href":"https:\/\/jornalbeirario.com.br\/portal\/index.php?rest_route=%2Fwp%2Fv2%2Fmedia&parent=41877"}],"wp:term":[{"taxonomy":"category","embeddable":true,"href":"https:\/\/jornalbeirario.com.br\/portal\/index.php?rest_route=%2Fwp%2Fv2%2Fcategories&post=41877"},{"taxonomy":"post_tag","embeddable":true,"href":"https:\/\/jornalbeirario.com.br\/portal\/index.php?rest_route=%2Fwp%2Fv2%2Ftags&post=41877"}],"curies":[{"name":"wp","href":"https:\/\/api.w.org\/{rel}","templated":true}]}}