
{"id":41759,"date":"2016-06-16T19:45:37","date_gmt":"2016-06-16T19:45:37","guid":{"rendered":"http:\/\/jornalbeirario.com.br\/portal\/portal\/?p=41759"},"modified":"2016-06-16T19:45:37","modified_gmt":"2016-06-16T19:45:37","slug":"rio-moda-rio-tem-gastronomia-palestras-e-shows","status":"publish","type":"post","link":"https:\/\/jornalbeirario.com.br\/portal\/?p=41759","title":{"rendered":"Rio Moda Rio tem gastronomia, palestras e shows"},"content":{"rendered":"<figure id=\"attachment_41763\" aria-describedby=\"caption-attachment-41763\" style=\"width: 300px\" class=\"wp-caption alignright\"><a href=\"https:\/\/jornalbeirario.com.br\/portal\/wp-content\/uploads\/2016\/06\/riomodario1.jpg\" rel=\"attachment wp-att-41763\"><img loading=\"lazy\" decoding=\"async\" class=\"size-medium wp-image-41763\" src=\"https:\/\/jornalbeirario.com.br\/portal\/wp-content\/uploads\/2016\/06\/riomodario1-300x225.jpg\" alt=\"O cantor perform\u00e1tico Johnny Hooker encerrou primeiro dia do evento\" width=\"300\" height=\"225\" srcset=\"https:\/\/jornalbeirario.com.br\/portal\/wp-content\/uploads\/2016\/06\/riomodario1-300x225.jpg 300w, https:\/\/jornalbeirario.com.br\/portal\/wp-content\/uploads\/2016\/06\/riomodario1.jpg 640w\" sizes=\"auto, (max-width: 300px) 100vw, 300px\" \/><\/a><figcaption id=\"caption-attachment-41763\" class=\"wp-caption-text\">O cantor e compositor Johnny Hooker encerrou primeiro dia do evento com show perform\u00e1tico<\/figcaption><\/figure>\n<p style=\"text-align: justify;\">O Rio Moda Rio come\u00e7ou nesta quarta-feira, dia 15, com diversas a\u00e7\u00f5es no P\u00eder Mau\u00e1, mas n\u00e3o \u00e9 apenas o p\u00fablico que visita o evento que pode acompanhar de perto tudo o que rola nessa atmosfera Fashion, que mistura apresenta\u00e7\u00f5es (desfiles), palestras, gastronomia de qualidade, shows e exposi\u00e7\u00f5es. O p\u00fablico que passar pela Pra\u00e7a Mau\u00e1 pode assistir em um tel\u00e3o instalado no centro da pra\u00e7a, ao vivo, aos desfiles, palestras e shows.<\/p>\n<p style=\"text-align: justify;\">O objetivo \u00e9 democratizar o espa\u00e7o. Por isso, desse amplo conte\u00fado o p\u00fablico que estiver do lado de fora do evento poder\u00e1 decidir o que assistir acessando a programa\u00e7\u00e3o no <a href=\"http:\/\/www.riomodario.com.br\">site<\/a> e chegando \u00e0 Pra\u00e7a Mau\u00e1 no hor\u00e1rio previsto. O modelo \u00e9 simples, ao estilo \u201cchegar, ficar \u00e0 vontade e acompanhar\u201d.<\/p>\n<p style=\"text-align: justify;\">\u201cQueremos democratizar a moda. O p\u00fablico precisa acompanhar de perto, pois tudo o que estamos fazendo \u00e9 para ele. \u00c9 para que ele tenha acesso a um conte\u00fado in\u00e9dito tamb\u00e9m em primeira m\u00e3o. No Rio Moda Rio todos ter\u00e3o esse direito. Se quiser entrar, temos a venda de ingressos, mas para quem estiver passando, o tel\u00e3o funcionar\u00e1 como um trampolim para o evento e dar\u00e1 acesso ao que de melhor teremos l\u00e1 dentro. Essa \u00e9 a verdadeira democratiza\u00e7\u00e3o da cultura\u201d, diz Carlos Tufvesson, curador do Rio Moda Rio.<\/p>\n<p style=\"text-align: justify;\">Os desfiles come\u00e7am diariamente \u00e0s 16h e seguem at\u00e9 \u00e0s 21h, sendo quatro apresenta\u00e7\u00f5es por dia. No total, 14 marcas estar\u00e3o nas salas do evento. Al\u00e9m disso, as palestras trar\u00e3o temas pertinentes ao segmento. No dia 16, \u00e0s 19h, ser\u00e1 a vez de saber mais sobre a Economia Criativa na Ind\u00fastria de Moda com Gabriel Bichara. Para encerrar o ciclo de palestras, dia 17 de junho, \u00e0s 19h Ariane Alves e Milena Cariello falar\u00e3o sobre o Cen\u00e1rio Moda Praia. E para encerrar a noite celebrando, um show por dia acontecer\u00e1 ap\u00f3s o \u00faltimo desfile. No dia 16, tem a apresenta\u00e7\u00e3o do rapper Dughettu, um dos artistas mais atuantes do hip hop, e no dia 17, a cantora e compositora Ti\u00ea embala a noite com sua voz doce e tom suave.<\/p>\n<p style=\"text-align: justify;\">Abaixo a programa\u00e7\u00e3o completa do evento:<\/p>\n<p style=\"text-align: justify;\">16 DE JUNHO (quinta-feira)<\/p>\n<p style=\"text-align: justify;\">16h30<br \/>\nTalkshow \/ CASA DO SABER<br \/>\nHor\u00e1rio: Das 16h30 \u00e0s 17h<br \/>\nTema: A nova gera\u00e7\u00e3o da moda: criadores, modelos, blogueiras e influencers que est\u00e3o provocando uma verdadeira revolu\u00e7\u00e3o no comportamento e no consumo.<br \/>\nMedia\u00e7\u00e3o: Paula Acioli.<br \/>\nConvidados: a jornalista e infuencer Melissa Jannuzzi, Hugo Galindo, da marca Zerezes, e Thomaz Azulay e Patrick Doering, da marca The Paradise.<\/p>\n<p style=\"text-align: justify;\">17h<br \/>\nApresenta\u00e7\u00e3o Mara Mac<\/p>\n<p style=\"text-align: justify;\">17h<br \/>\nTalk \/ NATURA<br \/>\nHor\u00e1rio: Das 17h30<br \/>\nPocket Make com Marcos Costa<br \/>\nHor\u00e1rio: Das 19h30<br \/>\nTema: Todas as Beleza, Todos os G\u00eaneros.<br \/>\nBate-papo com DJ Z\u00e9 Pedro, Clara Averbuck e Carlos Tufvesson<\/p>\n<p style=\"text-align: justify;\">18h<br \/>\nApresenta\u00e7\u00e3o Isabela Capeto<\/p>\n<p style=\"text-align: justify;\">19h<br \/>\nTalkshow \/ FIRJAN<br \/>\nHor\u00e1rio: Das 19h \u00e0s 19h30<br \/>\nTema: Economia Criativa e a Ind\u00fastria da Moda<\/p>\n<p style=\"text-align: justify;\">19h30<br \/>\nApresenta\u00e7\u00e3o Andrea Marques<\/p>\n<p style=\"text-align: justify;\">20h30<br \/>\nTalkshow \/ ELLE<br \/>\nHor\u00e1rio: Das 20h30 \u00e0s 21h<br \/>\nTema: A influ\u00eancia do streetwear e o sportswear no mercado de luxo. Como a cultura de rua tem ganhado cada vez mais status de luxo e influenciado as cria\u00e7\u00f5es das grandes maisons.<\/p>\n<p style=\"text-align: justify;\">21h<br \/>\nApresenta\u00e7\u00e3o Alessa<\/p>\n<p style=\"text-align: justify;\">21h45<br \/>\nShow \u2013 DUGHETTU<\/p>\n<p style=\"text-align: justify;\">17 DE JUNHO (sexta-feira)<\/p>\n<p style=\"text-align: justify;\">14h<br \/>\nApresenta\u00e7\u00e3o Ivan Aguilar \u2013 Externo \u2013 Pal\u00e1cio Tiradentes<\/p>\n<p style=\"text-align: justify;\">16h<br \/>\nAbertura Rio Moda Rio \/ Pier Mau\u00e1<\/p>\n<p style=\"text-align: justify;\">16h<br \/>\nApresenta\u00e7\u00e3o Osklen \u2013 Externo \u2013 Museu do Amanh\u00e3<\/p>\n<p style=\"text-align: justify;\">16h30<br \/>\nTalkshow \/ ELLE<br \/>\nTema: A for\u00e7a do styling na constru\u00e7\u00e3o da imagem<\/p>\n<p style=\"text-align: justify;\">17h<br \/>\nTalkshow \/ NATURA<br \/>\nPocket Make com Marcos Costa<\/p>\n<p style=\"text-align: justify;\">18h<br \/>\nApresenta\u00e7\u00e3o BlueMan<\/p>\n<p style=\"text-align: justify;\">19h<br \/>\nTalkshow \/ FIRJAN<br \/>\nHor\u00e1rio: Das 19 \u00e0s 19h30<br \/>\nTema: Moda Praia \u2013 Selo Estrat\u00e9gico para o Rio de Janeiro<\/p>\n<p style=\"text-align: justify;\">19h30<br \/>\nTalkshow \/ NATURA<br \/>\nTema: A \u00fanica verdade da beleza \u00e9 a mudan\u00e7a!<br \/>\nBate-papo com Maira Freitas, Renata Izaal (Caderno Ela|Globo) e Marcos Costa<\/p>\n<p style=\"text-align: justify;\">20h<br \/>\nApresenta\u00e7\u00e3o Lenny Niemeyer<\/p>\n<p style=\"text-align: justify;\">20h30<br \/>\nTalkshow 3 \/ BAZAAR<br \/>\nHor\u00e1rio: Das 20h30 \u00e0s 21h<br \/>\nTema: Desfile ainda \u00e9 o melhor formato de apresenta\u00e7\u00e3o de cole\u00e7\u00e3o?<\/p>\n<p style=\"text-align: justify;\">21h<br \/>\nApresenta\u00e7\u00e3o The Paradise<\/p>\n<p style=\"text-align: justify;\">21h45<br \/>\nShow \u2013 TI\u00ca<\/p>\n<p style=\"text-align: justify;\"><em>Fonte e foto: Divulga\u00e7\u00e3o<\/em><\/p>\n","protected":false},"excerpt":{"rendered":"<p>O Rio Moda Rio come\u00e7ou nesta quarta-feira, dia 15, com diversas a\u00e7\u00f5es no P\u00eder Mau\u00e1, mas n\u00e3o \u00e9 apenas o p\u00fablico que visita o<\/p>\n","protected":false},"author":1,"featured_media":41763,"comment_status":"open","ping_status":"open","sticky":false,"template":"","format":"standard","meta":{"pmpro_default_level":"","footnotes":""},"categories":[184,35],"tags":[155],"class_list":["post-41759","post","type-post","status-publish","format-standard","has-post-thumbnail","hentry","category-moda","category-nacional","tag-dehoraemhora","pmpro-has-access"],"yoast_head":"<!-- This site is optimized with the Yoast SEO plugin v27.4 - https:\/\/yoast.com\/product\/yoast-seo-wordpress\/ -->\n<title>Rio Moda Rio tem gastronomia, palestras e shows - JORNAL BEIRA RIO<\/title>\n<meta name=\"robots\" content=\"index, follow, max-snippet:-1, max-image-preview:large, max-video-preview:-1\" \/>\n<link rel=\"canonical\" href=\"https:\/\/jornalbeirario.com.br\/portal\/?p=41759\" \/>\n<meta property=\"og:locale\" content=\"pt_BR\" \/>\n<meta property=\"og:type\" content=\"article\" \/>\n<meta property=\"og:title\" content=\"Rio Moda Rio tem gastronomia, palestras e shows - JORNAL BEIRA RIO\" \/>\n<meta property=\"og:description\" content=\"O Rio Moda Rio come\u00e7ou nesta quarta-feira, dia 15, com diversas a\u00e7\u00f5es no P\u00eder Mau\u00e1, mas n\u00e3o \u00e9 apenas o p\u00fablico que visita o\" \/>\n<meta property=\"og:url\" content=\"https:\/\/jornalbeirario.com.br\/portal\/?p=41759\" \/>\n<meta property=\"og:site_name\" content=\"JORNAL BEIRA RIO\" \/>\n<meta property=\"article:published_time\" content=\"2016-06-16T19:45:37+00:00\" \/>\n<meta property=\"og:image\" content=\"https:\/\/jornalbeirario.com.br\/portal\/wp-content\/uploads\/2016\/06\/riomodario1.jpg\" \/>\n\t<meta property=\"og:image:width\" content=\"640\" \/>\n\t<meta property=\"og:image:height\" content=\"480\" \/>\n\t<meta property=\"og:image:type\" content=\"image\/jpeg\" \/>\n<meta name=\"author\" content=\"Jornal BEIRA-RIO\" \/>\n<meta name=\"twitter:card\" content=\"summary_large_image\" \/>\n<meta name=\"twitter:label1\" content=\"Escrito por\" \/>\n\t<meta name=\"twitter:data1\" content=\"Jornal BEIRA-RIO\" \/>\n\t<meta name=\"twitter:label2\" content=\"Est. tempo de leitura\" \/>\n\t<meta name=\"twitter:data2\" content=\"4 minutos\" \/>\n<script type=\"application\/ld+json\" class=\"yoast-schema-graph\">{\"@context\":\"https:\\\/\\\/schema.org\",\"@graph\":[{\"@type\":\"Article\",\"@id\":\"https:\\\/\\\/jornalbeirario.com.br\\\/portal\\\/?p=41759#article\",\"isPartOf\":{\"@id\":\"https:\\\/\\\/jornalbeirario.com.br\\\/portal\\\/?p=41759\"},\"author\":{\"name\":\"Jornal BEIRA-RIO\",\"@id\":\"https:\\\/\\\/jornalbeirario.com.br\\\/portal\\\/#\\\/schema\\\/person\\\/c6c423e4c2465d2a9233f6539173e7c1\"},\"headline\":\"Rio Moda Rio tem gastronomia, palestras e shows\",\"datePublished\":\"2016-06-16T19:45:37+00:00\",\"mainEntityOfPage\":{\"@id\":\"https:\\\/\\\/jornalbeirario.com.br\\\/portal\\\/?p=41759\"},\"wordCount\":716,\"commentCount\":0,\"publisher\":{\"@id\":\"https:\\\/\\\/jornalbeirario.com.br\\\/portal\\\/#organization\"},\"image\":{\"@id\":\"https:\\\/\\\/jornalbeirario.com.br\\\/portal\\\/?p=41759#primaryimage\"},\"thumbnailUrl\":\"https:\\\/\\\/jornalbeirario.com.br\\\/portal\\\/wp-content\\\/uploads\\\/2016\\\/06\\\/riomodario1.jpg\",\"keywords\":[\"dehoraemhora\"],\"articleSection\":[\"Moda\",\"Nacional\"],\"inLanguage\":\"pt-BR\",\"potentialAction\":[{\"@type\":\"CommentAction\",\"name\":\"Comment\",\"target\":[\"https:\\\/\\\/jornalbeirario.com.br\\\/portal\\\/?p=41759#respond\"]}]},{\"@type\":\"WebPage\",\"@id\":\"https:\\\/\\\/jornalbeirario.com.br\\\/portal\\\/?p=41759\",\"url\":\"https:\\\/\\\/jornalbeirario.com.br\\\/portal\\\/?p=41759\",\"name\":\"Rio Moda Rio tem gastronomia, palestras e shows - JORNAL BEIRA RIO\",\"isPartOf\":{\"@id\":\"https:\\\/\\\/jornalbeirario.com.br\\\/portal\\\/#website\"},\"primaryImageOfPage\":{\"@id\":\"https:\\\/\\\/jornalbeirario.com.br\\\/portal\\\/?p=41759#primaryimage\"},\"image\":{\"@id\":\"https:\\\/\\\/jornalbeirario.com.br\\\/portal\\\/?p=41759#primaryimage\"},\"thumbnailUrl\":\"https:\\\/\\\/jornalbeirario.com.br\\\/portal\\\/wp-content\\\/uploads\\\/2016\\\/06\\\/riomodario1.jpg\",\"datePublished\":\"2016-06-16T19:45:37+00:00\",\"breadcrumb\":{\"@id\":\"https:\\\/\\\/jornalbeirario.com.br\\\/portal\\\/?p=41759#breadcrumb\"},\"inLanguage\":\"pt-BR\",\"potentialAction\":[{\"@type\":\"ReadAction\",\"target\":[\"https:\\\/\\\/jornalbeirario.com.br\\\/portal\\\/?p=41759\"]}]},{\"@type\":\"ImageObject\",\"inLanguage\":\"pt-BR\",\"@id\":\"https:\\\/\\\/jornalbeirario.com.br\\\/portal\\\/?p=41759#primaryimage\",\"url\":\"https:\\\/\\\/jornalbeirario.com.br\\\/portal\\\/wp-content\\\/uploads\\\/2016\\\/06\\\/riomodario1.jpg\",\"contentUrl\":\"https:\\\/\\\/jornalbeirario.com.br\\\/portal\\\/wp-content\\\/uploads\\\/2016\\\/06\\\/riomodario1.jpg\",\"width\":640,\"height\":480,\"caption\":\"O cantor perform\u00e1tico Johnny Hooker encerrou primeiro dia do evento\"},{\"@type\":\"BreadcrumbList\",\"@id\":\"https:\\\/\\\/jornalbeirario.com.br\\\/portal\\\/?p=41759#breadcrumb\",\"itemListElement\":[{\"@type\":\"ListItem\",\"position\":1,\"name\":\"Home\",\"item\":\"https:\\\/\\\/jornalbeirario.com.br\\\/portal\"},{\"@type\":\"ListItem\",\"position\":2,\"name\":\"Rio Moda Rio tem gastronomia, palestras e shows\"}]},{\"@type\":\"WebSite\",\"@id\":\"https:\\\/\\\/jornalbeirario.com.br\\\/portal\\\/#website\",\"url\":\"https:\\\/\\\/jornalbeirario.com.br\\\/portal\\\/\",\"name\":\"JORNAL BEIRA RIO\",\"description\":\"\",\"publisher\":{\"@id\":\"https:\\\/\\\/jornalbeirario.com.br\\\/portal\\\/#organization\"},\"potentialAction\":[{\"@type\":\"SearchAction\",\"target\":{\"@type\":\"EntryPoint\",\"urlTemplate\":\"https:\\\/\\\/jornalbeirario.com.br\\\/portal\\\/?s={search_term_string}\"},\"query-input\":{\"@type\":\"PropertyValueSpecification\",\"valueRequired\":true,\"valueName\":\"search_term_string\"}}],\"inLanguage\":\"pt-BR\"},{\"@type\":\"Organization\",\"@id\":\"https:\\\/\\\/jornalbeirario.com.br\\\/portal\\\/#organization\",\"name\":\"JORNAL BEIRA RIO\",\"url\":\"https:\\\/\\\/jornalbeirario.com.br\\\/portal\\\/\",\"logo\":{\"@type\":\"ImageObject\",\"inLanguage\":\"pt-BR\",\"@id\":\"https:\\\/\\\/jornalbeirario.com.br\\\/portal\\\/#\\\/schema\\\/logo\\\/image\\\/\",\"url\":\"https:\\\/\\\/jornalbeirario.com.br\\\/portal\\\/wp-content\\\/uploads\\\/2017\\\/09\\\/BEIRA-RIO_logo600.png\",\"contentUrl\":\"https:\\\/\\\/jornalbeirario.com.br\\\/portal\\\/wp-content\\\/uploads\\\/2017\\\/09\\\/BEIRA-RIO_logo600.png\",\"width\":650,\"height\":108,\"caption\":\"JORNAL BEIRA RIO\"},\"image\":{\"@id\":\"https:\\\/\\\/jornalbeirario.com.br\\\/portal\\\/#\\\/schema\\\/logo\\\/image\\\/\"}},{\"@type\":\"Person\",\"@id\":\"https:\\\/\\\/jornalbeirario.com.br\\\/portal\\\/#\\\/schema\\\/person\\\/c6c423e4c2465d2a9233f6539173e7c1\",\"name\":\"Jornal BEIRA-RIO\",\"image\":{\"@type\":\"ImageObject\",\"inLanguage\":\"pt-BR\",\"@id\":\"https:\\\/\\\/jornalbeirario.com.br\\\/portal\\\/wp-content\\\/uploads\\\/2023\\\/10\\\/logojbr1.jpg\",\"url\":\"https:\\\/\\\/jornalbeirario.com.br\\\/portal\\\/wp-content\\\/uploads\\\/2023\\\/10\\\/logojbr1.jpg\",\"contentUrl\":\"https:\\\/\\\/jornalbeirario.com.br\\\/portal\\\/wp-content\\\/uploads\\\/2023\\\/10\\\/logojbr1.jpg\",\"caption\":\"Jornal BEIRA-RIO\"},\"url\":\"https:\\\/\\\/jornalbeirario.com.br\\\/portal\\\/?author=1\"}]}<\/script>\n<!-- \/ Yoast SEO plugin. -->","yoast_head_json":{"title":"Rio Moda Rio tem gastronomia, palestras e shows - JORNAL BEIRA RIO","robots":{"index":"index","follow":"follow","max-snippet":"max-snippet:-1","max-image-preview":"max-image-preview:large","max-video-preview":"max-video-preview:-1"},"canonical":"https:\/\/jornalbeirario.com.br\/portal\/?p=41759","og_locale":"pt_BR","og_type":"article","og_title":"Rio Moda Rio tem gastronomia, palestras e shows - JORNAL BEIRA RIO","og_description":"O Rio Moda Rio come\u00e7ou nesta quarta-feira, dia 15, com diversas a\u00e7\u00f5es no P\u00eder Mau\u00e1, mas n\u00e3o \u00e9 apenas o p\u00fablico que visita o","og_url":"https:\/\/jornalbeirario.com.br\/portal\/?p=41759","og_site_name":"JORNAL BEIRA RIO","article_published_time":"2016-06-16T19:45:37+00:00","og_image":[{"width":640,"height":480,"url":"https:\/\/jornalbeirario.com.br\/portal\/wp-content\/uploads\/2016\/06\/riomodario1.jpg","type":"image\/jpeg"}],"author":"Jornal BEIRA-RIO","twitter_card":"summary_large_image","twitter_misc":{"Escrito por":"Jornal BEIRA-RIO","Est. tempo de leitura":"4 minutos"},"schema":{"@context":"https:\/\/schema.org","@graph":[{"@type":"Article","@id":"https:\/\/jornalbeirario.com.br\/portal\/?p=41759#article","isPartOf":{"@id":"https:\/\/jornalbeirario.com.br\/portal\/?p=41759"},"author":{"name":"Jornal BEIRA-RIO","@id":"https:\/\/jornalbeirario.com.br\/portal\/#\/schema\/person\/c6c423e4c2465d2a9233f6539173e7c1"},"headline":"Rio Moda Rio tem gastronomia, palestras e shows","datePublished":"2016-06-16T19:45:37+00:00","mainEntityOfPage":{"@id":"https:\/\/jornalbeirario.com.br\/portal\/?p=41759"},"wordCount":716,"commentCount":0,"publisher":{"@id":"https:\/\/jornalbeirario.com.br\/portal\/#organization"},"image":{"@id":"https:\/\/jornalbeirario.com.br\/portal\/?p=41759#primaryimage"},"thumbnailUrl":"https:\/\/jornalbeirario.com.br\/portal\/wp-content\/uploads\/2016\/06\/riomodario1.jpg","keywords":["dehoraemhora"],"articleSection":["Moda","Nacional"],"inLanguage":"pt-BR","potentialAction":[{"@type":"CommentAction","name":"Comment","target":["https:\/\/jornalbeirario.com.br\/portal\/?p=41759#respond"]}]},{"@type":"WebPage","@id":"https:\/\/jornalbeirario.com.br\/portal\/?p=41759","url":"https:\/\/jornalbeirario.com.br\/portal\/?p=41759","name":"Rio Moda Rio tem gastronomia, palestras e shows - JORNAL BEIRA RIO","isPartOf":{"@id":"https:\/\/jornalbeirario.com.br\/portal\/#website"},"primaryImageOfPage":{"@id":"https:\/\/jornalbeirario.com.br\/portal\/?p=41759#primaryimage"},"image":{"@id":"https:\/\/jornalbeirario.com.br\/portal\/?p=41759#primaryimage"},"thumbnailUrl":"https:\/\/jornalbeirario.com.br\/portal\/wp-content\/uploads\/2016\/06\/riomodario1.jpg","datePublished":"2016-06-16T19:45:37+00:00","breadcrumb":{"@id":"https:\/\/jornalbeirario.com.br\/portal\/?p=41759#breadcrumb"},"inLanguage":"pt-BR","potentialAction":[{"@type":"ReadAction","target":["https:\/\/jornalbeirario.com.br\/portal\/?p=41759"]}]},{"@type":"ImageObject","inLanguage":"pt-BR","@id":"https:\/\/jornalbeirario.com.br\/portal\/?p=41759#primaryimage","url":"https:\/\/jornalbeirario.com.br\/portal\/wp-content\/uploads\/2016\/06\/riomodario1.jpg","contentUrl":"https:\/\/jornalbeirario.com.br\/portal\/wp-content\/uploads\/2016\/06\/riomodario1.jpg","width":640,"height":480,"caption":"O cantor perform\u00e1tico Johnny Hooker encerrou primeiro dia do evento"},{"@type":"BreadcrumbList","@id":"https:\/\/jornalbeirario.com.br\/portal\/?p=41759#breadcrumb","itemListElement":[{"@type":"ListItem","position":1,"name":"Home","item":"https:\/\/jornalbeirario.com.br\/portal"},{"@type":"ListItem","position":2,"name":"Rio Moda Rio tem gastronomia, palestras e shows"}]},{"@type":"WebSite","@id":"https:\/\/jornalbeirario.com.br\/portal\/#website","url":"https:\/\/jornalbeirario.com.br\/portal\/","name":"JORNAL BEIRA RIO","description":"","publisher":{"@id":"https:\/\/jornalbeirario.com.br\/portal\/#organization"},"potentialAction":[{"@type":"SearchAction","target":{"@type":"EntryPoint","urlTemplate":"https:\/\/jornalbeirario.com.br\/portal\/?s={search_term_string}"},"query-input":{"@type":"PropertyValueSpecification","valueRequired":true,"valueName":"search_term_string"}}],"inLanguage":"pt-BR"},{"@type":"Organization","@id":"https:\/\/jornalbeirario.com.br\/portal\/#organization","name":"JORNAL BEIRA RIO","url":"https:\/\/jornalbeirario.com.br\/portal\/","logo":{"@type":"ImageObject","inLanguage":"pt-BR","@id":"https:\/\/jornalbeirario.com.br\/portal\/#\/schema\/logo\/image\/","url":"https:\/\/jornalbeirario.com.br\/portal\/wp-content\/uploads\/2017\/09\/BEIRA-RIO_logo600.png","contentUrl":"https:\/\/jornalbeirario.com.br\/portal\/wp-content\/uploads\/2017\/09\/BEIRA-RIO_logo600.png","width":650,"height":108,"caption":"JORNAL BEIRA RIO"},"image":{"@id":"https:\/\/jornalbeirario.com.br\/portal\/#\/schema\/logo\/image\/"}},{"@type":"Person","@id":"https:\/\/jornalbeirario.com.br\/portal\/#\/schema\/person\/c6c423e4c2465d2a9233f6539173e7c1","name":"Jornal BEIRA-RIO","image":{"@type":"ImageObject","inLanguage":"pt-BR","@id":"https:\/\/jornalbeirario.com.br\/portal\/wp-content\/uploads\/2023\/10\/logojbr1.jpg","url":"https:\/\/jornalbeirario.com.br\/portal\/wp-content\/uploads\/2023\/10\/logojbr1.jpg","contentUrl":"https:\/\/jornalbeirario.com.br\/portal\/wp-content\/uploads\/2023\/10\/logojbr1.jpg","caption":"Jornal BEIRA-RIO"},"url":"https:\/\/jornalbeirario.com.br\/portal\/?author=1"}]}},"_links":{"self":[{"href":"https:\/\/jornalbeirario.com.br\/portal\/index.php?rest_route=\/wp\/v2\/posts\/41759","targetHints":{"allow":["GET"]}}],"collection":[{"href":"https:\/\/jornalbeirario.com.br\/portal\/index.php?rest_route=\/wp\/v2\/posts"}],"about":[{"href":"https:\/\/jornalbeirario.com.br\/portal\/index.php?rest_route=\/wp\/v2\/types\/post"}],"author":[{"embeddable":true,"href":"https:\/\/jornalbeirario.com.br\/portal\/index.php?rest_route=\/wp\/v2\/users\/1"}],"replies":[{"embeddable":true,"href":"https:\/\/jornalbeirario.com.br\/portal\/index.php?rest_route=%2Fwp%2Fv2%2Fcomments&post=41759"}],"version-history":[{"count":4,"href":"https:\/\/jornalbeirario.com.br\/portal\/index.php?rest_route=\/wp\/v2\/posts\/41759\/revisions"}],"predecessor-version":[{"id":41764,"href":"https:\/\/jornalbeirario.com.br\/portal\/index.php?rest_route=\/wp\/v2\/posts\/41759\/revisions\/41764"}],"wp:featuredmedia":[{"embeddable":true,"href":"https:\/\/jornalbeirario.com.br\/portal\/index.php?rest_route=\/wp\/v2\/media\/41763"}],"wp:attachment":[{"href":"https:\/\/jornalbeirario.com.br\/portal\/index.php?rest_route=%2Fwp%2Fv2%2Fmedia&parent=41759"}],"wp:term":[{"taxonomy":"category","embeddable":true,"href":"https:\/\/jornalbeirario.com.br\/portal\/index.php?rest_route=%2Fwp%2Fv2%2Fcategories&post=41759"},{"taxonomy":"post_tag","embeddable":true,"href":"https:\/\/jornalbeirario.com.br\/portal\/index.php?rest_route=%2Fwp%2Fv2%2Ftags&post=41759"}],"curies":[{"name":"wp","href":"https:\/\/api.w.org\/{rel}","templated":true}]}}