
{"id":41654,"date":"2016-06-14T21:20:44","date_gmt":"2016-06-14T21:20:44","guid":{"rendered":"http:\/\/jornalbeirario.com.br\/portal\/portal\/?p=41654"},"modified":"2016-06-14T21:50:14","modified_gmt":"2016-06-14T21:50:14","slug":"conselho-de-etica-aprova-parecer-de-cassacao-de-eduardo-cunha","status":"publish","type":"post","link":"https:\/\/jornalbeirario.com.br\/portal\/?p=41654","title":{"rendered":"Conselho de \u00c9tica aprova parecer de cassa\u00e7\u00e3o de Eduardo Cunha"},"content":{"rendered":"<p style=\"text-align: justify;\">O Conselho de \u00c9tica da C\u00e2mara dos Deputados aprovou no final da tarde desta ter\u00e7a-feira, dia 14, o pedido de cassa\u00e7\u00e3o do mandato do presidente afastado da Casa, Eduardo Cunha (PMDB-RJ) por quebra de decoro parlamentar. Por 11 votos a nove, os deputados acataram o parecer do deputado Marcos Rog\u00e9rio (DEM-RO) que afirma que Cunha quebrou o decoro ao mentir sobre ter contas no exterior durante depoimento na Comiss\u00e3o Parlamentar de Inqu\u00e9rito (CPI) da Petrobras.<\/p>\n<p style=\"text-align: justify;\">Segundo o relator, Cunha \u00e9 o dono de pelo menos quatro contas nna Su\u00ed\u00e7a: K\u00f6pek; Triumph SP, Orion SP e Netherton. Ao pedir a cassa\u00e7\u00e3o de Cunha, Rog\u00e9rio disse que as contas s\u00e3o verdadeiros \u201claranjas de luxo\u201d. \u201cEstamos diante do maior esc\u00e2ndalo que este colegiado j\u00e1 julgou, n\u00e3o se trata apenas de omiss\u00e3o, de mentira, mas de uma trama para mascarar a evas\u00e3o de divisas, a fraude fiscal&#8221;, disse Rog\u00e9rio. \u201cEstamos diante de uma fraude, de uma simula\u00e7\u00e3o de empresas de papel, de laranjas de luxo criadas para esconder a exist\u00eancia de contas no exterior\u201d, acrescentou. Cunha nega a propriedade das contas, mas admitiu ter o usufruto de ativos geridos por trustes estrangeiros.<\/p>\n<p style=\"text-align: justify;\">O processo de Cunha no Conselho de \u00c9tica \u00e9 considerado o mais longo no colegiado e foi marcado por in\u00fameras manobras que protelaram a decis\u00e3o dessa ter\u00e7a-feira. A representa\u00e7\u00e3o contra Cunha foi entregue pelo PSOL e Rede \u00e0 Mesa Diretora da C\u00e2mara, no dia 13 de outubro de 2015. A Mesa, comandada por Cunha, levou o prazo m\u00e1ximo de 14 dias para realizar a tarefa de numerar a representa\u00e7\u00e3o e envi\u00e1-la ao Conselho de \u00c9tica, o que retardou o in\u00edcio dos trabalhos do colegiado. O processo s\u00f3 foi instaurado quase um m\u00eas depois da representa\u00e7\u00e3o, em 3 de novembro de 2015.<\/p>\n<p style=\"text-align: justify;\">Agora o processo contra Cunha precisa ser analisado em plen\u00e1rio. Para que Cunha tenha o mandato cassado, \u00e9 preciso pelo menos 257 votos, a maioria absoluta dos 513 deputados.<\/p>\n<p style=\"text-align: justify;\">JUIZ BLOQUEIA BENS<br \/>\nO juiz Augusto Cesar Pansini Gon\u00e7alves, da 6\u00aa Vara C\u00edvel da Justi\u00e7a Federal do Paran\u00e1, aceitou nesta ter\u00e7a-feira, dia 14, pedido de liminar do Minist\u00e9rio P\u00fablico Federal (MPF) e decretou a indisponibilidade de recursos financeiros e bens do deputado federal afastado Eduardo Cunha. O pedido havia sido feito na segunda, dia 13, em a\u00e7\u00e3o de improbidade administrativa contra ele e mais quatro pessoas.<\/p>\n<p style=\"text-align: justify;\">&#8220;Defiro o pedido de liminar (nos termos formulados pelo MPF) e decreto a indisponibilidade de recursos financeiros e bens dos r\u00e9us, inclusive das empresas C3 PRODU\u00c7\u00d5ES ART\u00cdSTICAS E JORNAL\u00cdSTICA LTDA. (&#8230;) e C3 ATIVIDADES DE INTERNET LTDA. (&#8230;)&#8221;, diz trecho da decis\u00e3o.<\/p>\n<p style=\"text-align: justify;\">Al\u00e9m de Cunha, foram requeridos na a\u00e7\u00e3o de improbidade administrativa a mulher dele, Cl\u00e1udia Cruz, o ex-diretor da Petrobras Jorge Luiz Zelada, o suposto operador Jo\u00e3o Henriques, e o empres\u00e1rio Idal\u00e9cio de Oliveira. Eles tamb\u00e9m tiveram os bens indisponibilizados.<\/p>\n<p style=\"text-align: justify;\">Os cinco devem ser notificados para oferecer manifesta\u00e7\u00f5es por escrito em at\u00e9 15 dias. Ap\u00f3s esse prazo, o juiz decidir\u00e1 se recebe a a\u00e7\u00e3o e d\u00e1 in\u00edcio ao processo. O juiz Augusto Cesar Pansini Gon\u00e7alves ainda decretou a quebra do sigilo fiscal de Eduardo Cunha desde o ano de 2007.<\/p>\n<p style=\"text-align: justify;\">A decis\u00e3o foi assinada pelo juiz instantes depois de, em Bras\u00edlia, o Conselho de \u00c9tica da C\u00e2mara dos Deputados aprovar relat\u00f3rio que pede a cassa\u00e7\u00e3o do parlamentar.<\/p>\n<p style=\"text-align: justify;\">Mais cedo, Cunha havia pedido ao Supremo Tribunal Federal (STF) a suspens\u00e3o desta a\u00e7\u00e3o de improbidade administrativa. O peemedebista solicitou que a Suprema Corte conceda uma liminar (decis\u00e3o provis\u00f3ria) para suspender a a\u00e7\u00e3o at\u00e9 que os ministros do tribunal decidam, definitivamente, se um juiz de primeira inst\u00e2ncia pode determinar a perda dos direitos pol\u00edticos de parlamentares com foro privilegiado.<\/p>\n<p style=\"text-align: justify;\"><em>Fontes: Ag\u00eancia Brasil e G1<\/em><\/p>\n","protected":false},"excerpt":{"rendered":"<p>O Conselho de \u00c9tica da C\u00e2mara dos Deputados aprovou no final da tarde desta ter\u00e7a-feira, dia 14, o pedido de cassa\u00e7\u00e3o do mandato do<\/p>\n","protected":false},"author":1,"featured_media":41657,"comment_status":"open","ping_status":"open","sticky":false,"template":"","format":"standard","meta":{"pmpro_default_level":"","footnotes":""},"categories":[35,11],"tags":[155,153],"class_list":["post-41654","post","type-post","status-publish","format-standard","has-post-thumbnail","hentry","category-nacional","category-politica","tag-dehoraemhora","tag-manchete","pmpro-has-access"],"yoast_head":"<!-- This site is optimized with the Yoast SEO plugin v27.4 - https:\/\/yoast.com\/product\/yoast-seo-wordpress\/ -->\n<title>Conselho de \u00c9tica aprova parecer de cassa\u00e7\u00e3o de Eduardo Cunha - JORNAL BEIRA RIO<\/title>\n<meta name=\"robots\" content=\"index, follow, max-snippet:-1, max-image-preview:large, max-video-preview:-1\" \/>\n<link rel=\"canonical\" href=\"https:\/\/jornalbeirario.com.br\/portal\/?p=41654\" \/>\n<meta property=\"og:locale\" content=\"pt_BR\" \/>\n<meta property=\"og:type\" content=\"article\" \/>\n<meta property=\"og:title\" content=\"Conselho de \u00c9tica aprova parecer de cassa\u00e7\u00e3o de Eduardo Cunha - JORNAL BEIRA RIO\" \/>\n<meta property=\"og:description\" content=\"O Conselho de \u00c9tica da C\u00e2mara dos Deputados aprovou no final da tarde desta ter\u00e7a-feira, dia 14, o pedido de cassa\u00e7\u00e3o do mandato do\" \/>\n<meta property=\"og:url\" content=\"https:\/\/jornalbeirario.com.br\/portal\/?p=41654\" \/>\n<meta property=\"og:site_name\" content=\"JORNAL BEIRA RIO\" \/>\n<meta property=\"article:published_time\" content=\"2016-06-14T21:20:44+00:00\" \/>\n<meta property=\"article:modified_time\" content=\"2016-06-14T21:50:14+00:00\" \/>\n<meta property=\"og:image\" content=\"https:\/\/jornalbeirario.com.br\/portal\/wp-content\/uploads\/2016\/06\/foracunha1.jpg\" \/>\n\t<meta property=\"og:image:width\" content=\"930\" \/>\n\t<meta property=\"og:image:height\" content=\"350\" \/>\n\t<meta property=\"og:image:type\" content=\"image\/jpeg\" \/>\n<meta name=\"author\" content=\"Jornal BEIRA-RIO\" \/>\n<meta name=\"twitter:card\" content=\"summary_large_image\" \/>\n<meta name=\"twitter:label1\" content=\"Escrito por\" \/>\n\t<meta name=\"twitter:data1\" content=\"Jornal BEIRA-RIO\" \/>\n\t<meta name=\"twitter:label2\" content=\"Est. tempo de leitura\" \/>\n\t<meta name=\"twitter:data2\" content=\"3 minutos\" \/>\n<script type=\"application\/ld+json\" class=\"yoast-schema-graph\">{\"@context\":\"https:\\\/\\\/schema.org\",\"@graph\":[{\"@type\":\"Article\",\"@id\":\"https:\\\/\\\/jornalbeirario.com.br\\\/portal\\\/?p=41654#article\",\"isPartOf\":{\"@id\":\"https:\\\/\\\/jornalbeirario.com.br\\\/portal\\\/?p=41654\"},\"author\":{\"name\":\"Jornal BEIRA-RIO\",\"@id\":\"https:\\\/\\\/jornalbeirario.com.br\\\/portal\\\/#\\\/schema\\\/person\\\/c6c423e4c2465d2a9233f6539173e7c1\"},\"headline\":\"Conselho de \u00c9tica aprova parecer de cassa\u00e7\u00e3o de Eduardo Cunha\",\"datePublished\":\"2016-06-14T21:20:44+00:00\",\"dateModified\":\"2016-06-14T21:50:14+00:00\",\"mainEntityOfPage\":{\"@id\":\"https:\\\/\\\/jornalbeirario.com.br\\\/portal\\\/?p=41654\"},\"wordCount\":664,\"commentCount\":0,\"publisher\":{\"@id\":\"https:\\\/\\\/jornalbeirario.com.br\\\/portal\\\/#organization\"},\"image\":{\"@id\":\"https:\\\/\\\/jornalbeirario.com.br\\\/portal\\\/?p=41654#primaryimage\"},\"thumbnailUrl\":\"https:\\\/\\\/jornalbeirario.com.br\\\/portal\\\/wp-content\\\/uploads\\\/2016\\\/06\\\/foracunha1.jpg\",\"keywords\":[\"dehoraemhora\",\"manchete\"],\"articleSection\":[\"Nacional\",\"Pol\u00edtica\"],\"inLanguage\":\"pt-BR\",\"potentialAction\":[{\"@type\":\"CommentAction\",\"name\":\"Comment\",\"target\":[\"https:\\\/\\\/jornalbeirario.com.br\\\/portal\\\/?p=41654#respond\"]}]},{\"@type\":\"WebPage\",\"@id\":\"https:\\\/\\\/jornalbeirario.com.br\\\/portal\\\/?p=41654\",\"url\":\"https:\\\/\\\/jornalbeirario.com.br\\\/portal\\\/?p=41654\",\"name\":\"Conselho de \u00c9tica aprova parecer de cassa\u00e7\u00e3o de Eduardo Cunha - JORNAL BEIRA RIO\",\"isPartOf\":{\"@id\":\"https:\\\/\\\/jornalbeirario.com.br\\\/portal\\\/#website\"},\"primaryImageOfPage\":{\"@id\":\"https:\\\/\\\/jornalbeirario.com.br\\\/portal\\\/?p=41654#primaryimage\"},\"image\":{\"@id\":\"https:\\\/\\\/jornalbeirario.com.br\\\/portal\\\/?p=41654#primaryimage\"},\"thumbnailUrl\":\"https:\\\/\\\/jornalbeirario.com.br\\\/portal\\\/wp-content\\\/uploads\\\/2016\\\/06\\\/foracunha1.jpg\",\"datePublished\":\"2016-06-14T21:20:44+00:00\",\"dateModified\":\"2016-06-14T21:50:14+00:00\",\"breadcrumb\":{\"@id\":\"https:\\\/\\\/jornalbeirario.com.br\\\/portal\\\/?p=41654#breadcrumb\"},\"inLanguage\":\"pt-BR\",\"potentialAction\":[{\"@type\":\"ReadAction\",\"target\":[\"https:\\\/\\\/jornalbeirario.com.br\\\/portal\\\/?p=41654\"]}]},{\"@type\":\"ImageObject\",\"inLanguage\":\"pt-BR\",\"@id\":\"https:\\\/\\\/jornalbeirario.com.br\\\/portal\\\/?p=41654#primaryimage\",\"url\":\"https:\\\/\\\/jornalbeirario.com.br\\\/portal\\\/wp-content\\\/uploads\\\/2016\\\/06\\\/foracunha1.jpg\",\"contentUrl\":\"https:\\\/\\\/jornalbeirario.com.br\\\/portal\\\/wp-content\\\/uploads\\\/2016\\\/06\\\/foracunha1.jpg\",\"width\":930,\"height\":350},{\"@type\":\"BreadcrumbList\",\"@id\":\"https:\\\/\\\/jornalbeirario.com.br\\\/portal\\\/?p=41654#breadcrumb\",\"itemListElement\":[{\"@type\":\"ListItem\",\"position\":1,\"name\":\"Home\",\"item\":\"https:\\\/\\\/jornalbeirario.com.br\\\/portal\"},{\"@type\":\"ListItem\",\"position\":2,\"name\":\"Conselho de \u00c9tica aprova parecer de cassa\u00e7\u00e3o de Eduardo Cunha\"}]},{\"@type\":\"WebSite\",\"@id\":\"https:\\\/\\\/jornalbeirario.com.br\\\/portal\\\/#website\",\"url\":\"https:\\\/\\\/jornalbeirario.com.br\\\/portal\\\/\",\"name\":\"JORNAL BEIRA RIO\",\"description\":\"\",\"publisher\":{\"@id\":\"https:\\\/\\\/jornalbeirario.com.br\\\/portal\\\/#organization\"},\"potentialAction\":[{\"@type\":\"SearchAction\",\"target\":{\"@type\":\"EntryPoint\",\"urlTemplate\":\"https:\\\/\\\/jornalbeirario.com.br\\\/portal\\\/?s={search_term_string}\"},\"query-input\":{\"@type\":\"PropertyValueSpecification\",\"valueRequired\":true,\"valueName\":\"search_term_string\"}}],\"inLanguage\":\"pt-BR\"},{\"@type\":\"Organization\",\"@id\":\"https:\\\/\\\/jornalbeirario.com.br\\\/portal\\\/#organization\",\"name\":\"JORNAL BEIRA RIO\",\"url\":\"https:\\\/\\\/jornalbeirario.com.br\\\/portal\\\/\",\"logo\":{\"@type\":\"ImageObject\",\"inLanguage\":\"pt-BR\",\"@id\":\"https:\\\/\\\/jornalbeirario.com.br\\\/portal\\\/#\\\/schema\\\/logo\\\/image\\\/\",\"url\":\"https:\\\/\\\/jornalbeirario.com.br\\\/portal\\\/wp-content\\\/uploads\\\/2017\\\/09\\\/BEIRA-RIO_logo600.png\",\"contentUrl\":\"https:\\\/\\\/jornalbeirario.com.br\\\/portal\\\/wp-content\\\/uploads\\\/2017\\\/09\\\/BEIRA-RIO_logo600.png\",\"width\":650,\"height\":108,\"caption\":\"JORNAL BEIRA RIO\"},\"image\":{\"@id\":\"https:\\\/\\\/jornalbeirario.com.br\\\/portal\\\/#\\\/schema\\\/logo\\\/image\\\/\"}},{\"@type\":\"Person\",\"@id\":\"https:\\\/\\\/jornalbeirario.com.br\\\/portal\\\/#\\\/schema\\\/person\\\/c6c423e4c2465d2a9233f6539173e7c1\",\"name\":\"Jornal BEIRA-RIO\",\"image\":{\"@type\":\"ImageObject\",\"inLanguage\":\"pt-BR\",\"@id\":\"https:\\\/\\\/jornalbeirario.com.br\\\/portal\\\/wp-content\\\/uploads\\\/2023\\\/10\\\/logojbr1.jpg\",\"url\":\"https:\\\/\\\/jornalbeirario.com.br\\\/portal\\\/wp-content\\\/uploads\\\/2023\\\/10\\\/logojbr1.jpg\",\"contentUrl\":\"https:\\\/\\\/jornalbeirario.com.br\\\/portal\\\/wp-content\\\/uploads\\\/2023\\\/10\\\/logojbr1.jpg\",\"caption\":\"Jornal BEIRA-RIO\"},\"url\":\"https:\\\/\\\/jornalbeirario.com.br\\\/portal\\\/?author=1\"}]}<\/script>\n<!-- \/ Yoast SEO plugin. -->","yoast_head_json":{"title":"Conselho de \u00c9tica aprova parecer de cassa\u00e7\u00e3o de Eduardo Cunha - JORNAL BEIRA RIO","robots":{"index":"index","follow":"follow","max-snippet":"max-snippet:-1","max-image-preview":"max-image-preview:large","max-video-preview":"max-video-preview:-1"},"canonical":"https:\/\/jornalbeirario.com.br\/portal\/?p=41654","og_locale":"pt_BR","og_type":"article","og_title":"Conselho de \u00c9tica aprova parecer de cassa\u00e7\u00e3o de Eduardo Cunha - JORNAL BEIRA RIO","og_description":"O Conselho de \u00c9tica da C\u00e2mara dos Deputados aprovou no final da tarde desta ter\u00e7a-feira, dia 14, o pedido de cassa\u00e7\u00e3o do mandato do","og_url":"https:\/\/jornalbeirario.com.br\/portal\/?p=41654","og_site_name":"JORNAL BEIRA RIO","article_published_time":"2016-06-14T21:20:44+00:00","article_modified_time":"2016-06-14T21:50:14+00:00","og_image":[{"width":930,"height":350,"url":"https:\/\/jornalbeirario.com.br\/portal\/wp-content\/uploads\/2016\/06\/foracunha1.jpg","type":"image\/jpeg"}],"author":"Jornal BEIRA-RIO","twitter_card":"summary_large_image","twitter_misc":{"Escrito por":"Jornal BEIRA-RIO","Est. tempo de leitura":"3 minutos"},"schema":{"@context":"https:\/\/schema.org","@graph":[{"@type":"Article","@id":"https:\/\/jornalbeirario.com.br\/portal\/?p=41654#article","isPartOf":{"@id":"https:\/\/jornalbeirario.com.br\/portal\/?p=41654"},"author":{"name":"Jornal BEIRA-RIO","@id":"https:\/\/jornalbeirario.com.br\/portal\/#\/schema\/person\/c6c423e4c2465d2a9233f6539173e7c1"},"headline":"Conselho de \u00c9tica aprova parecer de cassa\u00e7\u00e3o de Eduardo Cunha","datePublished":"2016-06-14T21:20:44+00:00","dateModified":"2016-06-14T21:50:14+00:00","mainEntityOfPage":{"@id":"https:\/\/jornalbeirario.com.br\/portal\/?p=41654"},"wordCount":664,"commentCount":0,"publisher":{"@id":"https:\/\/jornalbeirario.com.br\/portal\/#organization"},"image":{"@id":"https:\/\/jornalbeirario.com.br\/portal\/?p=41654#primaryimage"},"thumbnailUrl":"https:\/\/jornalbeirario.com.br\/portal\/wp-content\/uploads\/2016\/06\/foracunha1.jpg","keywords":["dehoraemhora","manchete"],"articleSection":["Nacional","Pol\u00edtica"],"inLanguage":"pt-BR","potentialAction":[{"@type":"CommentAction","name":"Comment","target":["https:\/\/jornalbeirario.com.br\/portal\/?p=41654#respond"]}]},{"@type":"WebPage","@id":"https:\/\/jornalbeirario.com.br\/portal\/?p=41654","url":"https:\/\/jornalbeirario.com.br\/portal\/?p=41654","name":"Conselho de \u00c9tica aprova parecer de cassa\u00e7\u00e3o de Eduardo Cunha - JORNAL BEIRA RIO","isPartOf":{"@id":"https:\/\/jornalbeirario.com.br\/portal\/#website"},"primaryImageOfPage":{"@id":"https:\/\/jornalbeirario.com.br\/portal\/?p=41654#primaryimage"},"image":{"@id":"https:\/\/jornalbeirario.com.br\/portal\/?p=41654#primaryimage"},"thumbnailUrl":"https:\/\/jornalbeirario.com.br\/portal\/wp-content\/uploads\/2016\/06\/foracunha1.jpg","datePublished":"2016-06-14T21:20:44+00:00","dateModified":"2016-06-14T21:50:14+00:00","breadcrumb":{"@id":"https:\/\/jornalbeirario.com.br\/portal\/?p=41654#breadcrumb"},"inLanguage":"pt-BR","potentialAction":[{"@type":"ReadAction","target":["https:\/\/jornalbeirario.com.br\/portal\/?p=41654"]}]},{"@type":"ImageObject","inLanguage":"pt-BR","@id":"https:\/\/jornalbeirario.com.br\/portal\/?p=41654#primaryimage","url":"https:\/\/jornalbeirario.com.br\/portal\/wp-content\/uploads\/2016\/06\/foracunha1.jpg","contentUrl":"https:\/\/jornalbeirario.com.br\/portal\/wp-content\/uploads\/2016\/06\/foracunha1.jpg","width":930,"height":350},{"@type":"BreadcrumbList","@id":"https:\/\/jornalbeirario.com.br\/portal\/?p=41654#breadcrumb","itemListElement":[{"@type":"ListItem","position":1,"name":"Home","item":"https:\/\/jornalbeirario.com.br\/portal"},{"@type":"ListItem","position":2,"name":"Conselho de \u00c9tica aprova parecer de cassa\u00e7\u00e3o de Eduardo Cunha"}]},{"@type":"WebSite","@id":"https:\/\/jornalbeirario.com.br\/portal\/#website","url":"https:\/\/jornalbeirario.com.br\/portal\/","name":"JORNAL BEIRA RIO","description":"","publisher":{"@id":"https:\/\/jornalbeirario.com.br\/portal\/#organization"},"potentialAction":[{"@type":"SearchAction","target":{"@type":"EntryPoint","urlTemplate":"https:\/\/jornalbeirario.com.br\/portal\/?s={search_term_string}"},"query-input":{"@type":"PropertyValueSpecification","valueRequired":true,"valueName":"search_term_string"}}],"inLanguage":"pt-BR"},{"@type":"Organization","@id":"https:\/\/jornalbeirario.com.br\/portal\/#organization","name":"JORNAL BEIRA RIO","url":"https:\/\/jornalbeirario.com.br\/portal\/","logo":{"@type":"ImageObject","inLanguage":"pt-BR","@id":"https:\/\/jornalbeirario.com.br\/portal\/#\/schema\/logo\/image\/","url":"https:\/\/jornalbeirario.com.br\/portal\/wp-content\/uploads\/2017\/09\/BEIRA-RIO_logo600.png","contentUrl":"https:\/\/jornalbeirario.com.br\/portal\/wp-content\/uploads\/2017\/09\/BEIRA-RIO_logo600.png","width":650,"height":108,"caption":"JORNAL BEIRA RIO"},"image":{"@id":"https:\/\/jornalbeirario.com.br\/portal\/#\/schema\/logo\/image\/"}},{"@type":"Person","@id":"https:\/\/jornalbeirario.com.br\/portal\/#\/schema\/person\/c6c423e4c2465d2a9233f6539173e7c1","name":"Jornal BEIRA-RIO","image":{"@type":"ImageObject","inLanguage":"pt-BR","@id":"https:\/\/jornalbeirario.com.br\/portal\/wp-content\/uploads\/2023\/10\/logojbr1.jpg","url":"https:\/\/jornalbeirario.com.br\/portal\/wp-content\/uploads\/2023\/10\/logojbr1.jpg","contentUrl":"https:\/\/jornalbeirario.com.br\/portal\/wp-content\/uploads\/2023\/10\/logojbr1.jpg","caption":"Jornal BEIRA-RIO"},"url":"https:\/\/jornalbeirario.com.br\/portal\/?author=1"}]}},"_links":{"self":[{"href":"https:\/\/jornalbeirario.com.br\/portal\/index.php?rest_route=\/wp\/v2\/posts\/41654","targetHints":{"allow":["GET"]}}],"collection":[{"href":"https:\/\/jornalbeirario.com.br\/portal\/index.php?rest_route=\/wp\/v2\/posts"}],"about":[{"href":"https:\/\/jornalbeirario.com.br\/portal\/index.php?rest_route=\/wp\/v2\/types\/post"}],"author":[{"embeddable":true,"href":"https:\/\/jornalbeirario.com.br\/portal\/index.php?rest_route=\/wp\/v2\/users\/1"}],"replies":[{"embeddable":true,"href":"https:\/\/jornalbeirario.com.br\/portal\/index.php?rest_route=%2Fwp%2Fv2%2Fcomments&post=41654"}],"version-history":[{"count":5,"href":"https:\/\/jornalbeirario.com.br\/portal\/index.php?rest_route=\/wp\/v2\/posts\/41654\/revisions"}],"predecessor-version":[{"id":41660,"href":"https:\/\/jornalbeirario.com.br\/portal\/index.php?rest_route=\/wp\/v2\/posts\/41654\/revisions\/41660"}],"wp:featuredmedia":[{"embeddable":true,"href":"https:\/\/jornalbeirario.com.br\/portal\/index.php?rest_route=\/wp\/v2\/media\/41657"}],"wp:attachment":[{"href":"https:\/\/jornalbeirario.com.br\/portal\/index.php?rest_route=%2Fwp%2Fv2%2Fmedia&parent=41654"}],"wp:term":[{"taxonomy":"category","embeddable":true,"href":"https:\/\/jornalbeirario.com.br\/portal\/index.php?rest_route=%2Fwp%2Fv2%2Fcategories&post=41654"},{"taxonomy":"post_tag","embeddable":true,"href":"https:\/\/jornalbeirario.com.br\/portal\/index.php?rest_route=%2Fwp%2Fv2%2Ftags&post=41654"}],"curies":[{"name":"wp","href":"https:\/\/api.w.org\/{rel}","templated":true}]}}