
{"id":40601,"date":"2016-05-14T19:26:53","date_gmt":"2016-05-14T19:26:53","guid":{"rendered":"http:\/\/jornalbeirario.com.br\/portal\/portal\/?p=40601"},"modified":"2016-05-14T19:26:53","modified_gmt":"2016-05-14T19:26:53","slug":"conselho-curador-se-manifesta-contra-mudancas-na-direcao-da-ebc","status":"publish","type":"post","link":"https:\/\/jornalbeirario.com.br\/portal\/?p=40601","title":{"rendered":"Conselho Curador se manifesta contra mudan\u00e7as na dire\u00e7\u00e3o da EBC"},"content":{"rendered":"<p style=\"text-align: justify;\">Formado por membros do governo, do Legislativo e da sociedade civil, o Conselho Curador da Empresa Brasil de Comunica\u00e7\u00e3o (EBC) divulgou uma nota em que recha\u00e7a a possibilidade de mudan\u00e7a na presid\u00eancia da empresa. De acordo com o \u00f3rg\u00e3o, n\u00e3o h\u00e1 amparo legal para \u201csubstitui\u00e7\u00f5es extempor\u00e2neas\u201d, o diretor-presidente, Ricardo Melo possui mandato garantido pela lei e, por isso, \u201cn\u00e3o pode ser destitu\u00eddo\u201d pelo presidente interino da Rep\u00fablica, Michel Temer.<\/p>\n<p style=\"text-align: justify;\">Nessa sexta-feira, dia 13, coluna publicada no site Os Divergentes informou que o jornalista Laerte Rimoli foi escalado por Temer para assumir o comando da EBC. Segundo o portal, o objetivo do Planalto \u00e9 distensionar a rela\u00e7\u00e3o entre governo e imprensa.<\/p>\n<p style=\"text-align: justify;\">Na \u00faltima ter\u00e7a-feira, dia 10, o jornalista Ricardo Melo foi empossado pelo governo ap\u00f3s ter sido nomeado, no \u00faltimo dia 3 de maio pela presidenta afastada Dilma Rousseff. Na EBC desde agosto de 2015, Melo ocupou diversas fun\u00e7\u00f5es no jornal Folha de S.Paulo, foi chefe de reda\u00e7\u00e3o do SBT e trabalhou em outros ve\u00edculos impressos e televisivos.<\/p>\n<p style=\"text-align: justify;\">O Conselho Curador afirma que, independentemente do m\u00e9rito das indica\u00e7\u00f5es ou de confirma\u00e7\u00f5es pelo governo Temer, h\u00e1 um \u201cequ\u00edvoco\u201d, por parte do ve\u00edculo que divulgou o nome de Rimoli como substituto de Melo, ao relacionar o cargo de presidente da EBC como sendo da estrutura de comunica\u00e7\u00e3o do governo.<\/p>\n<p style=\"text-align: justify;\">&#8211; A EBC \u00e9 uma empresa p\u00fablica criada para desenvolver atividades de comunica\u00e7\u00e3o p\u00fablica e, portanto, de car\u00e1ter n\u00e3o mercadol\u00f3gico, pol\u00edtico-partid\u00e1rio ou governamental &#8211; informou.<\/p>\n<p style=\"text-align: justify;\">O \u00f3rg\u00e3o busca ainda diferenciar que a \u201cEBC n\u00e3o \u00e9 a NBR\u201d, canal de TV que divulga as atividades governamentais e faz parte do bra\u00e7o estatal da empresa. Segundo o conselho, a confus\u00e3o entre os dois \u201cpode estar na origem dos equ\u00edvocos\u201d da reportagem.<\/p>\n<p style=\"text-align: justify;\">&#8211; A EBC disp\u00f5e de uma \u00e1rea de presta\u00e7\u00e3o de servi\u00e7os, a EBC Servi\u00e7os, que \u00e9 contratada pelo governo federal para desenvolver coberturas da NBR, mas esta emissora governamental, no entanto, n\u00e3o deve ser confundida com as emissoras p\u00fablicas pr\u00f3prias da EBC, como a TV Brasil, as ag\u00eancias de not\u00edcias e as emissoras de r\u00e1dio, de car\u00e1ter n\u00e3o governamental &#8211; disse o Conselho Curador, ainda por meio de nota.<\/p>\n<p style=\"text-align: justify;\">O \u00f3rg\u00e3o acrescentou que Ricardo Melo s\u00f3 pode sair do cargo em duas hip\u00f3teses: \u201cpor vontade pr\u00f3pria\u201d ou desrespeito \u00e0s suas responsabilidades legais, sendo que nesse \u00faltimo a decis\u00e3o deve ser tomada pelo pr\u00f3prio conselho curador.<\/p>\n<p style=\"text-align: justify;\">A diretoria-executiva da EBC tamb\u00e9m se manifestou sobre o assunto, argumentando que o presidente possui mandato de quatro anos de acordo com a Lei 11.652\/2008, que autorizou a cria\u00e7\u00e3o da empresa. Segundo a dire\u00e7\u00e3o da empresa, a nomea\u00e7\u00e3o de novo diretor-presidente neste momento viola \u201cato jur\u00eddico perfeito\u201d e princ\u00edpio da Radiodifus\u00e3o P\u00fablica referente a \u201cautonomia em rela\u00e7\u00e3o ao governo federal\u201d<\/p>\n<p style=\"text-align: justify;\">&#8211; Ao longo do intenso debate p\u00fablico que levou \u00e0 cria\u00e7\u00e3o da EBC, firmou-se a concep\u00e7\u00e3o de que o diretor-presidente deveria ter mandato fixo, n\u00e3o coincidente com os mandatos de Presidentes da Rep\u00fablica, para assegurar a independ\u00eancia dos canais p\u00fablicos, tal como ocorre nos sistemas de radiodifus\u00e3o p\u00fablica de outros pa\u00edses democr\u00e1ticos. A EBC tem como miss\u00e3o fundamental instituir e gerir os canais p\u00fablicos, sob a supervis\u00e3o do Conselho Curador, composto majoritariamente de representantes da sociedade civil &#8211; afirmou a diretoria-executiva da empresa, tamb\u00e9m por meio de nota.<\/p>\n<p style=\"text-align: justify;\">\nProcurada pela Ag\u00eancia Brasil, a Secretaria de Comunica\u00e7\u00e3o da Presid\u00eancia disse que n\u00e3o vai comentar o assunto.<\/p>\n<p style=\"text-align: justify;\">Fonte: Ag\u00eancia Brasil<\/p>\n<p>&nbsp;<\/p>\n","protected":false},"excerpt":{"rendered":"<p>Formado por membros do governo, do Legislativo e da sociedade civil, o Conselho Curador da Empresa Brasil de Comunica\u00e7\u00e3o (EBC) divulgou uma nota em<\/p>\n","protected":false},"author":1,"featured_media":0,"comment_status":"open","ping_status":"open","sticky":false,"template":"","format":"standard","meta":{"pmpro_default_level":"","footnotes":""},"categories":[35,11],"tags":[155],"class_list":["post-40601","post","type-post","status-publish","format-standard","hentry","category-nacional","category-politica","tag-dehoraemhora","pmpro-has-access"],"yoast_head":"<!-- This site is optimized with the Yoast SEO plugin v27.4 - https:\/\/yoast.com\/product\/yoast-seo-wordpress\/ -->\n<title>Conselho Curador se manifesta contra mudan\u00e7as na dire\u00e7\u00e3o da EBC - JORNAL BEIRA RIO<\/title>\n<meta name=\"robots\" content=\"index, follow, max-snippet:-1, max-image-preview:large, max-video-preview:-1\" \/>\n<link rel=\"canonical\" href=\"https:\/\/jornalbeirario.com.br\/portal\/?p=40601\" \/>\n<meta property=\"og:locale\" content=\"pt_BR\" \/>\n<meta property=\"og:type\" content=\"article\" \/>\n<meta property=\"og:title\" content=\"Conselho Curador se manifesta contra mudan\u00e7as na dire\u00e7\u00e3o da EBC - JORNAL BEIRA RIO\" \/>\n<meta property=\"og:description\" content=\"Formado por membros do governo, do Legislativo e da sociedade civil, o Conselho Curador da Empresa Brasil de Comunica\u00e7\u00e3o (EBC) divulgou uma nota em\" \/>\n<meta property=\"og:url\" content=\"https:\/\/jornalbeirario.com.br\/portal\/?p=40601\" \/>\n<meta property=\"og:site_name\" content=\"JORNAL BEIRA RIO\" \/>\n<meta property=\"article:published_time\" content=\"2016-05-14T19:26:53+00:00\" \/>\n<meta name=\"author\" content=\"Jornal BEIRA-RIO\" \/>\n<meta name=\"twitter:card\" content=\"summary_large_image\" \/>\n<meta name=\"twitter:label1\" content=\"Escrito por\" \/>\n\t<meta name=\"twitter:data1\" content=\"Jornal BEIRA-RIO\" \/>\n\t<meta name=\"twitter:label2\" content=\"Est. tempo de leitura\" \/>\n\t<meta name=\"twitter:data2\" content=\"3 minutos\" \/>\n<script type=\"application\/ld+json\" class=\"yoast-schema-graph\">{\"@context\":\"https:\\\/\\\/schema.org\",\"@graph\":[{\"@type\":\"Article\",\"@id\":\"https:\\\/\\\/jornalbeirario.com.br\\\/portal\\\/?p=40601#article\",\"isPartOf\":{\"@id\":\"https:\\\/\\\/jornalbeirario.com.br\\\/portal\\\/?p=40601\"},\"author\":{\"name\":\"Jornal BEIRA-RIO\",\"@id\":\"https:\\\/\\\/jornalbeirario.com.br\\\/portal\\\/#\\\/schema\\\/person\\\/c6c423e4c2465d2a9233f6539173e7c1\"},\"headline\":\"Conselho Curador se manifesta contra mudan\u00e7as na dire\u00e7\u00e3o da EBC\",\"datePublished\":\"2016-05-14T19:26:53+00:00\",\"mainEntityOfPage\":{\"@id\":\"https:\\\/\\\/jornalbeirario.com.br\\\/portal\\\/?p=40601\"},\"wordCount\":644,\"commentCount\":0,\"publisher\":{\"@id\":\"https:\\\/\\\/jornalbeirario.com.br\\\/portal\\\/#organization\"},\"keywords\":[\"dehoraemhora\"],\"articleSection\":[\"Nacional\",\"Pol\u00edtica\"],\"inLanguage\":\"pt-BR\",\"potentialAction\":[{\"@type\":\"CommentAction\",\"name\":\"Comment\",\"target\":[\"https:\\\/\\\/jornalbeirario.com.br\\\/portal\\\/?p=40601#respond\"]}]},{\"@type\":\"WebPage\",\"@id\":\"https:\\\/\\\/jornalbeirario.com.br\\\/portal\\\/?p=40601\",\"url\":\"https:\\\/\\\/jornalbeirario.com.br\\\/portal\\\/?p=40601\",\"name\":\"Conselho Curador se manifesta contra mudan\u00e7as na dire\u00e7\u00e3o da EBC - JORNAL BEIRA RIO\",\"isPartOf\":{\"@id\":\"https:\\\/\\\/jornalbeirario.com.br\\\/portal\\\/#website\"},\"datePublished\":\"2016-05-14T19:26:53+00:00\",\"breadcrumb\":{\"@id\":\"https:\\\/\\\/jornalbeirario.com.br\\\/portal\\\/?p=40601#breadcrumb\"},\"inLanguage\":\"pt-BR\",\"potentialAction\":[{\"@type\":\"ReadAction\",\"target\":[\"https:\\\/\\\/jornalbeirario.com.br\\\/portal\\\/?p=40601\"]}]},{\"@type\":\"BreadcrumbList\",\"@id\":\"https:\\\/\\\/jornalbeirario.com.br\\\/portal\\\/?p=40601#breadcrumb\",\"itemListElement\":[{\"@type\":\"ListItem\",\"position\":1,\"name\":\"Home\",\"item\":\"https:\\\/\\\/jornalbeirario.com.br\\\/portal\"},{\"@type\":\"ListItem\",\"position\":2,\"name\":\"Conselho Curador se manifesta contra mudan\u00e7as na dire\u00e7\u00e3o da EBC\"}]},{\"@type\":\"WebSite\",\"@id\":\"https:\\\/\\\/jornalbeirario.com.br\\\/portal\\\/#website\",\"url\":\"https:\\\/\\\/jornalbeirario.com.br\\\/portal\\\/\",\"name\":\"JORNAL BEIRA RIO\",\"description\":\"\",\"publisher\":{\"@id\":\"https:\\\/\\\/jornalbeirario.com.br\\\/portal\\\/#organization\"},\"potentialAction\":[{\"@type\":\"SearchAction\",\"target\":{\"@type\":\"EntryPoint\",\"urlTemplate\":\"https:\\\/\\\/jornalbeirario.com.br\\\/portal\\\/?s={search_term_string}\"},\"query-input\":{\"@type\":\"PropertyValueSpecification\",\"valueRequired\":true,\"valueName\":\"search_term_string\"}}],\"inLanguage\":\"pt-BR\"},{\"@type\":\"Organization\",\"@id\":\"https:\\\/\\\/jornalbeirario.com.br\\\/portal\\\/#organization\",\"name\":\"JORNAL BEIRA RIO\",\"url\":\"https:\\\/\\\/jornalbeirario.com.br\\\/portal\\\/\",\"logo\":{\"@type\":\"ImageObject\",\"inLanguage\":\"pt-BR\",\"@id\":\"https:\\\/\\\/jornalbeirario.com.br\\\/portal\\\/#\\\/schema\\\/logo\\\/image\\\/\",\"url\":\"https:\\\/\\\/jornalbeirario.com.br\\\/portal\\\/wp-content\\\/uploads\\\/2017\\\/09\\\/BEIRA-RIO_logo600.png\",\"contentUrl\":\"https:\\\/\\\/jornalbeirario.com.br\\\/portal\\\/wp-content\\\/uploads\\\/2017\\\/09\\\/BEIRA-RIO_logo600.png\",\"width\":650,\"height\":108,\"caption\":\"JORNAL BEIRA RIO\"},\"image\":{\"@id\":\"https:\\\/\\\/jornalbeirario.com.br\\\/portal\\\/#\\\/schema\\\/logo\\\/image\\\/\"}},{\"@type\":\"Person\",\"@id\":\"https:\\\/\\\/jornalbeirario.com.br\\\/portal\\\/#\\\/schema\\\/person\\\/c6c423e4c2465d2a9233f6539173e7c1\",\"name\":\"Jornal BEIRA-RIO\",\"image\":{\"@type\":\"ImageObject\",\"inLanguage\":\"pt-BR\",\"@id\":\"https:\\\/\\\/jornalbeirario.com.br\\\/portal\\\/wp-content\\\/uploads\\\/2023\\\/10\\\/logojbr1.jpg\",\"url\":\"https:\\\/\\\/jornalbeirario.com.br\\\/portal\\\/wp-content\\\/uploads\\\/2023\\\/10\\\/logojbr1.jpg\",\"contentUrl\":\"https:\\\/\\\/jornalbeirario.com.br\\\/portal\\\/wp-content\\\/uploads\\\/2023\\\/10\\\/logojbr1.jpg\",\"caption\":\"Jornal BEIRA-RIO\"},\"url\":\"https:\\\/\\\/jornalbeirario.com.br\\\/portal\\\/?author=1\"}]}<\/script>\n<!-- \/ Yoast SEO plugin. -->","yoast_head_json":{"title":"Conselho Curador se manifesta contra mudan\u00e7as na dire\u00e7\u00e3o da EBC - JORNAL BEIRA RIO","robots":{"index":"index","follow":"follow","max-snippet":"max-snippet:-1","max-image-preview":"max-image-preview:large","max-video-preview":"max-video-preview:-1"},"canonical":"https:\/\/jornalbeirario.com.br\/portal\/?p=40601","og_locale":"pt_BR","og_type":"article","og_title":"Conselho Curador se manifesta contra mudan\u00e7as na dire\u00e7\u00e3o da EBC - JORNAL BEIRA RIO","og_description":"Formado por membros do governo, do Legislativo e da sociedade civil, o Conselho Curador da Empresa Brasil de Comunica\u00e7\u00e3o (EBC) divulgou uma nota em","og_url":"https:\/\/jornalbeirario.com.br\/portal\/?p=40601","og_site_name":"JORNAL BEIRA RIO","article_published_time":"2016-05-14T19:26:53+00:00","author":"Jornal BEIRA-RIO","twitter_card":"summary_large_image","twitter_misc":{"Escrito por":"Jornal BEIRA-RIO","Est. tempo de leitura":"3 minutos"},"schema":{"@context":"https:\/\/schema.org","@graph":[{"@type":"Article","@id":"https:\/\/jornalbeirario.com.br\/portal\/?p=40601#article","isPartOf":{"@id":"https:\/\/jornalbeirario.com.br\/portal\/?p=40601"},"author":{"name":"Jornal BEIRA-RIO","@id":"https:\/\/jornalbeirario.com.br\/portal\/#\/schema\/person\/c6c423e4c2465d2a9233f6539173e7c1"},"headline":"Conselho Curador se manifesta contra mudan\u00e7as na dire\u00e7\u00e3o da EBC","datePublished":"2016-05-14T19:26:53+00:00","mainEntityOfPage":{"@id":"https:\/\/jornalbeirario.com.br\/portal\/?p=40601"},"wordCount":644,"commentCount":0,"publisher":{"@id":"https:\/\/jornalbeirario.com.br\/portal\/#organization"},"keywords":["dehoraemhora"],"articleSection":["Nacional","Pol\u00edtica"],"inLanguage":"pt-BR","potentialAction":[{"@type":"CommentAction","name":"Comment","target":["https:\/\/jornalbeirario.com.br\/portal\/?p=40601#respond"]}]},{"@type":"WebPage","@id":"https:\/\/jornalbeirario.com.br\/portal\/?p=40601","url":"https:\/\/jornalbeirario.com.br\/portal\/?p=40601","name":"Conselho Curador se manifesta contra mudan\u00e7as na dire\u00e7\u00e3o da EBC - JORNAL BEIRA RIO","isPartOf":{"@id":"https:\/\/jornalbeirario.com.br\/portal\/#website"},"datePublished":"2016-05-14T19:26:53+00:00","breadcrumb":{"@id":"https:\/\/jornalbeirario.com.br\/portal\/?p=40601#breadcrumb"},"inLanguage":"pt-BR","potentialAction":[{"@type":"ReadAction","target":["https:\/\/jornalbeirario.com.br\/portal\/?p=40601"]}]},{"@type":"BreadcrumbList","@id":"https:\/\/jornalbeirario.com.br\/portal\/?p=40601#breadcrumb","itemListElement":[{"@type":"ListItem","position":1,"name":"Home","item":"https:\/\/jornalbeirario.com.br\/portal"},{"@type":"ListItem","position":2,"name":"Conselho Curador se manifesta contra mudan\u00e7as na dire\u00e7\u00e3o da EBC"}]},{"@type":"WebSite","@id":"https:\/\/jornalbeirario.com.br\/portal\/#website","url":"https:\/\/jornalbeirario.com.br\/portal\/","name":"JORNAL BEIRA RIO","description":"","publisher":{"@id":"https:\/\/jornalbeirario.com.br\/portal\/#organization"},"potentialAction":[{"@type":"SearchAction","target":{"@type":"EntryPoint","urlTemplate":"https:\/\/jornalbeirario.com.br\/portal\/?s={search_term_string}"},"query-input":{"@type":"PropertyValueSpecification","valueRequired":true,"valueName":"search_term_string"}}],"inLanguage":"pt-BR"},{"@type":"Organization","@id":"https:\/\/jornalbeirario.com.br\/portal\/#organization","name":"JORNAL BEIRA RIO","url":"https:\/\/jornalbeirario.com.br\/portal\/","logo":{"@type":"ImageObject","inLanguage":"pt-BR","@id":"https:\/\/jornalbeirario.com.br\/portal\/#\/schema\/logo\/image\/","url":"https:\/\/jornalbeirario.com.br\/portal\/wp-content\/uploads\/2017\/09\/BEIRA-RIO_logo600.png","contentUrl":"https:\/\/jornalbeirario.com.br\/portal\/wp-content\/uploads\/2017\/09\/BEIRA-RIO_logo600.png","width":650,"height":108,"caption":"JORNAL BEIRA RIO"},"image":{"@id":"https:\/\/jornalbeirario.com.br\/portal\/#\/schema\/logo\/image\/"}},{"@type":"Person","@id":"https:\/\/jornalbeirario.com.br\/portal\/#\/schema\/person\/c6c423e4c2465d2a9233f6539173e7c1","name":"Jornal BEIRA-RIO","image":{"@type":"ImageObject","inLanguage":"pt-BR","@id":"https:\/\/jornalbeirario.com.br\/portal\/wp-content\/uploads\/2023\/10\/logojbr1.jpg","url":"https:\/\/jornalbeirario.com.br\/portal\/wp-content\/uploads\/2023\/10\/logojbr1.jpg","contentUrl":"https:\/\/jornalbeirario.com.br\/portal\/wp-content\/uploads\/2023\/10\/logojbr1.jpg","caption":"Jornal BEIRA-RIO"},"url":"https:\/\/jornalbeirario.com.br\/portal\/?author=1"}]}},"_links":{"self":[{"href":"https:\/\/jornalbeirario.com.br\/portal\/index.php?rest_route=\/wp\/v2\/posts\/40601","targetHints":{"allow":["GET"]}}],"collection":[{"href":"https:\/\/jornalbeirario.com.br\/portal\/index.php?rest_route=\/wp\/v2\/posts"}],"about":[{"href":"https:\/\/jornalbeirario.com.br\/portal\/index.php?rest_route=\/wp\/v2\/types\/post"}],"author":[{"embeddable":true,"href":"https:\/\/jornalbeirario.com.br\/portal\/index.php?rest_route=\/wp\/v2\/users\/1"}],"replies":[{"embeddable":true,"href":"https:\/\/jornalbeirario.com.br\/portal\/index.php?rest_route=%2Fwp%2Fv2%2Fcomments&post=40601"}],"version-history":[{"count":1,"href":"https:\/\/jornalbeirario.com.br\/portal\/index.php?rest_route=\/wp\/v2\/posts\/40601\/revisions"}],"predecessor-version":[{"id":40602,"href":"https:\/\/jornalbeirario.com.br\/portal\/index.php?rest_route=\/wp\/v2\/posts\/40601\/revisions\/40602"}],"wp:attachment":[{"href":"https:\/\/jornalbeirario.com.br\/portal\/index.php?rest_route=%2Fwp%2Fv2%2Fmedia&parent=40601"}],"wp:term":[{"taxonomy":"category","embeddable":true,"href":"https:\/\/jornalbeirario.com.br\/portal\/index.php?rest_route=%2Fwp%2Fv2%2Fcategories&post=40601"},{"taxonomy":"post_tag","embeddable":true,"href":"https:\/\/jornalbeirario.com.br\/portal\/index.php?rest_route=%2Fwp%2Fv2%2Ftags&post=40601"}],"curies":[{"name":"wp","href":"https:\/\/api.w.org\/{rel}","templated":true}]}}