
{"id":40502,"date":"2016-05-11T12:12:57","date_gmt":"2016-05-11T12:12:57","guid":{"rendered":"http:\/\/jornalbeirario.com.br\/portal\/portal\/?p=40502"},"modified":"2016-05-11T12:12:57","modified_gmt":"2016-05-11T12:12:57","slug":"senado-comeca-sessao-do-impeachment","status":"publish","type":"post","link":"https:\/\/jornalbeirario.com.br\/portal\/?p=40502","title":{"rendered":"Senado come\u00e7a sess\u00e3o do impeachment"},"content":{"rendered":"<p style=\"text-align: justify;\"><a href=\"https:\/\/jornalbeirario.com.br\/portal\/wp-content\/uploads\/2016\/05\/senado2.jpg\" rel=\"attachment wp-att-40450\"><img loading=\"lazy\" decoding=\"async\" class=\"alignleft size-medium wp-image-40450\" src=\"https:\/\/jornalbeirario.com.br\/portal\/wp-content\/uploads\/2016\/05\/senado2-300x225.jpg\" alt=\"senado2\" width=\"300\" height=\"225\" srcset=\"https:\/\/jornalbeirario.com.br\/portal\/wp-content\/uploads\/2016\/05\/senado2-300x225.jpg 300w, https:\/\/jornalbeirario.com.br\/portal\/wp-content\/uploads\/2016\/05\/senado2.jpg 640w\" sizes=\"auto, (max-width: 300px) 100vw, 300px\" \/><\/a>A poucos minutos do inicio da sess\u00e3o que vai votar a admissibilidade do processo contra a presidente Dilma Rousseff, a movimenta\u00e7\u00e3o nos corredores do Senado, especialmente de jornalistas e parlamentares, \u00e9 intensa. Com a visita\u00e7\u00e3o proibida e o acesso restrito a servidores da Casa, imprensa credenciada, assessores e parlamentares, o acesso ao pr\u00e9dio principal do Senado est\u00e1 sendo feito pelos anexos, mas sem o rigor de passar todas pessoas pelo detector de metais, como aconteceu na C\u00e2mara dos Deputados, no \u00faltimo dia 17.<\/p>\n<p style=\"text-align: justify;\">At\u00e9 \u00e0s 8h30 da manh\u00e3, 68 dos 81 senadores j\u00e1 estavam inscritos para falar no plen\u00e1rio. O presidente do Senado, Renan Calheiros (PMDB-AL), definiu que os oradores inscritos, contra e a favor do parecer da Comiss\u00e3o Especial do Impeachment, falar\u00e3o alternadamente por at\u00e9 15 minutos cada um e apenas uma vez. N\u00e3o ser\u00e1 permitida orienta\u00e7\u00e3o da bancada pelos l\u00edderes e tamb\u00e9m n\u00e3o haver\u00e1 apartes.<\/p>\n<p style=\"text-align: justify;\">A expectativa \u00e9 de que sejam mais de 15 horas de sess\u00e3o, dividida em tr\u00eas blocos: de 9h \u00e0s 12h; das 13h \u00e0s 18h; e das 19h at\u00e9 o termino da vota\u00e7\u00e3o, que pode resultar no afastamento da presidenta por 180 dias, caso o relat\u00f3rio do senador Antonio Anastasia (PSDB-MG) seja referendado por metade mais um dos senadores presentes a sess\u00e3o de hoje. Se o relat\u00f3rio for rejeitado, o processo ser\u00e1 arquivado.<\/p>\n<p style=\"text-align: justify;\">Renan informou aos senadores sobre a impossibilidade de eles falarem mais do que o tempo determinado, pois os microfones das duas tribunas desligar\u00e3o automaticamente ao final dos 15 minutos previstos para cada parlamentar.<\/p>\n<p style=\"text-align: justify;\">Com dimens\u00f5es bem menores do que a C\u00e2mara, no plen\u00e1rio Senado, al\u00e9m de parlamentares, s\u00f3 est\u00e1 autorizada a entrada de pessoas com credenciamento especial para hoje. Os senadores e cada um dos seis blocos parlamentares poder\u00e3o levar apenas um assessor cada. Esses profissionais ocupar\u00e3o a chamada tribuna de honra. Parentes de senadores ter\u00e3o de ficar nos gabinetes dos parlamentares.<\/p>\n<p style=\"text-align: justify;\">Imprensa<\/p>\n<p style=\"text-align: justify;\">J\u00e1 as galerias, que normalmente s\u00e3o ocupadas por visitantes, est\u00e3o reservadas aos profissionais de imagem da imprensa: cinegrafistas, fot\u00f3grafos e \u00e0s r\u00e1dios que far\u00e3o transmiss\u00e3o da sess\u00e3o ao vivo. Na tribuna de imprensa, bem ao lado do lugar reservado aos senadores, ficar\u00e3o os profissionais de ve\u00edculos escritos: jornais, revistas e ag\u00eancias de not\u00edcias. Para esse local, devido \u00e0 limita\u00e7\u00e3o de espa\u00e7o, foram distribu\u00eddas poucas credenciais, com prioridade aos profissionais que cobrem permanentemente o Senado.<\/p>\n<p style=\"text-align: justify;\">Desde da meia-noite de hoje, dia 11, a Esplanada dos Minist\u00e9rios est\u00e1 fechada para ve\u00edculos. O acesso \u00e0 Pra\u00e7a dos Tr\u00eas Poderes tamb\u00e9m est\u00e1 fechado ao p\u00fablico. Esse \u00e9 o mesmo esquema adotado pela Secretaria de Seguran\u00e7a do Distrito Federal no dia da vota\u00e7\u00e3o no plen\u00e1rio da C\u00e2mara dos Deputados. O muro instalado da Catedral ao Congresso Nacional em abril, quando 80 mil pessoas estiveram na Esplanada dos Minist\u00e9rios, agora est\u00e1 de volta. Mais uma vez, manifestantes estar\u00e3o separados por um corredor de 80 metros de largura por um quil\u00f4metro de comprimento. Ao longo de toda extens\u00e3o, h\u00e1 policiais militares, bombeiros, agentes de tr\u00e2nsito e de sa\u00fade.<\/p>\n<p style=\"text-align: justify;\">O grupo pr\u00f3-impeachment ficar\u00e1 do lado direito do Congresso Nacional, tendo o Museu da Rep\u00fablica como ponto de concentra\u00e7\u00e3o. J\u00e1 os manifestantes a favor de Dilma Rousseff poder\u00e3o se encontrar no Teatro Nacional e seguir para o lado esquerdo do Congresso Nacional.<\/p>\n<p style=\"text-align: justify;\">O pr\u00e9dio principal do Congresso est\u00e1 todo protegido por grades e o acesso ao gramado em frente ao espelho d&#8217;\u00e1gua ser\u00e1 fechado.<\/p>\n<p style=\"text-align: justify;\"><em>Foto: Reprodu\u00e7\u00e3o da internet<\/em><\/p>\n<p style=\"text-align: justify;\"><em>Fonte: Ag\u00eancia Brasil<\/em><\/p>\n","protected":false},"excerpt":{"rendered":"<p>A poucos minutos do inicio da sess\u00e3o que vai votar a admissibilidade do processo contra a presidente Dilma Rousseff, a movimenta\u00e7\u00e3o nos corredores do<\/p>\n","protected":false},"author":1,"featured_media":40449,"comment_status":"open","ping_status":"open","sticky":false,"template":"","format":"standard","meta":{"pmpro_default_level":"","footnotes":""},"categories":[35,11],"tags":[155,153],"class_list":["post-40502","post","type-post","status-publish","format-standard","has-post-thumbnail","hentry","category-nacional","category-politica","tag-dehoraemhora","tag-manchete","pmpro-has-access"],"yoast_head":"<!-- This site is optimized with the Yoast SEO plugin v27.4 - https:\/\/yoast.com\/product\/yoast-seo-wordpress\/ -->\n<title>Senado come\u00e7a sess\u00e3o do impeachment - JORNAL BEIRA RIO<\/title>\n<meta name=\"robots\" content=\"index, follow, max-snippet:-1, max-image-preview:large, max-video-preview:-1\" \/>\n<link rel=\"canonical\" href=\"https:\/\/jornalbeirario.com.br\/portal\/?p=40502\" \/>\n<meta property=\"og:locale\" content=\"pt_BR\" \/>\n<meta property=\"og:type\" content=\"article\" \/>\n<meta property=\"og:title\" content=\"Senado come\u00e7a sess\u00e3o do impeachment - JORNAL BEIRA RIO\" \/>\n<meta property=\"og:description\" content=\"A poucos minutos do inicio da sess\u00e3o que vai votar a admissibilidade do processo contra a presidente Dilma Rousseff, a movimenta\u00e7\u00e3o nos corredores do\" \/>\n<meta property=\"og:url\" content=\"https:\/\/jornalbeirario.com.br\/portal\/?p=40502\" \/>\n<meta property=\"og:site_name\" content=\"JORNAL BEIRA RIO\" \/>\n<meta property=\"article:published_time\" content=\"2016-05-11T12:12:57+00:00\" \/>\n<meta property=\"og:image\" content=\"https:\/\/jornalbeirario.com.br\/portal\/wp-content\/uploads\/2016\/05\/senado1.jpg\" \/>\n\t<meta property=\"og:image:width\" content=\"930\" \/>\n\t<meta property=\"og:image:height\" content=\"350\" \/>\n\t<meta property=\"og:image:type\" content=\"image\/jpeg\" \/>\n<meta name=\"author\" content=\"Jornal BEIRA-RIO\" \/>\n<meta name=\"twitter:card\" content=\"summary_large_image\" \/>\n<meta name=\"twitter:label1\" content=\"Escrito por\" \/>\n\t<meta name=\"twitter:data1\" content=\"Jornal BEIRA-RIO\" \/>\n\t<meta name=\"twitter:label2\" content=\"Est. tempo de leitura\" \/>\n\t<meta name=\"twitter:data2\" content=\"3 minutos\" \/>\n<script type=\"application\/ld+json\" class=\"yoast-schema-graph\">{\"@context\":\"https:\\\/\\\/schema.org\",\"@graph\":[{\"@type\":\"Article\",\"@id\":\"https:\\\/\\\/jornalbeirario.com.br\\\/portal\\\/?p=40502#article\",\"isPartOf\":{\"@id\":\"https:\\\/\\\/jornalbeirario.com.br\\\/portal\\\/?p=40502\"},\"author\":{\"name\":\"Jornal BEIRA-RIO\",\"@id\":\"https:\\\/\\\/jornalbeirario.com.br\\\/portal\\\/#\\\/schema\\\/person\\\/c6c423e4c2465d2a9233f6539173e7c1\"},\"headline\":\"Senado come\u00e7a sess\u00e3o do impeachment\",\"datePublished\":\"2016-05-11T12:12:57+00:00\",\"mainEntityOfPage\":{\"@id\":\"https:\\\/\\\/jornalbeirario.com.br\\\/portal\\\/?p=40502\"},\"wordCount\":621,\"commentCount\":0,\"publisher\":{\"@id\":\"https:\\\/\\\/jornalbeirario.com.br\\\/portal\\\/#organization\"},\"image\":{\"@id\":\"https:\\\/\\\/jornalbeirario.com.br\\\/portal\\\/?p=40502#primaryimage\"},\"thumbnailUrl\":\"https:\\\/\\\/jornalbeirario.com.br\\\/portal\\\/wp-content\\\/uploads\\\/2016\\\/05\\\/senado1.jpg\",\"keywords\":[\"dehoraemhora\",\"manchete\"],\"articleSection\":[\"Nacional\",\"Pol\u00edtica\"],\"inLanguage\":\"pt-BR\",\"potentialAction\":[{\"@type\":\"CommentAction\",\"name\":\"Comment\",\"target\":[\"https:\\\/\\\/jornalbeirario.com.br\\\/portal\\\/?p=40502#respond\"]}]},{\"@type\":\"WebPage\",\"@id\":\"https:\\\/\\\/jornalbeirario.com.br\\\/portal\\\/?p=40502\",\"url\":\"https:\\\/\\\/jornalbeirario.com.br\\\/portal\\\/?p=40502\",\"name\":\"Senado come\u00e7a sess\u00e3o do impeachment - JORNAL BEIRA RIO\",\"isPartOf\":{\"@id\":\"https:\\\/\\\/jornalbeirario.com.br\\\/portal\\\/#website\"},\"primaryImageOfPage\":{\"@id\":\"https:\\\/\\\/jornalbeirario.com.br\\\/portal\\\/?p=40502#primaryimage\"},\"image\":{\"@id\":\"https:\\\/\\\/jornalbeirario.com.br\\\/portal\\\/?p=40502#primaryimage\"},\"thumbnailUrl\":\"https:\\\/\\\/jornalbeirario.com.br\\\/portal\\\/wp-content\\\/uploads\\\/2016\\\/05\\\/senado1.jpg\",\"datePublished\":\"2016-05-11T12:12:57+00:00\",\"breadcrumb\":{\"@id\":\"https:\\\/\\\/jornalbeirario.com.br\\\/portal\\\/?p=40502#breadcrumb\"},\"inLanguage\":\"pt-BR\",\"potentialAction\":[{\"@type\":\"ReadAction\",\"target\":[\"https:\\\/\\\/jornalbeirario.com.br\\\/portal\\\/?p=40502\"]}]},{\"@type\":\"ImageObject\",\"inLanguage\":\"pt-BR\",\"@id\":\"https:\\\/\\\/jornalbeirario.com.br\\\/portal\\\/?p=40502#primaryimage\",\"url\":\"https:\\\/\\\/jornalbeirario.com.br\\\/portal\\\/wp-content\\\/uploads\\\/2016\\\/05\\\/senado1.jpg\",\"contentUrl\":\"https:\\\/\\\/jornalbeirario.com.br\\\/portal\\\/wp-content\\\/uploads\\\/2016\\\/05\\\/senado1.jpg\",\"width\":930,\"height\":350},{\"@type\":\"BreadcrumbList\",\"@id\":\"https:\\\/\\\/jornalbeirario.com.br\\\/portal\\\/?p=40502#breadcrumb\",\"itemListElement\":[{\"@type\":\"ListItem\",\"position\":1,\"name\":\"Home\",\"item\":\"https:\\\/\\\/jornalbeirario.com.br\\\/portal\"},{\"@type\":\"ListItem\",\"position\":2,\"name\":\"Senado come\u00e7a sess\u00e3o do impeachment\"}]},{\"@type\":\"WebSite\",\"@id\":\"https:\\\/\\\/jornalbeirario.com.br\\\/portal\\\/#website\",\"url\":\"https:\\\/\\\/jornalbeirario.com.br\\\/portal\\\/\",\"name\":\"JORNAL BEIRA RIO\",\"description\":\"\",\"publisher\":{\"@id\":\"https:\\\/\\\/jornalbeirario.com.br\\\/portal\\\/#organization\"},\"potentialAction\":[{\"@type\":\"SearchAction\",\"target\":{\"@type\":\"EntryPoint\",\"urlTemplate\":\"https:\\\/\\\/jornalbeirario.com.br\\\/portal\\\/?s={search_term_string}\"},\"query-input\":{\"@type\":\"PropertyValueSpecification\",\"valueRequired\":true,\"valueName\":\"search_term_string\"}}],\"inLanguage\":\"pt-BR\"},{\"@type\":\"Organization\",\"@id\":\"https:\\\/\\\/jornalbeirario.com.br\\\/portal\\\/#organization\",\"name\":\"JORNAL BEIRA RIO\",\"url\":\"https:\\\/\\\/jornalbeirario.com.br\\\/portal\\\/\",\"logo\":{\"@type\":\"ImageObject\",\"inLanguage\":\"pt-BR\",\"@id\":\"https:\\\/\\\/jornalbeirario.com.br\\\/portal\\\/#\\\/schema\\\/logo\\\/image\\\/\",\"url\":\"https:\\\/\\\/jornalbeirario.com.br\\\/portal\\\/wp-content\\\/uploads\\\/2017\\\/09\\\/BEIRA-RIO_logo600.png\",\"contentUrl\":\"https:\\\/\\\/jornalbeirario.com.br\\\/portal\\\/wp-content\\\/uploads\\\/2017\\\/09\\\/BEIRA-RIO_logo600.png\",\"width\":650,\"height\":108,\"caption\":\"JORNAL BEIRA RIO\"},\"image\":{\"@id\":\"https:\\\/\\\/jornalbeirario.com.br\\\/portal\\\/#\\\/schema\\\/logo\\\/image\\\/\"}},{\"@type\":\"Person\",\"@id\":\"https:\\\/\\\/jornalbeirario.com.br\\\/portal\\\/#\\\/schema\\\/person\\\/c6c423e4c2465d2a9233f6539173e7c1\",\"name\":\"Jornal BEIRA-RIO\",\"image\":{\"@type\":\"ImageObject\",\"inLanguage\":\"pt-BR\",\"@id\":\"https:\\\/\\\/jornalbeirario.com.br\\\/portal\\\/wp-content\\\/uploads\\\/2023\\\/10\\\/logojbr1.jpg\",\"url\":\"https:\\\/\\\/jornalbeirario.com.br\\\/portal\\\/wp-content\\\/uploads\\\/2023\\\/10\\\/logojbr1.jpg\",\"contentUrl\":\"https:\\\/\\\/jornalbeirario.com.br\\\/portal\\\/wp-content\\\/uploads\\\/2023\\\/10\\\/logojbr1.jpg\",\"caption\":\"Jornal BEIRA-RIO\"},\"url\":\"https:\\\/\\\/jornalbeirario.com.br\\\/portal\\\/?author=1\"}]}<\/script>\n<!-- \/ Yoast SEO plugin. -->","yoast_head_json":{"title":"Senado come\u00e7a sess\u00e3o do impeachment - JORNAL BEIRA RIO","robots":{"index":"index","follow":"follow","max-snippet":"max-snippet:-1","max-image-preview":"max-image-preview:large","max-video-preview":"max-video-preview:-1"},"canonical":"https:\/\/jornalbeirario.com.br\/portal\/?p=40502","og_locale":"pt_BR","og_type":"article","og_title":"Senado come\u00e7a sess\u00e3o do impeachment - JORNAL BEIRA RIO","og_description":"A poucos minutos do inicio da sess\u00e3o que vai votar a admissibilidade do processo contra a presidente Dilma Rousseff, a movimenta\u00e7\u00e3o nos corredores do","og_url":"https:\/\/jornalbeirario.com.br\/portal\/?p=40502","og_site_name":"JORNAL BEIRA RIO","article_published_time":"2016-05-11T12:12:57+00:00","og_image":[{"width":930,"height":350,"url":"https:\/\/jornalbeirario.com.br\/portal\/wp-content\/uploads\/2016\/05\/senado1.jpg","type":"image\/jpeg"}],"author":"Jornal BEIRA-RIO","twitter_card":"summary_large_image","twitter_misc":{"Escrito por":"Jornal BEIRA-RIO","Est. tempo de leitura":"3 minutos"},"schema":{"@context":"https:\/\/schema.org","@graph":[{"@type":"Article","@id":"https:\/\/jornalbeirario.com.br\/portal\/?p=40502#article","isPartOf":{"@id":"https:\/\/jornalbeirario.com.br\/portal\/?p=40502"},"author":{"name":"Jornal BEIRA-RIO","@id":"https:\/\/jornalbeirario.com.br\/portal\/#\/schema\/person\/c6c423e4c2465d2a9233f6539173e7c1"},"headline":"Senado come\u00e7a sess\u00e3o do impeachment","datePublished":"2016-05-11T12:12:57+00:00","mainEntityOfPage":{"@id":"https:\/\/jornalbeirario.com.br\/portal\/?p=40502"},"wordCount":621,"commentCount":0,"publisher":{"@id":"https:\/\/jornalbeirario.com.br\/portal\/#organization"},"image":{"@id":"https:\/\/jornalbeirario.com.br\/portal\/?p=40502#primaryimage"},"thumbnailUrl":"https:\/\/jornalbeirario.com.br\/portal\/wp-content\/uploads\/2016\/05\/senado1.jpg","keywords":["dehoraemhora","manchete"],"articleSection":["Nacional","Pol\u00edtica"],"inLanguage":"pt-BR","potentialAction":[{"@type":"CommentAction","name":"Comment","target":["https:\/\/jornalbeirario.com.br\/portal\/?p=40502#respond"]}]},{"@type":"WebPage","@id":"https:\/\/jornalbeirario.com.br\/portal\/?p=40502","url":"https:\/\/jornalbeirario.com.br\/portal\/?p=40502","name":"Senado come\u00e7a sess\u00e3o do impeachment - JORNAL BEIRA RIO","isPartOf":{"@id":"https:\/\/jornalbeirario.com.br\/portal\/#website"},"primaryImageOfPage":{"@id":"https:\/\/jornalbeirario.com.br\/portal\/?p=40502#primaryimage"},"image":{"@id":"https:\/\/jornalbeirario.com.br\/portal\/?p=40502#primaryimage"},"thumbnailUrl":"https:\/\/jornalbeirario.com.br\/portal\/wp-content\/uploads\/2016\/05\/senado1.jpg","datePublished":"2016-05-11T12:12:57+00:00","breadcrumb":{"@id":"https:\/\/jornalbeirario.com.br\/portal\/?p=40502#breadcrumb"},"inLanguage":"pt-BR","potentialAction":[{"@type":"ReadAction","target":["https:\/\/jornalbeirario.com.br\/portal\/?p=40502"]}]},{"@type":"ImageObject","inLanguage":"pt-BR","@id":"https:\/\/jornalbeirario.com.br\/portal\/?p=40502#primaryimage","url":"https:\/\/jornalbeirario.com.br\/portal\/wp-content\/uploads\/2016\/05\/senado1.jpg","contentUrl":"https:\/\/jornalbeirario.com.br\/portal\/wp-content\/uploads\/2016\/05\/senado1.jpg","width":930,"height":350},{"@type":"BreadcrumbList","@id":"https:\/\/jornalbeirario.com.br\/portal\/?p=40502#breadcrumb","itemListElement":[{"@type":"ListItem","position":1,"name":"Home","item":"https:\/\/jornalbeirario.com.br\/portal"},{"@type":"ListItem","position":2,"name":"Senado come\u00e7a sess\u00e3o do impeachment"}]},{"@type":"WebSite","@id":"https:\/\/jornalbeirario.com.br\/portal\/#website","url":"https:\/\/jornalbeirario.com.br\/portal\/","name":"JORNAL BEIRA RIO","description":"","publisher":{"@id":"https:\/\/jornalbeirario.com.br\/portal\/#organization"},"potentialAction":[{"@type":"SearchAction","target":{"@type":"EntryPoint","urlTemplate":"https:\/\/jornalbeirario.com.br\/portal\/?s={search_term_string}"},"query-input":{"@type":"PropertyValueSpecification","valueRequired":true,"valueName":"search_term_string"}}],"inLanguage":"pt-BR"},{"@type":"Organization","@id":"https:\/\/jornalbeirario.com.br\/portal\/#organization","name":"JORNAL BEIRA RIO","url":"https:\/\/jornalbeirario.com.br\/portal\/","logo":{"@type":"ImageObject","inLanguage":"pt-BR","@id":"https:\/\/jornalbeirario.com.br\/portal\/#\/schema\/logo\/image\/","url":"https:\/\/jornalbeirario.com.br\/portal\/wp-content\/uploads\/2017\/09\/BEIRA-RIO_logo600.png","contentUrl":"https:\/\/jornalbeirario.com.br\/portal\/wp-content\/uploads\/2017\/09\/BEIRA-RIO_logo600.png","width":650,"height":108,"caption":"JORNAL BEIRA RIO"},"image":{"@id":"https:\/\/jornalbeirario.com.br\/portal\/#\/schema\/logo\/image\/"}},{"@type":"Person","@id":"https:\/\/jornalbeirario.com.br\/portal\/#\/schema\/person\/c6c423e4c2465d2a9233f6539173e7c1","name":"Jornal BEIRA-RIO","image":{"@type":"ImageObject","inLanguage":"pt-BR","@id":"https:\/\/jornalbeirario.com.br\/portal\/wp-content\/uploads\/2023\/10\/logojbr1.jpg","url":"https:\/\/jornalbeirario.com.br\/portal\/wp-content\/uploads\/2023\/10\/logojbr1.jpg","contentUrl":"https:\/\/jornalbeirario.com.br\/portal\/wp-content\/uploads\/2023\/10\/logojbr1.jpg","caption":"Jornal BEIRA-RIO"},"url":"https:\/\/jornalbeirario.com.br\/portal\/?author=1"}]}},"_links":{"self":[{"href":"https:\/\/jornalbeirario.com.br\/portal\/index.php?rest_route=\/wp\/v2\/posts\/40502","targetHints":{"allow":["GET"]}}],"collection":[{"href":"https:\/\/jornalbeirario.com.br\/portal\/index.php?rest_route=\/wp\/v2\/posts"}],"about":[{"href":"https:\/\/jornalbeirario.com.br\/portal\/index.php?rest_route=\/wp\/v2\/types\/post"}],"author":[{"embeddable":true,"href":"https:\/\/jornalbeirario.com.br\/portal\/index.php?rest_route=\/wp\/v2\/users\/1"}],"replies":[{"embeddable":true,"href":"https:\/\/jornalbeirario.com.br\/portal\/index.php?rest_route=%2Fwp%2Fv2%2Fcomments&post=40502"}],"version-history":[{"count":2,"href":"https:\/\/jornalbeirario.com.br\/portal\/index.php?rest_route=\/wp\/v2\/posts\/40502\/revisions"}],"predecessor-version":[{"id":40504,"href":"https:\/\/jornalbeirario.com.br\/portal\/index.php?rest_route=\/wp\/v2\/posts\/40502\/revisions\/40504"}],"wp:featuredmedia":[{"embeddable":true,"href":"https:\/\/jornalbeirario.com.br\/portal\/index.php?rest_route=\/wp\/v2\/media\/40449"}],"wp:attachment":[{"href":"https:\/\/jornalbeirario.com.br\/portal\/index.php?rest_route=%2Fwp%2Fv2%2Fmedia&parent=40502"}],"wp:term":[{"taxonomy":"category","embeddable":true,"href":"https:\/\/jornalbeirario.com.br\/portal\/index.php?rest_route=%2Fwp%2Fv2%2Fcategories&post=40502"},{"taxonomy":"post_tag","embeddable":true,"href":"https:\/\/jornalbeirario.com.br\/portal\/index.php?rest_route=%2Fwp%2Fv2%2Ftags&post=40502"}],"curies":[{"name":"wp","href":"https:\/\/api.w.org\/{rel}","templated":true}]}}