
{"id":40464,"date":"2016-05-10T15:51:43","date_gmt":"2016-05-10T15:51:43","guid":{"rendered":"http:\/\/jornalbeirario.com.br\/portal\/portal\/?p=40464"},"modified":"2016-05-10T16:07:29","modified_gmt":"2016-05-10T16:07:29","slug":"resende-vacinara-novamente-contra-gripe-h1n1-nesta-sexta-feira","status":"publish","type":"post","link":"https:\/\/jornalbeirario.com.br\/portal\/?p=40464","title":{"rendered":"Resende vacinar\u00e1 novamente contra gripe H1N1 nesta sexta-feira, dia 13"},"content":{"rendered":"<p style=\"text-align: justify;\"><a href=\"https:\/\/jornalbeirario.com.br\/portal\/wp-content\/uploads\/2016\/05\/vacinacao4.jpg\" rel=\"attachment wp-att-40467\"><img loading=\"lazy\" decoding=\"async\" class=\"alignleft size-medium wp-image-40467\" src=\"https:\/\/jornalbeirario.com.br\/portal\/wp-content\/uploads\/2016\/05\/vacinacao4-300x225.jpg\" alt=\"vacinacao4\" width=\"300\" height=\"225\" srcset=\"https:\/\/jornalbeirario.com.br\/portal\/wp-content\/uploads\/2016\/05\/vacinacao4-300x225.jpg 300w, https:\/\/jornalbeirario.com.br\/portal\/wp-content\/uploads\/2016\/05\/vacinacao4.jpg 640w\" sizes=\"auto, (max-width: 300px) 100vw, 300px\" \/><\/a>Nesta sexta-feira, dia 13, a Prefeitura de Resende retoma a Campanha de Vacina\u00e7\u00e3o contra Gripe para crian\u00e7as de seis meses at\u00e9 cinco anos de idade incompletos, pessoas a partir de 60 anos de idade e gestantes. Nesta etapa, foram disponibilizadas pela Secretaria de Estado de Sa\u00fade 4 mil doses para Resende.<\/p>\n<p style=\"text-align: justify;\">De acordo com a estrat\u00e9gia de imuniza\u00e7\u00e3o, as vacinas estar\u00e3o dispon\u00edveis nas unidades do Programa Sa\u00fade da Fam\u00edlia (PSF) apenas para moradores dos bairros atendidos pelo posto. J\u00e1 a popula\u00e7\u00e3o n\u00e3o atendida pelo PSF deve procurar a Policl\u00ednica do Manejo, a Unidade Mista da Cidade Alegria e o Posto Resende para se cadastrar at\u00e9 sexta-feira. No dia da vacina\u00e7\u00e3o, ser\u00e1 exigido tamb\u00e9m o cart\u00e3o SUS e comprovante de resid\u00eancia.<\/p>\n<p style=\"text-align: justify;\">Por isso, quem ainda n\u00e3o tem o cart\u00e3o SUS deve procurar as unidades de sa\u00fade para providenci\u00e1-lo. \u00c9 necess\u00e1rio apresentar comprovante de resid\u00eancia, identidade ou certid\u00e3o de nascimento e CPF. O documento fica pronto na hora.<\/p>\n<p style=\"text-align: justify;\">&#8211; Mudamos a estrat\u00e9gia para evitar que pessoas de outros munic\u00edpios venham vacinar em Resende. Al\u00e9m disso, percebemos que a cobertura da popula\u00e7\u00e3o de risco da \u00e1rea de PSF foi baixa e agora vamos intensificar a a\u00e7\u00e3o nesses bairros \u2013 explicou o secret\u00e1rio de Sa\u00fade, Daniel Brito.<\/p>\n<p style=\"text-align: justify;\">O restante do p\u00fablico-alvo da campanha, mulheres em p\u00f3s-parto (at\u00e9 45 dias), profissionais da sa\u00fade e portadores de doen\u00e7as cr\u00f4nicas ser\u00e3o imunizados a partir da pr\u00f3xima semana. A campanha segue at\u00e9 o dia 20 de maio, e a expectativa \u00e9 vacinar 30.258 pessoas.<\/p>\n<p style=\"text-align: justify;\">J\u00e1 foram enviadas ao munic\u00edpio 17.500 doses da vacina. At\u00e9 o momento, cerca de 50% do p\u00fablico-alvo j\u00e1 foram vacinados na campanha, que teve in\u00edcio em Resende no dia 19 de abril. A meta do Minist\u00e9rio da Sa\u00fade \u00e9 vacinar, pelo menos, 80% do grupo alvo, considerada de risco para complica\u00e7\u00f5es por gripe.<\/p>\n<p style=\"text-align: justify;\">ITATIAIA REALIZA VACINA\u00c7\u00c3O NESTA TER\u00c7A<br \/>\nNesta ter\u00e7a-feira, dia 10, todos os postos de sa\u00fade de Itatiaia est\u00e3o vacinando contra a gripe H1N1. Segundo a Secretaria de Sa\u00fade, o objetivo \u00e9 atingir a meta de 100% do p\u00fablico-alvo imunizado. Para receber a dose, o morador deve procurar a unidade de sa\u00fade referente ao seu bairro, at\u00e9 \u00e0s 17 horas e apresentar o cart\u00e3o de vacina\u00e7\u00e3o e o cart\u00e3o SUS.<\/p>\n<p style=\"text-align: justify;\"><em>Foto: Jorge Trindade\/PMR<\/em><\/p>\n<p style=\"text-align: justify;\"><em>Fonte: Assessoria de Comunica\u00e7\u00e3o (PMR) e Assessoria Especial de Comunica\u00e7\u00e3o (PMI)<\/em><\/p>\n","protected":false},"excerpt":{"rendered":"<p>Nesta sexta-feira, dia 13, a Prefeitura de Resende retoma a Campanha de Vacina\u00e7\u00e3o contra Gripe para crian\u00e7as de seis meses at\u00e9 cinco anos de<\/p>\n","protected":false},"author":1,"featured_media":40469,"comment_status":"open","ping_status":"open","sticky":false,"template":"","format":"standard","meta":{"pmpro_default_level":"","footnotes":""},"categories":[18],"tags":[155,153],"class_list":["post-40464","post","type-post","status-publish","format-standard","has-post-thumbnail","hentry","category-saude","tag-dehoraemhora","tag-manchete","pmpro-has-access"],"yoast_head":"<!-- This site is optimized with the Yoast SEO plugin v27.4 - https:\/\/yoast.com\/product\/yoast-seo-wordpress\/ -->\n<title>Resende vacinar\u00e1 novamente contra gripe H1N1 nesta sexta-feira, dia 13 - JORNAL BEIRA RIO<\/title>\n<meta name=\"robots\" content=\"index, follow, max-snippet:-1, max-image-preview:large, max-video-preview:-1\" \/>\n<link rel=\"canonical\" href=\"https:\/\/jornalbeirario.com.br\/portal\/?p=40464\" \/>\n<meta property=\"og:locale\" content=\"pt_BR\" \/>\n<meta property=\"og:type\" content=\"article\" \/>\n<meta property=\"og:title\" content=\"Resende vacinar\u00e1 novamente contra gripe H1N1 nesta sexta-feira, dia 13 - JORNAL BEIRA RIO\" \/>\n<meta property=\"og:description\" content=\"Nesta sexta-feira, dia 13, a Prefeitura de Resende retoma a Campanha de Vacina\u00e7\u00e3o contra Gripe para crian\u00e7as de seis meses at\u00e9 cinco anos de\" \/>\n<meta property=\"og:url\" content=\"https:\/\/jornalbeirario.com.br\/portal\/?p=40464\" \/>\n<meta property=\"og:site_name\" content=\"JORNAL BEIRA RIO\" \/>\n<meta property=\"article:published_time\" content=\"2016-05-10T15:51:43+00:00\" \/>\n<meta property=\"article:modified_time\" content=\"2016-05-10T16:07:29+00:00\" \/>\n<meta property=\"og:image\" content=\"https:\/\/jornalbeirario.com.br\/portal\/wp-content\/uploads\/2016\/05\/vacinacao3.jpg\" \/>\n\t<meta property=\"og:image:width\" content=\"930\" \/>\n\t<meta property=\"og:image:height\" content=\"350\" \/>\n\t<meta property=\"og:image:type\" content=\"image\/jpeg\" \/>\n<meta name=\"author\" content=\"Jornal BEIRA-RIO\" \/>\n<meta name=\"twitter:card\" content=\"summary_large_image\" \/>\n<meta name=\"twitter:label1\" content=\"Escrito por\" \/>\n\t<meta name=\"twitter:data1\" content=\"Jornal BEIRA-RIO\" \/>\n\t<meta name=\"twitter:label2\" content=\"Est. tempo de leitura\" \/>\n\t<meta name=\"twitter:data2\" content=\"2 minutos\" \/>\n<script type=\"application\/ld+json\" class=\"yoast-schema-graph\">{\"@context\":\"https:\\\/\\\/schema.org\",\"@graph\":[{\"@type\":\"Article\",\"@id\":\"https:\\\/\\\/jornalbeirario.com.br\\\/portal\\\/?p=40464#article\",\"isPartOf\":{\"@id\":\"https:\\\/\\\/jornalbeirario.com.br\\\/portal\\\/?p=40464\"},\"author\":{\"name\":\"Jornal BEIRA-RIO\",\"@id\":\"https:\\\/\\\/jornalbeirario.com.br\\\/portal\\\/#\\\/schema\\\/person\\\/c6c423e4c2465d2a9233f6539173e7c1\"},\"headline\":\"Resende vacinar\u00e1 novamente contra gripe H1N1 nesta sexta-feira, dia 13\",\"datePublished\":\"2016-05-10T15:51:43+00:00\",\"dateModified\":\"2016-05-10T16:07:29+00:00\",\"mainEntityOfPage\":{\"@id\":\"https:\\\/\\\/jornalbeirario.com.br\\\/portal\\\/?p=40464\"},\"wordCount\":431,\"commentCount\":0,\"publisher\":{\"@id\":\"https:\\\/\\\/jornalbeirario.com.br\\\/portal\\\/#organization\"},\"image\":{\"@id\":\"https:\\\/\\\/jornalbeirario.com.br\\\/portal\\\/?p=40464#primaryimage\"},\"thumbnailUrl\":\"https:\\\/\\\/jornalbeirario.com.br\\\/portal\\\/wp-content\\\/uploads\\\/2016\\\/05\\\/vacinacao3.jpg\",\"keywords\":[\"dehoraemhora\",\"manchete\"],\"articleSection\":[\"Sa\u00fade\"],\"inLanguage\":\"pt-BR\",\"potentialAction\":[{\"@type\":\"CommentAction\",\"name\":\"Comment\",\"target\":[\"https:\\\/\\\/jornalbeirario.com.br\\\/portal\\\/?p=40464#respond\"]}]},{\"@type\":\"WebPage\",\"@id\":\"https:\\\/\\\/jornalbeirario.com.br\\\/portal\\\/?p=40464\",\"url\":\"https:\\\/\\\/jornalbeirario.com.br\\\/portal\\\/?p=40464\",\"name\":\"Resende vacinar\u00e1 novamente contra gripe H1N1 nesta sexta-feira, dia 13 - JORNAL BEIRA RIO\",\"isPartOf\":{\"@id\":\"https:\\\/\\\/jornalbeirario.com.br\\\/portal\\\/#website\"},\"primaryImageOfPage\":{\"@id\":\"https:\\\/\\\/jornalbeirario.com.br\\\/portal\\\/?p=40464#primaryimage\"},\"image\":{\"@id\":\"https:\\\/\\\/jornalbeirario.com.br\\\/portal\\\/?p=40464#primaryimage\"},\"thumbnailUrl\":\"https:\\\/\\\/jornalbeirario.com.br\\\/portal\\\/wp-content\\\/uploads\\\/2016\\\/05\\\/vacinacao3.jpg\",\"datePublished\":\"2016-05-10T15:51:43+00:00\",\"dateModified\":\"2016-05-10T16:07:29+00:00\",\"breadcrumb\":{\"@id\":\"https:\\\/\\\/jornalbeirario.com.br\\\/portal\\\/?p=40464#breadcrumb\"},\"inLanguage\":\"pt-BR\",\"potentialAction\":[{\"@type\":\"ReadAction\",\"target\":[\"https:\\\/\\\/jornalbeirario.com.br\\\/portal\\\/?p=40464\"]}]},{\"@type\":\"ImageObject\",\"inLanguage\":\"pt-BR\",\"@id\":\"https:\\\/\\\/jornalbeirario.com.br\\\/portal\\\/?p=40464#primaryimage\",\"url\":\"https:\\\/\\\/jornalbeirario.com.br\\\/portal\\\/wp-content\\\/uploads\\\/2016\\\/05\\\/vacinacao3.jpg\",\"contentUrl\":\"https:\\\/\\\/jornalbeirario.com.br\\\/portal\\\/wp-content\\\/uploads\\\/2016\\\/05\\\/vacinacao3.jpg\",\"width\":930,\"height\":350},{\"@type\":\"BreadcrumbList\",\"@id\":\"https:\\\/\\\/jornalbeirario.com.br\\\/portal\\\/?p=40464#breadcrumb\",\"itemListElement\":[{\"@type\":\"ListItem\",\"position\":1,\"name\":\"Home\",\"item\":\"https:\\\/\\\/jornalbeirario.com.br\\\/portal\"},{\"@type\":\"ListItem\",\"position\":2,\"name\":\"Resende vacinar\u00e1 novamente contra gripe H1N1 nesta sexta-feira, dia 13\"}]},{\"@type\":\"WebSite\",\"@id\":\"https:\\\/\\\/jornalbeirario.com.br\\\/portal\\\/#website\",\"url\":\"https:\\\/\\\/jornalbeirario.com.br\\\/portal\\\/\",\"name\":\"JORNAL BEIRA RIO\",\"description\":\"\",\"publisher\":{\"@id\":\"https:\\\/\\\/jornalbeirario.com.br\\\/portal\\\/#organization\"},\"potentialAction\":[{\"@type\":\"SearchAction\",\"target\":{\"@type\":\"EntryPoint\",\"urlTemplate\":\"https:\\\/\\\/jornalbeirario.com.br\\\/portal\\\/?s={search_term_string}\"},\"query-input\":{\"@type\":\"PropertyValueSpecification\",\"valueRequired\":true,\"valueName\":\"search_term_string\"}}],\"inLanguage\":\"pt-BR\"},{\"@type\":\"Organization\",\"@id\":\"https:\\\/\\\/jornalbeirario.com.br\\\/portal\\\/#organization\",\"name\":\"JORNAL BEIRA RIO\",\"url\":\"https:\\\/\\\/jornalbeirario.com.br\\\/portal\\\/\",\"logo\":{\"@type\":\"ImageObject\",\"inLanguage\":\"pt-BR\",\"@id\":\"https:\\\/\\\/jornalbeirario.com.br\\\/portal\\\/#\\\/schema\\\/logo\\\/image\\\/\",\"url\":\"https:\\\/\\\/jornalbeirario.com.br\\\/portal\\\/wp-content\\\/uploads\\\/2017\\\/09\\\/BEIRA-RIO_logo600.png\",\"contentUrl\":\"https:\\\/\\\/jornalbeirario.com.br\\\/portal\\\/wp-content\\\/uploads\\\/2017\\\/09\\\/BEIRA-RIO_logo600.png\",\"width\":650,\"height\":108,\"caption\":\"JORNAL BEIRA RIO\"},\"image\":{\"@id\":\"https:\\\/\\\/jornalbeirario.com.br\\\/portal\\\/#\\\/schema\\\/logo\\\/image\\\/\"}},{\"@type\":\"Person\",\"@id\":\"https:\\\/\\\/jornalbeirario.com.br\\\/portal\\\/#\\\/schema\\\/person\\\/c6c423e4c2465d2a9233f6539173e7c1\",\"name\":\"Jornal BEIRA-RIO\",\"image\":{\"@type\":\"ImageObject\",\"inLanguage\":\"pt-BR\",\"@id\":\"https:\\\/\\\/jornalbeirario.com.br\\\/portal\\\/wp-content\\\/uploads\\\/2023\\\/10\\\/logojbr1.jpg\",\"url\":\"https:\\\/\\\/jornalbeirario.com.br\\\/portal\\\/wp-content\\\/uploads\\\/2023\\\/10\\\/logojbr1.jpg\",\"contentUrl\":\"https:\\\/\\\/jornalbeirario.com.br\\\/portal\\\/wp-content\\\/uploads\\\/2023\\\/10\\\/logojbr1.jpg\",\"caption\":\"Jornal BEIRA-RIO\"},\"url\":\"https:\\\/\\\/jornalbeirario.com.br\\\/portal\\\/?author=1\"}]}<\/script>\n<!-- \/ Yoast SEO plugin. -->","yoast_head_json":{"title":"Resende vacinar\u00e1 novamente contra gripe H1N1 nesta sexta-feira, dia 13 - JORNAL BEIRA RIO","robots":{"index":"index","follow":"follow","max-snippet":"max-snippet:-1","max-image-preview":"max-image-preview:large","max-video-preview":"max-video-preview:-1"},"canonical":"https:\/\/jornalbeirario.com.br\/portal\/?p=40464","og_locale":"pt_BR","og_type":"article","og_title":"Resende vacinar\u00e1 novamente contra gripe H1N1 nesta sexta-feira, dia 13 - JORNAL BEIRA RIO","og_description":"Nesta sexta-feira, dia 13, a Prefeitura de Resende retoma a Campanha de Vacina\u00e7\u00e3o contra Gripe para crian\u00e7as de seis meses at\u00e9 cinco anos de","og_url":"https:\/\/jornalbeirario.com.br\/portal\/?p=40464","og_site_name":"JORNAL BEIRA RIO","article_published_time":"2016-05-10T15:51:43+00:00","article_modified_time":"2016-05-10T16:07:29+00:00","og_image":[{"width":930,"height":350,"url":"https:\/\/jornalbeirario.com.br\/portal\/wp-content\/uploads\/2016\/05\/vacinacao3.jpg","type":"image\/jpeg"}],"author":"Jornal BEIRA-RIO","twitter_card":"summary_large_image","twitter_misc":{"Escrito por":"Jornal BEIRA-RIO","Est. tempo de leitura":"2 minutos"},"schema":{"@context":"https:\/\/schema.org","@graph":[{"@type":"Article","@id":"https:\/\/jornalbeirario.com.br\/portal\/?p=40464#article","isPartOf":{"@id":"https:\/\/jornalbeirario.com.br\/portal\/?p=40464"},"author":{"name":"Jornal BEIRA-RIO","@id":"https:\/\/jornalbeirario.com.br\/portal\/#\/schema\/person\/c6c423e4c2465d2a9233f6539173e7c1"},"headline":"Resende vacinar\u00e1 novamente contra gripe H1N1 nesta sexta-feira, dia 13","datePublished":"2016-05-10T15:51:43+00:00","dateModified":"2016-05-10T16:07:29+00:00","mainEntityOfPage":{"@id":"https:\/\/jornalbeirario.com.br\/portal\/?p=40464"},"wordCount":431,"commentCount":0,"publisher":{"@id":"https:\/\/jornalbeirario.com.br\/portal\/#organization"},"image":{"@id":"https:\/\/jornalbeirario.com.br\/portal\/?p=40464#primaryimage"},"thumbnailUrl":"https:\/\/jornalbeirario.com.br\/portal\/wp-content\/uploads\/2016\/05\/vacinacao3.jpg","keywords":["dehoraemhora","manchete"],"articleSection":["Sa\u00fade"],"inLanguage":"pt-BR","potentialAction":[{"@type":"CommentAction","name":"Comment","target":["https:\/\/jornalbeirario.com.br\/portal\/?p=40464#respond"]}]},{"@type":"WebPage","@id":"https:\/\/jornalbeirario.com.br\/portal\/?p=40464","url":"https:\/\/jornalbeirario.com.br\/portal\/?p=40464","name":"Resende vacinar\u00e1 novamente contra gripe H1N1 nesta sexta-feira, dia 13 - JORNAL BEIRA RIO","isPartOf":{"@id":"https:\/\/jornalbeirario.com.br\/portal\/#website"},"primaryImageOfPage":{"@id":"https:\/\/jornalbeirario.com.br\/portal\/?p=40464#primaryimage"},"image":{"@id":"https:\/\/jornalbeirario.com.br\/portal\/?p=40464#primaryimage"},"thumbnailUrl":"https:\/\/jornalbeirario.com.br\/portal\/wp-content\/uploads\/2016\/05\/vacinacao3.jpg","datePublished":"2016-05-10T15:51:43+00:00","dateModified":"2016-05-10T16:07:29+00:00","breadcrumb":{"@id":"https:\/\/jornalbeirario.com.br\/portal\/?p=40464#breadcrumb"},"inLanguage":"pt-BR","potentialAction":[{"@type":"ReadAction","target":["https:\/\/jornalbeirario.com.br\/portal\/?p=40464"]}]},{"@type":"ImageObject","inLanguage":"pt-BR","@id":"https:\/\/jornalbeirario.com.br\/portal\/?p=40464#primaryimage","url":"https:\/\/jornalbeirario.com.br\/portal\/wp-content\/uploads\/2016\/05\/vacinacao3.jpg","contentUrl":"https:\/\/jornalbeirario.com.br\/portal\/wp-content\/uploads\/2016\/05\/vacinacao3.jpg","width":930,"height":350},{"@type":"BreadcrumbList","@id":"https:\/\/jornalbeirario.com.br\/portal\/?p=40464#breadcrumb","itemListElement":[{"@type":"ListItem","position":1,"name":"Home","item":"https:\/\/jornalbeirario.com.br\/portal"},{"@type":"ListItem","position":2,"name":"Resende vacinar\u00e1 novamente contra gripe H1N1 nesta sexta-feira, dia 13"}]},{"@type":"WebSite","@id":"https:\/\/jornalbeirario.com.br\/portal\/#website","url":"https:\/\/jornalbeirario.com.br\/portal\/","name":"JORNAL BEIRA RIO","description":"","publisher":{"@id":"https:\/\/jornalbeirario.com.br\/portal\/#organization"},"potentialAction":[{"@type":"SearchAction","target":{"@type":"EntryPoint","urlTemplate":"https:\/\/jornalbeirario.com.br\/portal\/?s={search_term_string}"},"query-input":{"@type":"PropertyValueSpecification","valueRequired":true,"valueName":"search_term_string"}}],"inLanguage":"pt-BR"},{"@type":"Organization","@id":"https:\/\/jornalbeirario.com.br\/portal\/#organization","name":"JORNAL BEIRA RIO","url":"https:\/\/jornalbeirario.com.br\/portal\/","logo":{"@type":"ImageObject","inLanguage":"pt-BR","@id":"https:\/\/jornalbeirario.com.br\/portal\/#\/schema\/logo\/image\/","url":"https:\/\/jornalbeirario.com.br\/portal\/wp-content\/uploads\/2017\/09\/BEIRA-RIO_logo600.png","contentUrl":"https:\/\/jornalbeirario.com.br\/portal\/wp-content\/uploads\/2017\/09\/BEIRA-RIO_logo600.png","width":650,"height":108,"caption":"JORNAL BEIRA RIO"},"image":{"@id":"https:\/\/jornalbeirario.com.br\/portal\/#\/schema\/logo\/image\/"}},{"@type":"Person","@id":"https:\/\/jornalbeirario.com.br\/portal\/#\/schema\/person\/c6c423e4c2465d2a9233f6539173e7c1","name":"Jornal BEIRA-RIO","image":{"@type":"ImageObject","inLanguage":"pt-BR","@id":"https:\/\/jornalbeirario.com.br\/portal\/wp-content\/uploads\/2023\/10\/logojbr1.jpg","url":"https:\/\/jornalbeirario.com.br\/portal\/wp-content\/uploads\/2023\/10\/logojbr1.jpg","contentUrl":"https:\/\/jornalbeirario.com.br\/portal\/wp-content\/uploads\/2023\/10\/logojbr1.jpg","caption":"Jornal BEIRA-RIO"},"url":"https:\/\/jornalbeirario.com.br\/portal\/?author=1"}]}},"_links":{"self":[{"href":"https:\/\/jornalbeirario.com.br\/portal\/index.php?rest_route=\/wp\/v2\/posts\/40464","targetHints":{"allow":["GET"]}}],"collection":[{"href":"https:\/\/jornalbeirario.com.br\/portal\/index.php?rest_route=\/wp\/v2\/posts"}],"about":[{"href":"https:\/\/jornalbeirario.com.br\/portal\/index.php?rest_route=\/wp\/v2\/types\/post"}],"author":[{"embeddable":true,"href":"https:\/\/jornalbeirario.com.br\/portal\/index.php?rest_route=\/wp\/v2\/users\/1"}],"replies":[{"embeddable":true,"href":"https:\/\/jornalbeirario.com.br\/portal\/index.php?rest_route=%2Fwp%2Fv2%2Fcomments&post=40464"}],"version-history":[{"count":4,"href":"https:\/\/jornalbeirario.com.br\/portal\/index.php?rest_route=\/wp\/v2\/posts\/40464\/revisions"}],"predecessor-version":[{"id":40470,"href":"https:\/\/jornalbeirario.com.br\/portal\/index.php?rest_route=\/wp\/v2\/posts\/40464\/revisions\/40470"}],"wp:featuredmedia":[{"embeddable":true,"href":"https:\/\/jornalbeirario.com.br\/portal\/index.php?rest_route=\/wp\/v2\/media\/40469"}],"wp:attachment":[{"href":"https:\/\/jornalbeirario.com.br\/portal\/index.php?rest_route=%2Fwp%2Fv2%2Fmedia&parent=40464"}],"wp:term":[{"taxonomy":"category","embeddable":true,"href":"https:\/\/jornalbeirario.com.br\/portal\/index.php?rest_route=%2Fwp%2Fv2%2Fcategories&post=40464"},{"taxonomy":"post_tag","embeddable":true,"href":"https:\/\/jornalbeirario.com.br\/portal\/index.php?rest_route=%2Fwp%2Fv2%2Ftags&post=40464"}],"curies":[{"name":"wp","href":"https:\/\/api.w.org\/{rel}","templated":true}]}}