
{"id":40027,"date":"2016-04-30T17:21:19","date_gmt":"2016-04-30T17:21:19","guid":{"rendered":"http:\/\/jornalbeirario.com.br\/portal\/portal\/?p=40027"},"modified":"2016-04-30T17:21:19","modified_gmt":"2016-04-30T17:21:19","slug":"novo-programa-do-governo-preve-mudancas-em-regras-para-a-internet-fixa","status":"publish","type":"post","link":"https:\/\/jornalbeirario.com.br\/portal\/?p=40027","title":{"rendered":"Novo programa do governo prev\u00ea mudan\u00e7as em regras para a internet fixa"},"content":{"rendered":"<p style=\"text-align: justify;\">O programa Brasil Inteligente, que ser\u00e1 a nova vers\u00e3o do Programa Nacional de Banda Larga, ser\u00e1 lan\u00e7ado na quinta-feira, dia 5, e prev\u00ea mudan\u00e7as em regras do setor de telecomunica\u00e7\u00f5es, para garantir a oferta de internet sem franquia de dados.<\/p>\n<p style=\"text-align: justify;\">De acordo com o ministro das Comunica\u00e7\u00f5es, Andr\u00e9 Figueiredo, a Ag\u00eancia Nacional de Telecomunica\u00e7\u00f5es (Anatel) j\u00e1 est\u00e1 trabalhando na altera\u00e7\u00e3o do regulamento do Servi\u00e7o de Comunica\u00e7\u00e3o Multim\u00eddia, o que vai permitir que as operadoras ofere\u00e7am tanto planos de internet fixa ilimitada quanto franquias com limite de dados.<\/p>\n<p style=\"text-align: justify;\">Segundo o ministro, o governo n\u00e3o vai abrir m\u00e3o da oferta de banda larga fixa ilimitada.<\/p>\n<p style=\"text-align: justify;\">&#8211; Reafirmo minha determina\u00e7\u00e3o de defender intransigentemente a internet fixa ilimitada no Brasil, visando a garantir o direito de acesso a uma internet r\u00e1pida, eficiente e democr\u00e1tica &#8211; disse.<\/p>\n<p style=\"text-align: justify;\">Desde o in\u00edcio do ano, algumas operadoras que oferecem internet fixa anunciam que podem adotar o sistema de franquia para comercializa\u00e7\u00e3o dos novos planos de banda larga fixa. Na sexta-feira, dia 22,\u00a0a Anatel proibiu as operadoras de oferecer planos com franquia por tempo indeterminado, at\u00e9 que a quest\u00e3o seja analisada pelo Conselho Diretor da ag\u00eancia.<\/p>\n<p style=\"text-align: justify;\">A meta do Brasil Inteligente \u00e9 levar, at\u00e9 2018, fibra \u00f3tica para 70% dos munic\u00edpios, o que representa 95% da popula\u00e7\u00e3o brasileira. Outro foco do programa ser\u00e1 melhorar a qualidade da internet nas 128 mil escolas urbanas e rurais do pa\u00eds, por meio do programa Minha Escola Mais Inteligente, em parceria com o Minist\u00e9rio da Educa\u00e7\u00e3o.<\/p>\n<p style=\"text-align: justify;\">O objetivo \u00e9 assegurar uma velocidade m\u00e9dia de 78 megabits em todas as unidades at\u00e9 2020.<\/p>\n<p style=\"text-align: justify;\">Fonte: Ag\u00eancia Brasil.<\/p>\n","protected":false},"excerpt":{"rendered":"<p>O programa Brasil Inteligente, que ser\u00e1 a nova vers\u00e3o do Programa Nacional de Banda Larga, ser\u00e1 lan\u00e7ado na quinta-feira, dia 5, e prev\u00ea mudan\u00e7as<\/p>\n","protected":false},"author":1,"featured_media":0,"comment_status":"open","ping_status":"open","sticky":false,"template":"","format":"standard","meta":{"pmpro_default_level":"","footnotes":""},"categories":[35,11],"tags":[155],"class_list":["post-40027","post","type-post","status-publish","format-standard","hentry","category-nacional","category-politica","tag-dehoraemhora","pmpro-has-access"],"yoast_head":"<!-- This site is optimized with the Yoast SEO plugin v27.4 - https:\/\/yoast.com\/product\/yoast-seo-wordpress\/ -->\n<title>Novo programa do governo prev\u00ea mudan\u00e7as em regras para a internet fixa - JORNAL BEIRA RIO<\/title>\n<meta name=\"robots\" content=\"index, follow, max-snippet:-1, max-image-preview:large, max-video-preview:-1\" \/>\n<link rel=\"canonical\" href=\"https:\/\/jornalbeirario.com.br\/portal\/?p=40027\" \/>\n<meta property=\"og:locale\" content=\"pt_BR\" \/>\n<meta property=\"og:type\" content=\"article\" \/>\n<meta property=\"og:title\" content=\"Novo programa do governo prev\u00ea mudan\u00e7as em regras para a internet fixa - JORNAL BEIRA RIO\" \/>\n<meta property=\"og:description\" content=\"O programa Brasil Inteligente, que ser\u00e1 a nova vers\u00e3o do Programa Nacional de Banda Larga, ser\u00e1 lan\u00e7ado na quinta-feira, dia 5, e prev\u00ea mudan\u00e7as\" \/>\n<meta property=\"og:url\" content=\"https:\/\/jornalbeirario.com.br\/portal\/?p=40027\" \/>\n<meta property=\"og:site_name\" content=\"JORNAL BEIRA RIO\" \/>\n<meta property=\"article:published_time\" content=\"2016-04-30T17:21:19+00:00\" \/>\n<meta name=\"author\" content=\"Jornal BEIRA-RIO\" \/>\n<meta name=\"twitter:card\" content=\"summary_large_image\" \/>\n<meta name=\"twitter:label1\" content=\"Escrito por\" \/>\n\t<meta name=\"twitter:data1\" content=\"Jornal BEIRA-RIO\" \/>\n\t<meta name=\"twitter:label2\" content=\"Est. tempo de leitura\" \/>\n\t<meta name=\"twitter:data2\" content=\"1 minuto\" \/>\n<script type=\"application\/ld+json\" class=\"yoast-schema-graph\">{\"@context\":\"https:\\\/\\\/schema.org\",\"@graph\":[{\"@type\":\"Article\",\"@id\":\"https:\\\/\\\/jornalbeirario.com.br\\\/portal\\\/?p=40027#article\",\"isPartOf\":{\"@id\":\"https:\\\/\\\/jornalbeirario.com.br\\\/portal\\\/?p=40027\"},\"author\":{\"name\":\"Jornal BEIRA-RIO\",\"@id\":\"https:\\\/\\\/jornalbeirario.com.br\\\/portal\\\/#\\\/schema\\\/person\\\/c6c423e4c2465d2a9233f6539173e7c1\"},\"headline\":\"Novo programa do governo prev\u00ea mudan\u00e7as em regras para a internet fixa\",\"datePublished\":\"2016-04-30T17:21:19+00:00\",\"mainEntityOfPage\":{\"@id\":\"https:\\\/\\\/jornalbeirario.com.br\\\/portal\\\/?p=40027\"},\"wordCount\":294,\"commentCount\":0,\"publisher\":{\"@id\":\"https:\\\/\\\/jornalbeirario.com.br\\\/portal\\\/#organization\"},\"keywords\":[\"dehoraemhora\"],\"articleSection\":[\"Nacional\",\"Pol\u00edtica\"],\"inLanguage\":\"pt-BR\",\"potentialAction\":[{\"@type\":\"CommentAction\",\"name\":\"Comment\",\"target\":[\"https:\\\/\\\/jornalbeirario.com.br\\\/portal\\\/?p=40027#respond\"]}]},{\"@type\":\"WebPage\",\"@id\":\"https:\\\/\\\/jornalbeirario.com.br\\\/portal\\\/?p=40027\",\"url\":\"https:\\\/\\\/jornalbeirario.com.br\\\/portal\\\/?p=40027\",\"name\":\"Novo programa do governo prev\u00ea mudan\u00e7as em regras para a internet fixa - JORNAL BEIRA RIO\",\"isPartOf\":{\"@id\":\"https:\\\/\\\/jornalbeirario.com.br\\\/portal\\\/#website\"},\"datePublished\":\"2016-04-30T17:21:19+00:00\",\"breadcrumb\":{\"@id\":\"https:\\\/\\\/jornalbeirario.com.br\\\/portal\\\/?p=40027#breadcrumb\"},\"inLanguage\":\"pt-BR\",\"potentialAction\":[{\"@type\":\"ReadAction\",\"target\":[\"https:\\\/\\\/jornalbeirario.com.br\\\/portal\\\/?p=40027\"]}]},{\"@type\":\"BreadcrumbList\",\"@id\":\"https:\\\/\\\/jornalbeirario.com.br\\\/portal\\\/?p=40027#breadcrumb\",\"itemListElement\":[{\"@type\":\"ListItem\",\"position\":1,\"name\":\"Home\",\"item\":\"https:\\\/\\\/jornalbeirario.com.br\\\/portal\"},{\"@type\":\"ListItem\",\"position\":2,\"name\":\"Novo programa do governo prev\u00ea mudan\u00e7as em regras para a internet fixa\"}]},{\"@type\":\"WebSite\",\"@id\":\"https:\\\/\\\/jornalbeirario.com.br\\\/portal\\\/#website\",\"url\":\"https:\\\/\\\/jornalbeirario.com.br\\\/portal\\\/\",\"name\":\"JORNAL BEIRA RIO\",\"description\":\"\",\"publisher\":{\"@id\":\"https:\\\/\\\/jornalbeirario.com.br\\\/portal\\\/#organization\"},\"potentialAction\":[{\"@type\":\"SearchAction\",\"target\":{\"@type\":\"EntryPoint\",\"urlTemplate\":\"https:\\\/\\\/jornalbeirario.com.br\\\/portal\\\/?s={search_term_string}\"},\"query-input\":{\"@type\":\"PropertyValueSpecification\",\"valueRequired\":true,\"valueName\":\"search_term_string\"}}],\"inLanguage\":\"pt-BR\"},{\"@type\":\"Organization\",\"@id\":\"https:\\\/\\\/jornalbeirario.com.br\\\/portal\\\/#organization\",\"name\":\"JORNAL BEIRA RIO\",\"url\":\"https:\\\/\\\/jornalbeirario.com.br\\\/portal\\\/\",\"logo\":{\"@type\":\"ImageObject\",\"inLanguage\":\"pt-BR\",\"@id\":\"https:\\\/\\\/jornalbeirario.com.br\\\/portal\\\/#\\\/schema\\\/logo\\\/image\\\/\",\"url\":\"https:\\\/\\\/jornalbeirario.com.br\\\/portal\\\/wp-content\\\/uploads\\\/2017\\\/09\\\/BEIRA-RIO_logo600.png\",\"contentUrl\":\"https:\\\/\\\/jornalbeirario.com.br\\\/portal\\\/wp-content\\\/uploads\\\/2017\\\/09\\\/BEIRA-RIO_logo600.png\",\"width\":650,\"height\":108,\"caption\":\"JORNAL BEIRA RIO\"},\"image\":{\"@id\":\"https:\\\/\\\/jornalbeirario.com.br\\\/portal\\\/#\\\/schema\\\/logo\\\/image\\\/\"}},{\"@type\":\"Person\",\"@id\":\"https:\\\/\\\/jornalbeirario.com.br\\\/portal\\\/#\\\/schema\\\/person\\\/c6c423e4c2465d2a9233f6539173e7c1\",\"name\":\"Jornal BEIRA-RIO\",\"image\":{\"@type\":\"ImageObject\",\"inLanguage\":\"pt-BR\",\"@id\":\"https:\\\/\\\/jornalbeirario.com.br\\\/portal\\\/wp-content\\\/uploads\\\/2023\\\/10\\\/logojbr1.jpg\",\"url\":\"https:\\\/\\\/jornalbeirario.com.br\\\/portal\\\/wp-content\\\/uploads\\\/2023\\\/10\\\/logojbr1.jpg\",\"contentUrl\":\"https:\\\/\\\/jornalbeirario.com.br\\\/portal\\\/wp-content\\\/uploads\\\/2023\\\/10\\\/logojbr1.jpg\",\"caption\":\"Jornal BEIRA-RIO\"},\"url\":\"https:\\\/\\\/jornalbeirario.com.br\\\/portal\\\/?author=1\"}]}<\/script>\n<!-- \/ Yoast SEO plugin. -->","yoast_head_json":{"title":"Novo programa do governo prev\u00ea mudan\u00e7as em regras para a internet fixa - JORNAL BEIRA RIO","robots":{"index":"index","follow":"follow","max-snippet":"max-snippet:-1","max-image-preview":"max-image-preview:large","max-video-preview":"max-video-preview:-1"},"canonical":"https:\/\/jornalbeirario.com.br\/portal\/?p=40027","og_locale":"pt_BR","og_type":"article","og_title":"Novo programa do governo prev\u00ea mudan\u00e7as em regras para a internet fixa - JORNAL BEIRA RIO","og_description":"O programa Brasil Inteligente, que ser\u00e1 a nova vers\u00e3o do Programa Nacional de Banda Larga, ser\u00e1 lan\u00e7ado na quinta-feira, dia 5, e prev\u00ea mudan\u00e7as","og_url":"https:\/\/jornalbeirario.com.br\/portal\/?p=40027","og_site_name":"JORNAL BEIRA RIO","article_published_time":"2016-04-30T17:21:19+00:00","author":"Jornal BEIRA-RIO","twitter_card":"summary_large_image","twitter_misc":{"Escrito por":"Jornal BEIRA-RIO","Est. tempo de leitura":"1 minuto"},"schema":{"@context":"https:\/\/schema.org","@graph":[{"@type":"Article","@id":"https:\/\/jornalbeirario.com.br\/portal\/?p=40027#article","isPartOf":{"@id":"https:\/\/jornalbeirario.com.br\/portal\/?p=40027"},"author":{"name":"Jornal BEIRA-RIO","@id":"https:\/\/jornalbeirario.com.br\/portal\/#\/schema\/person\/c6c423e4c2465d2a9233f6539173e7c1"},"headline":"Novo programa do governo prev\u00ea mudan\u00e7as em regras para a internet fixa","datePublished":"2016-04-30T17:21:19+00:00","mainEntityOfPage":{"@id":"https:\/\/jornalbeirario.com.br\/portal\/?p=40027"},"wordCount":294,"commentCount":0,"publisher":{"@id":"https:\/\/jornalbeirario.com.br\/portal\/#organization"},"keywords":["dehoraemhora"],"articleSection":["Nacional","Pol\u00edtica"],"inLanguage":"pt-BR","potentialAction":[{"@type":"CommentAction","name":"Comment","target":["https:\/\/jornalbeirario.com.br\/portal\/?p=40027#respond"]}]},{"@type":"WebPage","@id":"https:\/\/jornalbeirario.com.br\/portal\/?p=40027","url":"https:\/\/jornalbeirario.com.br\/portal\/?p=40027","name":"Novo programa do governo prev\u00ea mudan\u00e7as em regras para a internet fixa - JORNAL BEIRA RIO","isPartOf":{"@id":"https:\/\/jornalbeirario.com.br\/portal\/#website"},"datePublished":"2016-04-30T17:21:19+00:00","breadcrumb":{"@id":"https:\/\/jornalbeirario.com.br\/portal\/?p=40027#breadcrumb"},"inLanguage":"pt-BR","potentialAction":[{"@type":"ReadAction","target":["https:\/\/jornalbeirario.com.br\/portal\/?p=40027"]}]},{"@type":"BreadcrumbList","@id":"https:\/\/jornalbeirario.com.br\/portal\/?p=40027#breadcrumb","itemListElement":[{"@type":"ListItem","position":1,"name":"Home","item":"https:\/\/jornalbeirario.com.br\/portal"},{"@type":"ListItem","position":2,"name":"Novo programa do governo prev\u00ea mudan\u00e7as em regras para a internet fixa"}]},{"@type":"WebSite","@id":"https:\/\/jornalbeirario.com.br\/portal\/#website","url":"https:\/\/jornalbeirario.com.br\/portal\/","name":"JORNAL BEIRA RIO","description":"","publisher":{"@id":"https:\/\/jornalbeirario.com.br\/portal\/#organization"},"potentialAction":[{"@type":"SearchAction","target":{"@type":"EntryPoint","urlTemplate":"https:\/\/jornalbeirario.com.br\/portal\/?s={search_term_string}"},"query-input":{"@type":"PropertyValueSpecification","valueRequired":true,"valueName":"search_term_string"}}],"inLanguage":"pt-BR"},{"@type":"Organization","@id":"https:\/\/jornalbeirario.com.br\/portal\/#organization","name":"JORNAL BEIRA RIO","url":"https:\/\/jornalbeirario.com.br\/portal\/","logo":{"@type":"ImageObject","inLanguage":"pt-BR","@id":"https:\/\/jornalbeirario.com.br\/portal\/#\/schema\/logo\/image\/","url":"https:\/\/jornalbeirario.com.br\/portal\/wp-content\/uploads\/2017\/09\/BEIRA-RIO_logo600.png","contentUrl":"https:\/\/jornalbeirario.com.br\/portal\/wp-content\/uploads\/2017\/09\/BEIRA-RIO_logo600.png","width":650,"height":108,"caption":"JORNAL BEIRA RIO"},"image":{"@id":"https:\/\/jornalbeirario.com.br\/portal\/#\/schema\/logo\/image\/"}},{"@type":"Person","@id":"https:\/\/jornalbeirario.com.br\/portal\/#\/schema\/person\/c6c423e4c2465d2a9233f6539173e7c1","name":"Jornal BEIRA-RIO","image":{"@type":"ImageObject","inLanguage":"pt-BR","@id":"https:\/\/jornalbeirario.com.br\/portal\/wp-content\/uploads\/2023\/10\/logojbr1.jpg","url":"https:\/\/jornalbeirario.com.br\/portal\/wp-content\/uploads\/2023\/10\/logojbr1.jpg","contentUrl":"https:\/\/jornalbeirario.com.br\/portal\/wp-content\/uploads\/2023\/10\/logojbr1.jpg","caption":"Jornal BEIRA-RIO"},"url":"https:\/\/jornalbeirario.com.br\/portal\/?author=1"}]}},"_links":{"self":[{"href":"https:\/\/jornalbeirario.com.br\/portal\/index.php?rest_route=\/wp\/v2\/posts\/40027","targetHints":{"allow":["GET"]}}],"collection":[{"href":"https:\/\/jornalbeirario.com.br\/portal\/index.php?rest_route=\/wp\/v2\/posts"}],"about":[{"href":"https:\/\/jornalbeirario.com.br\/portal\/index.php?rest_route=\/wp\/v2\/types\/post"}],"author":[{"embeddable":true,"href":"https:\/\/jornalbeirario.com.br\/portal\/index.php?rest_route=\/wp\/v2\/users\/1"}],"replies":[{"embeddable":true,"href":"https:\/\/jornalbeirario.com.br\/portal\/index.php?rest_route=%2Fwp%2Fv2%2Fcomments&post=40027"}],"version-history":[{"count":1,"href":"https:\/\/jornalbeirario.com.br\/portal\/index.php?rest_route=\/wp\/v2\/posts\/40027\/revisions"}],"predecessor-version":[{"id":40028,"href":"https:\/\/jornalbeirario.com.br\/portal\/index.php?rest_route=\/wp\/v2\/posts\/40027\/revisions\/40028"}],"wp:attachment":[{"href":"https:\/\/jornalbeirario.com.br\/portal\/index.php?rest_route=%2Fwp%2Fv2%2Fmedia&parent=40027"}],"wp:term":[{"taxonomy":"category","embeddable":true,"href":"https:\/\/jornalbeirario.com.br\/portal\/index.php?rest_route=%2Fwp%2Fv2%2Fcategories&post=40027"},{"taxonomy":"post_tag","embeddable":true,"href":"https:\/\/jornalbeirario.com.br\/portal\/index.php?rest_route=%2Fwp%2Fv2%2Ftags&post=40027"}],"curies":[{"name":"wp","href":"https:\/\/api.w.org\/{rel}","templated":true}]}}