
{"id":39890,"date":"2016-04-26T19:34:13","date_gmt":"2016-04-26T19:34:13","guid":{"rendered":"http:\/\/jornalbeirario.com.br\/portal\/portal\/?p=39890"},"modified":"2016-04-26T19:34:13","modified_gmt":"2016-04-26T19:34:13","slug":"eleicao-de-anastasia-gera-polemica-e-atrasa-sessao-da-comissao-do-impeachment","status":"publish","type":"post","link":"https:\/\/jornalbeirario.com.br\/portal\/?p=39890","title":{"rendered":"Elei\u00e7\u00e3o de Anastasia gera pol\u00eamica e atrasa sess\u00e3o da Comiss\u00e3o do Impeachment"},"content":{"rendered":"<p style=\"text-align: justify;\">Uma sess\u00e3o dominada por discuss\u00f5es acaloradas deu in\u00edcio hoje, dia 26, aos trabalhos da comiss\u00e3o especial que analisa o pedido de impeachment\u00a0da presidenta Dilma Rousseff no Senado. Como j\u00e1 havia sido acertado, o nome do senador Raimundo Lira (PB), indicado pelo PMDB, o partido de maior bancada na Casa, foi confirmado sem nenhuma contesta\u00e7\u00e3o de parlamentares de oposi\u00e7\u00e3o e do governo, segundo a Ag\u00eancia Brasil. Mesmo sendo do PMDB, aliados da presidenta consideram que o senador tem bom tr\u00e2nsito com todos e uma postura equilibrada.<\/p>\n<p style=\"text-align: justify;\">A pol\u00eamica de mais de duas horas ocorreu com a elei\u00e7\u00e3o do relator, senador Ant\u00f4nio Anastasia (PSDB-MG). A confirma\u00e7\u00e3o do nome do senador tucano, em vota\u00e7\u00e3o simb\u00f3lica, marcou a primeira grande derrota dos governistas na comiss\u00e3o, que conseguiram somar apenas cinco votos contr\u00e1rios. A indica\u00e7\u00e3o de Anastasia surgiu pela proporcionalidade de bancadas. De acordo com o crit\u00e9rio que definiu a composi\u00e7\u00e3o da comiss\u00e3o, a relatoria caberia ao Bloco Parlamentar da Oposi\u00e7\u00e3o (PSDB-DEM-PV).<\/p>\n<p style=\"text-align: justify;\">Anastasia agradeceu a vota\u00e7\u00e3o e afirmou que seguir\u00e1 o rito estabelecido pelo Supremo Tribunal Federal (STF), provocado no fim do ano passado pela C\u00e2mara dos Deputados, onde o processo come\u00e7ou a tramitar e foi aceito no dia 17 deste m\u00eas.<\/p>\n<p style=\"text-align: justify;\">&#8211; Conto com todos para este trabalho de grave responsabilidade e muito equil\u00edbrio, de modo que tenhamos um resultado nos prazos devidos &#8211;\u00a0afirmou.<\/p>\n<p style=\"text-align: justify;\">Antes da confirma\u00e7\u00e3o de Anastasia, senadores do PT se revezaram em argumentos contra a escolha do senador mineiro. Para a bancada petista, a posi\u00e7\u00e3o do PSDB,\u00a0maior partido de oposi\u00e7\u00e3o na Casa, \u00e9 conhecida e deveria ser motivo suficiente para o impedimento da escolha do tucano para a fun\u00e7\u00e3o. Duas quest\u00f5es de ordem foram apresentadas ainda na segunda-feira, dia 25, por senadoras aliadas da presidenta da Rep\u00fablica ao presidente do Senado, Renan Calheiros (PMDB-AL), no plen\u00e1rio da Casa. Renan recebeu as argumenta\u00e7\u00f5es, mas preferiu envi\u00e1-las \u00e0 comiss\u00e3o especial, onde acabaram rejeitadas pelo presidente Raimundo Lira.<\/p>\n<p style=\"text-align: justify;\">A senadora Gleisi Hoffmann (PT-PR) foi uma das que questionou a indica\u00e7\u00e3o do tucano para a fun\u00e7\u00e3o. Segundo ela, \u201ctodos sabem o resultado do processo\u201d, pois Anastasia j\u00e1 teria proferido, em ocasi\u00e3o anterior, a \u201cclara antecipa\u00e7\u00e3o de ju\u00edzo de valor sobre a culpa\u201d da presidenta Dilma.<\/p>\n<p style=\"text-align: justify;\">A outra quest\u00e3o de ordem derrotada partiu da senadora Vanessa Grazziotin (PCdoB-AM). Ela ponderou que o senador tucano poderia ser considerado autor do pedido de <em>impeachment<\/em>, uma vez que um dos respons\u00e1veis pela den\u00fancia \u00e9 o advogado Fl\u00e1vio Henrique Costa Pereira, coordenador jur\u00eddico nacional do PSDB.<\/p>\n<p style=\"text-align: justify;\">&#8211; N\u00e3o cabe a relatoria ao partido, que \u00e9 o pr\u00f3prio autor da den\u00fancia contra a presidenta da Rep\u00fablica &#8211;\u00a0reclamou.<\/p>\n<p style=\"text-align: justify;\">No in\u00edcio dos trabalhos de hoje, Vanessa apresentou uma terceira quest\u00e3o de ordem. Ela pediu que o nome de Pereira tamb\u00e9m fosse inclu\u00eddo entre os subscritores do pedido que culminou com a abertura do processo, ao lado dos advogados H\u00e9lio Bicudo, Miguel Reale J\u00fanior e Jana\u00edna Paschoal.<\/p>\n<p style=\"text-align: justify;\">O contraponto foi feito pelo senador C\u00e1ssio Cunha Lima (PB), l\u00edder do PSDB na Casa. Cunha Lima afirmou que Pereira \u00e9 advogado dos tr\u00eas autores e n\u00e3o subscritor. \u201c\u00c9 mais uma tentativa de, j\u00e1 no incio da sess\u00e3o, criar obst\u00e1culo e impedir o avan\u00e7o da investiga\u00e7\u00e3o com esse tipo de chicana\u201d, acrescentou.<\/p>\n<p>Fonte: Ag\u00eancia Brasil<\/p>\n","protected":false},"excerpt":{"rendered":"<p>Uma sess\u00e3o dominada por discuss\u00f5es acaloradas deu in\u00edcio hoje, dia 26, aos trabalhos da comiss\u00e3o especial que analisa o pedido de impeachment\u00a0da presidenta Dilma<\/p>\n","protected":false},"author":1,"featured_media":0,"comment_status":"open","ping_status":"open","sticky":false,"template":"","format":"standard","meta":{"pmpro_default_level":"","footnotes":"","_members_access_role":[],"_members_access_error":""},"categories":[35,11],"tags":[155],"class_list":["post-39890","post","type-post","status-publish","format-standard","hentry","category-nacional","category-politica","tag-dehoraemhora","pmpro-has-access"],"yoast_head":"<!-- This site is optimized with the Yoast SEO plugin v28.4 - https:\/\/yoast.com\/product\/yoast-seo-wordpress\/ -->\n<title>Elei\u00e7\u00e3o de Anastasia gera pol\u00eamica e atrasa sess\u00e3o da Comiss\u00e3o do Impeachment - JORNAL BEIRA RIO<\/title>\n<meta name=\"robots\" content=\"index, follow, max-snippet:-1, max-image-preview:large, max-video-preview:-1\" \/>\n<link rel=\"canonical\" href=\"https:\/\/jornalbeirario.com.br\/portal\/?p=39890\" \/>\n<meta property=\"og:locale\" content=\"pt_BR\" \/>\n<meta property=\"og:type\" content=\"article\" \/>\n<meta property=\"og:title\" content=\"Elei\u00e7\u00e3o de Anastasia gera pol\u00eamica e atrasa sess\u00e3o da Comiss\u00e3o do Impeachment - JORNAL BEIRA RIO\" \/>\n<meta property=\"og:description\" content=\"Uma sess\u00e3o dominada por discuss\u00f5es acaloradas deu in\u00edcio hoje, dia 26, aos trabalhos da comiss\u00e3o especial que analisa o pedido de impeachment\u00a0da presidenta Dilma\" \/>\n<meta property=\"og:url\" content=\"https:\/\/jornalbeirario.com.br\/portal\/?p=39890\" \/>\n<meta property=\"og:site_name\" content=\"JORNAL BEIRA RIO\" \/>\n<meta property=\"article:published_time\" content=\"2016-04-26T19:34:13+00:00\" \/>\n<meta name=\"author\" content=\"Jornal BEIRA-RIO\" \/>\n<meta name=\"twitter:card\" content=\"summary_large_image\" \/>\n<meta name=\"twitter:label1\" content=\"Escrito por\" \/>\n\t<meta name=\"twitter:data1\" content=\"Jornal BEIRA-RIO\" \/>\n\t<meta name=\"twitter:label2\" content=\"Est. tempo de leitura\" \/>\n\t<meta name=\"twitter:data2\" content=\"3 minutos\" \/>\n<script type=\"application\/ld+json\" class=\"yoast-schema-graph\">{\"@context\":\"https:\\\/\\\/schema.org\",\"@graph\":[{\"@type\":\"Article\",\"@id\":\"https:\\\/\\\/jornalbeirario.com.br\\\/portal\\\/?p=39890#article\",\"isPartOf\":{\"@id\":\"https:\\\/\\\/jornalbeirario.com.br\\\/portal\\\/?p=39890\"},\"author\":{\"name\":\"Jornal BEIRA-RIO\",\"@id\":\"https:\\\/\\\/jornalbeirario.com.br\\\/portal\\\/#\\\/schema\\\/person\\\/c6c423e4c2465d2a9233f6539173e7c1\"},\"headline\":\"Elei\u00e7\u00e3o de Anastasia gera pol\u00eamica e atrasa sess\u00e3o da Comiss\u00e3o do Impeachment\",\"datePublished\":\"2016-04-26T19:34:13+00:00\",\"mainEntityOfPage\":{\"@id\":\"https:\\\/\\\/jornalbeirario.com.br\\\/portal\\\/?p=39890\"},\"wordCount\":605,\"commentCount\":0,\"publisher\":{\"@id\":\"https:\\\/\\\/jornalbeirario.com.br\\\/portal\\\/#organization\"},\"keywords\":[\"dehoraemhora\"],\"articleSection\":[\"Nacional\",\"Pol\u00edtica\"],\"inLanguage\":\"pt-BR\",\"potentialAction\":[{\"@type\":\"CommentAction\",\"name\":\"Comment\",\"target\":[\"https:\\\/\\\/jornalbeirario.com.br\\\/portal\\\/?p=39890#respond\"]}]},{\"@type\":\"WebPage\",\"@id\":\"https:\\\/\\\/jornalbeirario.com.br\\\/portal\\\/?p=39890\",\"url\":\"https:\\\/\\\/jornalbeirario.com.br\\\/portal\\\/?p=39890\",\"name\":\"Elei\u00e7\u00e3o de Anastasia gera pol\u00eamica e atrasa sess\u00e3o da Comiss\u00e3o do Impeachment - JORNAL BEIRA RIO\",\"isPartOf\":{\"@id\":\"https:\\\/\\\/jornalbeirario.com.br\\\/portal\\\/#website\"},\"datePublished\":\"2016-04-26T19:34:13+00:00\",\"breadcrumb\":{\"@id\":\"https:\\\/\\\/jornalbeirario.com.br\\\/portal\\\/?p=39890#breadcrumb\"},\"inLanguage\":\"pt-BR\",\"potentialAction\":[{\"@type\":\"ReadAction\",\"target\":[\"https:\\\/\\\/jornalbeirario.com.br\\\/portal\\\/?p=39890\"]}]},{\"@type\":\"BreadcrumbList\",\"@id\":\"https:\\\/\\\/jornalbeirario.com.br\\\/portal\\\/?p=39890#breadcrumb\",\"itemListElement\":[{\"@type\":\"ListItem\",\"position\":1,\"name\":\"Home\",\"item\":\"https:\\\/\\\/jornalbeirario.com.br\\\/portal\"},{\"@type\":\"ListItem\",\"position\":2,\"name\":\"Elei\u00e7\u00e3o de Anastasia gera pol\u00eamica e atrasa sess\u00e3o da Comiss\u00e3o do Impeachment\"}]},{\"@type\":\"WebSite\",\"@id\":\"https:\\\/\\\/jornalbeirario.com.br\\\/portal\\\/#website\",\"url\":\"https:\\\/\\\/jornalbeirario.com.br\\\/portal\\\/\",\"name\":\"JORNAL BEIRA RIO\",\"description\":\"\",\"publisher\":{\"@id\":\"https:\\\/\\\/jornalbeirario.com.br\\\/portal\\\/#organization\"},\"potentialAction\":[{\"@type\":\"SearchAction\",\"target\":{\"@type\":\"EntryPoint\",\"urlTemplate\":\"https:\\\/\\\/jornalbeirario.com.br\\\/portal\\\/?s={search_term_string}\"},\"query-input\":{\"@type\":\"PropertyValueSpecification\",\"valueRequired\":true,\"valueName\":\"search_term_string\"}}],\"inLanguage\":\"pt-BR\"},{\"@type\":\"Organization\",\"@id\":\"https:\\\/\\\/jornalbeirario.com.br\\\/portal\\\/#organization\",\"name\":\"JORNAL BEIRA RIO\",\"url\":\"https:\\\/\\\/jornalbeirario.com.br\\\/portal\\\/\",\"logo\":{\"@type\":\"ImageObject\",\"inLanguage\":\"pt-BR\",\"@id\":\"https:\\\/\\\/jornalbeirario.com.br\\\/portal\\\/#\\\/schema\\\/logo\\\/image\\\/\",\"url\":\"https:\\\/\\\/jornalbeirario.com.br\\\/portal\\\/wp-content\\\/uploads\\\/2017\\\/09\\\/BEIRA-RIO_logo600.png\",\"contentUrl\":\"https:\\\/\\\/jornalbeirario.com.br\\\/portal\\\/wp-content\\\/uploads\\\/2017\\\/09\\\/BEIRA-RIO_logo600.png\",\"width\":650,\"height\":108,\"caption\":\"JORNAL BEIRA RIO\"},\"image\":{\"@id\":\"https:\\\/\\\/jornalbeirario.com.br\\\/portal\\\/#\\\/schema\\\/logo\\\/image\\\/\"}},{\"@type\":\"Person\",\"@id\":\"https:\\\/\\\/jornalbeirario.com.br\\\/portal\\\/#\\\/schema\\\/person\\\/c6c423e4c2465d2a9233f6539173e7c1\",\"name\":\"Jornal BEIRA-RIO\",\"image\":{\"@type\":\"ImageObject\",\"inLanguage\":\"pt-BR\",\"@id\":\"https:\\\/\\\/jornalbeirario.com.br\\\/portal\\\/wp-content\\\/uploads\\\/2023\\\/10\\\/logojbr1.jpg\",\"url\":\"https:\\\/\\\/jornalbeirario.com.br\\\/portal\\\/wp-content\\\/uploads\\\/2023\\\/10\\\/logojbr1.jpg\",\"contentUrl\":\"https:\\\/\\\/jornalbeirario.com.br\\\/portal\\\/wp-content\\\/uploads\\\/2023\\\/10\\\/logojbr1.jpg\",\"caption\":\"Jornal BEIRA-RIO\"},\"url\":\"https:\\\/\\\/jornalbeirario.com.br\\\/portal\\\/?author=1\"}]}<\/script>\n<!-- \/ Yoast SEO plugin. -->","yoast_head_json":{"title":"Elei\u00e7\u00e3o de Anastasia gera pol\u00eamica e atrasa sess\u00e3o da Comiss\u00e3o do Impeachment - JORNAL BEIRA RIO","robots":{"index":"index","follow":"follow","max-snippet":"max-snippet:-1","max-image-preview":"max-image-preview:large","max-video-preview":"max-video-preview:-1"},"canonical":"https:\/\/jornalbeirario.com.br\/portal\/?p=39890","og_locale":"pt_BR","og_type":"article","og_title":"Elei\u00e7\u00e3o de Anastasia gera pol\u00eamica e atrasa sess\u00e3o da Comiss\u00e3o do Impeachment - JORNAL BEIRA RIO","og_description":"Uma sess\u00e3o dominada por discuss\u00f5es acaloradas deu in\u00edcio hoje, dia 26, aos trabalhos da comiss\u00e3o especial que analisa o pedido de impeachment\u00a0da presidenta Dilma","og_url":"https:\/\/jornalbeirario.com.br\/portal\/?p=39890","og_site_name":"JORNAL BEIRA RIO","article_published_time":"2016-04-26T19:34:13+00:00","author":"Jornal BEIRA-RIO","twitter_card":"summary_large_image","twitter_misc":{"Escrito por":"Jornal BEIRA-RIO","Est. tempo de leitura":"3 minutos"},"schema":{"@context":"https:\/\/schema.org","@graph":[{"@type":"Article","@id":"https:\/\/jornalbeirario.com.br\/portal\/?p=39890#article","isPartOf":{"@id":"https:\/\/jornalbeirario.com.br\/portal\/?p=39890"},"author":{"name":"Jornal BEIRA-RIO","@id":"https:\/\/jornalbeirario.com.br\/portal\/#\/schema\/person\/c6c423e4c2465d2a9233f6539173e7c1"},"headline":"Elei\u00e7\u00e3o de Anastasia gera pol\u00eamica e atrasa sess\u00e3o da Comiss\u00e3o do Impeachment","datePublished":"2016-04-26T19:34:13+00:00","mainEntityOfPage":{"@id":"https:\/\/jornalbeirario.com.br\/portal\/?p=39890"},"wordCount":605,"commentCount":0,"publisher":{"@id":"https:\/\/jornalbeirario.com.br\/portal\/#organization"},"keywords":["dehoraemhora"],"articleSection":["Nacional","Pol\u00edtica"],"inLanguage":"pt-BR","potentialAction":[{"@type":"CommentAction","name":"Comment","target":["https:\/\/jornalbeirario.com.br\/portal\/?p=39890#respond"]}]},{"@type":"WebPage","@id":"https:\/\/jornalbeirario.com.br\/portal\/?p=39890","url":"https:\/\/jornalbeirario.com.br\/portal\/?p=39890","name":"Elei\u00e7\u00e3o de Anastasia gera pol\u00eamica e atrasa sess\u00e3o da Comiss\u00e3o do Impeachment - JORNAL BEIRA RIO","isPartOf":{"@id":"https:\/\/jornalbeirario.com.br\/portal\/#website"},"datePublished":"2016-04-26T19:34:13+00:00","breadcrumb":{"@id":"https:\/\/jornalbeirario.com.br\/portal\/?p=39890#breadcrumb"},"inLanguage":"pt-BR","potentialAction":[{"@type":"ReadAction","target":["https:\/\/jornalbeirario.com.br\/portal\/?p=39890"]}]},{"@type":"BreadcrumbList","@id":"https:\/\/jornalbeirario.com.br\/portal\/?p=39890#breadcrumb","itemListElement":[{"@type":"ListItem","position":1,"name":"Home","item":"https:\/\/jornalbeirario.com.br\/portal"},{"@type":"ListItem","position":2,"name":"Elei\u00e7\u00e3o de Anastasia gera pol\u00eamica e atrasa sess\u00e3o da Comiss\u00e3o do Impeachment"}]},{"@type":"WebSite","@id":"https:\/\/jornalbeirario.com.br\/portal\/#website","url":"https:\/\/jornalbeirario.com.br\/portal\/","name":"JORNAL BEIRA RIO","description":"","publisher":{"@id":"https:\/\/jornalbeirario.com.br\/portal\/#organization"},"potentialAction":[{"@type":"SearchAction","target":{"@type":"EntryPoint","urlTemplate":"https:\/\/jornalbeirario.com.br\/portal\/?s={search_term_string}"},"query-input":{"@type":"PropertyValueSpecification","valueRequired":true,"valueName":"search_term_string"}}],"inLanguage":"pt-BR"},{"@type":"Organization","@id":"https:\/\/jornalbeirario.com.br\/portal\/#organization","name":"JORNAL BEIRA RIO","url":"https:\/\/jornalbeirario.com.br\/portal\/","logo":{"@type":"ImageObject","inLanguage":"pt-BR","@id":"https:\/\/jornalbeirario.com.br\/portal\/#\/schema\/logo\/image\/","url":"https:\/\/jornalbeirario.com.br\/portal\/wp-content\/uploads\/2017\/09\/BEIRA-RIO_logo600.png","contentUrl":"https:\/\/jornalbeirario.com.br\/portal\/wp-content\/uploads\/2017\/09\/BEIRA-RIO_logo600.png","width":650,"height":108,"caption":"JORNAL BEIRA RIO"},"image":{"@id":"https:\/\/jornalbeirario.com.br\/portal\/#\/schema\/logo\/image\/"}},{"@type":"Person","@id":"https:\/\/jornalbeirario.com.br\/portal\/#\/schema\/person\/c6c423e4c2465d2a9233f6539173e7c1","name":"Jornal BEIRA-RIO","image":{"@type":"ImageObject","inLanguage":"pt-BR","@id":"https:\/\/jornalbeirario.com.br\/portal\/wp-content\/uploads\/2023\/10\/logojbr1.jpg","url":"https:\/\/jornalbeirario.com.br\/portal\/wp-content\/uploads\/2023\/10\/logojbr1.jpg","contentUrl":"https:\/\/jornalbeirario.com.br\/portal\/wp-content\/uploads\/2023\/10\/logojbr1.jpg","caption":"Jornal BEIRA-RIO"},"url":"https:\/\/jornalbeirario.com.br\/portal\/?author=1"}]}},"_links":{"self":[{"href":"https:\/\/jornalbeirario.com.br\/portal\/index.php?rest_route=\/wp\/v2\/posts\/39890","targetHints":{"allow":["GET"]}}],"collection":[{"href":"https:\/\/jornalbeirario.com.br\/portal\/index.php?rest_route=\/wp\/v2\/posts"}],"about":[{"href":"https:\/\/jornalbeirario.com.br\/portal\/index.php?rest_route=\/wp\/v2\/types\/post"}],"author":[{"embeddable":true,"href":"https:\/\/jornalbeirario.com.br\/portal\/index.php?rest_route=\/wp\/v2\/users\/1"}],"replies":[{"embeddable":true,"href":"https:\/\/jornalbeirario.com.br\/portal\/index.php?rest_route=%2Fwp%2Fv2%2Fcomments&post=39890"}],"version-history":[{"count":1,"href":"https:\/\/jornalbeirario.com.br\/portal\/index.php?rest_route=\/wp\/v2\/posts\/39890\/revisions"}],"predecessor-version":[{"id":39891,"href":"https:\/\/jornalbeirario.com.br\/portal\/index.php?rest_route=\/wp\/v2\/posts\/39890\/revisions\/39891"}],"wp:attachment":[{"href":"https:\/\/jornalbeirario.com.br\/portal\/index.php?rest_route=%2Fwp%2Fv2%2Fmedia&parent=39890"}],"wp:term":[{"taxonomy":"category","embeddable":true,"href":"https:\/\/jornalbeirario.com.br\/portal\/index.php?rest_route=%2Fwp%2Fv2%2Fcategories&post=39890"},{"taxonomy":"post_tag","embeddable":true,"href":"https:\/\/jornalbeirario.com.br\/portal\/index.php?rest_route=%2Fwp%2Fv2%2Ftags&post=39890"}],"curies":[{"name":"wp","href":"https:\/\/api.w.org\/{rel}","templated":true}]}}