
{"id":39742,"date":"2016-04-22T13:31:49","date_gmt":"2016-04-22T13:31:49","guid":{"rendered":"http:\/\/jornalbeirario.com.br\/portal\/portal\/?p=39742"},"modified":"2016-04-22T13:31:49","modified_gmt":"2016-04-22T13:31:49","slug":"domingo-foi-um-dia-em-que-a-nacao-brasileira-se-sentiu-profundamente-envergonhada","status":"publish","type":"post","link":"https:\/\/jornalbeirario.com.br\/portal\/?p=39742","title":{"rendered":"Domingo foi um dia em que a na\u00e7\u00e3o brasileira se sentiu profundamente envergonhada"},"content":{"rendered":"<p style=\"text-align: justify;\">Domingo foi um dia em que a na\u00e7\u00e3o brasileira se sentiu profundamente envergonhada. Independentemente da posi\u00e7\u00e3o em rela\u00e7\u00e3o ao pedido de impeachment da presidenta Dilma, ou seja, ser a favor ou contra, foi unanime a perplexidade que atingiu a popula\u00e7\u00e3o ap\u00f3s assistirem \u00e0 sess\u00e3o na c\u00e2mara dos deputados. Para come\u00e7ar, nenhum deles respeitou o limite de tempo destinado ao voto que seria de dez segundos. Ao se aproximarem do microfone, o que se ouviu foi um show de horrores, um espet\u00e1culo de aberra\u00e7\u00f5es que explicitou o esc\u00e1rnio que sab\u00edamos ser constitu\u00edda a pol\u00edtica brasileira.<\/p>\n<p style=\"text-align: justify;\">As c\u00e2meras do mundo todo que estavam voltadas para esse importante momento pol\u00edtico puderam registrar a ignor\u00e2ncia, a falta de postura, a falta de objetividade pol\u00edtica e de interesses pelo bem da coletividade expl\u00edcitas no discurso de quem \u00e9 eleito pelo povo brasileiro e em seu nome exerce o poder. Uma vergonha. Uma vergonha! Me matou saber que cada um deles s\u00f3 estava l\u00e1 porque o povo brasileiro o elegeu. Eles chegaram ao microfone pelo voto direto.<\/p>\n<p style=\"text-align: justify;\">E o que nos restou de li\u00e7\u00e3o \u00e9 constatar que n\u00e3o sabemos votar, que nossos parlamentares n\u00e3o representam ningu\u00e9m al\u00e9m de suas fam\u00edlias e igrejas. Ali\u00e1s, representa\u00e7\u00e3o nesse caso nunca \u00e9 exatamente o que se espera, pois vem impregnada de interesses de empresas, grupos religiosos e muito dinheiro nas campanhas. Espero, sinceramente, que as pessoas aprendam que o voto \u00e9 um instrumento conquistado arduamente pelo Estado de Direito e que n\u00e3o podemos abrir m\u00e3o dele. Que \u00e9 uma coisa muito s\u00e9ria e que eleger nossos representantes deve significar, por defini\u00e7\u00e3o e ideologia, a representatividade legitimada dos nossos anseios e dos nossos ideais de democracia e civilidade, justi\u00e7a e bem-estar.<\/p>\n<p style=\"text-align: justify;\">Consigo entender que as pessoas da sociedade civil que pediram pelo impeachment da Presidenta Dilma &#8211; embora continue achando que \u00e9 golpe, essa \u00e9 minha opini\u00e3o \u2013 tinham as melhores das inten\u00e7\u00f5es e que o que procuram \u00e9 um pa\u00eds \u00e9tico e justo. Que est\u00e3o fartas de ouvirem falar em roubalheiras e corrup\u00e7\u00f5es, impunidade e injusti\u00e7as.<\/p>\n<p style=\"text-align: justify;\">O que n\u00e3o consigo entender \u00e9 que nosso povo n\u00e3o consiga abrir os olhos e enxergar que continuam legitimando farsantes e corruptos, que voto de protesto \u00e9 a pior coisa que podem fazer assim como anular esse direito ou votar em branco.<\/p>\n<p style=\"text-align: justify;\">Pensem muito bem em quem vai votar. Essa pessoa precisa trabalhar para a sua sociedade, para o seu pa\u00eds e para a na\u00e7\u00e3o brasileira. Ela vai receber um sal\u00e1rio pago pelo seu bolso e vai ficar, ao menos por quatro anos, onde voc\u00ea o colocar.<\/p>\n<p style=\"text-align: justify;\">O sonho de um Brasil melhor me move e a esperan\u00e7a ut\u00f3pica de que seremos um dia maduros politicamente se transforma em um horizonte que me faz caminhar e seguir em frente.<\/p>\n<p style=\"text-align: justify;\"><em>\u00c2ngela Alhanati<\/em><br \/>\n<em>contato@angelaalhanati.com.br<\/em><br \/>\n<em>Livre pensadora exercendo seu direito \u00e0 reflex\u00e3o<\/em><\/p>\n","protected":false},"excerpt":{"rendered":"<p>Domingo foi um dia em que a na\u00e7\u00e3o brasileira se sentiu profundamente envergonhada. Independentemente da posi\u00e7\u00e3o em rela\u00e7\u00e3o ao pedido de impeachment da presidenta<\/p>\n","protected":false},"author":191,"featured_media":0,"comment_status":"open","ping_status":"open","sticky":false,"template":"","format":"standard","meta":{"pmpro_default_level":"","footnotes":""},"categories":[181],"tags":[155],"class_list":["post-39742","post","type-post","status-publish","format-standard","hentry","category-colunistas","tag-dehoraemhora","pmpro-has-access"],"yoast_head":"<!-- This site is optimized with the Yoast SEO plugin v27.4 - https:\/\/yoast.com\/product\/yoast-seo-wordpress\/ -->\n<title>Domingo foi um dia em que a na\u00e7\u00e3o brasileira se sentiu profundamente envergonhada - JORNAL BEIRA RIO<\/title>\n<meta name=\"robots\" content=\"index, follow, max-snippet:-1, max-image-preview:large, max-video-preview:-1\" \/>\n<link rel=\"canonical\" href=\"https:\/\/jornalbeirario.com.br\/portal\/?p=39742\" \/>\n<meta property=\"og:locale\" content=\"pt_BR\" \/>\n<meta property=\"og:type\" content=\"article\" \/>\n<meta property=\"og:title\" content=\"Domingo foi um dia em que a na\u00e7\u00e3o brasileira se sentiu profundamente envergonhada - JORNAL BEIRA RIO\" \/>\n<meta property=\"og:description\" content=\"Domingo foi um dia em que a na\u00e7\u00e3o brasileira se sentiu profundamente envergonhada. Independentemente da posi\u00e7\u00e3o em rela\u00e7\u00e3o ao pedido de impeachment da presidenta\" \/>\n<meta property=\"og:url\" content=\"https:\/\/jornalbeirario.com.br\/portal\/?p=39742\" \/>\n<meta property=\"og:site_name\" content=\"JORNAL BEIRA RIO\" \/>\n<meta property=\"article:published_time\" content=\"2016-04-22T13:31:49+00:00\" \/>\n<meta name=\"author\" content=\"Ana L\u00facia\" \/>\n<meta name=\"twitter:card\" content=\"summary_large_image\" \/>\n<meta name=\"twitter:label1\" content=\"Escrito por\" \/>\n\t<meta name=\"twitter:data1\" content=\"Ana L\u00facia\" \/>\n\t<meta name=\"twitter:label2\" content=\"Est. tempo de leitura\" \/>\n\t<meta name=\"twitter:data2\" content=\"3 minutos\" \/>\n<script type=\"application\/ld+json\" class=\"yoast-schema-graph\">{\"@context\":\"https:\\\/\\\/schema.org\",\"@graph\":[{\"@type\":\"Article\",\"@id\":\"https:\\\/\\\/jornalbeirario.com.br\\\/portal\\\/?p=39742#article\",\"isPartOf\":{\"@id\":\"https:\\\/\\\/jornalbeirario.com.br\\\/portal\\\/?p=39742\"},\"author\":{\"name\":\"Ana L\u00facia\",\"@id\":\"https:\\\/\\\/jornalbeirario.com.br\\\/portal\\\/#\\\/schema\\\/person\\\/3d11883a3e35d9ee1dbdeaa18c900bd1\"},\"headline\":\"Domingo foi um dia em que a na\u00e7\u00e3o brasileira se sentiu profundamente envergonhada\",\"datePublished\":\"2016-04-22T13:31:49+00:00\",\"mainEntityOfPage\":{\"@id\":\"https:\\\/\\\/jornalbeirario.com.br\\\/portal\\\/?p=39742\"},\"wordCount\":515,\"commentCount\":1,\"publisher\":{\"@id\":\"https:\\\/\\\/jornalbeirario.com.br\\\/portal\\\/#organization\"},\"keywords\":[\"dehoraemhora\"],\"articleSection\":[\"Colunistas\"],\"inLanguage\":\"pt-BR\",\"potentialAction\":[{\"@type\":\"CommentAction\",\"name\":\"Comment\",\"target\":[\"https:\\\/\\\/jornalbeirario.com.br\\\/portal\\\/?p=39742#respond\"]}]},{\"@type\":\"WebPage\",\"@id\":\"https:\\\/\\\/jornalbeirario.com.br\\\/portal\\\/?p=39742\",\"url\":\"https:\\\/\\\/jornalbeirario.com.br\\\/portal\\\/?p=39742\",\"name\":\"Domingo foi um dia em que a na\u00e7\u00e3o brasileira se sentiu profundamente envergonhada - JORNAL BEIRA RIO\",\"isPartOf\":{\"@id\":\"https:\\\/\\\/jornalbeirario.com.br\\\/portal\\\/#website\"},\"datePublished\":\"2016-04-22T13:31:49+00:00\",\"breadcrumb\":{\"@id\":\"https:\\\/\\\/jornalbeirario.com.br\\\/portal\\\/?p=39742#breadcrumb\"},\"inLanguage\":\"pt-BR\",\"potentialAction\":[{\"@type\":\"ReadAction\",\"target\":[\"https:\\\/\\\/jornalbeirario.com.br\\\/portal\\\/?p=39742\"]}]},{\"@type\":\"BreadcrumbList\",\"@id\":\"https:\\\/\\\/jornalbeirario.com.br\\\/portal\\\/?p=39742#breadcrumb\",\"itemListElement\":[{\"@type\":\"ListItem\",\"position\":1,\"name\":\"Home\",\"item\":\"https:\\\/\\\/jornalbeirario.com.br\\\/portal\"},{\"@type\":\"ListItem\",\"position\":2,\"name\":\"Domingo foi um dia em que a na\u00e7\u00e3o brasileira se sentiu profundamente envergonhada\"}]},{\"@type\":\"WebSite\",\"@id\":\"https:\\\/\\\/jornalbeirario.com.br\\\/portal\\\/#website\",\"url\":\"https:\\\/\\\/jornalbeirario.com.br\\\/portal\\\/\",\"name\":\"JORNAL BEIRA RIO\",\"description\":\"\",\"publisher\":{\"@id\":\"https:\\\/\\\/jornalbeirario.com.br\\\/portal\\\/#organization\"},\"potentialAction\":[{\"@type\":\"SearchAction\",\"target\":{\"@type\":\"EntryPoint\",\"urlTemplate\":\"https:\\\/\\\/jornalbeirario.com.br\\\/portal\\\/?s={search_term_string}\"},\"query-input\":{\"@type\":\"PropertyValueSpecification\",\"valueRequired\":true,\"valueName\":\"search_term_string\"}}],\"inLanguage\":\"pt-BR\"},{\"@type\":\"Organization\",\"@id\":\"https:\\\/\\\/jornalbeirario.com.br\\\/portal\\\/#organization\",\"name\":\"JORNAL BEIRA RIO\",\"url\":\"https:\\\/\\\/jornalbeirario.com.br\\\/portal\\\/\",\"logo\":{\"@type\":\"ImageObject\",\"inLanguage\":\"pt-BR\",\"@id\":\"https:\\\/\\\/jornalbeirario.com.br\\\/portal\\\/#\\\/schema\\\/logo\\\/image\\\/\",\"url\":\"https:\\\/\\\/jornalbeirario.com.br\\\/portal\\\/wp-content\\\/uploads\\\/2017\\\/09\\\/BEIRA-RIO_logo600.png\",\"contentUrl\":\"https:\\\/\\\/jornalbeirario.com.br\\\/portal\\\/wp-content\\\/uploads\\\/2017\\\/09\\\/BEIRA-RIO_logo600.png\",\"width\":650,\"height\":108,\"caption\":\"JORNAL BEIRA RIO\"},\"image\":{\"@id\":\"https:\\\/\\\/jornalbeirario.com.br\\\/portal\\\/#\\\/schema\\\/logo\\\/image\\\/\"}},{\"@type\":\"Person\",\"@id\":\"https:\\\/\\\/jornalbeirario.com.br\\\/portal\\\/#\\\/schema\\\/person\\\/3d11883a3e35d9ee1dbdeaa18c900bd1\",\"name\":\"Ana L\u00facia\",\"image\":{\"@type\":\"ImageObject\",\"inLanguage\":\"pt-BR\",\"@id\":\"https:\\\/\\\/jornalbeirario.com.br\\\/portal\\\/wp-content\\\/uploads\\\/2023\\\/01\\\/eu-eu.jpg\",\"url\":\"https:\\\/\\\/jornalbeirario.com.br\\\/portal\\\/wp-content\\\/uploads\\\/2023\\\/01\\\/eu-eu.jpg\",\"contentUrl\":\"https:\\\/\\\/jornalbeirario.com.br\\\/portal\\\/wp-content\\\/uploads\\\/2023\\\/01\\\/eu-eu.jpg\",\"caption\":\"Ana L\u00facia\"},\"url\":\"https:\\\/\\\/jornalbeirario.com.br\\\/portal\\\/?author=191\"}]}<\/script>\n<!-- \/ Yoast SEO plugin. -->","yoast_head_json":{"title":"Domingo foi um dia em que a na\u00e7\u00e3o brasileira se sentiu profundamente envergonhada - JORNAL BEIRA RIO","robots":{"index":"index","follow":"follow","max-snippet":"max-snippet:-1","max-image-preview":"max-image-preview:large","max-video-preview":"max-video-preview:-1"},"canonical":"https:\/\/jornalbeirario.com.br\/portal\/?p=39742","og_locale":"pt_BR","og_type":"article","og_title":"Domingo foi um dia em que a na\u00e7\u00e3o brasileira se sentiu profundamente envergonhada - JORNAL BEIRA RIO","og_description":"Domingo foi um dia em que a na\u00e7\u00e3o brasileira se sentiu profundamente envergonhada. Independentemente da posi\u00e7\u00e3o em rela\u00e7\u00e3o ao pedido de impeachment da presidenta","og_url":"https:\/\/jornalbeirario.com.br\/portal\/?p=39742","og_site_name":"JORNAL BEIRA RIO","article_published_time":"2016-04-22T13:31:49+00:00","author":"Ana L\u00facia","twitter_card":"summary_large_image","twitter_misc":{"Escrito por":"Ana L\u00facia","Est. tempo de leitura":"3 minutos"},"schema":{"@context":"https:\/\/schema.org","@graph":[{"@type":"Article","@id":"https:\/\/jornalbeirario.com.br\/portal\/?p=39742#article","isPartOf":{"@id":"https:\/\/jornalbeirario.com.br\/portal\/?p=39742"},"author":{"name":"Ana L\u00facia","@id":"https:\/\/jornalbeirario.com.br\/portal\/#\/schema\/person\/3d11883a3e35d9ee1dbdeaa18c900bd1"},"headline":"Domingo foi um dia em que a na\u00e7\u00e3o brasileira se sentiu profundamente envergonhada","datePublished":"2016-04-22T13:31:49+00:00","mainEntityOfPage":{"@id":"https:\/\/jornalbeirario.com.br\/portal\/?p=39742"},"wordCount":515,"commentCount":1,"publisher":{"@id":"https:\/\/jornalbeirario.com.br\/portal\/#organization"},"keywords":["dehoraemhora"],"articleSection":["Colunistas"],"inLanguage":"pt-BR","potentialAction":[{"@type":"CommentAction","name":"Comment","target":["https:\/\/jornalbeirario.com.br\/portal\/?p=39742#respond"]}]},{"@type":"WebPage","@id":"https:\/\/jornalbeirario.com.br\/portal\/?p=39742","url":"https:\/\/jornalbeirario.com.br\/portal\/?p=39742","name":"Domingo foi um dia em que a na\u00e7\u00e3o brasileira se sentiu profundamente envergonhada - JORNAL BEIRA RIO","isPartOf":{"@id":"https:\/\/jornalbeirario.com.br\/portal\/#website"},"datePublished":"2016-04-22T13:31:49+00:00","breadcrumb":{"@id":"https:\/\/jornalbeirario.com.br\/portal\/?p=39742#breadcrumb"},"inLanguage":"pt-BR","potentialAction":[{"@type":"ReadAction","target":["https:\/\/jornalbeirario.com.br\/portal\/?p=39742"]}]},{"@type":"BreadcrumbList","@id":"https:\/\/jornalbeirario.com.br\/portal\/?p=39742#breadcrumb","itemListElement":[{"@type":"ListItem","position":1,"name":"Home","item":"https:\/\/jornalbeirario.com.br\/portal"},{"@type":"ListItem","position":2,"name":"Domingo foi um dia em que a na\u00e7\u00e3o brasileira se sentiu profundamente envergonhada"}]},{"@type":"WebSite","@id":"https:\/\/jornalbeirario.com.br\/portal\/#website","url":"https:\/\/jornalbeirario.com.br\/portal\/","name":"JORNAL BEIRA RIO","description":"","publisher":{"@id":"https:\/\/jornalbeirario.com.br\/portal\/#organization"},"potentialAction":[{"@type":"SearchAction","target":{"@type":"EntryPoint","urlTemplate":"https:\/\/jornalbeirario.com.br\/portal\/?s={search_term_string}"},"query-input":{"@type":"PropertyValueSpecification","valueRequired":true,"valueName":"search_term_string"}}],"inLanguage":"pt-BR"},{"@type":"Organization","@id":"https:\/\/jornalbeirario.com.br\/portal\/#organization","name":"JORNAL BEIRA RIO","url":"https:\/\/jornalbeirario.com.br\/portal\/","logo":{"@type":"ImageObject","inLanguage":"pt-BR","@id":"https:\/\/jornalbeirario.com.br\/portal\/#\/schema\/logo\/image\/","url":"https:\/\/jornalbeirario.com.br\/portal\/wp-content\/uploads\/2017\/09\/BEIRA-RIO_logo600.png","contentUrl":"https:\/\/jornalbeirario.com.br\/portal\/wp-content\/uploads\/2017\/09\/BEIRA-RIO_logo600.png","width":650,"height":108,"caption":"JORNAL BEIRA RIO"},"image":{"@id":"https:\/\/jornalbeirario.com.br\/portal\/#\/schema\/logo\/image\/"}},{"@type":"Person","@id":"https:\/\/jornalbeirario.com.br\/portal\/#\/schema\/person\/3d11883a3e35d9ee1dbdeaa18c900bd1","name":"Ana L\u00facia","image":{"@type":"ImageObject","inLanguage":"pt-BR","@id":"https:\/\/jornalbeirario.com.br\/portal\/wp-content\/uploads\/2023\/01\/eu-eu.jpg","url":"https:\/\/jornalbeirario.com.br\/portal\/wp-content\/uploads\/2023\/01\/eu-eu.jpg","contentUrl":"https:\/\/jornalbeirario.com.br\/portal\/wp-content\/uploads\/2023\/01\/eu-eu.jpg","caption":"Ana L\u00facia"},"url":"https:\/\/jornalbeirario.com.br\/portal\/?author=191"}]}},"_links":{"self":[{"href":"https:\/\/jornalbeirario.com.br\/portal\/index.php?rest_route=\/wp\/v2\/posts\/39742","targetHints":{"allow":["GET"]}}],"collection":[{"href":"https:\/\/jornalbeirario.com.br\/portal\/index.php?rest_route=\/wp\/v2\/posts"}],"about":[{"href":"https:\/\/jornalbeirario.com.br\/portal\/index.php?rest_route=\/wp\/v2\/types\/post"}],"author":[{"embeddable":true,"href":"https:\/\/jornalbeirario.com.br\/portal\/index.php?rest_route=\/wp\/v2\/users\/191"}],"replies":[{"embeddable":true,"href":"https:\/\/jornalbeirario.com.br\/portal\/index.php?rest_route=%2Fwp%2Fv2%2Fcomments&post=39742"}],"version-history":[{"count":1,"href":"https:\/\/jornalbeirario.com.br\/portal\/index.php?rest_route=\/wp\/v2\/posts\/39742\/revisions"}],"predecessor-version":[{"id":39743,"href":"https:\/\/jornalbeirario.com.br\/portal\/index.php?rest_route=\/wp\/v2\/posts\/39742\/revisions\/39743"}],"wp:attachment":[{"href":"https:\/\/jornalbeirario.com.br\/portal\/index.php?rest_route=%2Fwp%2Fv2%2Fmedia&parent=39742"}],"wp:term":[{"taxonomy":"category","embeddable":true,"href":"https:\/\/jornalbeirario.com.br\/portal\/index.php?rest_route=%2Fwp%2Fv2%2Fcategories&post=39742"},{"taxonomy":"post_tag","embeddable":true,"href":"https:\/\/jornalbeirario.com.br\/portal\/index.php?rest_route=%2Fwp%2Fv2%2Ftags&post=39742"}],"curies":[{"name":"wp","href":"https:\/\/api.w.org\/{rel}","templated":true}]}}