
{"id":39710,"date":"2016-04-21T17:17:37","date_gmt":"2016-04-21T17:17:37","guid":{"rendered":"http:\/\/jornalbeirario.com.br\/portal\/portal\/?p=39710"},"modified":"2016-04-21T17:35:11","modified_gmt":"2016-04-21T17:35:11","slug":"ciclovia-desaba-no-rio-de-janeiro","status":"publish","type":"post","link":"https:\/\/jornalbeirario.com.br\/portal\/?p=39710","title":{"rendered":"Ciclovia desaba e mata duas pessoas no Rio de Janeiro"},"content":{"rendered":"<p style=\"text-align: justify;\"><a href=\"https:\/\/jornalbeirario.com.br\/portal\/wp-content\/uploads\/2016\/04\/ciclovia3.jpg\" rel=\"attachment wp-att-39715\"><img loading=\"lazy\" decoding=\"async\" class=\"alignleft size-medium wp-image-39715\" src=\"https:\/\/jornalbeirario.com.br\/portal\/wp-content\/uploads\/2016\/04\/ciclovia3-300x225.jpg\" alt=\"ciclovia3\" width=\"300\" height=\"225\" srcset=\"https:\/\/jornalbeirario.com.br\/portal\/wp-content\/uploads\/2016\/04\/ciclovia3-300x225.jpg 300w, https:\/\/jornalbeirario.com.br\/portal\/wp-content\/uploads\/2016\/04\/ciclovia3.jpg 640w\" sizes=\"auto, (max-width: 300px) 100vw, 300px\" \/><\/a>Um trecho de 50 metros da ciclovia Tim Maia, na Avenida Niemeyer, em S\u00e3o Conrado, na Zona Sul do Rio, desabou na manh\u00e3 desta quinta-feira, dia 21, pouco mais de tr\u00eas meses ap\u00f3s sua inaugura\u00e7\u00e3o. Segundo os Bombeiros, duas pessoas morreram no local ap\u00f3s cair no mar e tr\u00eas ficaram feridas. As v\u00edtimas fatais s\u00e3o dois homens, que t\u00eam entre 40 e 50 anos. Um deles foi identificado pelo cunhado. O resgate teria demorado cerca de meia hora para chegar ao local.<\/p>\n<p style=\"text-align: justify;\">Segundo frequentadores e motoristas que passavam por l\u00e1, a ciclovia foi atingida por uma forte onda que, al\u00e9m de destruir o local, tamb\u00e9m quebrou o parabrisa de um \u00f4nibus e teria arrastado uma mulher no cal\u00e7ad\u00e3o. O local fica perto da sa\u00edda da tubula\u00e7\u00e3o de esgoto.<\/p>\n<p style=\"text-align: justify;\">A ciclovia que fica \u00e0s margens da Avenida Niemeyer, que liga os bairros de S\u00e3o Conrado e Leblon, na Zona Sul do Rio, foi inaugurada no dia 17 de janeiro. A ciclovia da Niemeyer tem 3,9 quil\u00f4metros e vista para o mar. Ela chegou a receber cr\u00edticas de arquitetos por encobrir a vista do mar para os motoristas que trafegam pela avenida. Al\u00e9m disso, em v\u00e1rios trechos ela n\u00e3o tem cal\u00e7ada.<\/p>\n<p style=\"text-align: justify;\">\u2018N\u00c3O H\u00c1 RISCO DE NOVOS DESABAMENTOS\u2019<br \/>\nO secret\u00e1rio Executivo de Governo, Pedro Paulo Carvalho, garantiu que n\u00e3o h\u00e1 riscos de novos desabamentos. \u201cN\u00f3s interditamos a ciclovia da Niemeyer para ningu\u00e9m venha pra c\u00e1. A princ\u00edpio, n\u00e3o h\u00e1 risco de novos desabamentos. A gente pede paci\u00eancia dos moradores que moram nos acessos e pedimos que eles n\u00e3o venham para a ciclovia neste momento\u201d, disse Pedro Paulo.<\/p>\n<p style=\"text-align: justify;\"><a href=\"https:\/\/jornalbeirario.com.br\/portal\/wp-content\/uploads\/2016\/04\/ciclovia2.jpg\" rel=\"attachment wp-att-39714\"><img loading=\"lazy\" decoding=\"async\" class=\"alignright size-medium wp-image-39714\" src=\"https:\/\/jornalbeirario.com.br\/portal\/wp-content\/uploads\/2016\/04\/ciclovia2-300x225.jpg\" alt=\"ciclovia2\" width=\"300\" height=\"225\" srcset=\"https:\/\/jornalbeirario.com.br\/portal\/wp-content\/uploads\/2016\/04\/ciclovia2-300x225.jpg 300w, https:\/\/jornalbeirario.com.br\/portal\/wp-content\/uploads\/2016\/04\/ciclovia2.jpg 640w\" sizes=\"auto, (max-width: 300px) 100vw, 300px\" \/><\/a>O secret\u00e1rio afirmou ainda que h\u00e1 suspeita de que mais uma v\u00edtima ainda esteja desaparecida e que a prefeitura vai trabalhar com t\u00e9cnicos que fizeram a obra. \u201cAinda h\u00e1 suspeitas de uma pessoa no mar. Ainda n\u00e3o h\u00e1 confirma\u00e7\u00e3o, mas o Corpo de Bombeiros trabalha com a possibilidade de mais uma v\u00edtima. N\u00f3s n\u00e3o vamos trabalhar com especula\u00e7\u00e3o. Vamos trabalhar com os t\u00e9cnicos que fizeram a obra para saber realmente o que causou o acidente\u201d, afirmou o secret\u00e1rio.<\/p>\n<p style=\"text-align: justify;\">Dami\u00e3o Pinheiro de Ara\u00fajo, de 60 anos, passava pelo local de bicicleta na hora em que as ondas atingiram a ciclovia. &#8220;As pessoas pararam na ciclovia, acharam bonito e ficaram tirando fotos das ondas. Eram enormes. Veio uma maior ainda, a ciclovia levantou e caiu um peda\u00e7o. Vi as pessoas caindo. \u00c9 triste. Toda vez que o mar subir vai ter que interditar a ciclovia, faz parte da natureza. Para mim ela foi mal planejada&#8221;, disse Dami\u00e3o.<\/p>\n<p style=\"text-align: justify;\">O administrador Guilherme Miranda passava pelo local no momento do acidente. &#8220;Eu quase morri. J\u00e1 chegou a imprensa inteira. Cad\u00ea o prefeito, cad\u00ea o engenheiro que fez essa obra? \u00c9 desesperador voc\u00ea ver as pessoas morrendo na sua frente. Algu\u00e9m tem que dar uma resposta disso, foram R$ 45 milh\u00f5es. Acabaram de inaugurar e j\u00e1 est\u00e1 rachada em v\u00e1rios pontos, passo aqui todos os dias para ir e voltar do trabalho&#8221;, disse Guilherme.<\/p>\n<p style=\"text-align: justify;\">Ele relata ainda ter visto tr\u00eas corpos boiando. Miranda criticou ainda o ato de a ciclovia ser afastada da pista, o que deixa o ciclista sujeito a assaltos.<\/p>\n<p style=\"text-align: justify;\">Um outro homem que tamb\u00e9m passou pelo local pouco antes do acidente relatou que a onda era muito forte. \u201cA onda batia na pedra e subia, varria a Niemeyer e a ciclovia. Era t\u00e3o forte que n\u00e3o dava pra passar. Eu tive que esperar no meu caminho de ida e volta\u201d, contou Roberto Meliga.<\/p>\n<p style=\"text-align: justify;\">ENGENHEIRO ACREDITA EM FALHA<br \/>\nO engenheiro civil e conselheiro do CREA-RJ, Ant\u00f4nio Eul\u00e1lio, acredita que houve &#8220;uma falha de projeto&#8221; da ciclovia da Avenida Niemeyer, em S\u00e3o Conrado, Zona Sul do Rio, que desabou na manh\u00e3 deste s\u00e1bado. \u201cO problema \u00e9 que n\u00e3o foi previsto no projeto essa for\u00e7a excepcional porque a onda levantou a ponte. Acho que foi uma falha de projeto. S\u00f3 tem uma viga central praticamente, ent\u00e3o, n\u00e3o tem resist\u00eancia para de momento. S\u00e3o dois apoios, ele n\u00e3o conseguiu suportar esse esfor\u00e7o de rota\u00e7\u00e3o, devido a onda que bateu. Foi falha de concep\u00e7\u00e3o do projeto\u201d, afirmou o engenheiro civil e conselheiro do CREA-RJ. &#8220;N\u00e3o foi previsto no projeto, deveria ter sido&#8221;.<\/p>\n<p style=\"text-align: justify;\">Ele acrescentou que \u201cos autores do projeto v\u00e3o ser chamados para terem direito \u00e0 defesa\u201d para que sejam aplicadas as medidas cab\u00edveis. E acrescentou ainda que pode ocorrer a \u201cat\u00e9 a cassa\u00e7\u00e3o do registro\u201d.<\/p>\n<p style=\"text-align: justify;\">O Cons\u00f3rcio Contemat-Concrejato, respons\u00e1vel pela obra, informou que uma equipe t\u00e9cnica da empresa j\u00e1 se encontra no local, trabalhando em coordena\u00e7\u00e3o com a Secretaria Municipal de Obras e que as prioridades neste momento s\u00e3o garantir o atendimento \u00e0s v\u00edtimas e seus familiares e avaliar as causas do acidente.<\/p>\n<p style=\"text-align: justify;\">A Avenida Niemeyer foi interditada nos dois sentidos por volta das 11h50, segundo o Centro de Opera\u00e7\u00f5es da Prefeitura e n\u00e3o h\u00e1 previs\u00e3o para libera\u00e7\u00e3o do tr\u00e1fego. Os motoristas devem seguir pela Autoestrada Lagoa-Barra.<\/p>\n<p style=\"text-align: justify;\">COMPLEXO TIM MAIA<br \/>\nO trajeto total, do Leblon \u00e0 Barra, ter\u00e1 sete quil\u00f4metros de extens\u00e3o, mas ainda n\u00e3o tem data exata para ser inaugurado. Com constru\u00e7\u00e3o iniciada em junho de 2014, a ciclovia teve custo de R$ 44,7 milh\u00f5es.<\/p>\n<p style=\"text-align: justify;\">Grande parte da ciclovia \u2014 nos bairros do Leblon e S\u00e3o Conrado \u2014 j\u00e1 existiam e foram inclu\u00eddas no complexo ciclovi\u00e1rio que ganhou o nome de Tim Maia porque, no projeto original, vai ligar o Rio &#8220;Do Leme ao Pontal&#8221;, exatamente como na can\u00e7\u00e3o imortalizada por ele.<\/p>\n<p style=\"text-align: justify;\">No in\u00edcio do ano, cariocas e turistas j\u00e1 dividiam o espa\u00e7o com os oper\u00e1rios. Em nota na ocasi\u00e3o, a prefeitura do Rio informou que o uso da pista durante as obras n\u00e3o era proibido, mas sim indevido.<\/p>\n<p style=\"text-align: justify;\"><em>Fonte e fotos: G1<\/em><\/p>\n","protected":false},"excerpt":{"rendered":"<p>Um trecho de 50 metros da ciclovia Tim Maia, na Avenida Niemeyer, em S\u00e3o Conrado, na Zona Sul do Rio, desabou na manh\u00e3 desta<\/p>\n","protected":false},"author":1,"featured_media":39713,"comment_status":"open","ping_status":"open","sticky":false,"template":"","format":"standard","meta":{"pmpro_default_level":"","footnotes":""},"categories":[158],"tags":[155],"class_list":["post-39710","post","type-post","status-publish","format-standard","has-post-thumbnail","hentry","category-rio-de-janeiro","tag-dehoraemhora","pmpro-has-access"],"yoast_head":"<!-- This site is optimized with the Yoast SEO plugin v27.4 - https:\/\/yoast.com\/product\/yoast-seo-wordpress\/ -->\n<title>Ciclovia desaba e mata duas pessoas no Rio de Janeiro - JORNAL BEIRA RIO<\/title>\n<meta name=\"robots\" content=\"index, follow, max-snippet:-1, max-image-preview:large, max-video-preview:-1\" \/>\n<link rel=\"canonical\" href=\"https:\/\/jornalbeirario.com.br\/portal\/?p=39710\" \/>\n<meta property=\"og:locale\" content=\"pt_BR\" \/>\n<meta property=\"og:type\" content=\"article\" \/>\n<meta property=\"og:title\" content=\"Ciclovia desaba e mata duas pessoas no Rio de Janeiro - JORNAL BEIRA RIO\" \/>\n<meta property=\"og:description\" content=\"Um trecho de 50 metros da ciclovia Tim Maia, na Avenida Niemeyer, em S\u00e3o Conrado, na Zona Sul do Rio, desabou na manh\u00e3 desta\" \/>\n<meta property=\"og:url\" content=\"https:\/\/jornalbeirario.com.br\/portal\/?p=39710\" \/>\n<meta property=\"og:site_name\" content=\"JORNAL BEIRA RIO\" \/>\n<meta property=\"article:published_time\" content=\"2016-04-21T17:17:37+00:00\" \/>\n<meta property=\"article:modified_time\" content=\"2016-04-21T17:35:11+00:00\" \/>\n<meta property=\"og:image\" content=\"https:\/\/jornalbeirario.com.br\/portal\/wp-content\/uploads\/2016\/04\/ciclovia1.jpg\" \/>\n\t<meta property=\"og:image:width\" content=\"640\" \/>\n\t<meta property=\"og:image:height\" content=\"480\" \/>\n\t<meta property=\"og:image:type\" content=\"image\/jpeg\" \/>\n<meta name=\"author\" content=\"Jornal BEIRA-RIO\" \/>\n<meta name=\"twitter:card\" content=\"summary_large_image\" \/>\n<meta name=\"twitter:label1\" content=\"Escrito por\" \/>\n\t<meta name=\"twitter:data1\" content=\"Jornal BEIRA-RIO\" \/>\n\t<meta name=\"twitter:label2\" content=\"Est. tempo de leitura\" \/>\n\t<meta name=\"twitter:data2\" content=\"5 minutos\" \/>\n<script type=\"application\/ld+json\" class=\"yoast-schema-graph\">{\"@context\":\"https:\\\/\\\/schema.org\",\"@graph\":[{\"@type\":\"Article\",\"@id\":\"https:\\\/\\\/jornalbeirario.com.br\\\/portal\\\/?p=39710#article\",\"isPartOf\":{\"@id\":\"https:\\\/\\\/jornalbeirario.com.br\\\/portal\\\/?p=39710\"},\"author\":{\"name\":\"Jornal BEIRA-RIO\",\"@id\":\"https:\\\/\\\/jornalbeirario.com.br\\\/portal\\\/#\\\/schema\\\/person\\\/c6c423e4c2465d2a9233f6539173e7c1\"},\"headline\":\"Ciclovia desaba e mata duas pessoas no Rio de Janeiro\",\"datePublished\":\"2016-04-21T17:17:37+00:00\",\"dateModified\":\"2016-04-21T17:35:11+00:00\",\"mainEntityOfPage\":{\"@id\":\"https:\\\/\\\/jornalbeirario.com.br\\\/portal\\\/?p=39710\"},\"wordCount\":1020,\"commentCount\":1,\"publisher\":{\"@id\":\"https:\\\/\\\/jornalbeirario.com.br\\\/portal\\\/#organization\"},\"image\":{\"@id\":\"https:\\\/\\\/jornalbeirario.com.br\\\/portal\\\/?p=39710#primaryimage\"},\"thumbnailUrl\":\"https:\\\/\\\/jornalbeirario.com.br\\\/portal\\\/wp-content\\\/uploads\\\/2016\\\/04\\\/ciclovia1.jpg\",\"keywords\":[\"dehoraemhora\"],\"articleSection\":[\"Rio de Janeiro\"],\"inLanguage\":\"pt-BR\",\"potentialAction\":[{\"@type\":\"CommentAction\",\"name\":\"Comment\",\"target\":[\"https:\\\/\\\/jornalbeirario.com.br\\\/portal\\\/?p=39710#respond\"]}]},{\"@type\":\"WebPage\",\"@id\":\"https:\\\/\\\/jornalbeirario.com.br\\\/portal\\\/?p=39710\",\"url\":\"https:\\\/\\\/jornalbeirario.com.br\\\/portal\\\/?p=39710\",\"name\":\"Ciclovia desaba e mata duas pessoas no Rio de Janeiro - JORNAL BEIRA RIO\",\"isPartOf\":{\"@id\":\"https:\\\/\\\/jornalbeirario.com.br\\\/portal\\\/#website\"},\"primaryImageOfPage\":{\"@id\":\"https:\\\/\\\/jornalbeirario.com.br\\\/portal\\\/?p=39710#primaryimage\"},\"image\":{\"@id\":\"https:\\\/\\\/jornalbeirario.com.br\\\/portal\\\/?p=39710#primaryimage\"},\"thumbnailUrl\":\"https:\\\/\\\/jornalbeirario.com.br\\\/portal\\\/wp-content\\\/uploads\\\/2016\\\/04\\\/ciclovia1.jpg\",\"datePublished\":\"2016-04-21T17:17:37+00:00\",\"dateModified\":\"2016-04-21T17:35:11+00:00\",\"breadcrumb\":{\"@id\":\"https:\\\/\\\/jornalbeirario.com.br\\\/portal\\\/?p=39710#breadcrumb\"},\"inLanguage\":\"pt-BR\",\"potentialAction\":[{\"@type\":\"ReadAction\",\"target\":[\"https:\\\/\\\/jornalbeirario.com.br\\\/portal\\\/?p=39710\"]}]},{\"@type\":\"ImageObject\",\"inLanguage\":\"pt-BR\",\"@id\":\"https:\\\/\\\/jornalbeirario.com.br\\\/portal\\\/?p=39710#primaryimage\",\"url\":\"https:\\\/\\\/jornalbeirario.com.br\\\/portal\\\/wp-content\\\/uploads\\\/2016\\\/04\\\/ciclovia1.jpg\",\"contentUrl\":\"https:\\\/\\\/jornalbeirario.com.br\\\/portal\\\/wp-content\\\/uploads\\\/2016\\\/04\\\/ciclovia1.jpg\",\"width\":640,\"height\":480},{\"@type\":\"BreadcrumbList\",\"@id\":\"https:\\\/\\\/jornalbeirario.com.br\\\/portal\\\/?p=39710#breadcrumb\",\"itemListElement\":[{\"@type\":\"ListItem\",\"position\":1,\"name\":\"Home\",\"item\":\"https:\\\/\\\/jornalbeirario.com.br\\\/portal\"},{\"@type\":\"ListItem\",\"position\":2,\"name\":\"Ciclovia desaba e mata duas pessoas no Rio de Janeiro\"}]},{\"@type\":\"WebSite\",\"@id\":\"https:\\\/\\\/jornalbeirario.com.br\\\/portal\\\/#website\",\"url\":\"https:\\\/\\\/jornalbeirario.com.br\\\/portal\\\/\",\"name\":\"JORNAL BEIRA RIO\",\"description\":\"\",\"publisher\":{\"@id\":\"https:\\\/\\\/jornalbeirario.com.br\\\/portal\\\/#organization\"},\"potentialAction\":[{\"@type\":\"SearchAction\",\"target\":{\"@type\":\"EntryPoint\",\"urlTemplate\":\"https:\\\/\\\/jornalbeirario.com.br\\\/portal\\\/?s={search_term_string}\"},\"query-input\":{\"@type\":\"PropertyValueSpecification\",\"valueRequired\":true,\"valueName\":\"search_term_string\"}}],\"inLanguage\":\"pt-BR\"},{\"@type\":\"Organization\",\"@id\":\"https:\\\/\\\/jornalbeirario.com.br\\\/portal\\\/#organization\",\"name\":\"JORNAL BEIRA RIO\",\"url\":\"https:\\\/\\\/jornalbeirario.com.br\\\/portal\\\/\",\"logo\":{\"@type\":\"ImageObject\",\"inLanguage\":\"pt-BR\",\"@id\":\"https:\\\/\\\/jornalbeirario.com.br\\\/portal\\\/#\\\/schema\\\/logo\\\/image\\\/\",\"url\":\"https:\\\/\\\/jornalbeirario.com.br\\\/portal\\\/wp-content\\\/uploads\\\/2017\\\/09\\\/BEIRA-RIO_logo600.png\",\"contentUrl\":\"https:\\\/\\\/jornalbeirario.com.br\\\/portal\\\/wp-content\\\/uploads\\\/2017\\\/09\\\/BEIRA-RIO_logo600.png\",\"width\":650,\"height\":108,\"caption\":\"JORNAL BEIRA RIO\"},\"image\":{\"@id\":\"https:\\\/\\\/jornalbeirario.com.br\\\/portal\\\/#\\\/schema\\\/logo\\\/image\\\/\"}},{\"@type\":\"Person\",\"@id\":\"https:\\\/\\\/jornalbeirario.com.br\\\/portal\\\/#\\\/schema\\\/person\\\/c6c423e4c2465d2a9233f6539173e7c1\",\"name\":\"Jornal BEIRA-RIO\",\"image\":{\"@type\":\"ImageObject\",\"inLanguage\":\"pt-BR\",\"@id\":\"https:\\\/\\\/jornalbeirario.com.br\\\/portal\\\/wp-content\\\/uploads\\\/2023\\\/10\\\/logojbr1.jpg\",\"url\":\"https:\\\/\\\/jornalbeirario.com.br\\\/portal\\\/wp-content\\\/uploads\\\/2023\\\/10\\\/logojbr1.jpg\",\"contentUrl\":\"https:\\\/\\\/jornalbeirario.com.br\\\/portal\\\/wp-content\\\/uploads\\\/2023\\\/10\\\/logojbr1.jpg\",\"caption\":\"Jornal BEIRA-RIO\"},\"url\":\"https:\\\/\\\/jornalbeirario.com.br\\\/portal\\\/?author=1\"}]}<\/script>\n<!-- \/ Yoast SEO plugin. -->","yoast_head_json":{"title":"Ciclovia desaba e mata duas pessoas no Rio de Janeiro - JORNAL BEIRA RIO","robots":{"index":"index","follow":"follow","max-snippet":"max-snippet:-1","max-image-preview":"max-image-preview:large","max-video-preview":"max-video-preview:-1"},"canonical":"https:\/\/jornalbeirario.com.br\/portal\/?p=39710","og_locale":"pt_BR","og_type":"article","og_title":"Ciclovia desaba e mata duas pessoas no Rio de Janeiro - JORNAL BEIRA RIO","og_description":"Um trecho de 50 metros da ciclovia Tim Maia, na Avenida Niemeyer, em S\u00e3o Conrado, na Zona Sul do Rio, desabou na manh\u00e3 desta","og_url":"https:\/\/jornalbeirario.com.br\/portal\/?p=39710","og_site_name":"JORNAL BEIRA RIO","article_published_time":"2016-04-21T17:17:37+00:00","article_modified_time":"2016-04-21T17:35:11+00:00","og_image":[{"width":640,"height":480,"url":"https:\/\/jornalbeirario.com.br\/portal\/wp-content\/uploads\/2016\/04\/ciclovia1.jpg","type":"image\/jpeg"}],"author":"Jornal BEIRA-RIO","twitter_card":"summary_large_image","twitter_misc":{"Escrito por":"Jornal BEIRA-RIO","Est. tempo de leitura":"5 minutos"},"schema":{"@context":"https:\/\/schema.org","@graph":[{"@type":"Article","@id":"https:\/\/jornalbeirario.com.br\/portal\/?p=39710#article","isPartOf":{"@id":"https:\/\/jornalbeirario.com.br\/portal\/?p=39710"},"author":{"name":"Jornal BEIRA-RIO","@id":"https:\/\/jornalbeirario.com.br\/portal\/#\/schema\/person\/c6c423e4c2465d2a9233f6539173e7c1"},"headline":"Ciclovia desaba e mata duas pessoas no Rio de Janeiro","datePublished":"2016-04-21T17:17:37+00:00","dateModified":"2016-04-21T17:35:11+00:00","mainEntityOfPage":{"@id":"https:\/\/jornalbeirario.com.br\/portal\/?p=39710"},"wordCount":1020,"commentCount":1,"publisher":{"@id":"https:\/\/jornalbeirario.com.br\/portal\/#organization"},"image":{"@id":"https:\/\/jornalbeirario.com.br\/portal\/?p=39710#primaryimage"},"thumbnailUrl":"https:\/\/jornalbeirario.com.br\/portal\/wp-content\/uploads\/2016\/04\/ciclovia1.jpg","keywords":["dehoraemhora"],"articleSection":["Rio de Janeiro"],"inLanguage":"pt-BR","potentialAction":[{"@type":"CommentAction","name":"Comment","target":["https:\/\/jornalbeirario.com.br\/portal\/?p=39710#respond"]}]},{"@type":"WebPage","@id":"https:\/\/jornalbeirario.com.br\/portal\/?p=39710","url":"https:\/\/jornalbeirario.com.br\/portal\/?p=39710","name":"Ciclovia desaba e mata duas pessoas no Rio de Janeiro - JORNAL BEIRA RIO","isPartOf":{"@id":"https:\/\/jornalbeirario.com.br\/portal\/#website"},"primaryImageOfPage":{"@id":"https:\/\/jornalbeirario.com.br\/portal\/?p=39710#primaryimage"},"image":{"@id":"https:\/\/jornalbeirario.com.br\/portal\/?p=39710#primaryimage"},"thumbnailUrl":"https:\/\/jornalbeirario.com.br\/portal\/wp-content\/uploads\/2016\/04\/ciclovia1.jpg","datePublished":"2016-04-21T17:17:37+00:00","dateModified":"2016-04-21T17:35:11+00:00","breadcrumb":{"@id":"https:\/\/jornalbeirario.com.br\/portal\/?p=39710#breadcrumb"},"inLanguage":"pt-BR","potentialAction":[{"@type":"ReadAction","target":["https:\/\/jornalbeirario.com.br\/portal\/?p=39710"]}]},{"@type":"ImageObject","inLanguage":"pt-BR","@id":"https:\/\/jornalbeirario.com.br\/portal\/?p=39710#primaryimage","url":"https:\/\/jornalbeirario.com.br\/portal\/wp-content\/uploads\/2016\/04\/ciclovia1.jpg","contentUrl":"https:\/\/jornalbeirario.com.br\/portal\/wp-content\/uploads\/2016\/04\/ciclovia1.jpg","width":640,"height":480},{"@type":"BreadcrumbList","@id":"https:\/\/jornalbeirario.com.br\/portal\/?p=39710#breadcrumb","itemListElement":[{"@type":"ListItem","position":1,"name":"Home","item":"https:\/\/jornalbeirario.com.br\/portal"},{"@type":"ListItem","position":2,"name":"Ciclovia desaba e mata duas pessoas no Rio de Janeiro"}]},{"@type":"WebSite","@id":"https:\/\/jornalbeirario.com.br\/portal\/#website","url":"https:\/\/jornalbeirario.com.br\/portal\/","name":"JORNAL BEIRA RIO","description":"","publisher":{"@id":"https:\/\/jornalbeirario.com.br\/portal\/#organization"},"potentialAction":[{"@type":"SearchAction","target":{"@type":"EntryPoint","urlTemplate":"https:\/\/jornalbeirario.com.br\/portal\/?s={search_term_string}"},"query-input":{"@type":"PropertyValueSpecification","valueRequired":true,"valueName":"search_term_string"}}],"inLanguage":"pt-BR"},{"@type":"Organization","@id":"https:\/\/jornalbeirario.com.br\/portal\/#organization","name":"JORNAL BEIRA RIO","url":"https:\/\/jornalbeirario.com.br\/portal\/","logo":{"@type":"ImageObject","inLanguage":"pt-BR","@id":"https:\/\/jornalbeirario.com.br\/portal\/#\/schema\/logo\/image\/","url":"https:\/\/jornalbeirario.com.br\/portal\/wp-content\/uploads\/2017\/09\/BEIRA-RIO_logo600.png","contentUrl":"https:\/\/jornalbeirario.com.br\/portal\/wp-content\/uploads\/2017\/09\/BEIRA-RIO_logo600.png","width":650,"height":108,"caption":"JORNAL BEIRA RIO"},"image":{"@id":"https:\/\/jornalbeirario.com.br\/portal\/#\/schema\/logo\/image\/"}},{"@type":"Person","@id":"https:\/\/jornalbeirario.com.br\/portal\/#\/schema\/person\/c6c423e4c2465d2a9233f6539173e7c1","name":"Jornal BEIRA-RIO","image":{"@type":"ImageObject","inLanguage":"pt-BR","@id":"https:\/\/jornalbeirario.com.br\/portal\/wp-content\/uploads\/2023\/10\/logojbr1.jpg","url":"https:\/\/jornalbeirario.com.br\/portal\/wp-content\/uploads\/2023\/10\/logojbr1.jpg","contentUrl":"https:\/\/jornalbeirario.com.br\/portal\/wp-content\/uploads\/2023\/10\/logojbr1.jpg","caption":"Jornal BEIRA-RIO"},"url":"https:\/\/jornalbeirario.com.br\/portal\/?author=1"}]}},"_links":{"self":[{"href":"https:\/\/jornalbeirario.com.br\/portal\/index.php?rest_route=\/wp\/v2\/posts\/39710","targetHints":{"allow":["GET"]}}],"collection":[{"href":"https:\/\/jornalbeirario.com.br\/portal\/index.php?rest_route=\/wp\/v2\/posts"}],"about":[{"href":"https:\/\/jornalbeirario.com.br\/portal\/index.php?rest_route=\/wp\/v2\/types\/post"}],"author":[{"embeddable":true,"href":"https:\/\/jornalbeirario.com.br\/portal\/index.php?rest_route=\/wp\/v2\/users\/1"}],"replies":[{"embeddable":true,"href":"https:\/\/jornalbeirario.com.br\/portal\/index.php?rest_route=%2Fwp%2Fv2%2Fcomments&post=39710"}],"version-history":[{"count":5,"href":"https:\/\/jornalbeirario.com.br\/portal\/index.php?rest_route=\/wp\/v2\/posts\/39710\/revisions"}],"predecessor-version":[{"id":39718,"href":"https:\/\/jornalbeirario.com.br\/portal\/index.php?rest_route=\/wp\/v2\/posts\/39710\/revisions\/39718"}],"wp:featuredmedia":[{"embeddable":true,"href":"https:\/\/jornalbeirario.com.br\/portal\/index.php?rest_route=\/wp\/v2\/media\/39713"}],"wp:attachment":[{"href":"https:\/\/jornalbeirario.com.br\/portal\/index.php?rest_route=%2Fwp%2Fv2%2Fmedia&parent=39710"}],"wp:term":[{"taxonomy":"category","embeddable":true,"href":"https:\/\/jornalbeirario.com.br\/portal\/index.php?rest_route=%2Fwp%2Fv2%2Fcategories&post=39710"},{"taxonomy":"post_tag","embeddable":true,"href":"https:\/\/jornalbeirario.com.br\/portal\/index.php?rest_route=%2Fwp%2Fv2%2Ftags&post=39710"}],"curies":[{"name":"wp","href":"https:\/\/api.w.org\/{rel}","templated":true}]}}