
{"id":38960,"date":"2016-04-03T15:49:42","date_gmt":"2016-04-03T15:49:42","guid":{"rendered":"http:\/\/jornalbeirario.com.br\/portal\/portal\/?p=38960"},"modified":"2016-04-03T16:59:03","modified_gmt":"2016-04-03T16:59:03","slug":"beira-rio-de-portas-abertas-especial-de-19-anos-recebe-convidados","status":"publish","type":"post","link":"https:\/\/jornalbeirario.com.br\/portal\/?p=38960","title":{"rendered":"BEIRA-RIO de Portas Abertas especial de 19 anos recebe convidados"},"content":{"rendered":"<p style=\"text-align: justify;\"><a href=\"https:\/\/jornalbeirario.com.br\/portal\/wp-content\/uploads\/2016\/04\/encontro2.jpg\" rel=\"attachment wp-att-38965\"><img loading=\"lazy\" decoding=\"async\" class=\"alignleft size-medium wp-image-38965\" src=\"https:\/\/jornalbeirario.com.br\/portal\/wp-content\/uploads\/2016\/04\/encontro2-300x180.jpg\" alt=\"encontro2\" width=\"300\" height=\"180\" srcset=\"https:\/\/jornalbeirario.com.br\/portal\/wp-content\/uploads\/2016\/04\/encontro2-300x180.jpg 300w, https:\/\/jornalbeirario.com.br\/portal\/wp-content\/uploads\/2016\/04\/encontro2-768x460.jpg 768w, https:\/\/jornalbeirario.com.br\/portal\/wp-content\/uploads\/2016\/04\/encontro2.jpg 802w\" sizes=\"auto, (max-width: 300px) 100vw, 300px\" \/><\/a>O anivers\u00e1rio do jornal <strong>BEIRA-RIO<\/strong> foi comemorado no \u00faltimo dia 28 de mar\u00e7o, mas o tradicional encontro entre os leitores aconteceu neste domingo, dia 3, oportunidade em que os presentes tiveram a oportunidade de conhecer a nova fase do jornal e concorrer a brindes. A editora-chefe Ana L\u00facia Corr\u00eaa, o diretor comercial Jo\u00e3o Carlos Correia, a editora-assistente Loliza Domingues e a rep\u00f3rter Gabrielle Granadeiro estiveram recebendo os leitores na sede do jornal, desde as 10 horas.<\/p>\n<p style=\"text-align: justify;\">Os primeiros a chegarem foi o advogado do jornal, <a href=\"https:\/\/jornalbeirario.com.br\/portal\/?p=38818\">Jos\u00e9 Henrique Storte<\/a>, o militar aposentado Eraldo Ferreira, o Guerreiro (na foto, de camiseta listrada e \u00f3culos, \u00e0 direita), e o representante da Federa\u00e7\u00e3o das Associa\u00e7\u00f5es de Moradores e Amigos de Resende (Famar), Jesus Fialho (na mesma foto, \u00e0 esquerda), que falaram de assuntos como pol\u00edtica regional e nacional. Tamb\u00e9m estiveram presentes o diretor do Arquivo Hist\u00f3rico Municipal Claudionor Rosa (na foto, mais \u00e0 esquerda) e o empres\u00e1rio Cristiano Gon\u00e7alves, que tiveram seus exemplares da \u00faltima edi\u00e7\u00e3o impressa autografados.<\/p>\n<p style=\"text-align: justify;\">Al\u00e9m deles, tamb\u00e9m estiveram presentes o colaborador La\u00eds Amaral (na foto acima \u00e0 direita), o aposentado <a href=\"https:\/\/jornalbeirario.com.br\/portal\/?p=37939\">Anacreon Vieira<\/a> (de camisa amarela), o ex-presidente do Conselho Municipal dos Direitos da Crian\u00e7a e do Adolescente de Resende (CMDCAR), Paulo C\u00e9sar da Silva, o <a href=\"https:\/\/jornalbeirario.com.br\/portal\/?p=22157\">Cesinha<\/a> (ao lado de La\u00eds), o professor J\u00falio Vidal (de \u00f3culos, ao lado de Anacreon), o estudante Renan Marassi (na foto, usando o celular) e sua namorada, a administradora Fabiana Maynarth, o funcion\u00e1rio da C\u00e2mara de Resende, Carlos Alexandre Valentim, e a serventu\u00e1ria aposentada e escritora <a href=\"https:\/\/jornalbeirario.com.br\/portal\/?p=35249\">Let\u00edcia \u00c1lvares<\/a>.<\/p>\n<p style=\"text-align: justify;\">Outros leitores n\u00e3o estiveram presentes, mas tamb\u00e9m homenagearam o jornal. A professora aposentada Maria de Lourdes Julianelli e o marido, o deputado estadual Gl\u00e1ucio Julianelli (Rede), presentearam o jornal com flores e uma mensagem. Confira abaixo o texto:<\/p>\n<p style=\"text-align: justify;\"><em>&#8220;Prezada Ana L\u00facia,\u00a0<\/em><\/p>\n<p style=\"text-align: justify;\"><em>Receba nosso abra\u00e7o, extensivo \u00e0 fam\u00edlia e \u00e0 equipe do <strong>BEIRA-RIO<\/strong>, com os cumprimentos pelo 19\u00ba anivers\u00e1rio e os sinceros votos de pleno \u00eaxito nesta nova etapa de sua importante exist\u00eancia.<\/em><\/p>\n<p style=\"text-align: right;\"><em>Lourdes, Julianelli e Fam\u00edlia<\/em><\/p>\n<p style=\"text-align: right;\"><em>03\/04\/2016&#8243;<\/em><\/p>\n","protected":false},"excerpt":{"rendered":"<p>O anivers\u00e1rio do jornal BEIRA-RIO foi comemorado no \u00faltimo dia 28 de mar\u00e7o, mas o tradicional encontro entre os leitores aconteceu neste domingo, dia<\/p>\n","protected":false},"author":1,"featured_media":38964,"comment_status":"open","ping_status":"open","sticky":false,"template":"","format":"standard","meta":{"pmpro_default_level":"","footnotes":""},"categories":[38],"tags":[155,153],"class_list":["post-38960","post","type-post","status-publish","format-standard","has-post-thumbnail","hentry","category-institucional","tag-dehoraemhora","tag-manchete","pmpro-has-access"],"yoast_head":"<!-- This site is optimized with the Yoast SEO plugin v27.4 - https:\/\/yoast.com\/product\/yoast-seo-wordpress\/ -->\n<title>BEIRA-RIO de Portas Abertas especial de 19 anos recebe convidados - JORNAL BEIRA RIO<\/title>\n<meta name=\"robots\" content=\"index, follow, max-snippet:-1, max-image-preview:large, max-video-preview:-1\" \/>\n<link rel=\"canonical\" href=\"https:\/\/jornalbeirario.com.br\/portal\/?p=38960\" \/>\n<meta property=\"og:locale\" content=\"pt_BR\" \/>\n<meta property=\"og:type\" content=\"article\" \/>\n<meta property=\"og:title\" content=\"BEIRA-RIO de Portas Abertas especial de 19 anos recebe convidados - JORNAL BEIRA RIO\" \/>\n<meta property=\"og:description\" content=\"O anivers\u00e1rio do jornal BEIRA-RIO foi comemorado no \u00faltimo dia 28 de mar\u00e7o, mas o tradicional encontro entre os leitores aconteceu neste domingo, dia\" \/>\n<meta property=\"og:url\" content=\"https:\/\/jornalbeirario.com.br\/portal\/?p=38960\" \/>\n<meta property=\"og:site_name\" content=\"JORNAL BEIRA RIO\" \/>\n<meta property=\"article:published_time\" content=\"2016-04-03T15:49:42+00:00\" \/>\n<meta property=\"article:modified_time\" content=\"2016-04-03T16:59:03+00:00\" \/>\n<meta property=\"og:image\" content=\"https:\/\/jornalbeirario.com.br\/portal\/wp-content\/uploads\/2016\/04\/encontro1.jpg\" \/>\n\t<meta property=\"og:image:width\" content=\"930\" \/>\n\t<meta property=\"og:image:height\" content=\"350\" \/>\n\t<meta property=\"og:image:type\" content=\"image\/jpeg\" \/>\n<meta name=\"author\" content=\"Jornal BEIRA-RIO\" \/>\n<meta name=\"twitter:card\" content=\"summary_large_image\" \/>\n<meta name=\"twitter:label1\" content=\"Escrito por\" \/>\n\t<meta name=\"twitter:data1\" content=\"Jornal BEIRA-RIO\" \/>\n\t<meta name=\"twitter:label2\" content=\"Est. tempo de leitura\" \/>\n\t<meta name=\"twitter:data2\" content=\"2 minutos\" \/>\n<script type=\"application\/ld+json\" class=\"yoast-schema-graph\">{\"@context\":\"https:\\\/\\\/schema.org\",\"@graph\":[{\"@type\":\"Article\",\"@id\":\"https:\\\/\\\/jornalbeirario.com.br\\\/portal\\\/?p=38960#article\",\"isPartOf\":{\"@id\":\"https:\\\/\\\/jornalbeirario.com.br\\\/portal\\\/?p=38960\"},\"author\":{\"name\":\"Jornal BEIRA-RIO\",\"@id\":\"https:\\\/\\\/jornalbeirario.com.br\\\/portal\\\/#\\\/schema\\\/person\\\/c6c423e4c2465d2a9233f6539173e7c1\"},\"headline\":\"BEIRA-RIO de Portas Abertas especial de 19 anos recebe convidados\",\"datePublished\":\"2016-04-03T15:49:42+00:00\",\"dateModified\":\"2016-04-03T16:59:03+00:00\",\"mainEntityOfPage\":{\"@id\":\"https:\\\/\\\/jornalbeirario.com.br\\\/portal\\\/?p=38960\"},\"wordCount\":362,\"commentCount\":0,\"publisher\":{\"@id\":\"https:\\\/\\\/jornalbeirario.com.br\\\/portal\\\/#organization\"},\"image\":{\"@id\":\"https:\\\/\\\/jornalbeirario.com.br\\\/portal\\\/?p=38960#primaryimage\"},\"thumbnailUrl\":\"https:\\\/\\\/jornalbeirario.com.br\\\/portal\\\/wp-content\\\/uploads\\\/2016\\\/04\\\/encontro1.jpg\",\"keywords\":[\"dehoraemhora\",\"manchete\"],\"articleSection\":[\"Institucional\"],\"inLanguage\":\"pt-BR\",\"potentialAction\":[{\"@type\":\"CommentAction\",\"name\":\"Comment\",\"target\":[\"https:\\\/\\\/jornalbeirario.com.br\\\/portal\\\/?p=38960#respond\"]}]},{\"@type\":\"WebPage\",\"@id\":\"https:\\\/\\\/jornalbeirario.com.br\\\/portal\\\/?p=38960\",\"url\":\"https:\\\/\\\/jornalbeirario.com.br\\\/portal\\\/?p=38960\",\"name\":\"BEIRA-RIO de Portas Abertas especial de 19 anos recebe convidados - JORNAL BEIRA RIO\",\"isPartOf\":{\"@id\":\"https:\\\/\\\/jornalbeirario.com.br\\\/portal\\\/#website\"},\"primaryImageOfPage\":{\"@id\":\"https:\\\/\\\/jornalbeirario.com.br\\\/portal\\\/?p=38960#primaryimage\"},\"image\":{\"@id\":\"https:\\\/\\\/jornalbeirario.com.br\\\/portal\\\/?p=38960#primaryimage\"},\"thumbnailUrl\":\"https:\\\/\\\/jornalbeirario.com.br\\\/portal\\\/wp-content\\\/uploads\\\/2016\\\/04\\\/encontro1.jpg\",\"datePublished\":\"2016-04-03T15:49:42+00:00\",\"dateModified\":\"2016-04-03T16:59:03+00:00\",\"breadcrumb\":{\"@id\":\"https:\\\/\\\/jornalbeirario.com.br\\\/portal\\\/?p=38960#breadcrumb\"},\"inLanguage\":\"pt-BR\",\"potentialAction\":[{\"@type\":\"ReadAction\",\"target\":[\"https:\\\/\\\/jornalbeirario.com.br\\\/portal\\\/?p=38960\"]}]},{\"@type\":\"ImageObject\",\"inLanguage\":\"pt-BR\",\"@id\":\"https:\\\/\\\/jornalbeirario.com.br\\\/portal\\\/?p=38960#primaryimage\",\"url\":\"https:\\\/\\\/jornalbeirario.com.br\\\/portal\\\/wp-content\\\/uploads\\\/2016\\\/04\\\/encontro1.jpg\",\"contentUrl\":\"https:\\\/\\\/jornalbeirario.com.br\\\/portal\\\/wp-content\\\/uploads\\\/2016\\\/04\\\/encontro1.jpg\",\"width\":930,\"height\":350},{\"@type\":\"BreadcrumbList\",\"@id\":\"https:\\\/\\\/jornalbeirario.com.br\\\/portal\\\/?p=38960#breadcrumb\",\"itemListElement\":[{\"@type\":\"ListItem\",\"position\":1,\"name\":\"Home\",\"item\":\"https:\\\/\\\/jornalbeirario.com.br\\\/portal\"},{\"@type\":\"ListItem\",\"position\":2,\"name\":\"BEIRA-RIO de Portas Abertas especial de 19 anos recebe convidados\"}]},{\"@type\":\"WebSite\",\"@id\":\"https:\\\/\\\/jornalbeirario.com.br\\\/portal\\\/#website\",\"url\":\"https:\\\/\\\/jornalbeirario.com.br\\\/portal\\\/\",\"name\":\"JORNAL BEIRA RIO\",\"description\":\"\",\"publisher\":{\"@id\":\"https:\\\/\\\/jornalbeirario.com.br\\\/portal\\\/#organization\"},\"potentialAction\":[{\"@type\":\"SearchAction\",\"target\":{\"@type\":\"EntryPoint\",\"urlTemplate\":\"https:\\\/\\\/jornalbeirario.com.br\\\/portal\\\/?s={search_term_string}\"},\"query-input\":{\"@type\":\"PropertyValueSpecification\",\"valueRequired\":true,\"valueName\":\"search_term_string\"}}],\"inLanguage\":\"pt-BR\"},{\"@type\":\"Organization\",\"@id\":\"https:\\\/\\\/jornalbeirario.com.br\\\/portal\\\/#organization\",\"name\":\"JORNAL BEIRA RIO\",\"url\":\"https:\\\/\\\/jornalbeirario.com.br\\\/portal\\\/\",\"logo\":{\"@type\":\"ImageObject\",\"inLanguage\":\"pt-BR\",\"@id\":\"https:\\\/\\\/jornalbeirario.com.br\\\/portal\\\/#\\\/schema\\\/logo\\\/image\\\/\",\"url\":\"https:\\\/\\\/jornalbeirario.com.br\\\/portal\\\/wp-content\\\/uploads\\\/2017\\\/09\\\/BEIRA-RIO_logo600.png\",\"contentUrl\":\"https:\\\/\\\/jornalbeirario.com.br\\\/portal\\\/wp-content\\\/uploads\\\/2017\\\/09\\\/BEIRA-RIO_logo600.png\",\"width\":650,\"height\":108,\"caption\":\"JORNAL BEIRA RIO\"},\"image\":{\"@id\":\"https:\\\/\\\/jornalbeirario.com.br\\\/portal\\\/#\\\/schema\\\/logo\\\/image\\\/\"}},{\"@type\":\"Person\",\"@id\":\"https:\\\/\\\/jornalbeirario.com.br\\\/portal\\\/#\\\/schema\\\/person\\\/c6c423e4c2465d2a9233f6539173e7c1\",\"name\":\"Jornal BEIRA-RIO\",\"image\":{\"@type\":\"ImageObject\",\"inLanguage\":\"pt-BR\",\"@id\":\"https:\\\/\\\/jornalbeirario.com.br\\\/portal\\\/wp-content\\\/uploads\\\/2023\\\/10\\\/logojbr1.jpg\",\"url\":\"https:\\\/\\\/jornalbeirario.com.br\\\/portal\\\/wp-content\\\/uploads\\\/2023\\\/10\\\/logojbr1.jpg\",\"contentUrl\":\"https:\\\/\\\/jornalbeirario.com.br\\\/portal\\\/wp-content\\\/uploads\\\/2023\\\/10\\\/logojbr1.jpg\",\"caption\":\"Jornal BEIRA-RIO\"},\"url\":\"https:\\\/\\\/jornalbeirario.com.br\\\/portal\\\/?author=1\"}]}<\/script>\n<!-- \/ Yoast SEO plugin. -->","yoast_head_json":{"title":"BEIRA-RIO de Portas Abertas especial de 19 anos recebe convidados - JORNAL BEIRA RIO","robots":{"index":"index","follow":"follow","max-snippet":"max-snippet:-1","max-image-preview":"max-image-preview:large","max-video-preview":"max-video-preview:-1"},"canonical":"https:\/\/jornalbeirario.com.br\/portal\/?p=38960","og_locale":"pt_BR","og_type":"article","og_title":"BEIRA-RIO de Portas Abertas especial de 19 anos recebe convidados - JORNAL BEIRA RIO","og_description":"O anivers\u00e1rio do jornal BEIRA-RIO foi comemorado no \u00faltimo dia 28 de mar\u00e7o, mas o tradicional encontro entre os leitores aconteceu neste domingo, dia","og_url":"https:\/\/jornalbeirario.com.br\/portal\/?p=38960","og_site_name":"JORNAL BEIRA RIO","article_published_time":"2016-04-03T15:49:42+00:00","article_modified_time":"2016-04-03T16:59:03+00:00","og_image":[{"width":930,"height":350,"url":"https:\/\/jornalbeirario.com.br\/portal\/wp-content\/uploads\/2016\/04\/encontro1.jpg","type":"image\/jpeg"}],"author":"Jornal BEIRA-RIO","twitter_card":"summary_large_image","twitter_misc":{"Escrito por":"Jornal BEIRA-RIO","Est. tempo de leitura":"2 minutos"},"schema":{"@context":"https:\/\/schema.org","@graph":[{"@type":"Article","@id":"https:\/\/jornalbeirario.com.br\/portal\/?p=38960#article","isPartOf":{"@id":"https:\/\/jornalbeirario.com.br\/portal\/?p=38960"},"author":{"name":"Jornal BEIRA-RIO","@id":"https:\/\/jornalbeirario.com.br\/portal\/#\/schema\/person\/c6c423e4c2465d2a9233f6539173e7c1"},"headline":"BEIRA-RIO de Portas Abertas especial de 19 anos recebe convidados","datePublished":"2016-04-03T15:49:42+00:00","dateModified":"2016-04-03T16:59:03+00:00","mainEntityOfPage":{"@id":"https:\/\/jornalbeirario.com.br\/portal\/?p=38960"},"wordCount":362,"commentCount":0,"publisher":{"@id":"https:\/\/jornalbeirario.com.br\/portal\/#organization"},"image":{"@id":"https:\/\/jornalbeirario.com.br\/portal\/?p=38960#primaryimage"},"thumbnailUrl":"https:\/\/jornalbeirario.com.br\/portal\/wp-content\/uploads\/2016\/04\/encontro1.jpg","keywords":["dehoraemhora","manchete"],"articleSection":["Institucional"],"inLanguage":"pt-BR","potentialAction":[{"@type":"CommentAction","name":"Comment","target":["https:\/\/jornalbeirario.com.br\/portal\/?p=38960#respond"]}]},{"@type":"WebPage","@id":"https:\/\/jornalbeirario.com.br\/portal\/?p=38960","url":"https:\/\/jornalbeirario.com.br\/portal\/?p=38960","name":"BEIRA-RIO de Portas Abertas especial de 19 anos recebe convidados - JORNAL BEIRA RIO","isPartOf":{"@id":"https:\/\/jornalbeirario.com.br\/portal\/#website"},"primaryImageOfPage":{"@id":"https:\/\/jornalbeirario.com.br\/portal\/?p=38960#primaryimage"},"image":{"@id":"https:\/\/jornalbeirario.com.br\/portal\/?p=38960#primaryimage"},"thumbnailUrl":"https:\/\/jornalbeirario.com.br\/portal\/wp-content\/uploads\/2016\/04\/encontro1.jpg","datePublished":"2016-04-03T15:49:42+00:00","dateModified":"2016-04-03T16:59:03+00:00","breadcrumb":{"@id":"https:\/\/jornalbeirario.com.br\/portal\/?p=38960#breadcrumb"},"inLanguage":"pt-BR","potentialAction":[{"@type":"ReadAction","target":["https:\/\/jornalbeirario.com.br\/portal\/?p=38960"]}]},{"@type":"ImageObject","inLanguage":"pt-BR","@id":"https:\/\/jornalbeirario.com.br\/portal\/?p=38960#primaryimage","url":"https:\/\/jornalbeirario.com.br\/portal\/wp-content\/uploads\/2016\/04\/encontro1.jpg","contentUrl":"https:\/\/jornalbeirario.com.br\/portal\/wp-content\/uploads\/2016\/04\/encontro1.jpg","width":930,"height":350},{"@type":"BreadcrumbList","@id":"https:\/\/jornalbeirario.com.br\/portal\/?p=38960#breadcrumb","itemListElement":[{"@type":"ListItem","position":1,"name":"Home","item":"https:\/\/jornalbeirario.com.br\/portal"},{"@type":"ListItem","position":2,"name":"BEIRA-RIO de Portas Abertas especial de 19 anos recebe convidados"}]},{"@type":"WebSite","@id":"https:\/\/jornalbeirario.com.br\/portal\/#website","url":"https:\/\/jornalbeirario.com.br\/portal\/","name":"JORNAL BEIRA RIO","description":"","publisher":{"@id":"https:\/\/jornalbeirario.com.br\/portal\/#organization"},"potentialAction":[{"@type":"SearchAction","target":{"@type":"EntryPoint","urlTemplate":"https:\/\/jornalbeirario.com.br\/portal\/?s={search_term_string}"},"query-input":{"@type":"PropertyValueSpecification","valueRequired":true,"valueName":"search_term_string"}}],"inLanguage":"pt-BR"},{"@type":"Organization","@id":"https:\/\/jornalbeirario.com.br\/portal\/#organization","name":"JORNAL BEIRA RIO","url":"https:\/\/jornalbeirario.com.br\/portal\/","logo":{"@type":"ImageObject","inLanguage":"pt-BR","@id":"https:\/\/jornalbeirario.com.br\/portal\/#\/schema\/logo\/image\/","url":"https:\/\/jornalbeirario.com.br\/portal\/wp-content\/uploads\/2017\/09\/BEIRA-RIO_logo600.png","contentUrl":"https:\/\/jornalbeirario.com.br\/portal\/wp-content\/uploads\/2017\/09\/BEIRA-RIO_logo600.png","width":650,"height":108,"caption":"JORNAL BEIRA RIO"},"image":{"@id":"https:\/\/jornalbeirario.com.br\/portal\/#\/schema\/logo\/image\/"}},{"@type":"Person","@id":"https:\/\/jornalbeirario.com.br\/portal\/#\/schema\/person\/c6c423e4c2465d2a9233f6539173e7c1","name":"Jornal BEIRA-RIO","image":{"@type":"ImageObject","inLanguage":"pt-BR","@id":"https:\/\/jornalbeirario.com.br\/portal\/wp-content\/uploads\/2023\/10\/logojbr1.jpg","url":"https:\/\/jornalbeirario.com.br\/portal\/wp-content\/uploads\/2023\/10\/logojbr1.jpg","contentUrl":"https:\/\/jornalbeirario.com.br\/portal\/wp-content\/uploads\/2023\/10\/logojbr1.jpg","caption":"Jornal BEIRA-RIO"},"url":"https:\/\/jornalbeirario.com.br\/portal\/?author=1"}]}},"_links":{"self":[{"href":"https:\/\/jornalbeirario.com.br\/portal\/index.php?rest_route=\/wp\/v2\/posts\/38960","targetHints":{"allow":["GET"]}}],"collection":[{"href":"https:\/\/jornalbeirario.com.br\/portal\/index.php?rest_route=\/wp\/v2\/posts"}],"about":[{"href":"https:\/\/jornalbeirario.com.br\/portal\/index.php?rest_route=\/wp\/v2\/types\/post"}],"author":[{"embeddable":true,"href":"https:\/\/jornalbeirario.com.br\/portal\/index.php?rest_route=\/wp\/v2\/users\/1"}],"replies":[{"embeddable":true,"href":"https:\/\/jornalbeirario.com.br\/portal\/index.php?rest_route=%2Fwp%2Fv2%2Fcomments&post=38960"}],"version-history":[{"count":16,"href":"https:\/\/jornalbeirario.com.br\/portal\/index.php?rest_route=\/wp\/v2\/posts\/38960\/revisions"}],"predecessor-version":[{"id":38978,"href":"https:\/\/jornalbeirario.com.br\/portal\/index.php?rest_route=\/wp\/v2\/posts\/38960\/revisions\/38978"}],"wp:featuredmedia":[{"embeddable":true,"href":"https:\/\/jornalbeirario.com.br\/portal\/index.php?rest_route=\/wp\/v2\/media\/38964"}],"wp:attachment":[{"href":"https:\/\/jornalbeirario.com.br\/portal\/index.php?rest_route=%2Fwp%2Fv2%2Fmedia&parent=38960"}],"wp:term":[{"taxonomy":"category","embeddable":true,"href":"https:\/\/jornalbeirario.com.br\/portal\/index.php?rest_route=%2Fwp%2Fv2%2Fcategories&post=38960"},{"taxonomy":"post_tag","embeddable":true,"href":"https:\/\/jornalbeirario.com.br\/portal\/index.php?rest_route=%2Fwp%2Fv2%2Ftags&post=38960"}],"curies":[{"name":"wp","href":"https:\/\/api.w.org\/{rel}","templated":true}]}}