
{"id":38741,"date":"2016-03-27T20:08:00","date_gmt":"2016-03-27T20:08:00","guid":{"rendered":"http:\/\/jornalbeirario.com.br\/portal\/portal\/?p=38741"},"modified":"2016-03-27T20:08:00","modified_gmt":"2016-03-27T20:08:00","slug":"pmdb-decide-esta-semana-sobre-permanencia-no-governo","status":"publish","type":"post","link":"https:\/\/jornalbeirario.com.br\/portal\/?p=38741","title":{"rendered":"PMDB decide esta semana sobre perman\u00eancia no governo"},"content":{"rendered":"<p style=\"text-align: justify;\">A dois dias da decis\u00e3o do PMDB sobre a perman\u00eancia na base aliada do governo da presidenta Dilma Rousseff, a tens\u00e3o no cen\u00e1rio pol\u00edtico aumenta e peemedebistas favor\u00e1veis e contr\u00e1rios ao rompimento tentam ganhar apoio em articula\u00e7\u00f5es de bastidores. O partido, presidido pelo vice-presidente da Rep\u00fablica, Michel Temer, marcou para as 15h da pr\u00f3xima ter\u00e7a-feira, dia 29, a vota\u00e7\u00e3o sobre a perman\u00eancia no governo. A elei\u00e7\u00e3o ser\u00e1 realizada em um dos plen\u00e1rios da C\u00e2mara dos Deputados e pode mudar a condu\u00e7\u00e3o dos trabalhos no Planalto e no Congresso.<\/p>\n<p style=\"text-align: justify;\">Temer\u00a0cancelou a viagem que faria a Lisboa nesta segunda-feira, dia 28,\u00a0a pedido de peemedebistas que querem que ele participe do processo de articula\u00e7\u00e3o da decis\u00e3o da legenda. Na \u00faltima quarta-feira, dia 23, o vice-presidente se reuniu com o senador A\u00e9cio Neves, presidente nacional do PSDB e um dos principais opositores de Dilma, para uma conversa sobre a situa\u00e7\u00e3o pol\u00edtica do pa\u00eds.<\/p>\n<p style=\"text-align: justify;\">No mesmo dia, as articula\u00e7\u00f5es ocorreram do outro lado, \u00a0em encontros do presidente do Senado, Renan Calheiros (PMDB-AL), do ex-senador Jos\u00e9 Sarney (PMDB-AP) e de outras lideran\u00e7as peemedebistas alinhados com o governo\u00a0com o ex-presidente Luiz In\u00e1cio Lula da Silva.<\/p>\n<p>Diante da amea\u00e7a de desembarque pol\u00edtico do principal partido da base aliada, Dilma disse, em declara\u00e7\u00f5es na \u00faltima semana, querer &#8220;muito que o PMDB permane\u00e7a&#8221;\u00a0no governo, mas disse que vai respeitar a decis\u00e3o da legenda.<\/p>\n<p style=\"text-align: justify;\">Dilma disse que aposta no comprometimento de ministros peemedebistas que comp\u00f5em seu governo, entre eles, Marcelo Castro (Sa\u00fade) e Celso Pansera (Ci\u00eancia, Tecnolgia e Inova\u00e7\u00e3o). Os dois\u00a0querem que a alian\u00e7a seja mantida e consideram irrespons\u00e1vel um rompimento.<\/p>\n<p style=\"text-align: justify;\">Os ministros do PMDB se reunir\u00e3o um dia depois da vota\u00e7\u00e3o do Diret\u00f3rio Nacional para fechar uma posi\u00e7\u00e3o em rela\u00e7\u00e3o a possibilidade do partido decidir deixar a base aliada.<\/p>\n<p style=\"text-align: justify;\">Para aprovar a continuidade ou o fim da alian\u00e7a com o governo petista, \u00e9 necess\u00e1rio maioria simples dos 125 membros do PMDB que t\u00eam direito a voto. O diret\u00f3rio regional do Rio de Janeiro, que re\u00fane nomes como o l\u00edder do partido na C\u00e2mara, Leonardo Picciani \u2013 aliado do Planalto \u2013, representa a maior bancada, com direito a 12 votos. Na \u00faltima quinta-feira,\u00a0dia\u00a024, os fluminenses sinalizaram que v\u00e3o votar pelo desembarque do governo.<\/p>\n<p style=\"text-align: justify;\">O primeiro diret\u00f3rio peemedebista a anunciar o apoio ao rompimento com o governo foi o de Santa Catarina, segundo o deputado federal Mauro Mariani (SC), que ocupa uma das cadeiras da comiss\u00e3o especial que analisa o impeachment da presidenta Dilma.<\/p>\n<p style=\"text-align: justify;\">Al\u00e9m dos diret\u00f3rios do Rio e de Santa Catarina, peemedebistas do Rio Grande do Sul, Paran\u00e1, S\u00e3o Paulo, Esp\u00edrito Santo, Piau\u00ed, Distrito Federal, Acre, Pernambuco, Tocantins, Maranh\u00e3o, Bahia e Mato Grosso do Sul defendem a ruptura com o Planalto. Outros estados ainda n\u00e3o se manifestaram.<\/p>\n<p style=\"text-align: justify;\">Fonte: Ag\u00eancia Brasil<\/p>\n","protected":false},"excerpt":{"rendered":"<p>A dois dias da decis\u00e3o do PMDB sobre a perman\u00eancia na base aliada do governo da presidenta Dilma Rousseff, a tens\u00e3o no cen\u00e1rio pol\u00edtico<\/p>\n","protected":false},"author":1,"featured_media":0,"comment_status":"open","ping_status":"open","sticky":false,"template":"","format":"standard","meta":{"pmpro_default_level":"","footnotes":""},"categories":[35,11],"tags":[155],"class_list":["post-38741","post","type-post","status-publish","format-standard","hentry","category-nacional","category-politica","tag-dehoraemhora","pmpro-has-access"],"yoast_head":"<!-- This site is optimized with the Yoast SEO plugin v27.4 - https:\/\/yoast.com\/product\/yoast-seo-wordpress\/ -->\n<title>PMDB decide esta semana sobre perman\u00eancia no governo - JORNAL BEIRA RIO<\/title>\n<meta name=\"robots\" content=\"index, follow, max-snippet:-1, max-image-preview:large, max-video-preview:-1\" \/>\n<link rel=\"canonical\" href=\"https:\/\/jornalbeirario.com.br\/portal\/?p=38741\" \/>\n<meta property=\"og:locale\" content=\"pt_BR\" \/>\n<meta property=\"og:type\" content=\"article\" \/>\n<meta property=\"og:title\" content=\"PMDB decide esta semana sobre perman\u00eancia no governo - JORNAL BEIRA RIO\" \/>\n<meta property=\"og:description\" content=\"A dois dias da decis\u00e3o do PMDB sobre a perman\u00eancia na base aliada do governo da presidenta Dilma Rousseff, a tens\u00e3o no cen\u00e1rio pol\u00edtico\" \/>\n<meta property=\"og:url\" content=\"https:\/\/jornalbeirario.com.br\/portal\/?p=38741\" \/>\n<meta property=\"og:site_name\" content=\"JORNAL BEIRA RIO\" \/>\n<meta property=\"article:published_time\" content=\"2016-03-27T20:08:00+00:00\" \/>\n<meta name=\"author\" content=\"Jornal BEIRA-RIO\" \/>\n<meta name=\"twitter:card\" content=\"summary_large_image\" \/>\n<meta name=\"twitter:label1\" content=\"Escrito por\" \/>\n\t<meta name=\"twitter:data1\" content=\"Jornal BEIRA-RIO\" \/>\n\t<meta name=\"twitter:label2\" content=\"Est. tempo de leitura\" \/>\n\t<meta name=\"twitter:data2\" content=\"3 minutos\" \/>\n<script type=\"application\/ld+json\" class=\"yoast-schema-graph\">{\"@context\":\"https:\\\/\\\/schema.org\",\"@graph\":[{\"@type\":\"Article\",\"@id\":\"https:\\\/\\\/jornalbeirario.com.br\\\/portal\\\/?p=38741#article\",\"isPartOf\":{\"@id\":\"https:\\\/\\\/jornalbeirario.com.br\\\/portal\\\/?p=38741\"},\"author\":{\"name\":\"Jornal BEIRA-RIO\",\"@id\":\"https:\\\/\\\/jornalbeirario.com.br\\\/portal\\\/#\\\/schema\\\/person\\\/c6c423e4c2465d2a9233f6539173e7c1\"},\"headline\":\"PMDB decide esta semana sobre perman\u00eancia no governo\",\"datePublished\":\"2016-03-27T20:08:00+00:00\",\"mainEntityOfPage\":{\"@id\":\"https:\\\/\\\/jornalbeirario.com.br\\\/portal\\\/?p=38741\"},\"wordCount\":516,\"commentCount\":0,\"publisher\":{\"@id\":\"https:\\\/\\\/jornalbeirario.com.br\\\/portal\\\/#organization\"},\"keywords\":[\"dehoraemhora\"],\"articleSection\":[\"Nacional\",\"Pol\u00edtica\"],\"inLanguage\":\"pt-BR\",\"potentialAction\":[{\"@type\":\"CommentAction\",\"name\":\"Comment\",\"target\":[\"https:\\\/\\\/jornalbeirario.com.br\\\/portal\\\/?p=38741#respond\"]}]},{\"@type\":\"WebPage\",\"@id\":\"https:\\\/\\\/jornalbeirario.com.br\\\/portal\\\/?p=38741\",\"url\":\"https:\\\/\\\/jornalbeirario.com.br\\\/portal\\\/?p=38741\",\"name\":\"PMDB decide esta semana sobre perman\u00eancia no governo - JORNAL BEIRA RIO\",\"isPartOf\":{\"@id\":\"https:\\\/\\\/jornalbeirario.com.br\\\/portal\\\/#website\"},\"datePublished\":\"2016-03-27T20:08:00+00:00\",\"breadcrumb\":{\"@id\":\"https:\\\/\\\/jornalbeirario.com.br\\\/portal\\\/?p=38741#breadcrumb\"},\"inLanguage\":\"pt-BR\",\"potentialAction\":[{\"@type\":\"ReadAction\",\"target\":[\"https:\\\/\\\/jornalbeirario.com.br\\\/portal\\\/?p=38741\"]}]},{\"@type\":\"BreadcrumbList\",\"@id\":\"https:\\\/\\\/jornalbeirario.com.br\\\/portal\\\/?p=38741#breadcrumb\",\"itemListElement\":[{\"@type\":\"ListItem\",\"position\":1,\"name\":\"Home\",\"item\":\"https:\\\/\\\/jornalbeirario.com.br\\\/portal\"},{\"@type\":\"ListItem\",\"position\":2,\"name\":\"PMDB decide esta semana sobre perman\u00eancia no governo\"}]},{\"@type\":\"WebSite\",\"@id\":\"https:\\\/\\\/jornalbeirario.com.br\\\/portal\\\/#website\",\"url\":\"https:\\\/\\\/jornalbeirario.com.br\\\/portal\\\/\",\"name\":\"JORNAL BEIRA RIO\",\"description\":\"\",\"publisher\":{\"@id\":\"https:\\\/\\\/jornalbeirario.com.br\\\/portal\\\/#organization\"},\"potentialAction\":[{\"@type\":\"SearchAction\",\"target\":{\"@type\":\"EntryPoint\",\"urlTemplate\":\"https:\\\/\\\/jornalbeirario.com.br\\\/portal\\\/?s={search_term_string}\"},\"query-input\":{\"@type\":\"PropertyValueSpecification\",\"valueRequired\":true,\"valueName\":\"search_term_string\"}}],\"inLanguage\":\"pt-BR\"},{\"@type\":\"Organization\",\"@id\":\"https:\\\/\\\/jornalbeirario.com.br\\\/portal\\\/#organization\",\"name\":\"JORNAL BEIRA RIO\",\"url\":\"https:\\\/\\\/jornalbeirario.com.br\\\/portal\\\/\",\"logo\":{\"@type\":\"ImageObject\",\"inLanguage\":\"pt-BR\",\"@id\":\"https:\\\/\\\/jornalbeirario.com.br\\\/portal\\\/#\\\/schema\\\/logo\\\/image\\\/\",\"url\":\"https:\\\/\\\/jornalbeirario.com.br\\\/portal\\\/wp-content\\\/uploads\\\/2017\\\/09\\\/BEIRA-RIO_logo600.png\",\"contentUrl\":\"https:\\\/\\\/jornalbeirario.com.br\\\/portal\\\/wp-content\\\/uploads\\\/2017\\\/09\\\/BEIRA-RIO_logo600.png\",\"width\":650,\"height\":108,\"caption\":\"JORNAL BEIRA RIO\"},\"image\":{\"@id\":\"https:\\\/\\\/jornalbeirario.com.br\\\/portal\\\/#\\\/schema\\\/logo\\\/image\\\/\"}},{\"@type\":\"Person\",\"@id\":\"https:\\\/\\\/jornalbeirario.com.br\\\/portal\\\/#\\\/schema\\\/person\\\/c6c423e4c2465d2a9233f6539173e7c1\",\"name\":\"Jornal BEIRA-RIO\",\"image\":{\"@type\":\"ImageObject\",\"inLanguage\":\"pt-BR\",\"@id\":\"https:\\\/\\\/jornalbeirario.com.br\\\/portal\\\/wp-content\\\/uploads\\\/2023\\\/10\\\/logojbr1.jpg\",\"url\":\"https:\\\/\\\/jornalbeirario.com.br\\\/portal\\\/wp-content\\\/uploads\\\/2023\\\/10\\\/logojbr1.jpg\",\"contentUrl\":\"https:\\\/\\\/jornalbeirario.com.br\\\/portal\\\/wp-content\\\/uploads\\\/2023\\\/10\\\/logojbr1.jpg\",\"caption\":\"Jornal BEIRA-RIO\"},\"url\":\"https:\\\/\\\/jornalbeirario.com.br\\\/portal\\\/?author=1\"}]}<\/script>\n<!-- \/ Yoast SEO plugin. -->","yoast_head_json":{"title":"PMDB decide esta semana sobre perman\u00eancia no governo - JORNAL BEIRA RIO","robots":{"index":"index","follow":"follow","max-snippet":"max-snippet:-1","max-image-preview":"max-image-preview:large","max-video-preview":"max-video-preview:-1"},"canonical":"https:\/\/jornalbeirario.com.br\/portal\/?p=38741","og_locale":"pt_BR","og_type":"article","og_title":"PMDB decide esta semana sobre perman\u00eancia no governo - JORNAL BEIRA RIO","og_description":"A dois dias da decis\u00e3o do PMDB sobre a perman\u00eancia na base aliada do governo da presidenta Dilma Rousseff, a tens\u00e3o no cen\u00e1rio pol\u00edtico","og_url":"https:\/\/jornalbeirario.com.br\/portal\/?p=38741","og_site_name":"JORNAL BEIRA RIO","article_published_time":"2016-03-27T20:08:00+00:00","author":"Jornal BEIRA-RIO","twitter_card":"summary_large_image","twitter_misc":{"Escrito por":"Jornal BEIRA-RIO","Est. tempo de leitura":"3 minutos"},"schema":{"@context":"https:\/\/schema.org","@graph":[{"@type":"Article","@id":"https:\/\/jornalbeirario.com.br\/portal\/?p=38741#article","isPartOf":{"@id":"https:\/\/jornalbeirario.com.br\/portal\/?p=38741"},"author":{"name":"Jornal BEIRA-RIO","@id":"https:\/\/jornalbeirario.com.br\/portal\/#\/schema\/person\/c6c423e4c2465d2a9233f6539173e7c1"},"headline":"PMDB decide esta semana sobre perman\u00eancia no governo","datePublished":"2016-03-27T20:08:00+00:00","mainEntityOfPage":{"@id":"https:\/\/jornalbeirario.com.br\/portal\/?p=38741"},"wordCount":516,"commentCount":0,"publisher":{"@id":"https:\/\/jornalbeirario.com.br\/portal\/#organization"},"keywords":["dehoraemhora"],"articleSection":["Nacional","Pol\u00edtica"],"inLanguage":"pt-BR","potentialAction":[{"@type":"CommentAction","name":"Comment","target":["https:\/\/jornalbeirario.com.br\/portal\/?p=38741#respond"]}]},{"@type":"WebPage","@id":"https:\/\/jornalbeirario.com.br\/portal\/?p=38741","url":"https:\/\/jornalbeirario.com.br\/portal\/?p=38741","name":"PMDB decide esta semana sobre perman\u00eancia no governo - JORNAL BEIRA RIO","isPartOf":{"@id":"https:\/\/jornalbeirario.com.br\/portal\/#website"},"datePublished":"2016-03-27T20:08:00+00:00","breadcrumb":{"@id":"https:\/\/jornalbeirario.com.br\/portal\/?p=38741#breadcrumb"},"inLanguage":"pt-BR","potentialAction":[{"@type":"ReadAction","target":["https:\/\/jornalbeirario.com.br\/portal\/?p=38741"]}]},{"@type":"BreadcrumbList","@id":"https:\/\/jornalbeirario.com.br\/portal\/?p=38741#breadcrumb","itemListElement":[{"@type":"ListItem","position":1,"name":"Home","item":"https:\/\/jornalbeirario.com.br\/portal"},{"@type":"ListItem","position":2,"name":"PMDB decide esta semana sobre perman\u00eancia no governo"}]},{"@type":"WebSite","@id":"https:\/\/jornalbeirario.com.br\/portal\/#website","url":"https:\/\/jornalbeirario.com.br\/portal\/","name":"JORNAL BEIRA RIO","description":"","publisher":{"@id":"https:\/\/jornalbeirario.com.br\/portal\/#organization"},"potentialAction":[{"@type":"SearchAction","target":{"@type":"EntryPoint","urlTemplate":"https:\/\/jornalbeirario.com.br\/portal\/?s={search_term_string}"},"query-input":{"@type":"PropertyValueSpecification","valueRequired":true,"valueName":"search_term_string"}}],"inLanguage":"pt-BR"},{"@type":"Organization","@id":"https:\/\/jornalbeirario.com.br\/portal\/#organization","name":"JORNAL BEIRA RIO","url":"https:\/\/jornalbeirario.com.br\/portal\/","logo":{"@type":"ImageObject","inLanguage":"pt-BR","@id":"https:\/\/jornalbeirario.com.br\/portal\/#\/schema\/logo\/image\/","url":"https:\/\/jornalbeirario.com.br\/portal\/wp-content\/uploads\/2017\/09\/BEIRA-RIO_logo600.png","contentUrl":"https:\/\/jornalbeirario.com.br\/portal\/wp-content\/uploads\/2017\/09\/BEIRA-RIO_logo600.png","width":650,"height":108,"caption":"JORNAL BEIRA RIO"},"image":{"@id":"https:\/\/jornalbeirario.com.br\/portal\/#\/schema\/logo\/image\/"}},{"@type":"Person","@id":"https:\/\/jornalbeirario.com.br\/portal\/#\/schema\/person\/c6c423e4c2465d2a9233f6539173e7c1","name":"Jornal BEIRA-RIO","image":{"@type":"ImageObject","inLanguage":"pt-BR","@id":"https:\/\/jornalbeirario.com.br\/portal\/wp-content\/uploads\/2023\/10\/logojbr1.jpg","url":"https:\/\/jornalbeirario.com.br\/portal\/wp-content\/uploads\/2023\/10\/logojbr1.jpg","contentUrl":"https:\/\/jornalbeirario.com.br\/portal\/wp-content\/uploads\/2023\/10\/logojbr1.jpg","caption":"Jornal BEIRA-RIO"},"url":"https:\/\/jornalbeirario.com.br\/portal\/?author=1"}]}},"_links":{"self":[{"href":"https:\/\/jornalbeirario.com.br\/portal\/index.php?rest_route=\/wp\/v2\/posts\/38741","targetHints":{"allow":["GET"]}}],"collection":[{"href":"https:\/\/jornalbeirario.com.br\/portal\/index.php?rest_route=\/wp\/v2\/posts"}],"about":[{"href":"https:\/\/jornalbeirario.com.br\/portal\/index.php?rest_route=\/wp\/v2\/types\/post"}],"author":[{"embeddable":true,"href":"https:\/\/jornalbeirario.com.br\/portal\/index.php?rest_route=\/wp\/v2\/users\/1"}],"replies":[{"embeddable":true,"href":"https:\/\/jornalbeirario.com.br\/portal\/index.php?rest_route=%2Fwp%2Fv2%2Fcomments&post=38741"}],"version-history":[{"count":1,"href":"https:\/\/jornalbeirario.com.br\/portal\/index.php?rest_route=\/wp\/v2\/posts\/38741\/revisions"}],"predecessor-version":[{"id":38742,"href":"https:\/\/jornalbeirario.com.br\/portal\/index.php?rest_route=\/wp\/v2\/posts\/38741\/revisions\/38742"}],"wp:attachment":[{"href":"https:\/\/jornalbeirario.com.br\/portal\/index.php?rest_route=%2Fwp%2Fv2%2Fmedia&parent=38741"}],"wp:term":[{"taxonomy":"category","embeddable":true,"href":"https:\/\/jornalbeirario.com.br\/portal\/index.php?rest_route=%2Fwp%2Fv2%2Fcategories&post=38741"},{"taxonomy":"post_tag","embeddable":true,"href":"https:\/\/jornalbeirario.com.br\/portal\/index.php?rest_route=%2Fwp%2Fv2%2Ftags&post=38741"}],"curies":[{"name":"wp","href":"https:\/\/api.w.org\/{rel}","templated":true}]}}