
{"id":38722,"date":"2016-03-27T13:39:59","date_gmt":"2016-03-27T13:39:59","guid":{"rendered":"http:\/\/jornalbeirario.com.br\/portal\/portal\/?p=38722"},"modified":"2016-03-27T13:39:59","modified_gmt":"2016-03-27T13:39:59","slug":"exercito-sirio-expulsa-estado-islamico-de-palmira","status":"publish","type":"post","link":"https:\/\/jornalbeirario.com.br\/portal\/?p=38722","title":{"rendered":"Ex\u00e9rcito s\u00edrio expulsa Estado Isl\u00e2mico de Palmira"},"content":{"rendered":"<p style=\"text-align: justify;\">O Ex\u00e9rcito s\u00edrio recuperou neste domingo, dia 27, o controlo total de Palmira, cidade que esteve tomada pelos extremistas do Estado Isl\u00e2mico durante mais de um ano, segundo uma fonte militar.<\/p>\n<p style=\"text-align: justify;\">&#8211; Ap\u00f3s combates noturnos violentos, o Ex\u00e9rcito controla totalmente a cidade de Palmira, incluindo a parte antiga e a parte residencial. Eles [os &#8216;jihadistas&#8217;] retiraram-se &#8211;\u00a0disse a mesma fonte.<\/p>\n<p style=\"text-align: justify;\">As tropas s\u00edrias, apoiadas pela avia\u00e7\u00e3o russa, haviam entrado na quinta-feira, dia 24, na antiga cidade de Palmira, classificada como Patrim\u00f4nio Mundial pela ag\u00eancia da Organiza\u00e7\u00e3o das Na\u00e7\u00f5es Unidas\u00a0 para a Educa\u00e7\u00e3o, Ci\u00eancia e Cultura (Unesco). A tomada de Palmira \u00e9 o desfecho de uma ofensiva que o ex\u00e9rcito lan\u00e7ou no in\u00edcio do m\u00eas, com o apoio da For\u00e7a A\u00e9rea russa.<\/p>\n<p style=\"text-align: justify;\">A queda de Palmira provocou ondas de choque em todo o mundo, quando o Estado Isl\u00e2mico lan\u00e7ou uma campanha de destrui\u00e7\u00e3o dos monumentos classificados pela Unesco, fazendo explodir templos e roubando rel\u00edquias de mais de 2 mil anos. A recaptura da cidade ser\u00e1 vista como uma vit\u00f3ria estrat\u00e9gica, mas tamb\u00e9m simb\u00f3lica, do presidente s\u00edrio, Bashar al-Assad, j\u00e1 que quem controla a cidade tamb\u00e9m controla o vasto deserto que se estende do centro da S\u00edria at\u00e9 a fronteira com o Iraque.<\/p>\n<p style=\"text-align: justify;\">Na quinta-feira, a diretora-geral da Unesco, Irina Bokova, comemorou a \u201cliberta\u00e7\u00e3o\u201d da cidade, dizendo que a ag\u00eancia \u201cest\u00e1 preparada para ir rapidamente para o local para, juntamente com as autoridades s\u00edrias, assim que as condi\u00e7\u00f5es de seguran\u00e7a o permitirem, realizar uma miss\u00e3o de avalia\u00e7\u00e3o dos danos e prote\u00e7\u00e3o do patrim\u00f4nio inestim\u00e1vel da cidade\u201d.<\/p>\n<p style=\"text-align: justify;\">Segundo Irina Bokova, o saque a Palmira \u00e9 o \u201cs\u00edmbolo da limpeza cultural que arrasa o M\u00e9dio Oriente\u201d.<\/p>\n<p style=\"text-align: justify;\">Neste s\u00e1bado, dia 26, o diretor de Antiguidades e Museus da S\u00edria, Maamun Abdelkarim, anunciou que as ru\u00ednas de Palmira sofreram danos recuper\u00e1veis, j\u00e1 que n\u00e3o houve combates no interior.<\/p>\n<p style=\"text-align: justify;\">Situada num o\u00e1sis, Palmira foi no passado um dos centros culturais mais importantes do mundo antigo e um ponto de encontro das caravanas que percorriam a Rota da Seda, que atravessa o deserto do centro da S\u00edria. Antes do in\u00edcio do conflito na S\u00edria, em mar\u00e7o de 2011, as ru\u00ednas eram uma das principais atra\u00e7\u00f5es tur\u00edsticas deste pa\u00eds \u00e1rabe e tamb\u00e9m da regi\u00e3o.<\/p>\n<p>Fonte: Ag\u00eancia Lusa<\/p>\n<p>Foto: Youssef Badawi\/EPA\/Ag\u00eancia Lusa<\/p>\n","protected":false},"excerpt":{"rendered":"<p>O Ex\u00e9rcito s\u00edrio recuperou neste domingo, dia 27, o controlo total de Palmira, cidade que esteve tomada pelos extremistas do Estado Isl\u00e2mico durante mais<\/p>\n","protected":false},"author":1,"featured_media":38723,"comment_status":"open","ping_status":"open","sticky":false,"template":"","format":"standard","meta":{"pmpro_default_level":"","footnotes":""},"categories":[36],"tags":[155],"class_list":["post-38722","post","type-post","status-publish","format-standard","has-post-thumbnail","hentry","category-internacional","tag-dehoraemhora","pmpro-has-access"],"yoast_head":"<!-- This site is optimized with the Yoast SEO plugin v27.4 - https:\/\/yoast.com\/product\/yoast-seo-wordpress\/ -->\n<title>Ex\u00e9rcito s\u00edrio expulsa Estado Isl\u00e2mico de Palmira - JORNAL BEIRA RIO<\/title>\n<meta name=\"robots\" content=\"index, follow, max-snippet:-1, max-image-preview:large, max-video-preview:-1\" \/>\n<link rel=\"canonical\" href=\"https:\/\/jornalbeirario.com.br\/portal\/?p=38722\" \/>\n<meta property=\"og:locale\" content=\"pt_BR\" \/>\n<meta property=\"og:type\" content=\"article\" \/>\n<meta property=\"og:title\" content=\"Ex\u00e9rcito s\u00edrio expulsa Estado Isl\u00e2mico de Palmira - JORNAL BEIRA RIO\" \/>\n<meta property=\"og:description\" content=\"O Ex\u00e9rcito s\u00edrio recuperou neste domingo, dia 27, o controlo total de Palmira, cidade que esteve tomada pelos extremistas do Estado Isl\u00e2mico durante mais\" \/>\n<meta property=\"og:url\" content=\"https:\/\/jornalbeirario.com.br\/portal\/?p=38722\" \/>\n<meta property=\"og:site_name\" content=\"JORNAL BEIRA RIO\" \/>\n<meta property=\"article:published_time\" content=\"2016-03-27T13:39:59+00:00\" \/>\n<meta property=\"og:image\" content=\"https:\/\/jornalbeirario.com.br\/portal\/wp-content\/uploads\/2016\/03\/palmyraa.jpg\" \/>\n\t<meta property=\"og:image:width\" content=\"640\" \/>\n\t<meta property=\"og:image:height\" content=\"428\" \/>\n\t<meta property=\"og:image:type\" content=\"image\/jpeg\" \/>\n<meta name=\"author\" content=\"Jornal BEIRA-RIO\" \/>\n<meta name=\"twitter:card\" content=\"summary_large_image\" \/>\n<meta name=\"twitter:label1\" content=\"Escrito por\" \/>\n\t<meta name=\"twitter:data1\" content=\"Jornal BEIRA-RIO\" \/>\n\t<meta name=\"twitter:label2\" content=\"Est. tempo de leitura\" \/>\n\t<meta name=\"twitter:data2\" content=\"2 minutos\" \/>\n<script type=\"application\/ld+json\" class=\"yoast-schema-graph\">{\"@context\":\"https:\\\/\\\/schema.org\",\"@graph\":[{\"@type\":\"Article\",\"@id\":\"https:\\\/\\\/jornalbeirario.com.br\\\/portal\\\/?p=38722#article\",\"isPartOf\":{\"@id\":\"https:\\\/\\\/jornalbeirario.com.br\\\/portal\\\/?p=38722\"},\"author\":{\"name\":\"Jornal BEIRA-RIO\",\"@id\":\"https:\\\/\\\/jornalbeirario.com.br\\\/portal\\\/#\\\/schema\\\/person\\\/c6c423e4c2465d2a9233f6539173e7c1\"},\"headline\":\"Ex\u00e9rcito s\u00edrio expulsa Estado Isl\u00e2mico de Palmira\",\"datePublished\":\"2016-03-27T13:39:59+00:00\",\"mainEntityOfPage\":{\"@id\":\"https:\\\/\\\/jornalbeirario.com.br\\\/portal\\\/?p=38722\"},\"wordCount\":438,\"commentCount\":0,\"publisher\":{\"@id\":\"https:\\\/\\\/jornalbeirario.com.br\\\/portal\\\/#organization\"},\"image\":{\"@id\":\"https:\\\/\\\/jornalbeirario.com.br\\\/portal\\\/?p=38722#primaryimage\"},\"thumbnailUrl\":\"https:\\\/\\\/jornalbeirario.com.br\\\/portal\\\/wp-content\\\/uploads\\\/2016\\\/03\\\/palmyraa.jpg\",\"keywords\":[\"dehoraemhora\"],\"articleSection\":[\"Internacional\"],\"inLanguage\":\"pt-BR\",\"potentialAction\":[{\"@type\":\"CommentAction\",\"name\":\"Comment\",\"target\":[\"https:\\\/\\\/jornalbeirario.com.br\\\/portal\\\/?p=38722#respond\"]}]},{\"@type\":\"WebPage\",\"@id\":\"https:\\\/\\\/jornalbeirario.com.br\\\/portal\\\/?p=38722\",\"url\":\"https:\\\/\\\/jornalbeirario.com.br\\\/portal\\\/?p=38722\",\"name\":\"Ex\u00e9rcito s\u00edrio expulsa Estado Isl\u00e2mico de Palmira - JORNAL BEIRA RIO\",\"isPartOf\":{\"@id\":\"https:\\\/\\\/jornalbeirario.com.br\\\/portal\\\/#website\"},\"primaryImageOfPage\":{\"@id\":\"https:\\\/\\\/jornalbeirario.com.br\\\/portal\\\/?p=38722#primaryimage\"},\"image\":{\"@id\":\"https:\\\/\\\/jornalbeirario.com.br\\\/portal\\\/?p=38722#primaryimage\"},\"thumbnailUrl\":\"https:\\\/\\\/jornalbeirario.com.br\\\/portal\\\/wp-content\\\/uploads\\\/2016\\\/03\\\/palmyraa.jpg\",\"datePublished\":\"2016-03-27T13:39:59+00:00\",\"breadcrumb\":{\"@id\":\"https:\\\/\\\/jornalbeirario.com.br\\\/portal\\\/?p=38722#breadcrumb\"},\"inLanguage\":\"pt-BR\",\"potentialAction\":[{\"@type\":\"ReadAction\",\"target\":[\"https:\\\/\\\/jornalbeirario.com.br\\\/portal\\\/?p=38722\"]}]},{\"@type\":\"ImageObject\",\"inLanguage\":\"pt-BR\",\"@id\":\"https:\\\/\\\/jornalbeirario.com.br\\\/portal\\\/?p=38722#primaryimage\",\"url\":\"https:\\\/\\\/jornalbeirario.com.br\\\/portal\\\/wp-content\\\/uploads\\\/2016\\\/03\\\/palmyraa.jpg\",\"contentUrl\":\"https:\\\/\\\/jornalbeirario.com.br\\\/portal\\\/wp-content\\\/uploads\\\/2016\\\/03\\\/palmyraa.jpg\",\"width\":640,\"height\":428},{\"@type\":\"BreadcrumbList\",\"@id\":\"https:\\\/\\\/jornalbeirario.com.br\\\/portal\\\/?p=38722#breadcrumb\",\"itemListElement\":[{\"@type\":\"ListItem\",\"position\":1,\"name\":\"Home\",\"item\":\"https:\\\/\\\/jornalbeirario.com.br\\\/portal\"},{\"@type\":\"ListItem\",\"position\":2,\"name\":\"Ex\u00e9rcito s\u00edrio expulsa Estado Isl\u00e2mico de Palmira\"}]},{\"@type\":\"WebSite\",\"@id\":\"https:\\\/\\\/jornalbeirario.com.br\\\/portal\\\/#website\",\"url\":\"https:\\\/\\\/jornalbeirario.com.br\\\/portal\\\/\",\"name\":\"JORNAL BEIRA RIO\",\"description\":\"\",\"publisher\":{\"@id\":\"https:\\\/\\\/jornalbeirario.com.br\\\/portal\\\/#organization\"},\"potentialAction\":[{\"@type\":\"SearchAction\",\"target\":{\"@type\":\"EntryPoint\",\"urlTemplate\":\"https:\\\/\\\/jornalbeirario.com.br\\\/portal\\\/?s={search_term_string}\"},\"query-input\":{\"@type\":\"PropertyValueSpecification\",\"valueRequired\":true,\"valueName\":\"search_term_string\"}}],\"inLanguage\":\"pt-BR\"},{\"@type\":\"Organization\",\"@id\":\"https:\\\/\\\/jornalbeirario.com.br\\\/portal\\\/#organization\",\"name\":\"JORNAL BEIRA RIO\",\"url\":\"https:\\\/\\\/jornalbeirario.com.br\\\/portal\\\/\",\"logo\":{\"@type\":\"ImageObject\",\"inLanguage\":\"pt-BR\",\"@id\":\"https:\\\/\\\/jornalbeirario.com.br\\\/portal\\\/#\\\/schema\\\/logo\\\/image\\\/\",\"url\":\"https:\\\/\\\/jornalbeirario.com.br\\\/portal\\\/wp-content\\\/uploads\\\/2017\\\/09\\\/BEIRA-RIO_logo600.png\",\"contentUrl\":\"https:\\\/\\\/jornalbeirario.com.br\\\/portal\\\/wp-content\\\/uploads\\\/2017\\\/09\\\/BEIRA-RIO_logo600.png\",\"width\":650,\"height\":108,\"caption\":\"JORNAL BEIRA RIO\"},\"image\":{\"@id\":\"https:\\\/\\\/jornalbeirario.com.br\\\/portal\\\/#\\\/schema\\\/logo\\\/image\\\/\"}},{\"@type\":\"Person\",\"@id\":\"https:\\\/\\\/jornalbeirario.com.br\\\/portal\\\/#\\\/schema\\\/person\\\/c6c423e4c2465d2a9233f6539173e7c1\",\"name\":\"Jornal BEIRA-RIO\",\"image\":{\"@type\":\"ImageObject\",\"inLanguage\":\"pt-BR\",\"@id\":\"https:\\\/\\\/jornalbeirario.com.br\\\/portal\\\/wp-content\\\/uploads\\\/2023\\\/10\\\/logojbr1.jpg\",\"url\":\"https:\\\/\\\/jornalbeirario.com.br\\\/portal\\\/wp-content\\\/uploads\\\/2023\\\/10\\\/logojbr1.jpg\",\"contentUrl\":\"https:\\\/\\\/jornalbeirario.com.br\\\/portal\\\/wp-content\\\/uploads\\\/2023\\\/10\\\/logojbr1.jpg\",\"caption\":\"Jornal BEIRA-RIO\"},\"url\":\"https:\\\/\\\/jornalbeirario.com.br\\\/portal\\\/?author=1\"}]}<\/script>\n<!-- \/ Yoast SEO plugin. -->","yoast_head_json":{"title":"Ex\u00e9rcito s\u00edrio expulsa Estado Isl\u00e2mico de Palmira - JORNAL BEIRA RIO","robots":{"index":"index","follow":"follow","max-snippet":"max-snippet:-1","max-image-preview":"max-image-preview:large","max-video-preview":"max-video-preview:-1"},"canonical":"https:\/\/jornalbeirario.com.br\/portal\/?p=38722","og_locale":"pt_BR","og_type":"article","og_title":"Ex\u00e9rcito s\u00edrio expulsa Estado Isl\u00e2mico de Palmira - JORNAL BEIRA RIO","og_description":"O Ex\u00e9rcito s\u00edrio recuperou neste domingo, dia 27, o controlo total de Palmira, cidade que esteve tomada pelos extremistas do Estado Isl\u00e2mico durante mais","og_url":"https:\/\/jornalbeirario.com.br\/portal\/?p=38722","og_site_name":"JORNAL BEIRA RIO","article_published_time":"2016-03-27T13:39:59+00:00","og_image":[{"width":640,"height":428,"url":"https:\/\/jornalbeirario.com.br\/portal\/wp-content\/uploads\/2016\/03\/palmyraa.jpg","type":"image\/jpeg"}],"author":"Jornal BEIRA-RIO","twitter_card":"summary_large_image","twitter_misc":{"Escrito por":"Jornal BEIRA-RIO","Est. tempo de leitura":"2 minutos"},"schema":{"@context":"https:\/\/schema.org","@graph":[{"@type":"Article","@id":"https:\/\/jornalbeirario.com.br\/portal\/?p=38722#article","isPartOf":{"@id":"https:\/\/jornalbeirario.com.br\/portal\/?p=38722"},"author":{"name":"Jornal BEIRA-RIO","@id":"https:\/\/jornalbeirario.com.br\/portal\/#\/schema\/person\/c6c423e4c2465d2a9233f6539173e7c1"},"headline":"Ex\u00e9rcito s\u00edrio expulsa Estado Isl\u00e2mico de Palmira","datePublished":"2016-03-27T13:39:59+00:00","mainEntityOfPage":{"@id":"https:\/\/jornalbeirario.com.br\/portal\/?p=38722"},"wordCount":438,"commentCount":0,"publisher":{"@id":"https:\/\/jornalbeirario.com.br\/portal\/#organization"},"image":{"@id":"https:\/\/jornalbeirario.com.br\/portal\/?p=38722#primaryimage"},"thumbnailUrl":"https:\/\/jornalbeirario.com.br\/portal\/wp-content\/uploads\/2016\/03\/palmyraa.jpg","keywords":["dehoraemhora"],"articleSection":["Internacional"],"inLanguage":"pt-BR","potentialAction":[{"@type":"CommentAction","name":"Comment","target":["https:\/\/jornalbeirario.com.br\/portal\/?p=38722#respond"]}]},{"@type":"WebPage","@id":"https:\/\/jornalbeirario.com.br\/portal\/?p=38722","url":"https:\/\/jornalbeirario.com.br\/portal\/?p=38722","name":"Ex\u00e9rcito s\u00edrio expulsa Estado Isl\u00e2mico de Palmira - JORNAL BEIRA RIO","isPartOf":{"@id":"https:\/\/jornalbeirario.com.br\/portal\/#website"},"primaryImageOfPage":{"@id":"https:\/\/jornalbeirario.com.br\/portal\/?p=38722#primaryimage"},"image":{"@id":"https:\/\/jornalbeirario.com.br\/portal\/?p=38722#primaryimage"},"thumbnailUrl":"https:\/\/jornalbeirario.com.br\/portal\/wp-content\/uploads\/2016\/03\/palmyraa.jpg","datePublished":"2016-03-27T13:39:59+00:00","breadcrumb":{"@id":"https:\/\/jornalbeirario.com.br\/portal\/?p=38722#breadcrumb"},"inLanguage":"pt-BR","potentialAction":[{"@type":"ReadAction","target":["https:\/\/jornalbeirario.com.br\/portal\/?p=38722"]}]},{"@type":"ImageObject","inLanguage":"pt-BR","@id":"https:\/\/jornalbeirario.com.br\/portal\/?p=38722#primaryimage","url":"https:\/\/jornalbeirario.com.br\/portal\/wp-content\/uploads\/2016\/03\/palmyraa.jpg","contentUrl":"https:\/\/jornalbeirario.com.br\/portal\/wp-content\/uploads\/2016\/03\/palmyraa.jpg","width":640,"height":428},{"@type":"BreadcrumbList","@id":"https:\/\/jornalbeirario.com.br\/portal\/?p=38722#breadcrumb","itemListElement":[{"@type":"ListItem","position":1,"name":"Home","item":"https:\/\/jornalbeirario.com.br\/portal"},{"@type":"ListItem","position":2,"name":"Ex\u00e9rcito s\u00edrio expulsa Estado Isl\u00e2mico de Palmira"}]},{"@type":"WebSite","@id":"https:\/\/jornalbeirario.com.br\/portal\/#website","url":"https:\/\/jornalbeirario.com.br\/portal\/","name":"JORNAL BEIRA RIO","description":"","publisher":{"@id":"https:\/\/jornalbeirario.com.br\/portal\/#organization"},"potentialAction":[{"@type":"SearchAction","target":{"@type":"EntryPoint","urlTemplate":"https:\/\/jornalbeirario.com.br\/portal\/?s={search_term_string}"},"query-input":{"@type":"PropertyValueSpecification","valueRequired":true,"valueName":"search_term_string"}}],"inLanguage":"pt-BR"},{"@type":"Organization","@id":"https:\/\/jornalbeirario.com.br\/portal\/#organization","name":"JORNAL BEIRA RIO","url":"https:\/\/jornalbeirario.com.br\/portal\/","logo":{"@type":"ImageObject","inLanguage":"pt-BR","@id":"https:\/\/jornalbeirario.com.br\/portal\/#\/schema\/logo\/image\/","url":"https:\/\/jornalbeirario.com.br\/portal\/wp-content\/uploads\/2017\/09\/BEIRA-RIO_logo600.png","contentUrl":"https:\/\/jornalbeirario.com.br\/portal\/wp-content\/uploads\/2017\/09\/BEIRA-RIO_logo600.png","width":650,"height":108,"caption":"JORNAL BEIRA RIO"},"image":{"@id":"https:\/\/jornalbeirario.com.br\/portal\/#\/schema\/logo\/image\/"}},{"@type":"Person","@id":"https:\/\/jornalbeirario.com.br\/portal\/#\/schema\/person\/c6c423e4c2465d2a9233f6539173e7c1","name":"Jornal BEIRA-RIO","image":{"@type":"ImageObject","inLanguage":"pt-BR","@id":"https:\/\/jornalbeirario.com.br\/portal\/wp-content\/uploads\/2023\/10\/logojbr1.jpg","url":"https:\/\/jornalbeirario.com.br\/portal\/wp-content\/uploads\/2023\/10\/logojbr1.jpg","contentUrl":"https:\/\/jornalbeirario.com.br\/portal\/wp-content\/uploads\/2023\/10\/logojbr1.jpg","caption":"Jornal BEIRA-RIO"},"url":"https:\/\/jornalbeirario.com.br\/portal\/?author=1"}]}},"_links":{"self":[{"href":"https:\/\/jornalbeirario.com.br\/portal\/index.php?rest_route=\/wp\/v2\/posts\/38722","targetHints":{"allow":["GET"]}}],"collection":[{"href":"https:\/\/jornalbeirario.com.br\/portal\/index.php?rest_route=\/wp\/v2\/posts"}],"about":[{"href":"https:\/\/jornalbeirario.com.br\/portal\/index.php?rest_route=\/wp\/v2\/types\/post"}],"author":[{"embeddable":true,"href":"https:\/\/jornalbeirario.com.br\/portal\/index.php?rest_route=\/wp\/v2\/users\/1"}],"replies":[{"embeddable":true,"href":"https:\/\/jornalbeirario.com.br\/portal\/index.php?rest_route=%2Fwp%2Fv2%2Fcomments&post=38722"}],"version-history":[{"count":1,"href":"https:\/\/jornalbeirario.com.br\/portal\/index.php?rest_route=\/wp\/v2\/posts\/38722\/revisions"}],"predecessor-version":[{"id":38724,"href":"https:\/\/jornalbeirario.com.br\/portal\/index.php?rest_route=\/wp\/v2\/posts\/38722\/revisions\/38724"}],"wp:featuredmedia":[{"embeddable":true,"href":"https:\/\/jornalbeirario.com.br\/portal\/index.php?rest_route=\/wp\/v2\/media\/38723"}],"wp:attachment":[{"href":"https:\/\/jornalbeirario.com.br\/portal\/index.php?rest_route=%2Fwp%2Fv2%2Fmedia&parent=38722"}],"wp:term":[{"taxonomy":"category","embeddable":true,"href":"https:\/\/jornalbeirario.com.br\/portal\/index.php?rest_route=%2Fwp%2Fv2%2Fcategories&post=38722"},{"taxonomy":"post_tag","embeddable":true,"href":"https:\/\/jornalbeirario.com.br\/portal\/index.php?rest_route=%2Fwp%2Fv2%2Ftags&post=38722"}],"curies":[{"name":"wp","href":"https:\/\/api.w.org\/{rel}","templated":true}]}}