
{"id":38543,"date":"2016-03-20T15:38:27","date_gmt":"2016-03-20T15:38:27","guid":{"rendered":"http:\/\/jornalbeirario.com.br\/portal\/portal\/?p=38543"},"modified":"2016-03-20T15:38:27","modified_gmt":"2016-03-20T15:38:27","slug":"presidente-obama-inicia-hoje-viagem-historica-a-cuba","status":"publish","type":"post","link":"https:\/\/jornalbeirario.com.br\/portal\/?p=38543","title":{"rendered":"Presidente Obama inicia hoje viagem hist\u00f3rica a Cuba"},"content":{"rendered":"<p style=\"text-align: justify;\">O presidente dos Estados Unidos, Barack Obama, inicia neste domingo, dia 20, viagem hist\u00f3rica para Cuba. A agenda do presidente norte-americano inclui, ap\u00f3s o desembarque na capital cubana, visita cultural a Havana Velha e um encontro com o cardeal Jaime Ortega, l\u00edder cat\u00f3lico que trabalhou com o papa Francisco no esfor\u00e7o para trazer os dois pa\u00edses \u00e0 mesa de negocia\u00e7\u00f5es visando ao restabelecimento das rela\u00e7\u00f5es diplom\u00e1ticas.<\/p>\n<p style=\"text-align: justify;\">&#8220;A viagem do presidente Obama \u00e9 uma &#8216;boa not\u00edcia&#8217; porque encerra, no \u00e2mbito das Am\u00e9ricas, o \u00faltimo cap\u00edtulo da guerra fria na pol\u00edtica externa dos Estados Unidos&#8221;, disse \u00e0 Ag\u00eancia Brasil o diretor do Instituto Brasil, Paulo Sotero. O Instituto Brasil \u00e9 ligado ao Centro Internacional de Woodrow Wilson, sediado em Washington, entidade que realiza estudos sobre a democracia e o desenvolvimento econ\u00f4mico em v\u00e1rios pa\u00edses.<\/p>\n<p style=\"text-align: justify;\">Segundo Paulo Sotero, a viagem do presidente Barack Obama desafia as for\u00e7as norte-americanas que ainda se op\u00f5em \u00e0 suspens\u00e3o do embargo econ\u00f4mico, comercial e financeiro imposto pelos Estados Unidos, em 1962, com o objetivo de isolar Cuba do mundo.<\/p>\n<p style=\"text-align: justify;\">&#8211; No lugar de isolar Cuba, a pol\u00edtica isolou os Estados Unidos na regi\u00e3o &#8211; disse Sotero.<\/p>\n<p style=\"text-align: justify;\">De acordo com Sotero, a aproxima\u00e7\u00e3o norte-americana com Havana (capital cubana) pode tamb\u00e9m trazer benef\u00edcios para o Brasil, que sempre teve uma pol\u00edtica externa de normalidade com Cuba.<\/p>\n<p style=\"text-align: justify;\">O professor da Universidade do Texas, em Austin, James Galbraith, disse \u00e0 Ag\u00eancia Brasil que a viagem do presidente Obama \u201ccoloca um ponto final a um per\u00edodo longo, totalmente desnecess\u00e1rio, de hostilidade\u201d dos Estados Unidos em rela\u00e7\u00e3o a Cuba.<\/p>\n<p style=\"text-align: justify;\">&#8211; \u00c9 correto dizer que, fora de um pequeno segmento da classe pol\u00edtica, a popula\u00e7\u00e3o norte-americana est\u00e1 totalmente favor\u00e1vel a Obama na ideia de que o melhor caminho a seguir \u00e9 ter rela\u00e7\u00f5es normais com Cuba.<\/p>\n<p style=\"text-align: justify;\">O presidente Obama, que viaja com a esposa Michelle, e com as filhas Malia e Sasha, ter\u00e1 um encontro nesta segunda-feira, dia 21, com o presidente Ra\u00fal Castro. Entre os temas a serem discutidos est\u00e3o os direitos humanos, o est\u00edmulo ao com\u00e9rcio entre Cuba e Estados Unidos e o desenvolvimento da iniciativa privada em solo cubano.<\/p>\n<p style=\"text-align: justify;\">A viagem \u2013 a primeira de um presidente norte-americano \u00e0 ilha cubana em quase 90 anos \u2013 prosseguir\u00e1 na ter\u00e7a-feira, dia 22. Nesse dia, o presidente Obama far\u00e1 um discurso dirigido ao povo cubano. Em seguida, participar\u00e1 de reuni\u00e3o com integrantes da sociedade civil cubana, incluindo ativistas de direitos humanos e representantes da oposi\u00e7\u00e3o.<\/p>\n<p style=\"text-align: justify;\">Depois desses encontros, o presidente Obama vai participar do jogo de beisebol entre o Tampa Bay Rays e a equipe nacional cubana. O beisebol \u00e9 um esporte muito popular tanto nos Estados Unidos quanto em Cuba. O Tampa Bay Rays \u00e9 um time de beisebol da Florida, que joga na liga profissional norte-americana.<\/p>\n<p>Fonte: Ag\u00eancia Brasil<\/p>\n<p>Foto: <span class=\"author\">EPA\/Behar Anthony\/Ag\u00eancia Lusa\/Direitos Reservados<\/span><\/p>\n","protected":false},"excerpt":{"rendered":"<p>O presidente dos Estados Unidos, Barack Obama, inicia neste domingo, dia 20, viagem hist\u00f3rica para Cuba. A agenda do presidente norte-americano inclui, ap\u00f3s o<\/p>\n","protected":false},"author":1,"featured_media":38544,"comment_status":"open","ping_status":"open","sticky":false,"template":"","format":"standard","meta":{"pmpro_default_level":"","footnotes":"","_members_access_role":[],"_members_access_error":""},"categories":[36],"tags":[155],"class_list":["post-38543","post","type-post","status-publish","format-standard","has-post-thumbnail","hentry","category-internacional","tag-dehoraemhora","pmpro-has-access"],"yoast_head":"<!-- This site is optimized with the Yoast SEO plugin v28.4 - https:\/\/yoast.com\/product\/yoast-seo-wordpress\/ -->\n<title>Presidente Obama inicia hoje viagem hist\u00f3rica a Cuba - JORNAL BEIRA RIO<\/title>\n<meta name=\"robots\" content=\"index, follow, max-snippet:-1, max-image-preview:large, max-video-preview:-1\" \/>\n<link rel=\"canonical\" href=\"https:\/\/jornalbeirario.com.br\/portal\/?p=38543\" \/>\n<meta property=\"og:locale\" content=\"pt_BR\" \/>\n<meta property=\"og:type\" content=\"article\" \/>\n<meta property=\"og:title\" content=\"Presidente Obama inicia hoje viagem hist\u00f3rica a Cuba - JORNAL BEIRA RIO\" \/>\n<meta property=\"og:description\" content=\"O presidente dos Estados Unidos, Barack Obama, inicia neste domingo, dia 20, viagem hist\u00f3rica para Cuba. A agenda do presidente norte-americano inclui, ap\u00f3s o\" \/>\n<meta property=\"og:url\" content=\"https:\/\/jornalbeirario.com.br\/portal\/?p=38543\" \/>\n<meta property=\"og:site_name\" content=\"JORNAL BEIRA RIO\" \/>\n<meta property=\"article:published_time\" content=\"2016-03-20T15:38:27+00:00\" \/>\n<meta property=\"og:image\" content=\"https:\/\/jornalbeirario.com.br\/portal\/wp-content\/uploads\/2016\/03\/cuba.jpg\" \/>\n\t<meta property=\"og:image:width\" content=\"640\" \/>\n\t<meta property=\"og:image:height\" content=\"428\" \/>\n\t<meta property=\"og:image:type\" content=\"image\/jpeg\" \/>\n<meta name=\"author\" content=\"Jornal BEIRA-RIO\" \/>\n<meta name=\"twitter:card\" content=\"summary_large_image\" \/>\n<meta name=\"twitter:label1\" content=\"Escrito por\" \/>\n\t<meta name=\"twitter:data1\" content=\"Jornal BEIRA-RIO\" \/>\n\t<meta name=\"twitter:label2\" content=\"Est. tempo de leitura\" \/>\n\t<meta name=\"twitter:data2\" content=\"2 minutos\" \/>\n<script type=\"application\/ld+json\" class=\"yoast-schema-graph\">{\"@context\":\"https:\\\/\\\/schema.org\",\"@graph\":[{\"@type\":\"Article\",\"@id\":\"https:\\\/\\\/jornalbeirario.com.br\\\/portal\\\/?p=38543#article\",\"isPartOf\":{\"@id\":\"https:\\\/\\\/jornalbeirario.com.br\\\/portal\\\/?p=38543\"},\"author\":{\"name\":\"Jornal BEIRA-RIO\",\"@id\":\"https:\\\/\\\/jornalbeirario.com.br\\\/portal\\\/#\\\/schema\\\/person\\\/c6c423e4c2465d2a9233f6539173e7c1\"},\"headline\":\"Presidente Obama inicia hoje viagem hist\u00f3rica a Cuba\",\"datePublished\":\"2016-03-20T15:38:27+00:00\",\"mainEntityOfPage\":{\"@id\":\"https:\\\/\\\/jornalbeirario.com.br\\\/portal\\\/?p=38543\"},\"wordCount\":500,\"commentCount\":0,\"publisher\":{\"@id\":\"https:\\\/\\\/jornalbeirario.com.br\\\/portal\\\/#organization\"},\"image\":{\"@id\":\"https:\\\/\\\/jornalbeirario.com.br\\\/portal\\\/?p=38543#primaryimage\"},\"thumbnailUrl\":\"https:\\\/\\\/jornalbeirario.com.br\\\/portal\\\/wp-content\\\/uploads\\\/2016\\\/03\\\/cuba.jpg\",\"keywords\":[\"dehoraemhora\"],\"articleSection\":[\"Internacional\"],\"inLanguage\":\"pt-BR\",\"potentialAction\":[{\"@type\":\"CommentAction\",\"name\":\"Comment\",\"target\":[\"https:\\\/\\\/jornalbeirario.com.br\\\/portal\\\/?p=38543#respond\"]}]},{\"@type\":\"WebPage\",\"@id\":\"https:\\\/\\\/jornalbeirario.com.br\\\/portal\\\/?p=38543\",\"url\":\"https:\\\/\\\/jornalbeirario.com.br\\\/portal\\\/?p=38543\",\"name\":\"Presidente Obama inicia hoje viagem hist\u00f3rica a Cuba - JORNAL BEIRA RIO\",\"isPartOf\":{\"@id\":\"https:\\\/\\\/jornalbeirario.com.br\\\/portal\\\/#website\"},\"primaryImageOfPage\":{\"@id\":\"https:\\\/\\\/jornalbeirario.com.br\\\/portal\\\/?p=38543#primaryimage\"},\"image\":{\"@id\":\"https:\\\/\\\/jornalbeirario.com.br\\\/portal\\\/?p=38543#primaryimage\"},\"thumbnailUrl\":\"https:\\\/\\\/jornalbeirario.com.br\\\/portal\\\/wp-content\\\/uploads\\\/2016\\\/03\\\/cuba.jpg\",\"datePublished\":\"2016-03-20T15:38:27+00:00\",\"breadcrumb\":{\"@id\":\"https:\\\/\\\/jornalbeirario.com.br\\\/portal\\\/?p=38543#breadcrumb\"},\"inLanguage\":\"pt-BR\",\"potentialAction\":[{\"@type\":\"ReadAction\",\"target\":[\"https:\\\/\\\/jornalbeirario.com.br\\\/portal\\\/?p=38543\"]}]},{\"@type\":\"ImageObject\",\"inLanguage\":\"pt-BR\",\"@id\":\"https:\\\/\\\/jornalbeirario.com.br\\\/portal\\\/?p=38543#primaryimage\",\"url\":\"https:\\\/\\\/jornalbeirario.com.br\\\/portal\\\/wp-content\\\/uploads\\\/2016\\\/03\\\/cuba.jpg\",\"contentUrl\":\"https:\\\/\\\/jornalbeirario.com.br\\\/portal\\\/wp-content\\\/uploads\\\/2016\\\/03\\\/cuba.jpg\",\"width\":640,\"height\":428},{\"@type\":\"BreadcrumbList\",\"@id\":\"https:\\\/\\\/jornalbeirario.com.br\\\/portal\\\/?p=38543#breadcrumb\",\"itemListElement\":[{\"@type\":\"ListItem\",\"position\":1,\"name\":\"Home\",\"item\":\"https:\\\/\\\/jornalbeirario.com.br\\\/portal\"},{\"@type\":\"ListItem\",\"position\":2,\"name\":\"Presidente Obama inicia hoje viagem hist\u00f3rica a Cuba\"}]},{\"@type\":\"WebSite\",\"@id\":\"https:\\\/\\\/jornalbeirario.com.br\\\/portal\\\/#website\",\"url\":\"https:\\\/\\\/jornalbeirario.com.br\\\/portal\\\/\",\"name\":\"JORNAL BEIRA RIO\",\"description\":\"\",\"publisher\":{\"@id\":\"https:\\\/\\\/jornalbeirario.com.br\\\/portal\\\/#organization\"},\"potentialAction\":[{\"@type\":\"SearchAction\",\"target\":{\"@type\":\"EntryPoint\",\"urlTemplate\":\"https:\\\/\\\/jornalbeirario.com.br\\\/portal\\\/?s={search_term_string}\"},\"query-input\":{\"@type\":\"PropertyValueSpecification\",\"valueRequired\":true,\"valueName\":\"search_term_string\"}}],\"inLanguage\":\"pt-BR\"},{\"@type\":\"Organization\",\"@id\":\"https:\\\/\\\/jornalbeirario.com.br\\\/portal\\\/#organization\",\"name\":\"JORNAL BEIRA RIO\",\"url\":\"https:\\\/\\\/jornalbeirario.com.br\\\/portal\\\/\",\"logo\":{\"@type\":\"ImageObject\",\"inLanguage\":\"pt-BR\",\"@id\":\"https:\\\/\\\/jornalbeirario.com.br\\\/portal\\\/#\\\/schema\\\/logo\\\/image\\\/\",\"url\":\"https:\\\/\\\/jornalbeirario.com.br\\\/portal\\\/wp-content\\\/uploads\\\/2017\\\/09\\\/BEIRA-RIO_logo600.png\",\"contentUrl\":\"https:\\\/\\\/jornalbeirario.com.br\\\/portal\\\/wp-content\\\/uploads\\\/2017\\\/09\\\/BEIRA-RIO_logo600.png\",\"width\":650,\"height\":108,\"caption\":\"JORNAL BEIRA RIO\"},\"image\":{\"@id\":\"https:\\\/\\\/jornalbeirario.com.br\\\/portal\\\/#\\\/schema\\\/logo\\\/image\\\/\"}},{\"@type\":\"Person\",\"@id\":\"https:\\\/\\\/jornalbeirario.com.br\\\/portal\\\/#\\\/schema\\\/person\\\/c6c423e4c2465d2a9233f6539173e7c1\",\"name\":\"Jornal BEIRA-RIO\",\"image\":{\"@type\":\"ImageObject\",\"inLanguage\":\"pt-BR\",\"@id\":\"https:\\\/\\\/jornalbeirario.com.br\\\/portal\\\/wp-content\\\/uploads\\\/2023\\\/10\\\/logojbr1.jpg\",\"url\":\"https:\\\/\\\/jornalbeirario.com.br\\\/portal\\\/wp-content\\\/uploads\\\/2023\\\/10\\\/logojbr1.jpg\",\"contentUrl\":\"https:\\\/\\\/jornalbeirario.com.br\\\/portal\\\/wp-content\\\/uploads\\\/2023\\\/10\\\/logojbr1.jpg\",\"caption\":\"Jornal BEIRA-RIO\"},\"url\":\"https:\\\/\\\/jornalbeirario.com.br\\\/portal\\\/?author=1\"}]}<\/script>\n<!-- \/ Yoast SEO plugin. -->","yoast_head_json":{"title":"Presidente Obama inicia hoje viagem hist\u00f3rica a Cuba - JORNAL BEIRA RIO","robots":{"index":"index","follow":"follow","max-snippet":"max-snippet:-1","max-image-preview":"max-image-preview:large","max-video-preview":"max-video-preview:-1"},"canonical":"https:\/\/jornalbeirario.com.br\/portal\/?p=38543","og_locale":"pt_BR","og_type":"article","og_title":"Presidente Obama inicia hoje viagem hist\u00f3rica a Cuba - JORNAL BEIRA RIO","og_description":"O presidente dos Estados Unidos, Barack Obama, inicia neste domingo, dia 20, viagem hist\u00f3rica para Cuba. A agenda do presidente norte-americano inclui, ap\u00f3s o","og_url":"https:\/\/jornalbeirario.com.br\/portal\/?p=38543","og_site_name":"JORNAL BEIRA RIO","article_published_time":"2016-03-20T15:38:27+00:00","og_image":[{"width":640,"height":428,"url":"https:\/\/jornalbeirario.com.br\/portal\/wp-content\/uploads\/2016\/03\/cuba.jpg","type":"image\/jpeg"}],"author":"Jornal BEIRA-RIO","twitter_card":"summary_large_image","twitter_misc":{"Escrito por":"Jornal BEIRA-RIO","Est. tempo de leitura":"2 minutos"},"schema":{"@context":"https:\/\/schema.org","@graph":[{"@type":"Article","@id":"https:\/\/jornalbeirario.com.br\/portal\/?p=38543#article","isPartOf":{"@id":"https:\/\/jornalbeirario.com.br\/portal\/?p=38543"},"author":{"name":"Jornal BEIRA-RIO","@id":"https:\/\/jornalbeirario.com.br\/portal\/#\/schema\/person\/c6c423e4c2465d2a9233f6539173e7c1"},"headline":"Presidente Obama inicia hoje viagem hist\u00f3rica a Cuba","datePublished":"2016-03-20T15:38:27+00:00","mainEntityOfPage":{"@id":"https:\/\/jornalbeirario.com.br\/portal\/?p=38543"},"wordCount":500,"commentCount":0,"publisher":{"@id":"https:\/\/jornalbeirario.com.br\/portal\/#organization"},"image":{"@id":"https:\/\/jornalbeirario.com.br\/portal\/?p=38543#primaryimage"},"thumbnailUrl":"https:\/\/jornalbeirario.com.br\/portal\/wp-content\/uploads\/2016\/03\/cuba.jpg","keywords":["dehoraemhora"],"articleSection":["Internacional"],"inLanguage":"pt-BR","potentialAction":[{"@type":"CommentAction","name":"Comment","target":["https:\/\/jornalbeirario.com.br\/portal\/?p=38543#respond"]}]},{"@type":"WebPage","@id":"https:\/\/jornalbeirario.com.br\/portal\/?p=38543","url":"https:\/\/jornalbeirario.com.br\/portal\/?p=38543","name":"Presidente Obama inicia hoje viagem hist\u00f3rica a Cuba - JORNAL BEIRA RIO","isPartOf":{"@id":"https:\/\/jornalbeirario.com.br\/portal\/#website"},"primaryImageOfPage":{"@id":"https:\/\/jornalbeirario.com.br\/portal\/?p=38543#primaryimage"},"image":{"@id":"https:\/\/jornalbeirario.com.br\/portal\/?p=38543#primaryimage"},"thumbnailUrl":"https:\/\/jornalbeirario.com.br\/portal\/wp-content\/uploads\/2016\/03\/cuba.jpg","datePublished":"2016-03-20T15:38:27+00:00","breadcrumb":{"@id":"https:\/\/jornalbeirario.com.br\/portal\/?p=38543#breadcrumb"},"inLanguage":"pt-BR","potentialAction":[{"@type":"ReadAction","target":["https:\/\/jornalbeirario.com.br\/portal\/?p=38543"]}]},{"@type":"ImageObject","inLanguage":"pt-BR","@id":"https:\/\/jornalbeirario.com.br\/portal\/?p=38543#primaryimage","url":"https:\/\/jornalbeirario.com.br\/portal\/wp-content\/uploads\/2016\/03\/cuba.jpg","contentUrl":"https:\/\/jornalbeirario.com.br\/portal\/wp-content\/uploads\/2016\/03\/cuba.jpg","width":640,"height":428},{"@type":"BreadcrumbList","@id":"https:\/\/jornalbeirario.com.br\/portal\/?p=38543#breadcrumb","itemListElement":[{"@type":"ListItem","position":1,"name":"Home","item":"https:\/\/jornalbeirario.com.br\/portal"},{"@type":"ListItem","position":2,"name":"Presidente Obama inicia hoje viagem hist\u00f3rica a Cuba"}]},{"@type":"WebSite","@id":"https:\/\/jornalbeirario.com.br\/portal\/#website","url":"https:\/\/jornalbeirario.com.br\/portal\/","name":"JORNAL BEIRA RIO","description":"","publisher":{"@id":"https:\/\/jornalbeirario.com.br\/portal\/#organization"},"potentialAction":[{"@type":"SearchAction","target":{"@type":"EntryPoint","urlTemplate":"https:\/\/jornalbeirario.com.br\/portal\/?s={search_term_string}"},"query-input":{"@type":"PropertyValueSpecification","valueRequired":true,"valueName":"search_term_string"}}],"inLanguage":"pt-BR"},{"@type":"Organization","@id":"https:\/\/jornalbeirario.com.br\/portal\/#organization","name":"JORNAL BEIRA RIO","url":"https:\/\/jornalbeirario.com.br\/portal\/","logo":{"@type":"ImageObject","inLanguage":"pt-BR","@id":"https:\/\/jornalbeirario.com.br\/portal\/#\/schema\/logo\/image\/","url":"https:\/\/jornalbeirario.com.br\/portal\/wp-content\/uploads\/2017\/09\/BEIRA-RIO_logo600.png","contentUrl":"https:\/\/jornalbeirario.com.br\/portal\/wp-content\/uploads\/2017\/09\/BEIRA-RIO_logo600.png","width":650,"height":108,"caption":"JORNAL BEIRA RIO"},"image":{"@id":"https:\/\/jornalbeirario.com.br\/portal\/#\/schema\/logo\/image\/"}},{"@type":"Person","@id":"https:\/\/jornalbeirario.com.br\/portal\/#\/schema\/person\/c6c423e4c2465d2a9233f6539173e7c1","name":"Jornal BEIRA-RIO","image":{"@type":"ImageObject","inLanguage":"pt-BR","@id":"https:\/\/jornalbeirario.com.br\/portal\/wp-content\/uploads\/2023\/10\/logojbr1.jpg","url":"https:\/\/jornalbeirario.com.br\/portal\/wp-content\/uploads\/2023\/10\/logojbr1.jpg","contentUrl":"https:\/\/jornalbeirario.com.br\/portal\/wp-content\/uploads\/2023\/10\/logojbr1.jpg","caption":"Jornal BEIRA-RIO"},"url":"https:\/\/jornalbeirario.com.br\/portal\/?author=1"}]}},"_links":{"self":[{"href":"https:\/\/jornalbeirario.com.br\/portal\/index.php?rest_route=\/wp\/v2\/posts\/38543","targetHints":{"allow":["GET"]}}],"collection":[{"href":"https:\/\/jornalbeirario.com.br\/portal\/index.php?rest_route=\/wp\/v2\/posts"}],"about":[{"href":"https:\/\/jornalbeirario.com.br\/portal\/index.php?rest_route=\/wp\/v2\/types\/post"}],"author":[{"embeddable":true,"href":"https:\/\/jornalbeirario.com.br\/portal\/index.php?rest_route=\/wp\/v2\/users\/1"}],"replies":[{"embeddable":true,"href":"https:\/\/jornalbeirario.com.br\/portal\/index.php?rest_route=%2Fwp%2Fv2%2Fcomments&post=38543"}],"version-history":[{"count":1,"href":"https:\/\/jornalbeirario.com.br\/portal\/index.php?rest_route=\/wp\/v2\/posts\/38543\/revisions"}],"predecessor-version":[{"id":38545,"href":"https:\/\/jornalbeirario.com.br\/portal\/index.php?rest_route=\/wp\/v2\/posts\/38543\/revisions\/38545"}],"wp:featuredmedia":[{"embeddable":true,"href":"https:\/\/jornalbeirario.com.br\/portal\/index.php?rest_route=\/wp\/v2\/media\/38544"}],"wp:attachment":[{"href":"https:\/\/jornalbeirario.com.br\/portal\/index.php?rest_route=%2Fwp%2Fv2%2Fmedia&parent=38543"}],"wp:term":[{"taxonomy":"category","embeddable":true,"href":"https:\/\/jornalbeirario.com.br\/portal\/index.php?rest_route=%2Fwp%2Fv2%2Fcategories&post=38543"},{"taxonomy":"post_tag","embeddable":true,"href":"https:\/\/jornalbeirario.com.br\/portal\/index.php?rest_route=%2Fwp%2Fv2%2Ftags&post=38543"}],"curies":[{"name":"wp","href":"https:\/\/api.w.org\/{rel}","templated":true}]}}