
{"id":38393,"date":"2016-03-14T17:15:48","date_gmt":"2016-03-14T17:15:48","guid":{"rendered":"http:\/\/jornalbeirario.com.br\/portal\/portal\/?p=38393"},"modified":"2016-03-14T17:15:48","modified_gmt":"2016-03-14T17:15:48","slug":"dilma-sanciona-marco-da-primeira-infancia","status":"publish","type":"post","link":"https:\/\/jornalbeirario.com.br\/portal\/?p=38393","title":{"rendered":"Dilma sanciona marco da primeira inf\u00e2ncia"},"content":{"rendered":"<div style=\"text-align: justify;\"><a href=\"https:\/\/jornalbeirario.com.br\/portal\/wp-content\/uploads\/2016\/03\/brasil-carinhoso.jpg\" rel=\"attachment wp-att-38394\"><img loading=\"lazy\" decoding=\"async\" class=\"alignleft size-medium wp-image-38394\" src=\"https:\/\/jornalbeirario.com.br\/portal\/wp-content\/uploads\/2016\/03\/brasil-carinhoso-300x141.jpg\" alt=\"brasil carinhoso\" width=\"300\" height=\"141\" srcset=\"https:\/\/jornalbeirario.com.br\/portal\/wp-content\/uploads\/2016\/03\/brasil-carinhoso-300x141.jpg 300w, https:\/\/jornalbeirario.com.br\/portal\/wp-content\/uploads\/2016\/03\/brasil-carinhoso.jpg 328w\" sizes=\"auto, (max-width: 300px) 100vw, 300px\" \/><\/a>A presidenta da Rep\u00fablica, Dilma Rousseff, sancionou dia 8 de mar\u00e7o, sem vetos, o Projeto de Lei n\u00ba 6.998\/2013, que cria a Pol\u00edtica Nacional Integrada para a Primeira Inf\u00e2ncia. Agora, o governo federal amplia a aten\u00e7\u00e3o \u00e0s crian\u00e7as, apoiando o desenvolvimento infantil de forma integrada. O novo marco legal refor\u00e7a o car\u00e1ter intersetorial da A\u00e7\u00e3o Brasil Carinhoso, iniciativa do Plano Brasil Sem Mis\u00e9ria lan\u00e7ada em maio de 2012 para combater a extrema pobreza nessa parcela da popula\u00e7\u00e3o.<\/div>\n<div style=\"text-align: justify;\"><\/div>\n<div style=\"text-align: justify;\" align=\"center\">O Brasil Carinhoso refor\u00e7ou a perspectiva de aten\u00e7\u00e3o integral para a primeira inf\u00e2ncia, ao desenvolver pol\u00edticas de acesso \u00e0 renda, \u00e0 educa\u00e7\u00e3o e \u00e0 sa\u00fade. Com ele, as fam\u00edlias com crian\u00e7as e adolescentes at\u00e9 15 anos foram beneficiadas com um complemento de renda do Bolsa Fam\u00edlia, que garante que 8,1 milh\u00f5es de crian\u00e7as se mantenham fora da extrema pobreza.<\/div>\n<div style=\"text-align: justify;\">\n<p>Al\u00e9m disso, as prefeituras foram estimuladas a ampliar as vagas em creches p\u00fablicas e conveniadas para as crian\u00e7as de baixa renda. Entre 2011 e 2015, houve crescimento de mais de 56% de benefici\u00e1rios do Bolsa Fam\u00edlia com at\u00e9 3 anos de idade matriculados em creches, chegando a 755,8 mil crian\u00e7as no ano passado. Al\u00e9m delas, h\u00e1 mais 79,9 mil que est\u00e3o na pr\u00e9-escola, totalizando 833,7 mil crian\u00e7as do Bolsa Fam\u00edlia recebendo alimenta\u00e7\u00e3o, cuidados e est\u00edmulos para uma vida mais plena.<\/p>\n<p>Na \u00e1rea de sa\u00fade, ainda foram desenvolvidos cuidados adicionais, incluindo a suplementa\u00e7\u00e3o de vitamina A e sulfato ferroso. E, por meio do NutriSUS, a alimenta\u00e7\u00e3o de mais de 330 mil crian\u00e7as foi suplementada com sach\u00eas multivitam\u00ednicos, que reduzem em at\u00e9 38% os casos de anemia e em 20% a defici\u00eancia de ferro ap\u00f3s o uso.<\/p>\n<\/div>\n<p>Fonte: MDS<\/p>\n","protected":false},"excerpt":{"rendered":"<p>A presidenta da Rep\u00fablica, Dilma Rousseff, sancionou dia 8 de mar\u00e7o, sem vetos, o Projeto de Lei n\u00ba 6.998\/2013, que cria a Pol\u00edtica Nacional<\/p>\n","protected":false},"author":1,"featured_media":0,"comment_status":"open","ping_status":"open","sticky":false,"template":"","format":"standard","meta":{"pmpro_default_level":"","footnotes":"","_members_access_role":[],"_members_access_error":""},"categories":[35,18],"tags":[],"class_list":["post-38393","post","type-post","status-publish","format-standard","hentry","category-nacional","category-saude","pmpro-has-access"],"yoast_head":"<!-- This site is optimized with the Yoast SEO plugin v28.4 - https:\/\/yoast.com\/product\/yoast-seo-wordpress\/ -->\n<title>Dilma sanciona marco da primeira inf\u00e2ncia - JORNAL BEIRA RIO<\/title>\n<meta name=\"robots\" content=\"index, follow, max-snippet:-1, max-image-preview:large, max-video-preview:-1\" \/>\n<link rel=\"canonical\" href=\"https:\/\/jornalbeirario.com.br\/portal\/?p=38393\" \/>\n<meta property=\"og:locale\" content=\"pt_BR\" \/>\n<meta property=\"og:type\" content=\"article\" \/>\n<meta property=\"og:title\" content=\"Dilma sanciona marco da primeira inf\u00e2ncia - JORNAL BEIRA RIO\" \/>\n<meta property=\"og:description\" content=\"A presidenta da Rep\u00fablica, Dilma Rousseff, sancionou dia 8 de mar\u00e7o, sem vetos, o Projeto de Lei n\u00ba 6.998\/2013, que cria a Pol\u00edtica Nacional\" \/>\n<meta property=\"og:url\" content=\"https:\/\/jornalbeirario.com.br\/portal\/?p=38393\" \/>\n<meta property=\"og:site_name\" content=\"JORNAL BEIRA RIO\" \/>\n<meta property=\"article:published_time\" content=\"2016-03-14T17:15:48+00:00\" \/>\n<meta property=\"og:image\" content=\"http:\/\/jornalbeirario.com.br\/portal\/wp-content\/uploads\/2016\/03\/brasil-carinhoso-300x141.jpg\" \/>\n<meta name=\"author\" content=\"Jornal BEIRA-RIO\" \/>\n<meta name=\"twitter:card\" content=\"summary_large_image\" \/>\n<meta name=\"twitter:label1\" content=\"Escrito por\" \/>\n\t<meta name=\"twitter:data1\" content=\"Jornal BEIRA-RIO\" \/>\n\t<meta name=\"twitter:label2\" content=\"Est. tempo de leitura\" \/>\n\t<meta name=\"twitter:data2\" content=\"1 minuto\" \/>\n<script type=\"application\/ld+json\" class=\"yoast-schema-graph\">{\"@context\":\"https:\\\/\\\/schema.org\",\"@graph\":[{\"@type\":\"Article\",\"@id\":\"https:\\\/\\\/jornalbeirario.com.br\\\/portal\\\/?p=38393#article\",\"isPartOf\":{\"@id\":\"https:\\\/\\\/jornalbeirario.com.br\\\/portal\\\/?p=38393\"},\"author\":{\"name\":\"Jornal BEIRA-RIO\",\"@id\":\"https:\\\/\\\/jornalbeirario.com.br\\\/portal\\\/#\\\/schema\\\/person\\\/c6c423e4c2465d2a9233f6539173e7c1\"},\"headline\":\"Dilma sanciona marco da primeira inf\u00e2ncia\",\"datePublished\":\"2016-03-14T17:15:48+00:00\",\"mainEntityOfPage\":{\"@id\":\"https:\\\/\\\/jornalbeirario.com.br\\\/portal\\\/?p=38393\"},\"wordCount\":306,\"commentCount\":0,\"publisher\":{\"@id\":\"https:\\\/\\\/jornalbeirario.com.br\\\/portal\\\/#organization\"},\"image\":{\"@id\":\"https:\\\/\\\/jornalbeirario.com.br\\\/portal\\\/?p=38393#primaryimage\"},\"thumbnailUrl\":\"http:\\\/\\\/jornalbeirario.com.br\\\/portal\\\/wp-content\\\/uploads\\\/2016\\\/03\\\/brasil-carinhoso-300x141.jpg\",\"articleSection\":[\"Nacional\",\"Sa\u00fade\"],\"inLanguage\":\"pt-BR\",\"potentialAction\":[{\"@type\":\"CommentAction\",\"name\":\"Comment\",\"target\":[\"https:\\\/\\\/jornalbeirario.com.br\\\/portal\\\/?p=38393#respond\"]}]},{\"@type\":\"WebPage\",\"@id\":\"https:\\\/\\\/jornalbeirario.com.br\\\/portal\\\/?p=38393\",\"url\":\"https:\\\/\\\/jornalbeirario.com.br\\\/portal\\\/?p=38393\",\"name\":\"Dilma sanciona marco da primeira inf\u00e2ncia - JORNAL BEIRA RIO\",\"isPartOf\":{\"@id\":\"https:\\\/\\\/jornalbeirario.com.br\\\/portal\\\/#website\"},\"primaryImageOfPage\":{\"@id\":\"https:\\\/\\\/jornalbeirario.com.br\\\/portal\\\/?p=38393#primaryimage\"},\"image\":{\"@id\":\"https:\\\/\\\/jornalbeirario.com.br\\\/portal\\\/?p=38393#primaryimage\"},\"thumbnailUrl\":\"http:\\\/\\\/jornalbeirario.com.br\\\/portal\\\/wp-content\\\/uploads\\\/2016\\\/03\\\/brasil-carinhoso-300x141.jpg\",\"datePublished\":\"2016-03-14T17:15:48+00:00\",\"breadcrumb\":{\"@id\":\"https:\\\/\\\/jornalbeirario.com.br\\\/portal\\\/?p=38393#breadcrumb\"},\"inLanguage\":\"pt-BR\",\"potentialAction\":[{\"@type\":\"ReadAction\",\"target\":[\"https:\\\/\\\/jornalbeirario.com.br\\\/portal\\\/?p=38393\"]}]},{\"@type\":\"ImageObject\",\"inLanguage\":\"pt-BR\",\"@id\":\"https:\\\/\\\/jornalbeirario.com.br\\\/portal\\\/?p=38393#primaryimage\",\"url\":\"http:\\\/\\\/jornalbeirario.com.br\\\/portal\\\/wp-content\\\/uploads\\\/2016\\\/03\\\/brasil-carinhoso-300x141.jpg\",\"contentUrl\":\"http:\\\/\\\/jornalbeirario.com.br\\\/portal\\\/wp-content\\\/uploads\\\/2016\\\/03\\\/brasil-carinhoso-300x141.jpg\"},{\"@type\":\"BreadcrumbList\",\"@id\":\"https:\\\/\\\/jornalbeirario.com.br\\\/portal\\\/?p=38393#breadcrumb\",\"itemListElement\":[{\"@type\":\"ListItem\",\"position\":1,\"name\":\"Home\",\"item\":\"https:\\\/\\\/jornalbeirario.com.br\\\/portal\"},{\"@type\":\"ListItem\",\"position\":2,\"name\":\"Dilma sanciona marco da primeira inf\u00e2ncia\"}]},{\"@type\":\"WebSite\",\"@id\":\"https:\\\/\\\/jornalbeirario.com.br\\\/portal\\\/#website\",\"url\":\"https:\\\/\\\/jornalbeirario.com.br\\\/portal\\\/\",\"name\":\"JORNAL BEIRA RIO\",\"description\":\"\",\"publisher\":{\"@id\":\"https:\\\/\\\/jornalbeirario.com.br\\\/portal\\\/#organization\"},\"potentialAction\":[{\"@type\":\"SearchAction\",\"target\":{\"@type\":\"EntryPoint\",\"urlTemplate\":\"https:\\\/\\\/jornalbeirario.com.br\\\/portal\\\/?s={search_term_string}\"},\"query-input\":{\"@type\":\"PropertyValueSpecification\",\"valueRequired\":true,\"valueName\":\"search_term_string\"}}],\"inLanguage\":\"pt-BR\"},{\"@type\":\"Organization\",\"@id\":\"https:\\\/\\\/jornalbeirario.com.br\\\/portal\\\/#organization\",\"name\":\"JORNAL BEIRA RIO\",\"url\":\"https:\\\/\\\/jornalbeirario.com.br\\\/portal\\\/\",\"logo\":{\"@type\":\"ImageObject\",\"inLanguage\":\"pt-BR\",\"@id\":\"https:\\\/\\\/jornalbeirario.com.br\\\/portal\\\/#\\\/schema\\\/logo\\\/image\\\/\",\"url\":\"https:\\\/\\\/jornalbeirario.com.br\\\/portal\\\/wp-content\\\/uploads\\\/2017\\\/09\\\/BEIRA-RIO_logo600.png\",\"contentUrl\":\"https:\\\/\\\/jornalbeirario.com.br\\\/portal\\\/wp-content\\\/uploads\\\/2017\\\/09\\\/BEIRA-RIO_logo600.png\",\"width\":650,\"height\":108,\"caption\":\"JORNAL BEIRA RIO\"},\"image\":{\"@id\":\"https:\\\/\\\/jornalbeirario.com.br\\\/portal\\\/#\\\/schema\\\/logo\\\/image\\\/\"}},{\"@type\":\"Person\",\"@id\":\"https:\\\/\\\/jornalbeirario.com.br\\\/portal\\\/#\\\/schema\\\/person\\\/c6c423e4c2465d2a9233f6539173e7c1\",\"name\":\"Jornal BEIRA-RIO\",\"image\":{\"@type\":\"ImageObject\",\"inLanguage\":\"pt-BR\",\"@id\":\"https:\\\/\\\/jornalbeirario.com.br\\\/portal\\\/wp-content\\\/uploads\\\/2023\\\/10\\\/logojbr1.jpg\",\"url\":\"https:\\\/\\\/jornalbeirario.com.br\\\/portal\\\/wp-content\\\/uploads\\\/2023\\\/10\\\/logojbr1.jpg\",\"contentUrl\":\"https:\\\/\\\/jornalbeirario.com.br\\\/portal\\\/wp-content\\\/uploads\\\/2023\\\/10\\\/logojbr1.jpg\",\"caption\":\"Jornal BEIRA-RIO\"},\"url\":\"https:\\\/\\\/jornalbeirario.com.br\\\/portal\\\/?author=1\"}]}<\/script>\n<!-- \/ Yoast SEO plugin. -->","yoast_head_json":{"title":"Dilma sanciona marco da primeira inf\u00e2ncia - JORNAL BEIRA RIO","robots":{"index":"index","follow":"follow","max-snippet":"max-snippet:-1","max-image-preview":"max-image-preview:large","max-video-preview":"max-video-preview:-1"},"canonical":"https:\/\/jornalbeirario.com.br\/portal\/?p=38393","og_locale":"pt_BR","og_type":"article","og_title":"Dilma sanciona marco da primeira inf\u00e2ncia - JORNAL BEIRA RIO","og_description":"A presidenta da Rep\u00fablica, Dilma Rousseff, sancionou dia 8 de mar\u00e7o, sem vetos, o Projeto de Lei n\u00ba 6.998\/2013, que cria a Pol\u00edtica Nacional","og_url":"https:\/\/jornalbeirario.com.br\/portal\/?p=38393","og_site_name":"JORNAL BEIRA RIO","article_published_time":"2016-03-14T17:15:48+00:00","og_image":[{"url":"http:\/\/jornalbeirario.com.br\/portal\/wp-content\/uploads\/2016\/03\/brasil-carinhoso-300x141.jpg","type":"","width":"","height":""}],"author":"Jornal BEIRA-RIO","twitter_card":"summary_large_image","twitter_misc":{"Escrito por":"Jornal BEIRA-RIO","Est. tempo de leitura":"1 minuto"},"schema":{"@context":"https:\/\/schema.org","@graph":[{"@type":"Article","@id":"https:\/\/jornalbeirario.com.br\/portal\/?p=38393#article","isPartOf":{"@id":"https:\/\/jornalbeirario.com.br\/portal\/?p=38393"},"author":{"name":"Jornal BEIRA-RIO","@id":"https:\/\/jornalbeirario.com.br\/portal\/#\/schema\/person\/c6c423e4c2465d2a9233f6539173e7c1"},"headline":"Dilma sanciona marco da primeira inf\u00e2ncia","datePublished":"2016-03-14T17:15:48+00:00","mainEntityOfPage":{"@id":"https:\/\/jornalbeirario.com.br\/portal\/?p=38393"},"wordCount":306,"commentCount":0,"publisher":{"@id":"https:\/\/jornalbeirario.com.br\/portal\/#organization"},"image":{"@id":"https:\/\/jornalbeirario.com.br\/portal\/?p=38393#primaryimage"},"thumbnailUrl":"http:\/\/jornalbeirario.com.br\/portal\/wp-content\/uploads\/2016\/03\/brasil-carinhoso-300x141.jpg","articleSection":["Nacional","Sa\u00fade"],"inLanguage":"pt-BR","potentialAction":[{"@type":"CommentAction","name":"Comment","target":["https:\/\/jornalbeirario.com.br\/portal\/?p=38393#respond"]}]},{"@type":"WebPage","@id":"https:\/\/jornalbeirario.com.br\/portal\/?p=38393","url":"https:\/\/jornalbeirario.com.br\/portal\/?p=38393","name":"Dilma sanciona marco da primeira inf\u00e2ncia - JORNAL BEIRA RIO","isPartOf":{"@id":"https:\/\/jornalbeirario.com.br\/portal\/#website"},"primaryImageOfPage":{"@id":"https:\/\/jornalbeirario.com.br\/portal\/?p=38393#primaryimage"},"image":{"@id":"https:\/\/jornalbeirario.com.br\/portal\/?p=38393#primaryimage"},"thumbnailUrl":"http:\/\/jornalbeirario.com.br\/portal\/wp-content\/uploads\/2016\/03\/brasil-carinhoso-300x141.jpg","datePublished":"2016-03-14T17:15:48+00:00","breadcrumb":{"@id":"https:\/\/jornalbeirario.com.br\/portal\/?p=38393#breadcrumb"},"inLanguage":"pt-BR","potentialAction":[{"@type":"ReadAction","target":["https:\/\/jornalbeirario.com.br\/portal\/?p=38393"]}]},{"@type":"ImageObject","inLanguage":"pt-BR","@id":"https:\/\/jornalbeirario.com.br\/portal\/?p=38393#primaryimage","url":"http:\/\/jornalbeirario.com.br\/portal\/wp-content\/uploads\/2016\/03\/brasil-carinhoso-300x141.jpg","contentUrl":"http:\/\/jornalbeirario.com.br\/portal\/wp-content\/uploads\/2016\/03\/brasil-carinhoso-300x141.jpg"},{"@type":"BreadcrumbList","@id":"https:\/\/jornalbeirario.com.br\/portal\/?p=38393#breadcrumb","itemListElement":[{"@type":"ListItem","position":1,"name":"Home","item":"https:\/\/jornalbeirario.com.br\/portal"},{"@type":"ListItem","position":2,"name":"Dilma sanciona marco da primeira inf\u00e2ncia"}]},{"@type":"WebSite","@id":"https:\/\/jornalbeirario.com.br\/portal\/#website","url":"https:\/\/jornalbeirario.com.br\/portal\/","name":"JORNAL BEIRA RIO","description":"","publisher":{"@id":"https:\/\/jornalbeirario.com.br\/portal\/#organization"},"potentialAction":[{"@type":"SearchAction","target":{"@type":"EntryPoint","urlTemplate":"https:\/\/jornalbeirario.com.br\/portal\/?s={search_term_string}"},"query-input":{"@type":"PropertyValueSpecification","valueRequired":true,"valueName":"search_term_string"}}],"inLanguage":"pt-BR"},{"@type":"Organization","@id":"https:\/\/jornalbeirario.com.br\/portal\/#organization","name":"JORNAL BEIRA RIO","url":"https:\/\/jornalbeirario.com.br\/portal\/","logo":{"@type":"ImageObject","inLanguage":"pt-BR","@id":"https:\/\/jornalbeirario.com.br\/portal\/#\/schema\/logo\/image\/","url":"https:\/\/jornalbeirario.com.br\/portal\/wp-content\/uploads\/2017\/09\/BEIRA-RIO_logo600.png","contentUrl":"https:\/\/jornalbeirario.com.br\/portal\/wp-content\/uploads\/2017\/09\/BEIRA-RIO_logo600.png","width":650,"height":108,"caption":"JORNAL BEIRA RIO"},"image":{"@id":"https:\/\/jornalbeirario.com.br\/portal\/#\/schema\/logo\/image\/"}},{"@type":"Person","@id":"https:\/\/jornalbeirario.com.br\/portal\/#\/schema\/person\/c6c423e4c2465d2a9233f6539173e7c1","name":"Jornal BEIRA-RIO","image":{"@type":"ImageObject","inLanguage":"pt-BR","@id":"https:\/\/jornalbeirario.com.br\/portal\/wp-content\/uploads\/2023\/10\/logojbr1.jpg","url":"https:\/\/jornalbeirario.com.br\/portal\/wp-content\/uploads\/2023\/10\/logojbr1.jpg","contentUrl":"https:\/\/jornalbeirario.com.br\/portal\/wp-content\/uploads\/2023\/10\/logojbr1.jpg","caption":"Jornal BEIRA-RIO"},"url":"https:\/\/jornalbeirario.com.br\/portal\/?author=1"}]}},"_links":{"self":[{"href":"https:\/\/jornalbeirario.com.br\/portal\/index.php?rest_route=\/wp\/v2\/posts\/38393","targetHints":{"allow":["GET"]}}],"collection":[{"href":"https:\/\/jornalbeirario.com.br\/portal\/index.php?rest_route=\/wp\/v2\/posts"}],"about":[{"href":"https:\/\/jornalbeirario.com.br\/portal\/index.php?rest_route=\/wp\/v2\/types\/post"}],"author":[{"embeddable":true,"href":"https:\/\/jornalbeirario.com.br\/portal\/index.php?rest_route=\/wp\/v2\/users\/1"}],"replies":[{"embeddable":true,"href":"https:\/\/jornalbeirario.com.br\/portal\/index.php?rest_route=%2Fwp%2Fv2%2Fcomments&post=38393"}],"version-history":[{"count":1,"href":"https:\/\/jornalbeirario.com.br\/portal\/index.php?rest_route=\/wp\/v2\/posts\/38393\/revisions"}],"predecessor-version":[{"id":38395,"href":"https:\/\/jornalbeirario.com.br\/portal\/index.php?rest_route=\/wp\/v2\/posts\/38393\/revisions\/38395"}],"wp:attachment":[{"href":"https:\/\/jornalbeirario.com.br\/portal\/index.php?rest_route=%2Fwp%2Fv2%2Fmedia&parent=38393"}],"wp:term":[{"taxonomy":"category","embeddable":true,"href":"https:\/\/jornalbeirario.com.br\/portal\/index.php?rest_route=%2Fwp%2Fv2%2Fcategories&post=38393"},{"taxonomy":"post_tag","embeddable":true,"href":"https:\/\/jornalbeirario.com.br\/portal\/index.php?rest_route=%2Fwp%2Fv2%2Ftags&post=38393"}],"curies":[{"name":"wp","href":"https:\/\/api.w.org\/{rel}","templated":true}]}}