
{"id":38177,"date":"2016-03-08T17:27:38","date_gmt":"2016-03-08T17:27:38","guid":{"rendered":"http:\/\/jornalbeirario.com.br\/portal\/portal\/?p=38177"},"modified":"2016-03-08T19:22:19","modified_gmt":"2016-03-08T19:22:19","slug":"queda-de-arvore-proximo-ao-parque-zumbi","status":"publish","type":"post","link":"https:\/\/jornalbeirario.com.br\/portal\/?p=38177","title":{"rendered":"Queda de \u00e1rvore pr\u00f3ximo ao Parque Zumbi"},"content":{"rendered":"<p style=\"text-align: justify;\"><a href=\"https:\/\/jornalbeirario.com.br\/portal\/wp-content\/uploads\/2016\/03\/dentro-4.jpg\" rel=\"attachment wp-att-38182\"><img loading=\"lazy\" decoding=\"async\" class=\"alignleft size-medium wp-image-38182\" src=\"https:\/\/jornalbeirario.com.br\/portal\/wp-content\/uploads\/2016\/03\/dentro-4-300x225.jpg\" alt=\"dentro\" width=\"300\" height=\"225\" srcset=\"https:\/\/jornalbeirario.com.br\/portal\/wp-content\/uploads\/2016\/03\/dentro-4-300x225.jpg 300w, https:\/\/jornalbeirario.com.br\/portal\/wp-content\/uploads\/2016\/03\/dentro-4.jpg 640w\" sizes=\"auto, (max-width: 300px) 100vw, 300px\" \/><\/a>Uma \u00e1rvore localizada na Avenida Kennedy, no Centro de Resende, pr\u00f3ximo ao Parque Zumbi, se encontra totalmente ca\u00edda at\u00e9 a raiz. Um morador de uma das casas em frente \u00e0 \u00e1rvore explicou que ela j\u00e1 estava tombada devido \u00e0s chuvas, mas que a raiz levantu totalmente no domingo, dia 6.<\/p>\n<p style=\"text-align: justify;\">&#8211; Ela tombou sozinha no domingo, foi de uma vez s\u00f3. Estava chovendo muito e ela j\u00e1 estava inclinada, a\u00ed domingo n\u00e3o aguentou. \u00c9 que ela n\u00e3o tem pil\u00e3o, que \u00e9 aquela raiz que desce, e domingo choveu muito. O p\u00e9 de mam\u00e3o que tenho no quintal tamb\u00e9m caiu &#8211; relatou o morador Ricardo de Jesus Rocha.<\/p>\n<p style=\"text-align: justify;\">Um amigo dele que j\u00e1 trabalhou como t\u00e9cnico de poda, Robson Matos da Silva,\u00a0confirmou a informa\u00e7\u00e3o sobre a raiz e acrescentou que a \u00e1rvore que caiu era uma flamboyant.<\/p>\n<p style=\"text-align: justify;\">&#8211; Se ela tiver pil\u00e3o n\u00e3o cai, se tiver raiz no solo n\u00e3o cai. Essa como era flamboyant n\u00e3o tinha. E a tend\u00eancia \u00e9 que as outras \u00e1rvores, com as chuvas, caiam tamb\u00e9m &#8211; comentou Silva.<\/p>\n<p style=\"text-align: justify;\">Quando a\u00a0raiz foi levantada, ela levou consigo a cal\u00e7ada, prejudicando a passagem de pedestres, como observou o\u00a0leitor Andr\u00e9 Diniz. Ele fez fotos da planta e, em uma delas, uma m\u00e3e com os dois filhos (sendo um deles de colo) t\u00eam dificuldades para passar no local. A crian\u00e7a tenta se esquivar dos dois peda\u00e7os de concreto arrancados pela raiz.<\/p>\n<div dir=\"ltr\">Segundo a assessoria de comunica\u00e7\u00e3o da Prefeitura de Resende, &#8220;uma equipe da Ag\u00eancia do Meio Ambiente de Resende (AMAR) j\u00e1 est\u00e1 no local providenciando a retirada da \u00e1rvore. A Defesa Civil deve isolar a \u00e1rea at\u00e9 que a Secretaria de Obras providencie o reparo da cal\u00e7ada. Ainda n\u00e3o h\u00e1 previs\u00e3o para a realiza\u00e7\u00e3o do servi\u00e7o&#8221;.<\/div>\n","protected":false},"excerpt":{"rendered":"<p>Uma \u00e1rvore localizada na Avenida Kennedy, no Centro de Resende, pr\u00f3ximo ao Parque Zumbi, se encontra totalmente ca\u00edda at\u00e9 a raiz. Um morador de<\/p>\n","protected":false},"author":1,"featured_media":38183,"comment_status":"open","ping_status":"open","sticky":false,"template":"","format":"standard","meta":{"pmpro_default_level":"","footnotes":""},"categories":[27],"tags":[155,153],"class_list":["post-38177","post","type-post","status-publish","format-standard","has-post-thumbnail","hentry","category-meioambiente","tag-dehoraemhora","tag-manchete","pmpro-has-access"],"yoast_head":"<!-- This site is optimized with the Yoast SEO plugin v27.4 - https:\/\/yoast.com\/product\/yoast-seo-wordpress\/ -->\n<title>Queda de \u00e1rvore pr\u00f3ximo ao Parque Zumbi - JORNAL BEIRA RIO<\/title>\n<meta name=\"robots\" content=\"index, follow, max-snippet:-1, max-image-preview:large, max-video-preview:-1\" \/>\n<link rel=\"canonical\" href=\"https:\/\/jornalbeirario.com.br\/portal\/?p=38177\" \/>\n<meta property=\"og:locale\" content=\"pt_BR\" \/>\n<meta property=\"og:type\" content=\"article\" \/>\n<meta property=\"og:title\" content=\"Queda de \u00e1rvore pr\u00f3ximo ao Parque Zumbi - JORNAL BEIRA RIO\" \/>\n<meta property=\"og:description\" content=\"Uma \u00e1rvore localizada na Avenida Kennedy, no Centro de Resende, pr\u00f3ximo ao Parque Zumbi, se encontra totalmente ca\u00edda at\u00e9 a raiz. Um morador de\" \/>\n<meta property=\"og:url\" content=\"https:\/\/jornalbeirario.com.br\/portal\/?p=38177\" \/>\n<meta property=\"og:site_name\" content=\"JORNAL BEIRA RIO\" \/>\n<meta property=\"article:published_time\" content=\"2016-03-08T17:27:38+00:00\" \/>\n<meta property=\"article:modified_time\" content=\"2016-03-08T19:22:19+00:00\" \/>\n<meta property=\"og:image\" content=\"https:\/\/jornalbeirario.com.br\/portal\/wp-content\/uploads\/2016\/03\/capa-10.jpg\" \/>\n\t<meta property=\"og:image:width\" content=\"930\" \/>\n\t<meta property=\"og:image:height\" content=\"350\" \/>\n\t<meta property=\"og:image:type\" content=\"image\/jpeg\" \/>\n<meta name=\"author\" content=\"Jornal BEIRA-RIO\" \/>\n<meta name=\"twitter:card\" content=\"summary_large_image\" \/>\n<meta name=\"twitter:label1\" content=\"Escrito por\" \/>\n\t<meta name=\"twitter:data1\" content=\"Jornal BEIRA-RIO\" \/>\n\t<meta name=\"twitter:label2\" content=\"Est. tempo de leitura\" \/>\n\t<meta name=\"twitter:data2\" content=\"2 minutos\" \/>\n<script type=\"application\/ld+json\" class=\"yoast-schema-graph\">{\"@context\":\"https:\\\/\\\/schema.org\",\"@graph\":[{\"@type\":\"Article\",\"@id\":\"https:\\\/\\\/jornalbeirario.com.br\\\/portal\\\/?p=38177#article\",\"isPartOf\":{\"@id\":\"https:\\\/\\\/jornalbeirario.com.br\\\/portal\\\/?p=38177\"},\"author\":{\"name\":\"Jornal BEIRA-RIO\",\"@id\":\"https:\\\/\\\/jornalbeirario.com.br\\\/portal\\\/#\\\/schema\\\/person\\\/c6c423e4c2465d2a9233f6539173e7c1\"},\"headline\":\"Queda de \u00e1rvore pr\u00f3ximo ao Parque Zumbi\",\"datePublished\":\"2016-03-08T17:27:38+00:00\",\"dateModified\":\"2016-03-08T19:22:19+00:00\",\"mainEntityOfPage\":{\"@id\":\"https:\\\/\\\/jornalbeirario.com.br\\\/portal\\\/?p=38177\"},\"wordCount\":318,\"commentCount\":0,\"publisher\":{\"@id\":\"https:\\\/\\\/jornalbeirario.com.br\\\/portal\\\/#organization\"},\"image\":{\"@id\":\"https:\\\/\\\/jornalbeirario.com.br\\\/portal\\\/?p=38177#primaryimage\"},\"thumbnailUrl\":\"https:\\\/\\\/jornalbeirario.com.br\\\/portal\\\/wp-content\\\/uploads\\\/2016\\\/03\\\/capa-10.jpg\",\"keywords\":[\"dehoraemhora\",\"manchete\"],\"articleSection\":[\"Meio Ambiente\"],\"inLanguage\":\"pt-BR\",\"potentialAction\":[{\"@type\":\"CommentAction\",\"name\":\"Comment\",\"target\":[\"https:\\\/\\\/jornalbeirario.com.br\\\/portal\\\/?p=38177#respond\"]}]},{\"@type\":\"WebPage\",\"@id\":\"https:\\\/\\\/jornalbeirario.com.br\\\/portal\\\/?p=38177\",\"url\":\"https:\\\/\\\/jornalbeirario.com.br\\\/portal\\\/?p=38177\",\"name\":\"Queda de \u00e1rvore pr\u00f3ximo ao Parque Zumbi - JORNAL BEIRA RIO\",\"isPartOf\":{\"@id\":\"https:\\\/\\\/jornalbeirario.com.br\\\/portal\\\/#website\"},\"primaryImageOfPage\":{\"@id\":\"https:\\\/\\\/jornalbeirario.com.br\\\/portal\\\/?p=38177#primaryimage\"},\"image\":{\"@id\":\"https:\\\/\\\/jornalbeirario.com.br\\\/portal\\\/?p=38177#primaryimage\"},\"thumbnailUrl\":\"https:\\\/\\\/jornalbeirario.com.br\\\/portal\\\/wp-content\\\/uploads\\\/2016\\\/03\\\/capa-10.jpg\",\"datePublished\":\"2016-03-08T17:27:38+00:00\",\"dateModified\":\"2016-03-08T19:22:19+00:00\",\"breadcrumb\":{\"@id\":\"https:\\\/\\\/jornalbeirario.com.br\\\/portal\\\/?p=38177#breadcrumb\"},\"inLanguage\":\"pt-BR\",\"potentialAction\":[{\"@type\":\"ReadAction\",\"target\":[\"https:\\\/\\\/jornalbeirario.com.br\\\/portal\\\/?p=38177\"]}]},{\"@type\":\"ImageObject\",\"inLanguage\":\"pt-BR\",\"@id\":\"https:\\\/\\\/jornalbeirario.com.br\\\/portal\\\/?p=38177#primaryimage\",\"url\":\"https:\\\/\\\/jornalbeirario.com.br\\\/portal\\\/wp-content\\\/uploads\\\/2016\\\/03\\\/capa-10.jpg\",\"contentUrl\":\"https:\\\/\\\/jornalbeirario.com.br\\\/portal\\\/wp-content\\\/uploads\\\/2016\\\/03\\\/capa-10.jpg\",\"width\":930,\"height\":350},{\"@type\":\"BreadcrumbList\",\"@id\":\"https:\\\/\\\/jornalbeirario.com.br\\\/portal\\\/?p=38177#breadcrumb\",\"itemListElement\":[{\"@type\":\"ListItem\",\"position\":1,\"name\":\"Home\",\"item\":\"https:\\\/\\\/jornalbeirario.com.br\\\/portal\"},{\"@type\":\"ListItem\",\"position\":2,\"name\":\"Queda de \u00e1rvore pr\u00f3ximo ao Parque Zumbi\"}]},{\"@type\":\"WebSite\",\"@id\":\"https:\\\/\\\/jornalbeirario.com.br\\\/portal\\\/#website\",\"url\":\"https:\\\/\\\/jornalbeirario.com.br\\\/portal\\\/\",\"name\":\"JORNAL BEIRA RIO\",\"description\":\"\",\"publisher\":{\"@id\":\"https:\\\/\\\/jornalbeirario.com.br\\\/portal\\\/#organization\"},\"potentialAction\":[{\"@type\":\"SearchAction\",\"target\":{\"@type\":\"EntryPoint\",\"urlTemplate\":\"https:\\\/\\\/jornalbeirario.com.br\\\/portal\\\/?s={search_term_string}\"},\"query-input\":{\"@type\":\"PropertyValueSpecification\",\"valueRequired\":true,\"valueName\":\"search_term_string\"}}],\"inLanguage\":\"pt-BR\"},{\"@type\":\"Organization\",\"@id\":\"https:\\\/\\\/jornalbeirario.com.br\\\/portal\\\/#organization\",\"name\":\"JORNAL BEIRA RIO\",\"url\":\"https:\\\/\\\/jornalbeirario.com.br\\\/portal\\\/\",\"logo\":{\"@type\":\"ImageObject\",\"inLanguage\":\"pt-BR\",\"@id\":\"https:\\\/\\\/jornalbeirario.com.br\\\/portal\\\/#\\\/schema\\\/logo\\\/image\\\/\",\"url\":\"https:\\\/\\\/jornalbeirario.com.br\\\/portal\\\/wp-content\\\/uploads\\\/2017\\\/09\\\/BEIRA-RIO_logo600.png\",\"contentUrl\":\"https:\\\/\\\/jornalbeirario.com.br\\\/portal\\\/wp-content\\\/uploads\\\/2017\\\/09\\\/BEIRA-RIO_logo600.png\",\"width\":650,\"height\":108,\"caption\":\"JORNAL BEIRA RIO\"},\"image\":{\"@id\":\"https:\\\/\\\/jornalbeirario.com.br\\\/portal\\\/#\\\/schema\\\/logo\\\/image\\\/\"}},{\"@type\":\"Person\",\"@id\":\"https:\\\/\\\/jornalbeirario.com.br\\\/portal\\\/#\\\/schema\\\/person\\\/c6c423e4c2465d2a9233f6539173e7c1\",\"name\":\"Jornal BEIRA-RIO\",\"image\":{\"@type\":\"ImageObject\",\"inLanguage\":\"pt-BR\",\"@id\":\"https:\\\/\\\/jornalbeirario.com.br\\\/portal\\\/wp-content\\\/uploads\\\/2023\\\/10\\\/logojbr1.jpg\",\"url\":\"https:\\\/\\\/jornalbeirario.com.br\\\/portal\\\/wp-content\\\/uploads\\\/2023\\\/10\\\/logojbr1.jpg\",\"contentUrl\":\"https:\\\/\\\/jornalbeirario.com.br\\\/portal\\\/wp-content\\\/uploads\\\/2023\\\/10\\\/logojbr1.jpg\",\"caption\":\"Jornal BEIRA-RIO\"},\"url\":\"https:\\\/\\\/jornalbeirario.com.br\\\/portal\\\/?author=1\"}]}<\/script>\n<!-- \/ Yoast SEO plugin. -->","yoast_head_json":{"title":"Queda de \u00e1rvore pr\u00f3ximo ao Parque Zumbi - JORNAL BEIRA RIO","robots":{"index":"index","follow":"follow","max-snippet":"max-snippet:-1","max-image-preview":"max-image-preview:large","max-video-preview":"max-video-preview:-1"},"canonical":"https:\/\/jornalbeirario.com.br\/portal\/?p=38177","og_locale":"pt_BR","og_type":"article","og_title":"Queda de \u00e1rvore pr\u00f3ximo ao Parque Zumbi - JORNAL BEIRA RIO","og_description":"Uma \u00e1rvore localizada na Avenida Kennedy, no Centro de Resende, pr\u00f3ximo ao Parque Zumbi, se encontra totalmente ca\u00edda at\u00e9 a raiz. Um morador de","og_url":"https:\/\/jornalbeirario.com.br\/portal\/?p=38177","og_site_name":"JORNAL BEIRA RIO","article_published_time":"2016-03-08T17:27:38+00:00","article_modified_time":"2016-03-08T19:22:19+00:00","og_image":[{"width":930,"height":350,"url":"https:\/\/jornalbeirario.com.br\/portal\/wp-content\/uploads\/2016\/03\/capa-10.jpg","type":"image\/jpeg"}],"author":"Jornal BEIRA-RIO","twitter_card":"summary_large_image","twitter_misc":{"Escrito por":"Jornal BEIRA-RIO","Est. tempo de leitura":"2 minutos"},"schema":{"@context":"https:\/\/schema.org","@graph":[{"@type":"Article","@id":"https:\/\/jornalbeirario.com.br\/portal\/?p=38177#article","isPartOf":{"@id":"https:\/\/jornalbeirario.com.br\/portal\/?p=38177"},"author":{"name":"Jornal BEIRA-RIO","@id":"https:\/\/jornalbeirario.com.br\/portal\/#\/schema\/person\/c6c423e4c2465d2a9233f6539173e7c1"},"headline":"Queda de \u00e1rvore pr\u00f3ximo ao Parque Zumbi","datePublished":"2016-03-08T17:27:38+00:00","dateModified":"2016-03-08T19:22:19+00:00","mainEntityOfPage":{"@id":"https:\/\/jornalbeirario.com.br\/portal\/?p=38177"},"wordCount":318,"commentCount":0,"publisher":{"@id":"https:\/\/jornalbeirario.com.br\/portal\/#organization"},"image":{"@id":"https:\/\/jornalbeirario.com.br\/portal\/?p=38177#primaryimage"},"thumbnailUrl":"https:\/\/jornalbeirario.com.br\/portal\/wp-content\/uploads\/2016\/03\/capa-10.jpg","keywords":["dehoraemhora","manchete"],"articleSection":["Meio Ambiente"],"inLanguage":"pt-BR","potentialAction":[{"@type":"CommentAction","name":"Comment","target":["https:\/\/jornalbeirario.com.br\/portal\/?p=38177#respond"]}]},{"@type":"WebPage","@id":"https:\/\/jornalbeirario.com.br\/portal\/?p=38177","url":"https:\/\/jornalbeirario.com.br\/portal\/?p=38177","name":"Queda de \u00e1rvore pr\u00f3ximo ao Parque Zumbi - JORNAL BEIRA RIO","isPartOf":{"@id":"https:\/\/jornalbeirario.com.br\/portal\/#website"},"primaryImageOfPage":{"@id":"https:\/\/jornalbeirario.com.br\/portal\/?p=38177#primaryimage"},"image":{"@id":"https:\/\/jornalbeirario.com.br\/portal\/?p=38177#primaryimage"},"thumbnailUrl":"https:\/\/jornalbeirario.com.br\/portal\/wp-content\/uploads\/2016\/03\/capa-10.jpg","datePublished":"2016-03-08T17:27:38+00:00","dateModified":"2016-03-08T19:22:19+00:00","breadcrumb":{"@id":"https:\/\/jornalbeirario.com.br\/portal\/?p=38177#breadcrumb"},"inLanguage":"pt-BR","potentialAction":[{"@type":"ReadAction","target":["https:\/\/jornalbeirario.com.br\/portal\/?p=38177"]}]},{"@type":"ImageObject","inLanguage":"pt-BR","@id":"https:\/\/jornalbeirario.com.br\/portal\/?p=38177#primaryimage","url":"https:\/\/jornalbeirario.com.br\/portal\/wp-content\/uploads\/2016\/03\/capa-10.jpg","contentUrl":"https:\/\/jornalbeirario.com.br\/portal\/wp-content\/uploads\/2016\/03\/capa-10.jpg","width":930,"height":350},{"@type":"BreadcrumbList","@id":"https:\/\/jornalbeirario.com.br\/portal\/?p=38177#breadcrumb","itemListElement":[{"@type":"ListItem","position":1,"name":"Home","item":"https:\/\/jornalbeirario.com.br\/portal"},{"@type":"ListItem","position":2,"name":"Queda de \u00e1rvore pr\u00f3ximo ao Parque Zumbi"}]},{"@type":"WebSite","@id":"https:\/\/jornalbeirario.com.br\/portal\/#website","url":"https:\/\/jornalbeirario.com.br\/portal\/","name":"JORNAL BEIRA RIO","description":"","publisher":{"@id":"https:\/\/jornalbeirario.com.br\/portal\/#organization"},"potentialAction":[{"@type":"SearchAction","target":{"@type":"EntryPoint","urlTemplate":"https:\/\/jornalbeirario.com.br\/portal\/?s={search_term_string}"},"query-input":{"@type":"PropertyValueSpecification","valueRequired":true,"valueName":"search_term_string"}}],"inLanguage":"pt-BR"},{"@type":"Organization","@id":"https:\/\/jornalbeirario.com.br\/portal\/#organization","name":"JORNAL BEIRA RIO","url":"https:\/\/jornalbeirario.com.br\/portal\/","logo":{"@type":"ImageObject","inLanguage":"pt-BR","@id":"https:\/\/jornalbeirario.com.br\/portal\/#\/schema\/logo\/image\/","url":"https:\/\/jornalbeirario.com.br\/portal\/wp-content\/uploads\/2017\/09\/BEIRA-RIO_logo600.png","contentUrl":"https:\/\/jornalbeirario.com.br\/portal\/wp-content\/uploads\/2017\/09\/BEIRA-RIO_logo600.png","width":650,"height":108,"caption":"JORNAL BEIRA RIO"},"image":{"@id":"https:\/\/jornalbeirario.com.br\/portal\/#\/schema\/logo\/image\/"}},{"@type":"Person","@id":"https:\/\/jornalbeirario.com.br\/portal\/#\/schema\/person\/c6c423e4c2465d2a9233f6539173e7c1","name":"Jornal BEIRA-RIO","image":{"@type":"ImageObject","inLanguage":"pt-BR","@id":"https:\/\/jornalbeirario.com.br\/portal\/wp-content\/uploads\/2023\/10\/logojbr1.jpg","url":"https:\/\/jornalbeirario.com.br\/portal\/wp-content\/uploads\/2023\/10\/logojbr1.jpg","contentUrl":"https:\/\/jornalbeirario.com.br\/portal\/wp-content\/uploads\/2023\/10\/logojbr1.jpg","caption":"Jornal BEIRA-RIO"},"url":"https:\/\/jornalbeirario.com.br\/portal\/?author=1"}]}},"_links":{"self":[{"href":"https:\/\/jornalbeirario.com.br\/portal\/index.php?rest_route=\/wp\/v2\/posts\/38177","targetHints":{"allow":["GET"]}}],"collection":[{"href":"https:\/\/jornalbeirario.com.br\/portal\/index.php?rest_route=\/wp\/v2\/posts"}],"about":[{"href":"https:\/\/jornalbeirario.com.br\/portal\/index.php?rest_route=\/wp\/v2\/types\/post"}],"author":[{"embeddable":true,"href":"https:\/\/jornalbeirario.com.br\/portal\/index.php?rest_route=\/wp\/v2\/users\/1"}],"replies":[{"embeddable":true,"href":"https:\/\/jornalbeirario.com.br\/portal\/index.php?rest_route=%2Fwp%2Fv2%2Fcomments&post=38177"}],"version-history":[{"count":6,"href":"https:\/\/jornalbeirario.com.br\/portal\/index.php?rest_route=\/wp\/v2\/posts\/38177\/revisions"}],"predecessor-version":[{"id":38187,"href":"https:\/\/jornalbeirario.com.br\/portal\/index.php?rest_route=\/wp\/v2\/posts\/38177\/revisions\/38187"}],"wp:featuredmedia":[{"embeddable":true,"href":"https:\/\/jornalbeirario.com.br\/portal\/index.php?rest_route=\/wp\/v2\/media\/38183"}],"wp:attachment":[{"href":"https:\/\/jornalbeirario.com.br\/portal\/index.php?rest_route=%2Fwp%2Fv2%2Fmedia&parent=38177"}],"wp:term":[{"taxonomy":"category","embeddable":true,"href":"https:\/\/jornalbeirario.com.br\/portal\/index.php?rest_route=%2Fwp%2Fv2%2Fcategories&post=38177"},{"taxonomy":"post_tag","embeddable":true,"href":"https:\/\/jornalbeirario.com.br\/portal\/index.php?rest_route=%2Fwp%2Fv2%2Ftags&post=38177"}],"curies":[{"name":"wp","href":"https:\/\/api.w.org\/{rel}","templated":true}]}}