
{"id":37572,"date":"2016-02-19T08:26:12","date_gmt":"2016-02-19T08:26:12","guid":{"rendered":"http:\/\/jornalbeirario.com.br\/portal\/portal\/?p=37572"},"modified":"2016-02-19T08:26:12","modified_gmt":"2016-02-19T08:26:12","slug":"lais-amaral-129","status":"publish","type":"post","link":"https:\/\/jornalbeirario.com.br\/portal\/?p=37572","title":{"rendered":"La\u00eds Amaral"},"content":{"rendered":"<p style=\"text-align: justify;\"><strong>Mem\u00f3rias desordenadas. Letra \u201cH\u201d, de Henfil ou: O B\u00eabado e a Equilibrista (1)<\/strong><br \/>\nRecentemente abri um livro sobre bares hist\u00f3ricos do Rio e logo no in\u00edcio uma foto me chamou aten\u00e7\u00e3o. Nela, o compositor e escritor Aldir Blanc abra\u00e7a, emocionado, o saudoso humorista Henfil. De cara veio \u00e0 mente a bela e fort\u00edssima composi\u00e7\u00e3o \u2018O B\u00eabado e a Equilibrista\u2019, dele (Aldir) e do Jo\u00e3o Bosco. Lembram-se daquele verso ?: \u201cQue sonha, com a volta do irm\u00e3o do Henfil, com tanta gente que partiu, num rabo de foguete\u201d. O irm\u00e3o do Henfil era o tamb\u00e9m saudoso Betinho, na \u00e9poca vivendo no ex\u00edlio com tantos que foram num \u2018rabo de foguete\u2019. A m\u00fasica que \u00e9 considerada um hino da Anistia tamb\u00e9m cita: \u201cChoram Marias e Clarices\u201d refer\u00eancia \u00e0s vi\u00favas, respectivamente, do oper\u00e1rio Manoel Fiel Filho e do jornalista Wladimir Herzog, assassinados, sob tortura, nos por\u00f5es da ditadura militar. A lembran\u00e7a me motivou a retomar minhas mem\u00f3rias desordenadas, por coincid\u00eancia, agora na letra \u201cH\u201d.<\/p>\n<p style=\"text-align: justify;\"><strong>Mem\u00f3rias desordenadas. Letra \u201cH\u201d, de Henfil ou: O B\u00eabado e a Equilibrista (2)<\/strong><br \/>\nHenfil era um humorista \u00e1cido e gentil. Detonava suas cr\u00edticas por esses v\u00edeis em seus personagens marcantes como Fradim, Comprido, Gra\u00fana, Orelhana. Tamb\u00e9m popularizou o urubu como s\u00edmbolo do Flamengo e sacaneou muito as outras torcidas nas p\u00e1ginas do Jornal dos Sports. Mas eu relevo. Certa vez numa pendenga com o poeta Ferreira Gullar que apoiava a pressa de Tancredo Neves em ser ungido como candidato das oposi\u00e7\u00f5es no Col\u00e9gio Eleitoral, disse que o pol\u00edtico mineiro deveria ter herdado de Get\u00falio, n\u00e3o a caneta, mas o revolver. Entrevistei Henfil na Alerj, durante uma assembleia pol\u00edtica. Ele j\u00e1 mancava um pouco e fazia uso de uma bengala, mas me atendeu com aquele sorris\u00e3o. Foi a entrevista que fiz que mais me tocou. Era um dos meus \u00eddolos. A entrevista foi para um programa de r\u00e1dio e ele espinafrou os chargistas que faziam humor \u00e0 favor. Na \u00e9poca a moda era puxar o saco do Plano Cruzado, uma farsa para favorecer o PMDB nas elei\u00e7\u00f5es. Henfil descascou. Ele n\u00e3o perdoava. Que falta faz ! \u201cA esperan\u00e7a equilibrista, sabe que o show de todo artista, tem que continuar\u201d.<\/p>\n<p style=\"text-align: justify;\"><strong>TRIPA<\/strong><br \/>\n* A\u00ed pessoal, o espet\u00e1culo &#8216;T\u00e1 Azor!&#8217;, inspirado em textos do instigante dramaturgo franc\u00eas Antonin Artaud est\u00e1 de volta com o pessoal da Cia da A\u00e7\u00e3o! Hoje (sexta, dia 19), amanh\u00e3 e domingo \u00e0s 20h30min no Galp\u00e3o Espa\u00e7o Mix, na Avenida Penedo 1450, em Penedo. No palco: Carla Biolchini, K\u00e1tia Costa, M\u00f4nica Izidoro e F\u00e1tima Colin. Roteiro e dire\u00e7\u00e3o de Cal\u00e9 Miranda. Vale conferir * E o Andr\u00e9 Wharely que come\u00e7ou 2016 a todo vapor, manda tamb\u00e9m boas not\u00edcias das bandas do Penedo. Olha a\u00ed: o flautista Carlos Malta estar\u00e1 se apresentando hoje (sexta, dia 19) e amanh\u00e3 no Jazz Village Bistr\u00f4 (Penedo), \u00e0s 21 horas. Malta faz uma releitura po\u00e9tica e jazz\u00edstica do repert\u00f3rio da majestosa, Elis Regina. Seu CD &#8220;PIMENTA&#8221;, lan\u00e7ado em 2000 foi indicado pela revista Jazz Times como o melhor lan\u00e7amento daquele ano. J\u00e1 tendo se apresentado em Mogale City \/\u00c1frica do Sul com p\u00fablico em pra\u00e7a p\u00fablica de 5000 pessoas, New Orleans\/E.U.A, e em festivais em todo o Brasil. O flautista vem difundindo a m\u00fasica do Brasil ao redor do planeta. No ano passado esteve em turn\u00ea pela Su\u00e9cia e na Dinamarca. Com ele: Cliff Korman (piano), Augusto Mattoso (baixo ac\u00fastico) e Renato Massa (bateria). Show !! Reservas pelo tels: 24-3351-1275 e 3351-1343 * Domingo, finalmente vou almo\u00e7ar no \u2018Ponto 107\u2019, do Odylo e da Carmem. Agora de frente para a ferrovia. Visual inusitado * E falando em Andr\u00e9 Whately, ele voltou a dar aulas de teatro na Escola Atrium. As matr\u00edculas est\u00e3o abertas para turmas de adultos.<\/p>\n<p style=\"text-align: justify;\"><strong>ANIVERSARIANTES<\/strong><br \/>\nDia 11 o professor Julio Fidelis, mudou de idade. No dia 13, o Cesinha Braz \u2018Simpl\u00edcio\u2019, o Luis Brasileiro e a Amanda Elias. Dia 14, inauguraram idade nova a Ana Carolina Mattos, o Haroldo Ramos, o Filipe Cassani, a Andressa Gil, a Karol Rezende e o Ailton Marques. Dia 15, receberam os \u2018parab\u00e9ns\u2019 a Ivone Carvalho, m\u00e3e da Carol Amaral, a Cristina Rabello, a M\u00e1rcia Menandro, o Paulo Rocha e o Fernando Pineschi. Dia 16, o meu amigo Sylvio Costa e a Flavia Vallim tamb\u00e9m aniversariaram. Parab\u00e9ns e todas as felicidades do mundo a eles.<\/p>\n","protected":false},"excerpt":{"rendered":"<p>Mem\u00f3rias desordenadas. Letra \u201cH\u201d, de Henfil ou: O B\u00eabado e a Equilibrista (1) Recentemente abri um livro sobre bares hist\u00f3ricos do Rio e logo<\/p>\n","protected":false},"author":1,"featured_media":0,"comment_status":"open","ping_status":"open","sticky":false,"template":"","format":"standard","meta":{"pmpro_default_level":"","footnotes":""},"categories":[13],"tags":[],"class_list":["post-37572","post","type-post","status-publish","format-standard","hentry","category-social","pmpro-has-access"],"yoast_head":"<!-- This site is optimized with the Yoast SEO plugin v27.4 - https:\/\/yoast.com\/product\/yoast-seo-wordpress\/ -->\n<title>La\u00eds Amaral - JORNAL BEIRA RIO<\/title>\n<meta name=\"robots\" content=\"index, follow, max-snippet:-1, max-image-preview:large, max-video-preview:-1\" \/>\n<link rel=\"canonical\" href=\"https:\/\/jornalbeirario.com.br\/portal\/?p=37572\" \/>\n<meta property=\"og:locale\" content=\"pt_BR\" \/>\n<meta property=\"og:type\" content=\"article\" \/>\n<meta property=\"og:title\" content=\"La\u00eds Amaral - JORNAL BEIRA RIO\" \/>\n<meta property=\"og:description\" content=\"Mem\u00f3rias desordenadas. Letra \u201cH\u201d, de Henfil ou: O B\u00eabado e a Equilibrista (1) Recentemente abri um livro sobre bares hist\u00f3ricos do Rio e logo\" \/>\n<meta property=\"og:url\" content=\"https:\/\/jornalbeirario.com.br\/portal\/?p=37572\" \/>\n<meta property=\"og:site_name\" content=\"JORNAL BEIRA RIO\" \/>\n<meta property=\"article:published_time\" content=\"2016-02-19T08:26:12+00:00\" \/>\n<meta name=\"author\" content=\"Jornal BEIRA-RIO\" \/>\n<meta name=\"twitter:card\" content=\"summary_large_image\" \/>\n<meta name=\"twitter:label1\" content=\"Escrito por\" \/>\n\t<meta name=\"twitter:data1\" content=\"Jornal BEIRA-RIO\" \/>\n\t<meta name=\"twitter:label2\" content=\"Est. tempo de leitura\" \/>\n\t<meta name=\"twitter:data2\" content=\"4 minutos\" \/>\n<script type=\"application\/ld+json\" class=\"yoast-schema-graph\">{\"@context\":\"https:\\\/\\\/schema.org\",\"@graph\":[{\"@type\":\"Article\",\"@id\":\"https:\\\/\\\/jornalbeirario.com.br\\\/portal\\\/?p=37572#article\",\"isPartOf\":{\"@id\":\"https:\\\/\\\/jornalbeirario.com.br\\\/portal\\\/?p=37572\"},\"author\":{\"name\":\"Jornal BEIRA-RIO\",\"@id\":\"https:\\\/\\\/jornalbeirario.com.br\\\/portal\\\/#\\\/schema\\\/person\\\/c6c423e4c2465d2a9233f6539173e7c1\"},\"headline\":\"La\u00eds Amaral\",\"datePublished\":\"2016-02-19T08:26:12+00:00\",\"mainEntityOfPage\":{\"@id\":\"https:\\\/\\\/jornalbeirario.com.br\\\/portal\\\/?p=37572\"},\"wordCount\":767,\"commentCount\":0,\"publisher\":{\"@id\":\"https:\\\/\\\/jornalbeirario.com.br\\\/portal\\\/#organization\"},\"articleSection\":[\"Social\"],\"inLanguage\":\"pt-BR\",\"potentialAction\":[{\"@type\":\"CommentAction\",\"name\":\"Comment\",\"target\":[\"https:\\\/\\\/jornalbeirario.com.br\\\/portal\\\/?p=37572#respond\"]}]},{\"@type\":\"WebPage\",\"@id\":\"https:\\\/\\\/jornalbeirario.com.br\\\/portal\\\/?p=37572\",\"url\":\"https:\\\/\\\/jornalbeirario.com.br\\\/portal\\\/?p=37572\",\"name\":\"La\u00eds Amaral - JORNAL BEIRA RIO\",\"isPartOf\":{\"@id\":\"https:\\\/\\\/jornalbeirario.com.br\\\/portal\\\/#website\"},\"datePublished\":\"2016-02-19T08:26:12+00:00\",\"breadcrumb\":{\"@id\":\"https:\\\/\\\/jornalbeirario.com.br\\\/portal\\\/?p=37572#breadcrumb\"},\"inLanguage\":\"pt-BR\",\"potentialAction\":[{\"@type\":\"ReadAction\",\"target\":[\"https:\\\/\\\/jornalbeirario.com.br\\\/portal\\\/?p=37572\"]}]},{\"@type\":\"BreadcrumbList\",\"@id\":\"https:\\\/\\\/jornalbeirario.com.br\\\/portal\\\/?p=37572#breadcrumb\",\"itemListElement\":[{\"@type\":\"ListItem\",\"position\":1,\"name\":\"Home\",\"item\":\"https:\\\/\\\/jornalbeirario.com.br\\\/portal\"},{\"@type\":\"ListItem\",\"position\":2,\"name\":\"La\u00eds Amaral\"}]},{\"@type\":\"WebSite\",\"@id\":\"https:\\\/\\\/jornalbeirario.com.br\\\/portal\\\/#website\",\"url\":\"https:\\\/\\\/jornalbeirario.com.br\\\/portal\\\/\",\"name\":\"JORNAL BEIRA RIO\",\"description\":\"\",\"publisher\":{\"@id\":\"https:\\\/\\\/jornalbeirario.com.br\\\/portal\\\/#organization\"},\"potentialAction\":[{\"@type\":\"SearchAction\",\"target\":{\"@type\":\"EntryPoint\",\"urlTemplate\":\"https:\\\/\\\/jornalbeirario.com.br\\\/portal\\\/?s={search_term_string}\"},\"query-input\":{\"@type\":\"PropertyValueSpecification\",\"valueRequired\":true,\"valueName\":\"search_term_string\"}}],\"inLanguage\":\"pt-BR\"},{\"@type\":\"Organization\",\"@id\":\"https:\\\/\\\/jornalbeirario.com.br\\\/portal\\\/#organization\",\"name\":\"JORNAL BEIRA RIO\",\"url\":\"https:\\\/\\\/jornalbeirario.com.br\\\/portal\\\/\",\"logo\":{\"@type\":\"ImageObject\",\"inLanguage\":\"pt-BR\",\"@id\":\"https:\\\/\\\/jornalbeirario.com.br\\\/portal\\\/#\\\/schema\\\/logo\\\/image\\\/\",\"url\":\"https:\\\/\\\/jornalbeirario.com.br\\\/portal\\\/wp-content\\\/uploads\\\/2017\\\/09\\\/BEIRA-RIO_logo600.png\",\"contentUrl\":\"https:\\\/\\\/jornalbeirario.com.br\\\/portal\\\/wp-content\\\/uploads\\\/2017\\\/09\\\/BEIRA-RIO_logo600.png\",\"width\":650,\"height\":108,\"caption\":\"JORNAL BEIRA RIO\"},\"image\":{\"@id\":\"https:\\\/\\\/jornalbeirario.com.br\\\/portal\\\/#\\\/schema\\\/logo\\\/image\\\/\"}},{\"@type\":\"Person\",\"@id\":\"https:\\\/\\\/jornalbeirario.com.br\\\/portal\\\/#\\\/schema\\\/person\\\/c6c423e4c2465d2a9233f6539173e7c1\",\"name\":\"Jornal BEIRA-RIO\",\"image\":{\"@type\":\"ImageObject\",\"inLanguage\":\"pt-BR\",\"@id\":\"https:\\\/\\\/jornalbeirario.com.br\\\/portal\\\/wp-content\\\/uploads\\\/2023\\\/10\\\/logojbr1.jpg\",\"url\":\"https:\\\/\\\/jornalbeirario.com.br\\\/portal\\\/wp-content\\\/uploads\\\/2023\\\/10\\\/logojbr1.jpg\",\"contentUrl\":\"https:\\\/\\\/jornalbeirario.com.br\\\/portal\\\/wp-content\\\/uploads\\\/2023\\\/10\\\/logojbr1.jpg\",\"caption\":\"Jornal BEIRA-RIO\"},\"url\":\"https:\\\/\\\/jornalbeirario.com.br\\\/portal\\\/?author=1\"}]}<\/script>\n<!-- \/ Yoast SEO plugin. -->","yoast_head_json":{"title":"La\u00eds Amaral - JORNAL BEIRA RIO","robots":{"index":"index","follow":"follow","max-snippet":"max-snippet:-1","max-image-preview":"max-image-preview:large","max-video-preview":"max-video-preview:-1"},"canonical":"https:\/\/jornalbeirario.com.br\/portal\/?p=37572","og_locale":"pt_BR","og_type":"article","og_title":"La\u00eds Amaral - JORNAL BEIRA RIO","og_description":"Mem\u00f3rias desordenadas. Letra \u201cH\u201d, de Henfil ou: O B\u00eabado e a Equilibrista (1) Recentemente abri um livro sobre bares hist\u00f3ricos do Rio e logo","og_url":"https:\/\/jornalbeirario.com.br\/portal\/?p=37572","og_site_name":"JORNAL BEIRA RIO","article_published_time":"2016-02-19T08:26:12+00:00","author":"Jornal BEIRA-RIO","twitter_card":"summary_large_image","twitter_misc":{"Escrito por":"Jornal BEIRA-RIO","Est. tempo de leitura":"4 minutos"},"schema":{"@context":"https:\/\/schema.org","@graph":[{"@type":"Article","@id":"https:\/\/jornalbeirario.com.br\/portal\/?p=37572#article","isPartOf":{"@id":"https:\/\/jornalbeirario.com.br\/portal\/?p=37572"},"author":{"name":"Jornal BEIRA-RIO","@id":"https:\/\/jornalbeirario.com.br\/portal\/#\/schema\/person\/c6c423e4c2465d2a9233f6539173e7c1"},"headline":"La\u00eds Amaral","datePublished":"2016-02-19T08:26:12+00:00","mainEntityOfPage":{"@id":"https:\/\/jornalbeirario.com.br\/portal\/?p=37572"},"wordCount":767,"commentCount":0,"publisher":{"@id":"https:\/\/jornalbeirario.com.br\/portal\/#organization"},"articleSection":["Social"],"inLanguage":"pt-BR","potentialAction":[{"@type":"CommentAction","name":"Comment","target":["https:\/\/jornalbeirario.com.br\/portal\/?p=37572#respond"]}]},{"@type":"WebPage","@id":"https:\/\/jornalbeirario.com.br\/portal\/?p=37572","url":"https:\/\/jornalbeirario.com.br\/portal\/?p=37572","name":"La\u00eds Amaral - JORNAL BEIRA RIO","isPartOf":{"@id":"https:\/\/jornalbeirario.com.br\/portal\/#website"},"datePublished":"2016-02-19T08:26:12+00:00","breadcrumb":{"@id":"https:\/\/jornalbeirario.com.br\/portal\/?p=37572#breadcrumb"},"inLanguage":"pt-BR","potentialAction":[{"@type":"ReadAction","target":["https:\/\/jornalbeirario.com.br\/portal\/?p=37572"]}]},{"@type":"BreadcrumbList","@id":"https:\/\/jornalbeirario.com.br\/portal\/?p=37572#breadcrumb","itemListElement":[{"@type":"ListItem","position":1,"name":"Home","item":"https:\/\/jornalbeirario.com.br\/portal"},{"@type":"ListItem","position":2,"name":"La\u00eds Amaral"}]},{"@type":"WebSite","@id":"https:\/\/jornalbeirario.com.br\/portal\/#website","url":"https:\/\/jornalbeirario.com.br\/portal\/","name":"JORNAL BEIRA RIO","description":"","publisher":{"@id":"https:\/\/jornalbeirario.com.br\/portal\/#organization"},"potentialAction":[{"@type":"SearchAction","target":{"@type":"EntryPoint","urlTemplate":"https:\/\/jornalbeirario.com.br\/portal\/?s={search_term_string}"},"query-input":{"@type":"PropertyValueSpecification","valueRequired":true,"valueName":"search_term_string"}}],"inLanguage":"pt-BR"},{"@type":"Organization","@id":"https:\/\/jornalbeirario.com.br\/portal\/#organization","name":"JORNAL BEIRA RIO","url":"https:\/\/jornalbeirario.com.br\/portal\/","logo":{"@type":"ImageObject","inLanguage":"pt-BR","@id":"https:\/\/jornalbeirario.com.br\/portal\/#\/schema\/logo\/image\/","url":"https:\/\/jornalbeirario.com.br\/portal\/wp-content\/uploads\/2017\/09\/BEIRA-RIO_logo600.png","contentUrl":"https:\/\/jornalbeirario.com.br\/portal\/wp-content\/uploads\/2017\/09\/BEIRA-RIO_logo600.png","width":650,"height":108,"caption":"JORNAL BEIRA RIO"},"image":{"@id":"https:\/\/jornalbeirario.com.br\/portal\/#\/schema\/logo\/image\/"}},{"@type":"Person","@id":"https:\/\/jornalbeirario.com.br\/portal\/#\/schema\/person\/c6c423e4c2465d2a9233f6539173e7c1","name":"Jornal BEIRA-RIO","image":{"@type":"ImageObject","inLanguage":"pt-BR","@id":"https:\/\/jornalbeirario.com.br\/portal\/wp-content\/uploads\/2023\/10\/logojbr1.jpg","url":"https:\/\/jornalbeirario.com.br\/portal\/wp-content\/uploads\/2023\/10\/logojbr1.jpg","contentUrl":"https:\/\/jornalbeirario.com.br\/portal\/wp-content\/uploads\/2023\/10\/logojbr1.jpg","caption":"Jornal BEIRA-RIO"},"url":"https:\/\/jornalbeirario.com.br\/portal\/?author=1"}]}},"_links":{"self":[{"href":"https:\/\/jornalbeirario.com.br\/portal\/index.php?rest_route=\/wp\/v2\/posts\/37572","targetHints":{"allow":["GET"]}}],"collection":[{"href":"https:\/\/jornalbeirario.com.br\/portal\/index.php?rest_route=\/wp\/v2\/posts"}],"about":[{"href":"https:\/\/jornalbeirario.com.br\/portal\/index.php?rest_route=\/wp\/v2\/types\/post"}],"author":[{"embeddable":true,"href":"https:\/\/jornalbeirario.com.br\/portal\/index.php?rest_route=\/wp\/v2\/users\/1"}],"replies":[{"embeddable":true,"href":"https:\/\/jornalbeirario.com.br\/portal\/index.php?rest_route=%2Fwp%2Fv2%2Fcomments&post=37572"}],"version-history":[{"count":1,"href":"https:\/\/jornalbeirario.com.br\/portal\/index.php?rest_route=\/wp\/v2\/posts\/37572\/revisions"}],"predecessor-version":[{"id":37573,"href":"https:\/\/jornalbeirario.com.br\/portal\/index.php?rest_route=\/wp\/v2\/posts\/37572\/revisions\/37573"}],"wp:attachment":[{"href":"https:\/\/jornalbeirario.com.br\/portal\/index.php?rest_route=%2Fwp%2Fv2%2Fmedia&parent=37572"}],"wp:term":[{"taxonomy":"category","embeddable":true,"href":"https:\/\/jornalbeirario.com.br\/portal\/index.php?rest_route=%2Fwp%2Fv2%2Fcategories&post=37572"},{"taxonomy":"post_tag","embeddable":true,"href":"https:\/\/jornalbeirario.com.br\/portal\/index.php?rest_route=%2Fwp%2Fv2%2Ftags&post=37572"}],"curies":[{"name":"wp","href":"https:\/\/api.w.org\/{rel}","templated":true}]}}