
{"id":36823,"date":"2016-01-29T08:37:32","date_gmt":"2016-01-29T08:37:32","guid":{"rendered":"http:\/\/jornalbeirario.com.br\/portal\/portal\/?p=36823"},"modified":"2016-01-29T08:37:32","modified_gmt":"2016-01-29T08:37:32","slug":"lais-amaral-128","status":"publish","type":"post","link":"https:\/\/jornalbeirario.com.br\/portal\/?p=36823","title":{"rendered":"La\u00eds Amaral"},"content":{"rendered":"<p style=\"text-align: justify;\"><strong>\u2018Crust\u00e1ceos da Mangua\u00e7a\u2019, um bloco a servi\u00e7o da liberdade e da alegria: amanh\u00e3 nas ruas<\/strong><br \/>\nO Bloco Et\u00edlico Carnavalesco Crust\u00e1ceos da Mangua\u00e7a estar\u00e1 nas ruas de Resende neste s\u00e1bado (dia 30) com a mesma alegria e descontra\u00e7\u00e3o dos \u00faltimos 15 anos. A concentra\u00e7\u00e3o do bloco ser\u00e1 no Cal\u00e7ad\u00e3o de Campos El\u00edseos (pr\u00f3ximo \u00e0 Ponte Velha) a partir das 11h30min. Dali o bloco seguir\u00e1 para a Pra\u00e7a da Bandeira, para um pit-stop e voltar\u00e1 a circular. O bloco este ano estar\u00e1 mais itinerante. Mais ou menos no mesmo hor\u00e1rio, outros blocos que foram se juntando ao \u2018Crust\u00e1ceos\u2019 no pr\u00e9-carnavalesco de Resende, estar\u00e3o circulando por Campos El\u00edseos. S\u00e3o eles: o \u2018Kibeleza\u2019 que sai do Bar do Ribamar, no Jardim Jalisco,\u00a0 o \u2018Corsim-Corn\u00e3o\u2019, que sai do Buteco, o \u2018Vai quem quer do Ipiranga\u2019, que sai do deck, da Avenida Nova Resende (Beira-Rio), o belo e original\u00a0 Maracatu, do grupo Pedra Sonora, que dever\u00e1 sair logo atr\u00e1s do \u2018Crust\u00e1ceos\u2019 e o \u2018Trem das Onze\u2019, do Para\u00edso, que dever\u00e1 seguir junto com o Ipiranga. A novidade deste ano e que os blocos encerar\u00e3o seus desfiles na Pra\u00e7a Oliveira Botelho, no Centro Hist\u00f3rico da cidade. O \u2018Crust\u00e1ceos\u2019, para quem ainda n\u00e3o sabe, apesar de vender camisetas, n\u00e3o \u00e9 um bloco uniformizado. Cada um sai como quer. Sugerimos fantasia pra ficar mais carnavalesco. A m\u00fasica s\u00e3o marchinhas e sambas tocados por uma bandinha. Apare\u00e7a e brinque, o Crust\u00e1ceos tem foli\u00f5es que v\u00e3o de meses de idade at\u00e9 a dona Ione, que sai desde o primeiro ano e j\u00e1 passou dos 80. O lema do bloco \u00e9: \u201cCarnaval \u00e9 brincadeira !\u201d<\/p>\n<p><strong>Bar Atl\u00e2ntico, um ano de atmosfera carioca, a Lapa no Centro Hist\u00f3rico de Resende<\/strong><br \/>\nQuando cheguei em Resende, j\u00e1 l\u00e1 se v\u00e3o quase 23 anos, o primeiro lugar que me levaram para apresentar a cidade foi o \u2018Rei dos Salgadinhos\u2019, o \u2018Cospe Grosso\u2019 (\u00fanico bar que conhe\u00e7o que tem dois nomes sendo ambos amplamente populares). Desde ent\u00e3o\u00a0 minha liga\u00e7\u00e3o com a cidade \u00e9 contada um pouco pelos bares e botiquins. Gosto desse ramo de com\u00e9rcio. Ao longo dessa minha hist\u00f3ria aqui, conheci bares muito legais. Alguns fecharam como o Bar Odeon e outros j\u00e1 haviam fechado antes de minha nau aportar por aqui, como o Bar Azul e o emblem\u00e1tico Bar Atl\u00e2ntico (adoro esse nome). Deste, eu at\u00e9 sentia saudade sem nunca t\u00ea-lo frequentado. Para minha satisfa\u00e7\u00e3o h\u00e1 mais ou menos um ano os irm\u00e3os Ricardo e Rui Paiva tiveram a feliz ideia de reabrir o Atl\u00e2ntico. Hoje (dia 29) estaremos comemorando um ano da reabertura do bar, um ano da feliz ideia. Mas a festa n\u00e3o ser\u00e1 no bar, pois, se o cora\u00e7\u00e3o \u00e9 grande, o espa\u00e7o \u00e9 pequeno para o tamanho da festa. Os principais protagonistas desse um ano de camaradagem e boa m\u00fasica estar\u00e3o no palco, do \u2018Torres\u2019, em frente \u00e0s tr\u00eas chamin\u00e9s da antiga Cer\u00e2mica, no Manejo (ao lado da Tontina). L\u00e1 os excepcionais m\u00fasicos, Thiago Zaidan, Jairo Queiroz, Fernando Farias, Hudson, Alisson, Tiago e Cacau estar\u00e3o acompanhando os seguintes cantantes que se alternar\u00e3o no palco: Naia, Luis Jap\u00e3o, Diogo Senna, Wilsinho Ramalho e Sanny Alves. Um time de craques para uma noite muito especial. Como diria Caetano, \u201cs\u00f3 n\u00e3o vai quem j\u00e1 morreu\u201d.<\/p>\n<p><strong>TRIPA<\/strong><br \/>\n* A Sirizada do Crust\u00e1ceos da Mangua\u00e7a s\u00e1bado passado foi mais uma vez um dos pontos altos do per\u00edodo pr\u00e9-carnavalesco de Resende. A chef\u00a0 Sonia Nogueira caprichou. Foram quinze quilos de siri e mais vinte quilos de carne de siri. Al\u00e9m do molho, que \u00e9 o segredo da Sonia. Camisetas e canecas do bloco continuam a venda no Bar da Rosa (antiga Mineira) l\u00e1 mesmo na Pra\u00e7a da Bandeira: R$ 20. O grupo do Silv\u00e3o comandou a anima\u00e7\u00e3o musical do evento e depois de 15 anos o bloco ganhou sua nova Rainha Lagostosa, a Julia Pereira, filha da saudosa Rosaine. Carol Oliveira (filha da Katita foi a Lagostosa desde a funda\u00e7\u00e3o). Viva a nova Rainha * Amanh\u00e3, dia 30, tem baile carnavalesco no Clube da Casa da Lua, com in\u00edcio \u00e0s 23 horas. A realiza\u00e7\u00e3o \u00e9 do Rotary Clube de Resende e tem fins beneficentes. Ingressos com Gabriel, Goretti e outros rotarianos * O pianista M\u00e1rvio Ceribelli estar\u00e1 hoje (29) e amanh\u00e3 comandando a programa\u00e7\u00e3o que comemora os dez anos do Jazz Village Bistr\u00f4, em Penedo. Hoje estar\u00e1 acompanhado de Rodrigo Camar\u00e1 com Samba, Soul e Blues, e amanh\u00e3 com Sergio Chiavazzoli, com Choro, Jazz e Focus. In\u00edcio \u00e0s 21 horas. Parab\u00e9ns ao Village pelos bons servi\u00e7os prestados \u00e0 m\u00fasica e aos m\u00fasicos * Na pr\u00f3xima quarta-feira, dia 3, acontece no Espa\u00e7o &#8216;Z&#8217;, o tradicional &#8216;Grito de Carnaval da 3\u00aa Idade Ativa&#8217;. Participa\u00e7\u00e3o do Rancho Carnavalesco Chuveiro de Prata. In\u00edcio \u00e0s 19 horas * E a C\u00e2mara Cultural tamb\u00e9m est\u00e1 em ritmo de Carnaval. Em parceria com o historiador Claudionor Rosa realiza dia 4 \u00e0s 19h30min no plen\u00e1rio da C\u00e2mara o encontro &#8220;Vale a Pena Ver de Novo\u201d com hist\u00f3rias e marchinhas do Carnaval de 1986. Participa\u00e7\u00e3o do Rancho Carnavalesco Chuveiro de Prata * Que brincar Carnaval de verdade ? Entre no \u2018Crust\u00e1ceos da Mangua\u00e7a\u2019 amanh\u00e3, dia 30.<\/p>\n<p><strong>ANIVERS\u00c1RIOS<\/strong><br \/>\nDia 21 mudaram de idade o Gustavo Reeve e o Augusto Ramos. Dia 22, foi a vez do Jos\u00e9 Antonio Carvalho Pinto, o grande Totonho inaugurar idade nova. Dia 23 a Marli Gomes e o Caio Sampaio ficaram mais experientes. Dia 24, Marcely Bastos (m\u00e3e do Artur) e Lyana Teixeira sopraram velinhas. Dia 25 uma turma grande recebeu os \u2018parab\u00e9ns\u2019: Katia Antonelli, M\u00e1rcia Rodrigues, Liliana Delfino (Cidinha), Marcelo Tavares, Dora Medeiros e Cristina Rosadas. No dia 26 os amigos Afr\u00e2nio Machado, Selma Regina e Jos\u00e9 Maria Rabello contaram mais um ano de vida e fechando a semana, hoje, dia 29, o Jo\u00e3o Saboia, a lente que tudo v\u00ea na cidade, tamb\u00e9m aniversaria. Parab\u00e9ns e todas as felicidades do mundo a eles.<\/p>\n","protected":false},"excerpt":{"rendered":"<p>\u2018Crust\u00e1ceos da Mangua\u00e7a\u2019, um bloco a servi\u00e7o da liberdade e da alegria: amanh\u00e3 nas ruas O Bloco Et\u00edlico Carnavalesco Crust\u00e1ceos da Mangua\u00e7a estar\u00e1 nas<\/p>\n","protected":false},"author":1,"featured_media":0,"comment_status":"open","ping_status":"open","sticky":false,"template":"","format":"standard","meta":{"pmpro_default_level":"","footnotes":""},"categories":[13],"tags":[],"class_list":["post-36823","post","type-post","status-publish","format-standard","hentry","category-social","pmpro-has-access"],"yoast_head":"<!-- This site is optimized with the Yoast SEO plugin v27.4 - https:\/\/yoast.com\/product\/yoast-seo-wordpress\/ -->\n<title>La\u00eds Amaral - JORNAL BEIRA RIO<\/title>\n<meta name=\"robots\" content=\"index, follow, max-snippet:-1, max-image-preview:large, max-video-preview:-1\" \/>\n<link rel=\"canonical\" href=\"https:\/\/jornalbeirario.com.br\/portal\/?p=36823\" \/>\n<meta property=\"og:locale\" content=\"pt_BR\" \/>\n<meta property=\"og:type\" content=\"article\" \/>\n<meta property=\"og:title\" content=\"La\u00eds Amaral - JORNAL BEIRA RIO\" \/>\n<meta property=\"og:description\" content=\"\u2018Crust\u00e1ceos da Mangua\u00e7a\u2019, um bloco a servi\u00e7o da liberdade e da alegria: amanh\u00e3 nas ruas O Bloco Et\u00edlico Carnavalesco Crust\u00e1ceos da Mangua\u00e7a estar\u00e1 nas\" \/>\n<meta property=\"og:url\" content=\"https:\/\/jornalbeirario.com.br\/portal\/?p=36823\" \/>\n<meta property=\"og:site_name\" content=\"JORNAL BEIRA RIO\" \/>\n<meta property=\"article:published_time\" content=\"2016-01-29T08:37:32+00:00\" \/>\n<meta name=\"author\" content=\"Jornal BEIRA-RIO\" \/>\n<meta name=\"twitter:card\" content=\"summary_large_image\" \/>\n<meta name=\"twitter:label1\" content=\"Escrito por\" \/>\n\t<meta name=\"twitter:data1\" content=\"Jornal BEIRA-RIO\" \/>\n\t<meta name=\"twitter:label2\" content=\"Est. tempo de leitura\" \/>\n\t<meta name=\"twitter:data2\" content=\"5 minutos\" \/>\n<script type=\"application\/ld+json\" class=\"yoast-schema-graph\">{\"@context\":\"https:\\\/\\\/schema.org\",\"@graph\":[{\"@type\":\"Article\",\"@id\":\"https:\\\/\\\/jornalbeirario.com.br\\\/portal\\\/?p=36823#article\",\"isPartOf\":{\"@id\":\"https:\\\/\\\/jornalbeirario.com.br\\\/portal\\\/?p=36823\"},\"author\":{\"name\":\"Jornal BEIRA-RIO\",\"@id\":\"https:\\\/\\\/jornalbeirario.com.br\\\/portal\\\/#\\\/schema\\\/person\\\/c6c423e4c2465d2a9233f6539173e7c1\"},\"headline\":\"La\u00eds Amaral\",\"datePublished\":\"2016-01-29T08:37:32+00:00\",\"mainEntityOfPage\":{\"@id\":\"https:\\\/\\\/jornalbeirario.com.br\\\/portal\\\/?p=36823\"},\"wordCount\":1027,\"commentCount\":0,\"publisher\":{\"@id\":\"https:\\\/\\\/jornalbeirario.com.br\\\/portal\\\/#organization\"},\"articleSection\":[\"Social\"],\"inLanguage\":\"pt-BR\",\"potentialAction\":[{\"@type\":\"CommentAction\",\"name\":\"Comment\",\"target\":[\"https:\\\/\\\/jornalbeirario.com.br\\\/portal\\\/?p=36823#respond\"]}]},{\"@type\":\"WebPage\",\"@id\":\"https:\\\/\\\/jornalbeirario.com.br\\\/portal\\\/?p=36823\",\"url\":\"https:\\\/\\\/jornalbeirario.com.br\\\/portal\\\/?p=36823\",\"name\":\"La\u00eds Amaral - JORNAL BEIRA RIO\",\"isPartOf\":{\"@id\":\"https:\\\/\\\/jornalbeirario.com.br\\\/portal\\\/#website\"},\"datePublished\":\"2016-01-29T08:37:32+00:00\",\"breadcrumb\":{\"@id\":\"https:\\\/\\\/jornalbeirario.com.br\\\/portal\\\/?p=36823#breadcrumb\"},\"inLanguage\":\"pt-BR\",\"potentialAction\":[{\"@type\":\"ReadAction\",\"target\":[\"https:\\\/\\\/jornalbeirario.com.br\\\/portal\\\/?p=36823\"]}]},{\"@type\":\"BreadcrumbList\",\"@id\":\"https:\\\/\\\/jornalbeirario.com.br\\\/portal\\\/?p=36823#breadcrumb\",\"itemListElement\":[{\"@type\":\"ListItem\",\"position\":1,\"name\":\"Home\",\"item\":\"https:\\\/\\\/jornalbeirario.com.br\\\/portal\"},{\"@type\":\"ListItem\",\"position\":2,\"name\":\"La\u00eds Amaral\"}]},{\"@type\":\"WebSite\",\"@id\":\"https:\\\/\\\/jornalbeirario.com.br\\\/portal\\\/#website\",\"url\":\"https:\\\/\\\/jornalbeirario.com.br\\\/portal\\\/\",\"name\":\"JORNAL BEIRA RIO\",\"description\":\"\",\"publisher\":{\"@id\":\"https:\\\/\\\/jornalbeirario.com.br\\\/portal\\\/#organization\"},\"potentialAction\":[{\"@type\":\"SearchAction\",\"target\":{\"@type\":\"EntryPoint\",\"urlTemplate\":\"https:\\\/\\\/jornalbeirario.com.br\\\/portal\\\/?s={search_term_string}\"},\"query-input\":{\"@type\":\"PropertyValueSpecification\",\"valueRequired\":true,\"valueName\":\"search_term_string\"}}],\"inLanguage\":\"pt-BR\"},{\"@type\":\"Organization\",\"@id\":\"https:\\\/\\\/jornalbeirario.com.br\\\/portal\\\/#organization\",\"name\":\"JORNAL BEIRA RIO\",\"url\":\"https:\\\/\\\/jornalbeirario.com.br\\\/portal\\\/\",\"logo\":{\"@type\":\"ImageObject\",\"inLanguage\":\"pt-BR\",\"@id\":\"https:\\\/\\\/jornalbeirario.com.br\\\/portal\\\/#\\\/schema\\\/logo\\\/image\\\/\",\"url\":\"https:\\\/\\\/jornalbeirario.com.br\\\/portal\\\/wp-content\\\/uploads\\\/2017\\\/09\\\/BEIRA-RIO_logo600.png\",\"contentUrl\":\"https:\\\/\\\/jornalbeirario.com.br\\\/portal\\\/wp-content\\\/uploads\\\/2017\\\/09\\\/BEIRA-RIO_logo600.png\",\"width\":650,\"height\":108,\"caption\":\"JORNAL BEIRA RIO\"},\"image\":{\"@id\":\"https:\\\/\\\/jornalbeirario.com.br\\\/portal\\\/#\\\/schema\\\/logo\\\/image\\\/\"}},{\"@type\":\"Person\",\"@id\":\"https:\\\/\\\/jornalbeirario.com.br\\\/portal\\\/#\\\/schema\\\/person\\\/c6c423e4c2465d2a9233f6539173e7c1\",\"name\":\"Jornal BEIRA-RIO\",\"image\":{\"@type\":\"ImageObject\",\"inLanguage\":\"pt-BR\",\"@id\":\"https:\\\/\\\/jornalbeirario.com.br\\\/portal\\\/wp-content\\\/uploads\\\/2023\\\/10\\\/logojbr1.jpg\",\"url\":\"https:\\\/\\\/jornalbeirario.com.br\\\/portal\\\/wp-content\\\/uploads\\\/2023\\\/10\\\/logojbr1.jpg\",\"contentUrl\":\"https:\\\/\\\/jornalbeirario.com.br\\\/portal\\\/wp-content\\\/uploads\\\/2023\\\/10\\\/logojbr1.jpg\",\"caption\":\"Jornal BEIRA-RIO\"},\"url\":\"https:\\\/\\\/jornalbeirario.com.br\\\/portal\\\/?author=1\"}]}<\/script>\n<!-- \/ Yoast SEO plugin. -->","yoast_head_json":{"title":"La\u00eds Amaral - JORNAL BEIRA RIO","robots":{"index":"index","follow":"follow","max-snippet":"max-snippet:-1","max-image-preview":"max-image-preview:large","max-video-preview":"max-video-preview:-1"},"canonical":"https:\/\/jornalbeirario.com.br\/portal\/?p=36823","og_locale":"pt_BR","og_type":"article","og_title":"La\u00eds Amaral - JORNAL BEIRA RIO","og_description":"\u2018Crust\u00e1ceos da Mangua\u00e7a\u2019, um bloco a servi\u00e7o da liberdade e da alegria: amanh\u00e3 nas ruas O Bloco Et\u00edlico Carnavalesco Crust\u00e1ceos da Mangua\u00e7a estar\u00e1 nas","og_url":"https:\/\/jornalbeirario.com.br\/portal\/?p=36823","og_site_name":"JORNAL BEIRA RIO","article_published_time":"2016-01-29T08:37:32+00:00","author":"Jornal BEIRA-RIO","twitter_card":"summary_large_image","twitter_misc":{"Escrito por":"Jornal BEIRA-RIO","Est. tempo de leitura":"5 minutos"},"schema":{"@context":"https:\/\/schema.org","@graph":[{"@type":"Article","@id":"https:\/\/jornalbeirario.com.br\/portal\/?p=36823#article","isPartOf":{"@id":"https:\/\/jornalbeirario.com.br\/portal\/?p=36823"},"author":{"name":"Jornal BEIRA-RIO","@id":"https:\/\/jornalbeirario.com.br\/portal\/#\/schema\/person\/c6c423e4c2465d2a9233f6539173e7c1"},"headline":"La\u00eds Amaral","datePublished":"2016-01-29T08:37:32+00:00","mainEntityOfPage":{"@id":"https:\/\/jornalbeirario.com.br\/portal\/?p=36823"},"wordCount":1027,"commentCount":0,"publisher":{"@id":"https:\/\/jornalbeirario.com.br\/portal\/#organization"},"articleSection":["Social"],"inLanguage":"pt-BR","potentialAction":[{"@type":"CommentAction","name":"Comment","target":["https:\/\/jornalbeirario.com.br\/portal\/?p=36823#respond"]}]},{"@type":"WebPage","@id":"https:\/\/jornalbeirario.com.br\/portal\/?p=36823","url":"https:\/\/jornalbeirario.com.br\/portal\/?p=36823","name":"La\u00eds Amaral - JORNAL BEIRA RIO","isPartOf":{"@id":"https:\/\/jornalbeirario.com.br\/portal\/#website"},"datePublished":"2016-01-29T08:37:32+00:00","breadcrumb":{"@id":"https:\/\/jornalbeirario.com.br\/portal\/?p=36823#breadcrumb"},"inLanguage":"pt-BR","potentialAction":[{"@type":"ReadAction","target":["https:\/\/jornalbeirario.com.br\/portal\/?p=36823"]}]},{"@type":"BreadcrumbList","@id":"https:\/\/jornalbeirario.com.br\/portal\/?p=36823#breadcrumb","itemListElement":[{"@type":"ListItem","position":1,"name":"Home","item":"https:\/\/jornalbeirario.com.br\/portal"},{"@type":"ListItem","position":2,"name":"La\u00eds Amaral"}]},{"@type":"WebSite","@id":"https:\/\/jornalbeirario.com.br\/portal\/#website","url":"https:\/\/jornalbeirario.com.br\/portal\/","name":"JORNAL BEIRA RIO","description":"","publisher":{"@id":"https:\/\/jornalbeirario.com.br\/portal\/#organization"},"potentialAction":[{"@type":"SearchAction","target":{"@type":"EntryPoint","urlTemplate":"https:\/\/jornalbeirario.com.br\/portal\/?s={search_term_string}"},"query-input":{"@type":"PropertyValueSpecification","valueRequired":true,"valueName":"search_term_string"}}],"inLanguage":"pt-BR"},{"@type":"Organization","@id":"https:\/\/jornalbeirario.com.br\/portal\/#organization","name":"JORNAL BEIRA RIO","url":"https:\/\/jornalbeirario.com.br\/portal\/","logo":{"@type":"ImageObject","inLanguage":"pt-BR","@id":"https:\/\/jornalbeirario.com.br\/portal\/#\/schema\/logo\/image\/","url":"https:\/\/jornalbeirario.com.br\/portal\/wp-content\/uploads\/2017\/09\/BEIRA-RIO_logo600.png","contentUrl":"https:\/\/jornalbeirario.com.br\/portal\/wp-content\/uploads\/2017\/09\/BEIRA-RIO_logo600.png","width":650,"height":108,"caption":"JORNAL BEIRA RIO"},"image":{"@id":"https:\/\/jornalbeirario.com.br\/portal\/#\/schema\/logo\/image\/"}},{"@type":"Person","@id":"https:\/\/jornalbeirario.com.br\/portal\/#\/schema\/person\/c6c423e4c2465d2a9233f6539173e7c1","name":"Jornal BEIRA-RIO","image":{"@type":"ImageObject","inLanguage":"pt-BR","@id":"https:\/\/jornalbeirario.com.br\/portal\/wp-content\/uploads\/2023\/10\/logojbr1.jpg","url":"https:\/\/jornalbeirario.com.br\/portal\/wp-content\/uploads\/2023\/10\/logojbr1.jpg","contentUrl":"https:\/\/jornalbeirario.com.br\/portal\/wp-content\/uploads\/2023\/10\/logojbr1.jpg","caption":"Jornal BEIRA-RIO"},"url":"https:\/\/jornalbeirario.com.br\/portal\/?author=1"}]}},"_links":{"self":[{"href":"https:\/\/jornalbeirario.com.br\/portal\/index.php?rest_route=\/wp\/v2\/posts\/36823","targetHints":{"allow":["GET"]}}],"collection":[{"href":"https:\/\/jornalbeirario.com.br\/portal\/index.php?rest_route=\/wp\/v2\/posts"}],"about":[{"href":"https:\/\/jornalbeirario.com.br\/portal\/index.php?rest_route=\/wp\/v2\/types\/post"}],"author":[{"embeddable":true,"href":"https:\/\/jornalbeirario.com.br\/portal\/index.php?rest_route=\/wp\/v2\/users\/1"}],"replies":[{"embeddable":true,"href":"https:\/\/jornalbeirario.com.br\/portal\/index.php?rest_route=%2Fwp%2Fv2%2Fcomments&post=36823"}],"version-history":[{"count":2,"href":"https:\/\/jornalbeirario.com.br\/portal\/index.php?rest_route=\/wp\/v2\/posts\/36823\/revisions"}],"predecessor-version":[{"id":36862,"href":"https:\/\/jornalbeirario.com.br\/portal\/index.php?rest_route=\/wp\/v2\/posts\/36823\/revisions\/36862"}],"wp:attachment":[{"href":"https:\/\/jornalbeirario.com.br\/portal\/index.php?rest_route=%2Fwp%2Fv2%2Fmedia&parent=36823"}],"wp:term":[{"taxonomy":"category","embeddable":true,"href":"https:\/\/jornalbeirario.com.br\/portal\/index.php?rest_route=%2Fwp%2Fv2%2Fcategories&post=36823"},{"taxonomy":"post_tag","embeddable":true,"href":"https:\/\/jornalbeirario.com.br\/portal\/index.php?rest_route=%2Fwp%2Fv2%2Ftags&post=36823"}],"curies":[{"name":"wp","href":"https:\/\/api.w.org\/{rel}","templated":true}]}}