
{"id":36544,"date":"2016-01-22T09:24:24","date_gmt":"2016-01-22T09:24:24","guid":{"rendered":"http:\/\/jornalbeirario.com.br\/portal\/portal\/?p=36544"},"modified":"2016-01-22T09:24:24","modified_gmt":"2016-01-22T09:24:24","slug":"lais-amaral-127","status":"publish","type":"post","link":"https:\/\/jornalbeirario.com.br\/portal\/?p=36544","title":{"rendered":"La\u00eds Amaral"},"content":{"rendered":"<p style=\"text-align: justify;\"><strong>Tudo parece c\u00edclico. Para o mal e para o bem<\/strong><br \/>\nO mundo vive a dar voltas, sem parar nunca. Os planetas circulam em torno do Sol por tempos imemoriais como a Lua em torno da nossa nave azul. As coisas v\u00e3o e voltam, assim como as cal\u00e7as boca de sino e as cuecas samba-can\u00e7\u00e3o. Tem algo de c\u00edclico na ess\u00eancia da nossa exist\u00eancia, algu\u00e9m j\u00e1 disse. \u2018Talvez !\u2019, eu digo, me recolhendo ao aconchego da certeza de nada saber. As novas gera\u00e7\u00f5es, domesticadas na era do descart\u00e1vel acham que tudo tem fim. Tudo acaba e chega o momento de ser substitu\u00eddo. Um dia desses um amigo em certa reuni\u00e3o, comentava choroso, o que para ele parecia o fim do mundo. \u201cO Rio Para\u00edba est\u00e1 raso, d\u00e1 para caminhar sobre seu leito\u201d. Uma fala de quem poderia estar de frente dos pr\u00f3prios \u2018quatro cavaleiros\u2019 anunciando o sinal dos tempos. Nessa ter\u00e7a-feira lembrei-me do amigo, ao apreciar a pujan\u00e7a do velho Para\u00edba. Rio \u00e9 dreno. Se chover&#8230; E tem chovido bem. Lembro, tenho idade pra isso, das grandes chuvas que submergiram o Rio de Janeiro em 1966, h\u00e1 50 anos. Lembro que at\u00e9 o Maracan\u00e3 foi utilizado para receber desabrigados. Mais de 200 mortos. No ano seguinte, mais trag\u00e9dias, inclusive na Serra das Araras. Confesso que desde aquela \u00e9poca n\u00e3o vejo a chuva com tanta intermit\u00eancia como nos \u00faltimos dias. \u00c9 assim, elas v\u00e3o e voltam, e claro, uma hora o Para\u00edba estaria musculoso outra vez. Mesmo quando estamos preparados, a Natureza \u00e9 capaz de nos assustar mostrando sua for\u00e7a diante da nossa pequenez. Como agora. E isso \u00e9 c\u00edclico. O rio n\u00e3o morreu e essa chuva n\u00e3o tem a ver o desequil\u00edbrio \u201cfor\u00e7ado\u201d pelo homem. Um dia o rio est\u00e1 morrendo noutro dia, viv\u00edssimo. \u00c9 assim o caminhar. Os discos de vinil tamb\u00e9m est\u00e3o de volta.<\/p>\n<p style=\"text-align: justify;\"><strong>Amanh\u00e3 tem Sirizada do Crust\u00e1ceos,Leitoada do Kibeleza e Angu, do Ipiranga<\/strong><br \/>\nE falando em chuva, amanh\u00e3 tem a \u2018Sirizada\u2019 do Crust\u00e1ceos da Mangua\u00e7a. Chuva ou fa\u00e7a Sol. E \u00e9 de gra\u00e7a mo\u00e7ada. No mesmo local de sempre, a pracinha em frente ao Trenzinho, em Campos El\u00edseos. As panelas est\u00e3o, como sempre tamb\u00e9m, sob o comando da nossa chef, Sonia Nogueira. O bicho chega na pra\u00e7a por volta das 13h30min. Na programa\u00e7\u00e3o tem elei\u00e7\u00e3o da nova Lagostosa, e venda de camisetas do bloco e esse ano, uma novidade, bel\u00edssimas canecas com a marca do Bloco Et\u00edlico Carnavalesco Crust\u00e1ceos da Mangua\u00e7a que completa 15 anos. Os blocos coirm\u00e3os tamb\u00e9m tem atividade amanh\u00e3: O \u2018Kibeleza\u2019 promove sua leitoada a partir do meio dia no arena Gol e o \u2018Vai Quem Quer do Ipiranga\u201d um Angu na sede da ASPR, no Bairro Ipiranga, a partir das 17 horas.<\/p>\n<p style=\"text-align: justify;\"><strong>TRIPA<\/strong><br \/>\n* Mesmo com a chuva que parecia n\u00e3o querer parar, a brincadeira dan\u00e7ante, a quinta, do grupo \u2018Resende Saudade\u2019, Cesar Simpl\u00edcio a frente, levou muita gente ao sal\u00e3o da AABB na sexta-feira passada. O pessoal se esbaldou no Baile do Hawai ao som da banda Good Times e com o Diogo Senna e muito samba. Valeu ! agora o gruo j\u00e1 se prepara para nova festan\u00e7a no me m\u00eas de mar\u00e7o. Possivelmente no S\u00e1bado de Aleluia. Aguardemos * Acontece hoje (sexta, dia 22), na AMAN o Encontro de Metodologias Ativas na Doc\u00eancia Superior, promovido pela Associa\u00e7\u00e3o Educacional Dom Bosco (AEDB), em parceria com a Academia Militar das Agulhas Negras, UNISAL de Lorena\/SP e UNESP de Guaratinguet\u00e1\/SP. O Encontro vai de 9h30min \u00e0s 16h30min, e \u00e9 aberto tamb\u00e9m a professores de outras institui\u00e7\u00f5es. Inclusive docentes do ensino M\u00e9dio e Fundamental. O objetivo do evento \u00e9 criar oportunidade para troca de experi\u00eancias e pr\u00e1ticas com Metodologias Ativas (quando o aluno \u00e9 um sujeito ativo e n\u00e3o um mero receptor de conte\u00fado) no ensino superior. As Institui\u00e7\u00f5es promotoras do Encontro apresentar\u00e3o breves relatos do uso de metodologias inovadoras, suas experi\u00eancias e resultados * Dia 29 o Bar Atl\u00e2ntico completa um ano de reabertura e vai fazer uma noitada de arrepiar, com todos as suas principais atra\u00e7\u00f5es subindo ao palco na mesma noite. Grandes m\u00fasicos e int\u00e9rpretes estar\u00e3o l\u00e1. Resende est\u00e1 vivendo um bom momento musical * Bom final de semana !<\/p>\n<p style=\"text-align: justify;\"><strong>ANIVERS\u00c1RIOS<\/strong><br \/>\nDia 14 mudaram de idade: Izabel Monteiro, o pintor Jorge Vieira, Odilon Farias Neto, Jos\u00e9 Luiz Gr\u00e9gio e Cl\u00e1udio Cotia. No dia 15, foi a vez da Ta\u00eds Rodrigues, da amiga Nice Pinheiro, do grande Juli\u00e3o Peleteiro e da Ol\u00edvia Fratechi inaugurarem idade nova. Dia 16 o Carlinhos Paiva ficou mais experiente. Dia 17 a Fernanda Sim\u00f5es, a Dani Domingues, minha colega de trabalho e o Ullises Coli contaram mais um ano de vida. No dia 18 aniversariaram: o Lecy Nogueira, o Miguelzinho Brand\u00e3o, a M\u00f4nica B\u00fchler e o Oscar Nora. Dia 19 receberam os parab\u00e9ns, a minha irm\u00e3o Aline Moraes, o Marcelo Almeida, a Vera Sekine, o Thallys Paiva e o Edson Henrique e no \u00faltimo dia de Capric\u00f3rnio festejaram idade nova o Pedro Luz, que est\u00e1 com exposi\u00e7\u00e3o de fotos no MAM e a Andrea Kuhnen. Parab\u00e9ns e todas as felicidades do mundo a eles.<\/p>\n","protected":false},"excerpt":{"rendered":"<p>Tudo parece c\u00edclico. Para o mal e para o bem O mundo vive a dar voltas, sem parar nunca. Os planetas circulam em torno<\/p>\n","protected":false},"author":1,"featured_media":0,"comment_status":"open","ping_status":"open","sticky":false,"template":"","format":"standard","meta":{"pmpro_default_level":"","footnotes":""},"categories":[13],"tags":[],"class_list":["post-36544","post","type-post","status-publish","format-standard","hentry","category-social","pmpro-has-access"],"yoast_head":"<!-- This site is optimized with the Yoast SEO plugin v27.4 - https:\/\/yoast.com\/product\/yoast-seo-wordpress\/ -->\n<title>La\u00eds Amaral - JORNAL BEIRA RIO<\/title>\n<meta name=\"robots\" content=\"index, follow, max-snippet:-1, max-image-preview:large, max-video-preview:-1\" \/>\n<link rel=\"canonical\" href=\"https:\/\/jornalbeirario.com.br\/portal\/?p=36544\" \/>\n<meta property=\"og:locale\" content=\"pt_BR\" \/>\n<meta property=\"og:type\" content=\"article\" \/>\n<meta property=\"og:title\" content=\"La\u00eds Amaral - JORNAL BEIRA RIO\" \/>\n<meta property=\"og:description\" content=\"Tudo parece c\u00edclico. Para o mal e para o bem O mundo vive a dar voltas, sem parar nunca. Os planetas circulam em torno\" \/>\n<meta property=\"og:url\" content=\"https:\/\/jornalbeirario.com.br\/portal\/?p=36544\" \/>\n<meta property=\"og:site_name\" content=\"JORNAL BEIRA RIO\" \/>\n<meta property=\"article:published_time\" content=\"2016-01-22T09:24:24+00:00\" \/>\n<meta name=\"author\" content=\"Jornal BEIRA-RIO\" \/>\n<meta name=\"twitter:card\" content=\"summary_large_image\" \/>\n<meta name=\"twitter:label1\" content=\"Escrito por\" \/>\n\t<meta name=\"twitter:data1\" content=\"Jornal BEIRA-RIO\" \/>\n\t<meta name=\"twitter:label2\" content=\"Est. tempo de leitura\" \/>\n\t<meta name=\"twitter:data2\" content=\"5 minutos\" \/>\n<script type=\"application\/ld+json\" class=\"yoast-schema-graph\">{\"@context\":\"https:\\\/\\\/schema.org\",\"@graph\":[{\"@type\":\"Article\",\"@id\":\"https:\\\/\\\/jornalbeirario.com.br\\\/portal\\\/?p=36544#article\",\"isPartOf\":{\"@id\":\"https:\\\/\\\/jornalbeirario.com.br\\\/portal\\\/?p=36544\"},\"author\":{\"name\":\"Jornal BEIRA-RIO\",\"@id\":\"https:\\\/\\\/jornalbeirario.com.br\\\/portal\\\/#\\\/schema\\\/person\\\/c6c423e4c2465d2a9233f6539173e7c1\"},\"headline\":\"La\u00eds Amaral\",\"datePublished\":\"2016-01-22T09:24:24+00:00\",\"mainEntityOfPage\":{\"@id\":\"https:\\\/\\\/jornalbeirario.com.br\\\/portal\\\/?p=36544\"},\"wordCount\":905,\"commentCount\":0,\"publisher\":{\"@id\":\"https:\\\/\\\/jornalbeirario.com.br\\\/portal\\\/#organization\"},\"articleSection\":[\"Social\"],\"inLanguage\":\"pt-BR\",\"potentialAction\":[{\"@type\":\"CommentAction\",\"name\":\"Comment\",\"target\":[\"https:\\\/\\\/jornalbeirario.com.br\\\/portal\\\/?p=36544#respond\"]}]},{\"@type\":\"WebPage\",\"@id\":\"https:\\\/\\\/jornalbeirario.com.br\\\/portal\\\/?p=36544\",\"url\":\"https:\\\/\\\/jornalbeirario.com.br\\\/portal\\\/?p=36544\",\"name\":\"La\u00eds Amaral - JORNAL BEIRA RIO\",\"isPartOf\":{\"@id\":\"https:\\\/\\\/jornalbeirario.com.br\\\/portal\\\/#website\"},\"datePublished\":\"2016-01-22T09:24:24+00:00\",\"breadcrumb\":{\"@id\":\"https:\\\/\\\/jornalbeirario.com.br\\\/portal\\\/?p=36544#breadcrumb\"},\"inLanguage\":\"pt-BR\",\"potentialAction\":[{\"@type\":\"ReadAction\",\"target\":[\"https:\\\/\\\/jornalbeirario.com.br\\\/portal\\\/?p=36544\"]}]},{\"@type\":\"BreadcrumbList\",\"@id\":\"https:\\\/\\\/jornalbeirario.com.br\\\/portal\\\/?p=36544#breadcrumb\",\"itemListElement\":[{\"@type\":\"ListItem\",\"position\":1,\"name\":\"Home\",\"item\":\"https:\\\/\\\/jornalbeirario.com.br\\\/portal\"},{\"@type\":\"ListItem\",\"position\":2,\"name\":\"La\u00eds Amaral\"}]},{\"@type\":\"WebSite\",\"@id\":\"https:\\\/\\\/jornalbeirario.com.br\\\/portal\\\/#website\",\"url\":\"https:\\\/\\\/jornalbeirario.com.br\\\/portal\\\/\",\"name\":\"JORNAL BEIRA RIO\",\"description\":\"\",\"publisher\":{\"@id\":\"https:\\\/\\\/jornalbeirario.com.br\\\/portal\\\/#organization\"},\"potentialAction\":[{\"@type\":\"SearchAction\",\"target\":{\"@type\":\"EntryPoint\",\"urlTemplate\":\"https:\\\/\\\/jornalbeirario.com.br\\\/portal\\\/?s={search_term_string}\"},\"query-input\":{\"@type\":\"PropertyValueSpecification\",\"valueRequired\":true,\"valueName\":\"search_term_string\"}}],\"inLanguage\":\"pt-BR\"},{\"@type\":\"Organization\",\"@id\":\"https:\\\/\\\/jornalbeirario.com.br\\\/portal\\\/#organization\",\"name\":\"JORNAL BEIRA RIO\",\"url\":\"https:\\\/\\\/jornalbeirario.com.br\\\/portal\\\/\",\"logo\":{\"@type\":\"ImageObject\",\"inLanguage\":\"pt-BR\",\"@id\":\"https:\\\/\\\/jornalbeirario.com.br\\\/portal\\\/#\\\/schema\\\/logo\\\/image\\\/\",\"url\":\"https:\\\/\\\/jornalbeirario.com.br\\\/portal\\\/wp-content\\\/uploads\\\/2017\\\/09\\\/BEIRA-RIO_logo600.png\",\"contentUrl\":\"https:\\\/\\\/jornalbeirario.com.br\\\/portal\\\/wp-content\\\/uploads\\\/2017\\\/09\\\/BEIRA-RIO_logo600.png\",\"width\":650,\"height\":108,\"caption\":\"JORNAL BEIRA RIO\"},\"image\":{\"@id\":\"https:\\\/\\\/jornalbeirario.com.br\\\/portal\\\/#\\\/schema\\\/logo\\\/image\\\/\"}},{\"@type\":\"Person\",\"@id\":\"https:\\\/\\\/jornalbeirario.com.br\\\/portal\\\/#\\\/schema\\\/person\\\/c6c423e4c2465d2a9233f6539173e7c1\",\"name\":\"Jornal BEIRA-RIO\",\"image\":{\"@type\":\"ImageObject\",\"inLanguage\":\"pt-BR\",\"@id\":\"https:\\\/\\\/jornalbeirario.com.br\\\/portal\\\/wp-content\\\/uploads\\\/2023\\\/10\\\/logojbr1.jpg\",\"url\":\"https:\\\/\\\/jornalbeirario.com.br\\\/portal\\\/wp-content\\\/uploads\\\/2023\\\/10\\\/logojbr1.jpg\",\"contentUrl\":\"https:\\\/\\\/jornalbeirario.com.br\\\/portal\\\/wp-content\\\/uploads\\\/2023\\\/10\\\/logojbr1.jpg\",\"caption\":\"Jornal BEIRA-RIO\"},\"url\":\"https:\\\/\\\/jornalbeirario.com.br\\\/portal\\\/?author=1\"}]}<\/script>\n<!-- \/ Yoast SEO plugin. -->","yoast_head_json":{"title":"La\u00eds Amaral - JORNAL BEIRA RIO","robots":{"index":"index","follow":"follow","max-snippet":"max-snippet:-1","max-image-preview":"max-image-preview:large","max-video-preview":"max-video-preview:-1"},"canonical":"https:\/\/jornalbeirario.com.br\/portal\/?p=36544","og_locale":"pt_BR","og_type":"article","og_title":"La\u00eds Amaral - JORNAL BEIRA RIO","og_description":"Tudo parece c\u00edclico. Para o mal e para o bem O mundo vive a dar voltas, sem parar nunca. Os planetas circulam em torno","og_url":"https:\/\/jornalbeirario.com.br\/portal\/?p=36544","og_site_name":"JORNAL BEIRA RIO","article_published_time":"2016-01-22T09:24:24+00:00","author":"Jornal BEIRA-RIO","twitter_card":"summary_large_image","twitter_misc":{"Escrito por":"Jornal BEIRA-RIO","Est. tempo de leitura":"5 minutos"},"schema":{"@context":"https:\/\/schema.org","@graph":[{"@type":"Article","@id":"https:\/\/jornalbeirario.com.br\/portal\/?p=36544#article","isPartOf":{"@id":"https:\/\/jornalbeirario.com.br\/portal\/?p=36544"},"author":{"name":"Jornal BEIRA-RIO","@id":"https:\/\/jornalbeirario.com.br\/portal\/#\/schema\/person\/c6c423e4c2465d2a9233f6539173e7c1"},"headline":"La\u00eds Amaral","datePublished":"2016-01-22T09:24:24+00:00","mainEntityOfPage":{"@id":"https:\/\/jornalbeirario.com.br\/portal\/?p=36544"},"wordCount":905,"commentCount":0,"publisher":{"@id":"https:\/\/jornalbeirario.com.br\/portal\/#organization"},"articleSection":["Social"],"inLanguage":"pt-BR","potentialAction":[{"@type":"CommentAction","name":"Comment","target":["https:\/\/jornalbeirario.com.br\/portal\/?p=36544#respond"]}]},{"@type":"WebPage","@id":"https:\/\/jornalbeirario.com.br\/portal\/?p=36544","url":"https:\/\/jornalbeirario.com.br\/portal\/?p=36544","name":"La\u00eds Amaral - JORNAL BEIRA RIO","isPartOf":{"@id":"https:\/\/jornalbeirario.com.br\/portal\/#website"},"datePublished":"2016-01-22T09:24:24+00:00","breadcrumb":{"@id":"https:\/\/jornalbeirario.com.br\/portal\/?p=36544#breadcrumb"},"inLanguage":"pt-BR","potentialAction":[{"@type":"ReadAction","target":["https:\/\/jornalbeirario.com.br\/portal\/?p=36544"]}]},{"@type":"BreadcrumbList","@id":"https:\/\/jornalbeirario.com.br\/portal\/?p=36544#breadcrumb","itemListElement":[{"@type":"ListItem","position":1,"name":"Home","item":"https:\/\/jornalbeirario.com.br\/portal"},{"@type":"ListItem","position":2,"name":"La\u00eds Amaral"}]},{"@type":"WebSite","@id":"https:\/\/jornalbeirario.com.br\/portal\/#website","url":"https:\/\/jornalbeirario.com.br\/portal\/","name":"JORNAL BEIRA RIO","description":"","publisher":{"@id":"https:\/\/jornalbeirario.com.br\/portal\/#organization"},"potentialAction":[{"@type":"SearchAction","target":{"@type":"EntryPoint","urlTemplate":"https:\/\/jornalbeirario.com.br\/portal\/?s={search_term_string}"},"query-input":{"@type":"PropertyValueSpecification","valueRequired":true,"valueName":"search_term_string"}}],"inLanguage":"pt-BR"},{"@type":"Organization","@id":"https:\/\/jornalbeirario.com.br\/portal\/#organization","name":"JORNAL BEIRA RIO","url":"https:\/\/jornalbeirario.com.br\/portal\/","logo":{"@type":"ImageObject","inLanguage":"pt-BR","@id":"https:\/\/jornalbeirario.com.br\/portal\/#\/schema\/logo\/image\/","url":"https:\/\/jornalbeirario.com.br\/portal\/wp-content\/uploads\/2017\/09\/BEIRA-RIO_logo600.png","contentUrl":"https:\/\/jornalbeirario.com.br\/portal\/wp-content\/uploads\/2017\/09\/BEIRA-RIO_logo600.png","width":650,"height":108,"caption":"JORNAL BEIRA RIO"},"image":{"@id":"https:\/\/jornalbeirario.com.br\/portal\/#\/schema\/logo\/image\/"}},{"@type":"Person","@id":"https:\/\/jornalbeirario.com.br\/portal\/#\/schema\/person\/c6c423e4c2465d2a9233f6539173e7c1","name":"Jornal BEIRA-RIO","image":{"@type":"ImageObject","inLanguage":"pt-BR","@id":"https:\/\/jornalbeirario.com.br\/portal\/wp-content\/uploads\/2023\/10\/logojbr1.jpg","url":"https:\/\/jornalbeirario.com.br\/portal\/wp-content\/uploads\/2023\/10\/logojbr1.jpg","contentUrl":"https:\/\/jornalbeirario.com.br\/portal\/wp-content\/uploads\/2023\/10\/logojbr1.jpg","caption":"Jornal BEIRA-RIO"},"url":"https:\/\/jornalbeirario.com.br\/portal\/?author=1"}]}},"_links":{"self":[{"href":"https:\/\/jornalbeirario.com.br\/portal\/index.php?rest_route=\/wp\/v2\/posts\/36544","targetHints":{"allow":["GET"]}}],"collection":[{"href":"https:\/\/jornalbeirario.com.br\/portal\/index.php?rest_route=\/wp\/v2\/posts"}],"about":[{"href":"https:\/\/jornalbeirario.com.br\/portal\/index.php?rest_route=\/wp\/v2\/types\/post"}],"author":[{"embeddable":true,"href":"https:\/\/jornalbeirario.com.br\/portal\/index.php?rest_route=\/wp\/v2\/users\/1"}],"replies":[{"embeddable":true,"href":"https:\/\/jornalbeirario.com.br\/portal\/index.php?rest_route=%2Fwp%2Fv2%2Fcomments&post=36544"}],"version-history":[{"count":3,"href":"https:\/\/jornalbeirario.com.br\/portal\/index.php?rest_route=\/wp\/v2\/posts\/36544\/revisions"}],"predecessor-version":[{"id":36600,"href":"https:\/\/jornalbeirario.com.br\/portal\/index.php?rest_route=\/wp\/v2\/posts\/36544\/revisions\/36600"}],"wp:attachment":[{"href":"https:\/\/jornalbeirario.com.br\/portal\/index.php?rest_route=%2Fwp%2Fv2%2Fmedia&parent=36544"}],"wp:term":[{"taxonomy":"category","embeddable":true,"href":"https:\/\/jornalbeirario.com.br\/portal\/index.php?rest_route=%2Fwp%2Fv2%2Fcategories&post=36544"},{"taxonomy":"post_tag","embeddable":true,"href":"https:\/\/jornalbeirario.com.br\/portal\/index.php?rest_route=%2Fwp%2Fv2%2Ftags&post=36544"}],"curies":[{"name":"wp","href":"https:\/\/api.w.org\/{rel}","templated":true}]}}