
{"id":36278,"date":"2016-01-15T08:32:44","date_gmt":"2016-01-15T08:32:44","guid":{"rendered":"http:\/\/jornalbeirario.com.br\/portal\/portal\/?p=36278"},"modified":"2016-01-15T08:32:44","modified_gmt":"2016-01-15T08:32:44","slug":"lais-amaral-126","status":"publish","type":"post","link":"https:\/\/jornalbeirario.com.br\/portal\/?p=36278","title":{"rendered":"La\u00eds Amaral"},"content":{"rendered":"<p style=\"text-align: justify;\"><strong>Uma noite musical na Capelinha<\/strong><br \/>\nS\u00e1bado passado fui ao Clube da Capelinha, convidado pelo Cacau e pelo Menandro, administrador do Resende Shopping. Fui usufruir da boa m\u00fasica do Cl\u00e1udio Menandro e seu filho Cau\u00ea, em visita \u00e0s origens. L\u00e1 encontrei os amigos Robson Monteiro, um \u2018habitu\u00e9\u2019 do local, R\u00f4mulo e Jamile, Fernando Menandro, K\u00e1tia, Helena, Daniel Fortes, Rom\u00e1rio (que deu um show a parte, simulando acompanhar os m\u00fasicos com instrumentos mudos) e mais um mund\u00e3o de gente amiga. Uma noite musical das mais agrad\u00e1veis. Cau\u00ea, que conhecia pelo Youtube com seu excelente grupo \u2018Molungo\u2019, al\u00e9m de talentoso \u00e9 uma simpatia de pessoa. E autor da espirituosa marchinha-hino do \u2018Bloco da B\u00f3ia\u2019, tradicional algazarra que sacode a Capelinha \u00e0s segundas-feiras de Carnaval. Ele e o pai formaram um duo de cordas de encher as medidas nos brindando com uma penca refinada de sambas e MPB. Cl\u00e1udio, num momento especial apresentou o seu \u2018arpeggione\u2019, parente pr\u00f3ximo do violoncelo, com seis cordas, trastes de viol\u00e3o e que tamb\u00e9m se toca com arco. Um bel\u00edssimo instrumento do s\u00e9culo 19 feito por encomenda a um luthier amigo. Na verdade ele encomendou dois. Certamente os dois \u2018\u00fanicos\u2019 no pa\u00eds. Enigmaticamente o arpeggione viveu menos de 15 anos. Mist\u00e9rio que Cl\u00e1udio tenta ainda desvendar. Para mostrar as qualidades do instrumento deu uma deliciosa mostra interpretando Schubert e Waldir Azevedo. A noite teve continuidade com Monteiro, outro bom de cordas da localidade, fazendo a turma cantar com uma s\u00e9rie de sucessos populares. Noite que merecia lua cheia. Embora a chuvinha n\u00e3o tenha atrapalhado em nada. Noite das boas num ambiente da melhor qualidade situado num recanto especial chamado Capelinha.<\/p>\n<p style=\"text-align: justify;\"><strong>Sirizada do Crust\u00e1ceos e elei\u00e7\u00e3o da nova \u2018Lagostosa\u2019<\/strong><br \/>\nDia 23, s\u00e1bado que vem, acontece a tradicional Sirizada do Crust\u00e1ceos, na Pra\u00e7a da Bandeira (pr\u00f3ximo ao Trenzinho) em frente ao Bar da Rosa. Na ocasi\u00e3o ser\u00e1 escolhida a nova \u2018Lagostosa\u2019, a Rainha do Bloco. A Carol Oliveira, a primeira e \u00fanica at\u00e9 agora, vai passar a coroa. Aten\u00e7\u00e3o para os requisitos: simpatia, comunica\u00e7\u00e3o e, acima de tudo, gostar de brincar o Carnaval. L\u00e1 tamb\u00e9m estar\u00e3o sendo apresentadas as camisetas do bloco que est\u00e1 completando 15 anos. O bicho, como sempre, preparado pela Sonia Nogueira, \u00e9 de gra\u00e7a, uma cortesia do bloco e deve chegar na pra\u00e7a entre 13h30min. e 14h. Visite o Face do Bloco Crust\u00e1ceos da Mangua\u00e7a, organizado pelo Fernando Pineschi.<\/p>\n<p style=\"text-align: justify;\"><strong>TRIPA<\/strong><br \/>\n* O ano de 2015 acabou, o jornal entrou no seu recesso habitual, e n\u00e3o relembramos o que rolou de bom naqueles 365 dias. Em rapid\u00edssimas pinceladas lembramos que ficou de bom, a melhoria da cena musical com a consolida\u00e7\u00e3o de nomes como Rafael Garrido e seu PH Trio, Egberto Pujol (outro guitarrista de fin\u00edssimo trato), Zaidan dando saltos em n\u00edvel nacional com Robertinho Silva e Ju Cassou, Diogo Senna empinando sua carreira solo cheio de g\u00e1s, Sanny Alves brilhando em alta grandeza, Jairo Queiroz sendo reconhecido como um m\u00fasico excepcional; fora da m\u00fasica teve ainda o renascimento do Bar Atl\u00e2ntico, o hamburguer do Palley, a exposi\u00e7\u00e3o com alunos de pintura do grande Jorge Vieira, pe\u00e7as teatrais de autores locais (Lu, Vinciprova), a orquestra de violeiros tocando em Campos El\u00edseos, o anivers\u00e1rio da Naia etc. Muitas boas lembran\u00e7as. E 2016 come\u00e7a com o Ponto 107 abrindo aos domingos para almo\u00e7o, j\u00e1 agora, dia 17, com buffets frio e quente. A partir do meio dia * De 20 a 24 de janeiro Cal\u00e9 Miranda e a Cia. da A\u00e7\u00e3o apresentam a pe\u00e7a \u2018Ta Azor\u2019, no Galp\u00e3o, Espa\u00e7o MixPenedo, \u00e0s 19 horas. A pe\u00e7a extra\u00edda de escritos do controverso Antonin Artaud tem roteiro e dire\u00e7\u00e3o do pr\u00f3prio Cal\u00e9. No elenco: Carla Biolchini, C\u00e1tia Costa, M\u00f4nica Izidoro e F\u00e1tima Colin. Mais informa\u00e7\u00f5es: Facebook e Tel: (24) 981118432 (Cal\u00e9 Miranda).<\/p>\n<p style=\"text-align: justify;\"><strong>ANIVERS\u00c1RIOS<\/strong><br \/>\nDia 20, \u2018Noite dos Capricornianos\u2019 no Bar Atl\u00e2ntico, a partir das 20 horas, com som mec\u00e2nico. Olha os capricornianos: Gustavo Sampaio, Maur\u00edcio Martins (23\/12); Rafael Ramos, Nina Am\u00eandola, Chuck Bones, Roger (bloco Surpresa), Natalino (25\/12); Marisa de Souza (26\/12); Ricardo Portugal, Jefferson Coutinho (27\/12); L\u00facio \u2018T\u00e1 na Ben\u00e7\u00e3o\u2019 (28\/12); Lucimar Zampier (29\/12); Roselane Zelane, Sandrine Moreira (31\/12); Rodelson Souza, Jussara Ara\u00fajo, Maria Madalena \u2018Mada\u2019 Baptista (01\/01); Luiz Ferr\u00e3o (02\/01); Zoraide Ferreira do Amaral (minha m\u00e3e); Lais, eu mesmo (03\/01); Augusto Martins, Sergio Baldanza (04\/01); Priscila Ba\u00eata (05\/01); Ivone Rocha (07\/01); Marizete Santos, Ricardo Fuma\u00e7a, Adriano Lizarelli (08\/01); Thuca Oliveira, Vanessa Andrade, Sandro DeJota, Aubrey Ramessar (10\/01); Marcus Vin\u00edcius (11\/01); Carla Troina, Regina Barbosa (12\/01); Joaquim (herdeiro do Buteco), Z\u00e9 Ricardo Mendon\u00e7a (13\/01 e Edison Feliciano (13\/01) e todos os que aniversariam at\u00e9 dia 20, parab\u00e9ns e todas as felicidades do mundo.<\/p>\n","protected":false},"excerpt":{"rendered":"<p>Uma noite musical na Capelinha S\u00e1bado passado fui ao Clube da Capelinha, convidado pelo Cacau e pelo Menandro, administrador do Resende Shopping. Fui usufruir<\/p>\n","protected":false},"author":1,"featured_media":0,"comment_status":"open","ping_status":"open","sticky":false,"template":"","format":"standard","meta":{"pmpro_default_level":"","footnotes":""},"categories":[13],"tags":[],"class_list":["post-36278","post","type-post","status-publish","format-standard","hentry","category-social","pmpro-has-access"],"yoast_head":"<!-- This site is optimized with the Yoast SEO plugin v27.4 - https:\/\/yoast.com\/product\/yoast-seo-wordpress\/ -->\n<title>La\u00eds Amaral - JORNAL BEIRA RIO<\/title>\n<meta name=\"robots\" content=\"index, follow, max-snippet:-1, max-image-preview:large, max-video-preview:-1\" \/>\n<link rel=\"canonical\" href=\"https:\/\/jornalbeirario.com.br\/portal\/?p=36278\" \/>\n<meta property=\"og:locale\" content=\"pt_BR\" \/>\n<meta property=\"og:type\" content=\"article\" \/>\n<meta property=\"og:title\" content=\"La\u00eds Amaral - JORNAL BEIRA RIO\" \/>\n<meta property=\"og:description\" content=\"Uma noite musical na Capelinha S\u00e1bado passado fui ao Clube da Capelinha, convidado pelo Cacau e pelo Menandro, administrador do Resende Shopping. Fui usufruir\" \/>\n<meta property=\"og:url\" content=\"https:\/\/jornalbeirario.com.br\/portal\/?p=36278\" \/>\n<meta property=\"og:site_name\" content=\"JORNAL BEIRA RIO\" \/>\n<meta property=\"article:published_time\" content=\"2016-01-15T08:32:44+00:00\" \/>\n<meta name=\"author\" content=\"Jornal BEIRA-RIO\" \/>\n<meta name=\"twitter:card\" content=\"summary_large_image\" \/>\n<meta name=\"twitter:label1\" content=\"Escrito por\" \/>\n\t<meta name=\"twitter:data1\" content=\"Jornal BEIRA-RIO\" \/>\n\t<meta name=\"twitter:label2\" content=\"Est. tempo de leitura\" \/>\n\t<meta name=\"twitter:data2\" content=\"4 minutos\" \/>\n<script type=\"application\/ld+json\" class=\"yoast-schema-graph\">{\"@context\":\"https:\\\/\\\/schema.org\",\"@graph\":[{\"@type\":\"Article\",\"@id\":\"https:\\\/\\\/jornalbeirario.com.br\\\/portal\\\/?p=36278#article\",\"isPartOf\":{\"@id\":\"https:\\\/\\\/jornalbeirario.com.br\\\/portal\\\/?p=36278\"},\"author\":{\"name\":\"Jornal BEIRA-RIO\",\"@id\":\"https:\\\/\\\/jornalbeirario.com.br\\\/portal\\\/#\\\/schema\\\/person\\\/c6c423e4c2465d2a9233f6539173e7c1\"},\"headline\":\"La\u00eds Amaral\",\"datePublished\":\"2016-01-15T08:32:44+00:00\",\"mainEntityOfPage\":{\"@id\":\"https:\\\/\\\/jornalbeirario.com.br\\\/portal\\\/?p=36278\"},\"wordCount\":805,\"commentCount\":0,\"publisher\":{\"@id\":\"https:\\\/\\\/jornalbeirario.com.br\\\/portal\\\/#organization\"},\"articleSection\":[\"Social\"],\"inLanguage\":\"pt-BR\",\"potentialAction\":[{\"@type\":\"CommentAction\",\"name\":\"Comment\",\"target\":[\"https:\\\/\\\/jornalbeirario.com.br\\\/portal\\\/?p=36278#respond\"]}]},{\"@type\":\"WebPage\",\"@id\":\"https:\\\/\\\/jornalbeirario.com.br\\\/portal\\\/?p=36278\",\"url\":\"https:\\\/\\\/jornalbeirario.com.br\\\/portal\\\/?p=36278\",\"name\":\"La\u00eds Amaral - JORNAL BEIRA RIO\",\"isPartOf\":{\"@id\":\"https:\\\/\\\/jornalbeirario.com.br\\\/portal\\\/#website\"},\"datePublished\":\"2016-01-15T08:32:44+00:00\",\"breadcrumb\":{\"@id\":\"https:\\\/\\\/jornalbeirario.com.br\\\/portal\\\/?p=36278#breadcrumb\"},\"inLanguage\":\"pt-BR\",\"potentialAction\":[{\"@type\":\"ReadAction\",\"target\":[\"https:\\\/\\\/jornalbeirario.com.br\\\/portal\\\/?p=36278\"]}]},{\"@type\":\"BreadcrumbList\",\"@id\":\"https:\\\/\\\/jornalbeirario.com.br\\\/portal\\\/?p=36278#breadcrumb\",\"itemListElement\":[{\"@type\":\"ListItem\",\"position\":1,\"name\":\"Home\",\"item\":\"https:\\\/\\\/jornalbeirario.com.br\\\/portal\"},{\"@type\":\"ListItem\",\"position\":2,\"name\":\"La\u00eds Amaral\"}]},{\"@type\":\"WebSite\",\"@id\":\"https:\\\/\\\/jornalbeirario.com.br\\\/portal\\\/#website\",\"url\":\"https:\\\/\\\/jornalbeirario.com.br\\\/portal\\\/\",\"name\":\"JORNAL BEIRA RIO\",\"description\":\"\",\"publisher\":{\"@id\":\"https:\\\/\\\/jornalbeirario.com.br\\\/portal\\\/#organization\"},\"potentialAction\":[{\"@type\":\"SearchAction\",\"target\":{\"@type\":\"EntryPoint\",\"urlTemplate\":\"https:\\\/\\\/jornalbeirario.com.br\\\/portal\\\/?s={search_term_string}\"},\"query-input\":{\"@type\":\"PropertyValueSpecification\",\"valueRequired\":true,\"valueName\":\"search_term_string\"}}],\"inLanguage\":\"pt-BR\"},{\"@type\":\"Organization\",\"@id\":\"https:\\\/\\\/jornalbeirario.com.br\\\/portal\\\/#organization\",\"name\":\"JORNAL BEIRA RIO\",\"url\":\"https:\\\/\\\/jornalbeirario.com.br\\\/portal\\\/\",\"logo\":{\"@type\":\"ImageObject\",\"inLanguage\":\"pt-BR\",\"@id\":\"https:\\\/\\\/jornalbeirario.com.br\\\/portal\\\/#\\\/schema\\\/logo\\\/image\\\/\",\"url\":\"https:\\\/\\\/jornalbeirario.com.br\\\/portal\\\/wp-content\\\/uploads\\\/2017\\\/09\\\/BEIRA-RIO_logo600.png\",\"contentUrl\":\"https:\\\/\\\/jornalbeirario.com.br\\\/portal\\\/wp-content\\\/uploads\\\/2017\\\/09\\\/BEIRA-RIO_logo600.png\",\"width\":650,\"height\":108,\"caption\":\"JORNAL BEIRA RIO\"},\"image\":{\"@id\":\"https:\\\/\\\/jornalbeirario.com.br\\\/portal\\\/#\\\/schema\\\/logo\\\/image\\\/\"}},{\"@type\":\"Person\",\"@id\":\"https:\\\/\\\/jornalbeirario.com.br\\\/portal\\\/#\\\/schema\\\/person\\\/c6c423e4c2465d2a9233f6539173e7c1\",\"name\":\"Jornal BEIRA-RIO\",\"image\":{\"@type\":\"ImageObject\",\"inLanguage\":\"pt-BR\",\"@id\":\"https:\\\/\\\/jornalbeirario.com.br\\\/portal\\\/wp-content\\\/uploads\\\/2023\\\/10\\\/logojbr1.jpg\",\"url\":\"https:\\\/\\\/jornalbeirario.com.br\\\/portal\\\/wp-content\\\/uploads\\\/2023\\\/10\\\/logojbr1.jpg\",\"contentUrl\":\"https:\\\/\\\/jornalbeirario.com.br\\\/portal\\\/wp-content\\\/uploads\\\/2023\\\/10\\\/logojbr1.jpg\",\"caption\":\"Jornal BEIRA-RIO\"},\"url\":\"https:\\\/\\\/jornalbeirario.com.br\\\/portal\\\/?author=1\"}]}<\/script>\n<!-- \/ Yoast SEO plugin. -->","yoast_head_json":{"title":"La\u00eds Amaral - JORNAL BEIRA RIO","robots":{"index":"index","follow":"follow","max-snippet":"max-snippet:-1","max-image-preview":"max-image-preview:large","max-video-preview":"max-video-preview:-1"},"canonical":"https:\/\/jornalbeirario.com.br\/portal\/?p=36278","og_locale":"pt_BR","og_type":"article","og_title":"La\u00eds Amaral - JORNAL BEIRA RIO","og_description":"Uma noite musical na Capelinha S\u00e1bado passado fui ao Clube da Capelinha, convidado pelo Cacau e pelo Menandro, administrador do Resende Shopping. Fui usufruir","og_url":"https:\/\/jornalbeirario.com.br\/portal\/?p=36278","og_site_name":"JORNAL BEIRA RIO","article_published_time":"2016-01-15T08:32:44+00:00","author":"Jornal BEIRA-RIO","twitter_card":"summary_large_image","twitter_misc":{"Escrito por":"Jornal BEIRA-RIO","Est. tempo de leitura":"4 minutos"},"schema":{"@context":"https:\/\/schema.org","@graph":[{"@type":"Article","@id":"https:\/\/jornalbeirario.com.br\/portal\/?p=36278#article","isPartOf":{"@id":"https:\/\/jornalbeirario.com.br\/portal\/?p=36278"},"author":{"name":"Jornal BEIRA-RIO","@id":"https:\/\/jornalbeirario.com.br\/portal\/#\/schema\/person\/c6c423e4c2465d2a9233f6539173e7c1"},"headline":"La\u00eds Amaral","datePublished":"2016-01-15T08:32:44+00:00","mainEntityOfPage":{"@id":"https:\/\/jornalbeirario.com.br\/portal\/?p=36278"},"wordCount":805,"commentCount":0,"publisher":{"@id":"https:\/\/jornalbeirario.com.br\/portal\/#organization"},"articleSection":["Social"],"inLanguage":"pt-BR","potentialAction":[{"@type":"CommentAction","name":"Comment","target":["https:\/\/jornalbeirario.com.br\/portal\/?p=36278#respond"]}]},{"@type":"WebPage","@id":"https:\/\/jornalbeirario.com.br\/portal\/?p=36278","url":"https:\/\/jornalbeirario.com.br\/portal\/?p=36278","name":"La\u00eds Amaral - JORNAL BEIRA RIO","isPartOf":{"@id":"https:\/\/jornalbeirario.com.br\/portal\/#website"},"datePublished":"2016-01-15T08:32:44+00:00","breadcrumb":{"@id":"https:\/\/jornalbeirario.com.br\/portal\/?p=36278#breadcrumb"},"inLanguage":"pt-BR","potentialAction":[{"@type":"ReadAction","target":["https:\/\/jornalbeirario.com.br\/portal\/?p=36278"]}]},{"@type":"BreadcrumbList","@id":"https:\/\/jornalbeirario.com.br\/portal\/?p=36278#breadcrumb","itemListElement":[{"@type":"ListItem","position":1,"name":"Home","item":"https:\/\/jornalbeirario.com.br\/portal"},{"@type":"ListItem","position":2,"name":"La\u00eds Amaral"}]},{"@type":"WebSite","@id":"https:\/\/jornalbeirario.com.br\/portal\/#website","url":"https:\/\/jornalbeirario.com.br\/portal\/","name":"JORNAL BEIRA RIO","description":"","publisher":{"@id":"https:\/\/jornalbeirario.com.br\/portal\/#organization"},"potentialAction":[{"@type":"SearchAction","target":{"@type":"EntryPoint","urlTemplate":"https:\/\/jornalbeirario.com.br\/portal\/?s={search_term_string}"},"query-input":{"@type":"PropertyValueSpecification","valueRequired":true,"valueName":"search_term_string"}}],"inLanguage":"pt-BR"},{"@type":"Organization","@id":"https:\/\/jornalbeirario.com.br\/portal\/#organization","name":"JORNAL BEIRA RIO","url":"https:\/\/jornalbeirario.com.br\/portal\/","logo":{"@type":"ImageObject","inLanguage":"pt-BR","@id":"https:\/\/jornalbeirario.com.br\/portal\/#\/schema\/logo\/image\/","url":"https:\/\/jornalbeirario.com.br\/portal\/wp-content\/uploads\/2017\/09\/BEIRA-RIO_logo600.png","contentUrl":"https:\/\/jornalbeirario.com.br\/portal\/wp-content\/uploads\/2017\/09\/BEIRA-RIO_logo600.png","width":650,"height":108,"caption":"JORNAL BEIRA RIO"},"image":{"@id":"https:\/\/jornalbeirario.com.br\/portal\/#\/schema\/logo\/image\/"}},{"@type":"Person","@id":"https:\/\/jornalbeirario.com.br\/portal\/#\/schema\/person\/c6c423e4c2465d2a9233f6539173e7c1","name":"Jornal BEIRA-RIO","image":{"@type":"ImageObject","inLanguage":"pt-BR","@id":"https:\/\/jornalbeirario.com.br\/portal\/wp-content\/uploads\/2023\/10\/logojbr1.jpg","url":"https:\/\/jornalbeirario.com.br\/portal\/wp-content\/uploads\/2023\/10\/logojbr1.jpg","contentUrl":"https:\/\/jornalbeirario.com.br\/portal\/wp-content\/uploads\/2023\/10\/logojbr1.jpg","caption":"Jornal BEIRA-RIO"},"url":"https:\/\/jornalbeirario.com.br\/portal\/?author=1"}]}},"_links":{"self":[{"href":"https:\/\/jornalbeirario.com.br\/portal\/index.php?rest_route=\/wp\/v2\/posts\/36278","targetHints":{"allow":["GET"]}}],"collection":[{"href":"https:\/\/jornalbeirario.com.br\/portal\/index.php?rest_route=\/wp\/v2\/posts"}],"about":[{"href":"https:\/\/jornalbeirario.com.br\/portal\/index.php?rest_route=\/wp\/v2\/types\/post"}],"author":[{"embeddable":true,"href":"https:\/\/jornalbeirario.com.br\/portal\/index.php?rest_route=\/wp\/v2\/users\/1"}],"replies":[{"embeddable":true,"href":"https:\/\/jornalbeirario.com.br\/portal\/index.php?rest_route=%2Fwp%2Fv2%2Fcomments&post=36278"}],"version-history":[{"count":3,"href":"https:\/\/jornalbeirario.com.br\/portal\/index.php?rest_route=\/wp\/v2\/posts\/36278\/revisions"}],"predecessor-version":[{"id":36326,"href":"https:\/\/jornalbeirario.com.br\/portal\/index.php?rest_route=\/wp\/v2\/posts\/36278\/revisions\/36326"}],"wp:attachment":[{"href":"https:\/\/jornalbeirario.com.br\/portal\/index.php?rest_route=%2Fwp%2Fv2%2Fmedia&parent=36278"}],"wp:term":[{"taxonomy":"category","embeddable":true,"href":"https:\/\/jornalbeirario.com.br\/portal\/index.php?rest_route=%2Fwp%2Fv2%2Fcategories&post=36278"},{"taxonomy":"post_tag","embeddable":true,"href":"https:\/\/jornalbeirario.com.br\/portal\/index.php?rest_route=%2Fwp%2Fv2%2Ftags&post=36278"}],"curies":[{"name":"wp","href":"https:\/\/api.w.org\/{rel}","templated":true}]}}