
{"id":36073,"date":"2016-01-07T21:25:31","date_gmt":"2016-01-07T21:25:31","guid":{"rendered":"http:\/\/jornalbeirario.com.br\/portal\/portal\/?p=36073"},"modified":"2016-01-07T21:25:51","modified_gmt":"2016-01-07T21:25:51","slug":"confira-os-obitos-registrados-entre-17-de-dezembro-e-6-de-janeiro","status":"publish","type":"post","link":"https:\/\/jornalbeirario.com.br\/portal\/?p=36073","title":{"rendered":"Confira os \u00f3bitos registrados entre 17 de dezembro e 6 de janeiro"},"content":{"rendered":"<p style=\"text-align: justify;\">Morreu dia 16 a dom\u00e9stica Patr\u00edcia Isabel de Paula, 44, na Santa Casa de Resende, de pancreatite aguda e insufici\u00eancia renal cr\u00f4nica.<\/p>\n<p style=\"text-align: justify;\">A secret\u00e1ria Maria de Lourdes Pimentel, 77, morreu dia 18 no Hospital da Unimed Resende, de choque s\u00e9ptico, pneumonia, broncoaspira\u00e7\u00e3o e p\u00f3s-operat\u00f3rio de obstru\u00e7\u00e3o intestinal.<\/p>\n<p style=\"text-align: justify;\">Dia 19, morreu o aut\u00f4nomo Jos\u00e9 Manoel da Rocha, 65, na UPA Resende, de infarto agudo do mioc\u00e1rdio, insufici\u00eancia card\u00edaca congestiva e hipetens\u00e3o arterial sist\u00eamica.<\/p>\n<p style=\"text-align: justify;\">O diretor administrativo Edir Jos\u00e9 da Silva, 61, morreu dia 19, no Hospital de Emerg\u00eancia, de insufici\u00eancia respirat\u00f3ria aguda, insufici\u00eancia renal aguda, coma e tumor cerebral maligno.<\/p>\n<p style=\"text-align: justify;\">Morreu dia 20 Rubens Augusto Nogueira da Silva, 24, no Hospital de Emerg\u00eancia, de insufici\u00eancia respirat\u00f3ria aguda, coma, crises convulsivas e neuropatia cr\u00f4nica.<\/p>\n<p style=\"text-align: justify;\">O aut\u00f4nomo Edson Tavares, 54, morreu dia 21 na Santa Casa de Barra Mansa, de fibrila\u00e7\u00e3o ventricular e p\u00f3s-operat\u00f3rio de revasculariza\u00e7\u00e3o mioc\u00e1rdio<\/p>\n<p style=\"text-align: justify;\">Dia 21, morreu o montador Florentino Ferreira, 70, no Hospital de Emerg\u00eancia, de choque hipovl\u00eamico, rotura de varizes esofagianas, hipertens\u00e3o, hipertens\u00e3o portal, cirrose hep\u00e1tica e hepatite C.<\/p>\n<p style=\"text-align: justify;\">A empres\u00e1ria Maria Eunice Loyola Villas Boas, 62, morreu dia 21 no Hospital da Unimed Resende, de fal\u00eancia m\u00faltipla dos \u00f3rg\u00e3os, doen\u00e7a pulmonar obstrutiva cr\u00f4nica, tabagismo e c\u00e2ncer de pulm\u00e3o.<\/p>\n<p style=\"text-align: justify;\">Morreu dia 24 o eletricista Jo\u00e3o Corr\u00eaa, 65, na UPA Resende, de parada card\u00edaca e infarto agudo.<\/p>\n<p style=\"text-align: justify;\">O vigilante Daniel Cirineu, 67, morreu dia 24 no Hospital de Emerg\u00eancia, de insufici\u00eancia respirat\u00f3ria aguda, broncopneumonia, septicemia, doen\u00e7a pulmonar cr\u00f4nica.<\/p>\n<p style=\"text-align: justify;\">A dona de casa Delourdes Pereira Barboza, 85, morreu dia 24 em casa, no Centro de Resende, de insufici\u00eancia respirat\u00f3ria, sepsis, escaras infectadas, dem\u00eancia com fragilidade e hipertens\u00e3o arterial sist\u00eamica.<\/p>\n<p style=\"text-align: justify;\">Dia 24, morreu o gar\u00e7on Haroldo de Oliveira Pereira, 65, no Hospital de Emerg\u00eancia, de insufici\u00eancia respirat\u00f3ria aguda, sepse, pneumonia e insufici\u00eancia renal cr\u00f4nica.<\/p>\n<p style=\"text-align: justify;\">A feirante Maria Antonieta da Silveira Santos, 70, morreu dia 24, na Santa Casa de Resende, de choque s\u00e9ptico, pneumonia, doen\u00e7a pulmonar obstrutiva cr\u00f4nica e tabagismo.<\/p>\n<p style=\"text-align: justify;\">Morreu dia 24, em casa no bairro Vicentina, o pedreiro Pedro Canuto, 82, de evolu\u00e7\u00e3o de estado m\u00f3rbido, caquexia neopl\u00e1sica e c\u00e2ncer de est\u00f4mago.<\/p>\n<p style=\"text-align: justify;\">O aposentado Valter Pereira Matias, 63, morreu dia 25 em casa no bairro Jardim Alegria, de edema agudo de pulm\u00e3o e evolu\u00e7\u00e3o de estado m\u00f3rbido.<\/p>\n<p style=\"text-align: justify;\">Dia 26, morreu o capit\u00e3o aposentado Cloves da Luz, 97, no Hospital da Unimed Resende, de insufici\u00eancia respirat\u00f3ria aguda, edema agudo pulmonar, insufici\u00eancia card\u00edaca e hipertens\u00e3o arterial.<\/p>\n<p style=\"text-align: justify;\">Morreu dia 26 o aut\u00f4nomo Ant\u00f4nio Ribeiro Costa, 78, no Hospital de Emerg\u00eancia, de insufici\u00eancia respirat\u00f3ria aguda, septicemia, pneumonia e doen\u00e7a pulmonar cr\u00f4nica.<\/p>\n<p style=\"text-align: justify;\">O pedreiro Nelito Maur\u00edcio da Cunha, 37, morreu dia 26 no Hospital de Emerg\u00eancia, de insufici\u00eancia respirat\u00f3ria, septicemia, broncopneumonia e met\u00e1stase pulmonar.<\/p>\n<p style=\"text-align: justify;\">Dia 28, morreu o aposentado Sidney Almeida Campos, 47, na UPA Resende, de insufici\u00eancia respirat\u00f3ria, insufici\u00eancia cordioses e hipertens\u00e3o arterial.<\/p>\n<p style=\"text-align: justify;\">Morreu dia 28 a dom\u00e9stica Maria do Carmo, 82, no Hospital da Unimed Resende, de choque s\u00e9ptico e pneumonia.<\/p>\n<p style=\"text-align: justify;\">Dia 29, morreu o motorista Jo\u00e3o Batista Nunes Soares, 56, no Hospital Samer, de choque hipovol\u00eamico, choque cardiog\u00eanico, desidrata\u00e7\u00e3o e neoplasia de bexiga.<\/p>\n<p style=\"text-align: justify;\">A repositora Elisabete Nogueira Reis, 57, morreu dia 31 no Hospital de Emerg\u00eancia, de insufici\u00eancia respirat\u00f3ria aguda, coma, hipertens\u00e3o intracraniana e tumor cerebral.<\/p>\n<p style=\"text-align: justify;\">Dia 31, morreu a aposentada Nair da Paz Siqueira, 94, em casa no bairro Lavap\u00e9s, de fal\u00eancia de m\u00faltiplos \u00f3rg\u00e3os.<\/p>\n<p style=\"text-align: justify;\">A cozinheira Jandyra Margarida Bernardo, 89, morreu dia 1\u00ba, no Hospital de Emerg\u00eancia, de pneumonia e derrame pleural, insufici\u00eancia card\u00edaca congestiva e hipertens\u00e3o arterial sist\u00eamica.<\/p>\n<p style=\"text-align: justify;\">Dia 1\u00ba, morreu o pedreiro Arilton da Silva Rosa, 68, no Hospital de Emerg\u00eancia, de choque s\u00e9ptico, pneumonia e AVE hemorr\u00e1gico.<\/p>\n<p style=\"text-align: justify;\">O pedreiro Vanildo Calixto, 38, morreu dia 2 na UPA Resende, de edema pulmonar, infarto agudo do mioc\u00e1rdio e evolu\u00e7\u00e3o de estado m\u00f3rbido &#8211; doen\u00e7a.<\/p>\n<p style=\"text-align: justify;\">Dia 2, morreu a dona de casa \u00c2ngela Maria Silv\u00e9rio, 53, no Hospital de Emerg\u00eancia, de fal\u00eancia circulat\u00f3ria aguda, choque hemorr\u00e1gico, discrasia sangu\u00ednea e insufici\u00eancia renal cr\u00f4nica.<\/p>\n<p style=\"text-align: justify;\">Morreu dia 3 a professora Ivonete Rocha da Costa, 63, no Hospital da Unimed Resende, de morte encef\u00e1lica e hemorragia subaracn\u00f3ide.<\/p>\n<p style=\"text-align: justify;\">Dia 3, morreu o vigilante C\u00e9lio Bechelli, 65, no Hospital de Emerg\u00eancia, de choque s\u00e9ptico por pneumonia e AVE hemorr\u00e1gico.<\/p>\n<p style=\"text-align: justify;\">O gar\u00e7on Jorge Luiz da Silva, 58, morreu dia 4, no Hospital de Emerg\u00eancia, de choque s\u00e9ptico por pneumonia.<\/p>\n<p style=\"text-align: justify;\">Morreu dia 4, Ant\u00f4nio de Almeida Alvarenga, 82, no Instituto do Cora\u00e7\u00e3o do Hospital das Cl\u00ednicas (Incor), em S\u00e3o Paulo, de choque s\u00e9ptico, broncopneumonia, p\u00f3s-operat\u00f3rio de revasculariza\u00e7\u00e3o mioc\u00e1rdica e hemorragia digestiva baixa.<\/p>\n<p style=\"text-align: justify;\">Dia 4, morreu o comerciante Leondino Cardoso, 76, no Hospital de Emerg\u00eancia, de parada card\u00edaca.<\/p>\n<p style=\"text-align: justify;\">Morreu dia 5, Mois\u00e9s Nicolau Sobrinho, 75, em casa no bairro Manejo, de causa indeterminada segundo atestado de \u00f3bito assinado pela m\u00e9dica Monique Pimenta Siqueira.<\/p>\n<p style=\"text-align: justify;\">Dia 6, morreu o metal\u00fargico de fundi\u00e7\u00e3o Adiventino Pereira Baia, 70, no Hospital de Emerg\u00eancia, de insufici\u00eancia renal cr\u00f4nica, hipertens\u00e3o arterial sist\u00eamica e parada cardiorrespirat\u00f3ria.<\/p>\n<p style=\"text-align: justify;\">\n","protected":false},"excerpt":{"rendered":"<p>Morreu dia 16 a dom\u00e9stica Patr\u00edcia Isabel de Paula, 44, na Santa Casa de Resende, de pancreatite aguda e insufici\u00eancia renal cr\u00f4nica. A secret\u00e1ria<\/p>\n","protected":false},"author":1,"featured_media":0,"comment_status":"open","ping_status":"open","sticky":false,"template":"","format":"standard","meta":{"pmpro_default_level":"","footnotes":""},"categories":[164],"tags":[155],"class_list":["post-36073","post","type-post","status-publish","format-standard","hentry","category-obituario","tag-dehoraemhora","pmpro-has-access"],"yoast_head":"<!-- This site is optimized with the Yoast SEO plugin v27.4 - https:\/\/yoast.com\/product\/yoast-seo-wordpress\/ -->\n<title>Confira os \u00f3bitos registrados entre 17 de dezembro e 6 de janeiro - JORNAL BEIRA RIO<\/title>\n<meta name=\"robots\" content=\"index, follow, max-snippet:-1, max-image-preview:large, max-video-preview:-1\" \/>\n<link rel=\"canonical\" href=\"https:\/\/jornalbeirario.com.br\/portal\/?p=36073\" \/>\n<meta property=\"og:locale\" content=\"pt_BR\" \/>\n<meta property=\"og:type\" content=\"article\" \/>\n<meta property=\"og:title\" content=\"Confira os \u00f3bitos registrados entre 17 de dezembro e 6 de janeiro - JORNAL BEIRA RIO\" \/>\n<meta property=\"og:description\" content=\"Morreu dia 16 a dom\u00e9stica Patr\u00edcia Isabel de Paula, 44, na Santa Casa de Resende, de pancreatite aguda e insufici\u00eancia renal cr\u00f4nica. A secret\u00e1ria\" \/>\n<meta property=\"og:url\" content=\"https:\/\/jornalbeirario.com.br\/portal\/?p=36073\" \/>\n<meta property=\"og:site_name\" content=\"JORNAL BEIRA RIO\" \/>\n<meta property=\"article:published_time\" content=\"2016-01-07T21:25:31+00:00\" \/>\n<meta property=\"article:modified_time\" content=\"2016-01-07T21:25:51+00:00\" \/>\n<meta name=\"author\" content=\"Jornal BEIRA-RIO\" \/>\n<meta name=\"twitter:card\" content=\"summary_large_image\" \/>\n<meta name=\"twitter:label1\" content=\"Escrito por\" \/>\n\t<meta name=\"twitter:data1\" content=\"Jornal BEIRA-RIO\" \/>\n\t<meta name=\"twitter:label2\" content=\"Est. tempo de leitura\" \/>\n\t<meta name=\"twitter:data2\" content=\"4 minutos\" \/>\n<script type=\"application\/ld+json\" class=\"yoast-schema-graph\">{\"@context\":\"https:\\\/\\\/schema.org\",\"@graph\":[{\"@type\":\"Article\",\"@id\":\"https:\\\/\\\/jornalbeirario.com.br\\\/portal\\\/?p=36073#article\",\"isPartOf\":{\"@id\":\"https:\\\/\\\/jornalbeirario.com.br\\\/portal\\\/?p=36073\"},\"author\":{\"name\":\"Jornal BEIRA-RIO\",\"@id\":\"https:\\\/\\\/jornalbeirario.com.br\\\/portal\\\/#\\\/schema\\\/person\\\/c6c423e4c2465d2a9233f6539173e7c1\"},\"headline\":\"Confira os \u00f3bitos registrados entre 17 de dezembro e 6 de janeiro\",\"datePublished\":\"2016-01-07T21:25:31+00:00\",\"dateModified\":\"2016-01-07T21:25:51+00:00\",\"mainEntityOfPage\":{\"@id\":\"https:\\\/\\\/jornalbeirario.com.br\\\/portal\\\/?p=36073\"},\"wordCount\":901,\"commentCount\":0,\"publisher\":{\"@id\":\"https:\\\/\\\/jornalbeirario.com.br\\\/portal\\\/#organization\"},\"keywords\":[\"dehoraemhora\"],\"articleSection\":[\"Obitu\u00e1rio\"],\"inLanguage\":\"pt-BR\",\"potentialAction\":[{\"@type\":\"CommentAction\",\"name\":\"Comment\",\"target\":[\"https:\\\/\\\/jornalbeirario.com.br\\\/portal\\\/?p=36073#respond\"]}]},{\"@type\":\"WebPage\",\"@id\":\"https:\\\/\\\/jornalbeirario.com.br\\\/portal\\\/?p=36073\",\"url\":\"https:\\\/\\\/jornalbeirario.com.br\\\/portal\\\/?p=36073\",\"name\":\"Confira os \u00f3bitos registrados entre 17 de dezembro e 6 de janeiro - JORNAL BEIRA RIO\",\"isPartOf\":{\"@id\":\"https:\\\/\\\/jornalbeirario.com.br\\\/portal\\\/#website\"},\"datePublished\":\"2016-01-07T21:25:31+00:00\",\"dateModified\":\"2016-01-07T21:25:51+00:00\",\"breadcrumb\":{\"@id\":\"https:\\\/\\\/jornalbeirario.com.br\\\/portal\\\/?p=36073#breadcrumb\"},\"inLanguage\":\"pt-BR\",\"potentialAction\":[{\"@type\":\"ReadAction\",\"target\":[\"https:\\\/\\\/jornalbeirario.com.br\\\/portal\\\/?p=36073\"]}]},{\"@type\":\"BreadcrumbList\",\"@id\":\"https:\\\/\\\/jornalbeirario.com.br\\\/portal\\\/?p=36073#breadcrumb\",\"itemListElement\":[{\"@type\":\"ListItem\",\"position\":1,\"name\":\"Home\",\"item\":\"https:\\\/\\\/jornalbeirario.com.br\\\/portal\"},{\"@type\":\"ListItem\",\"position\":2,\"name\":\"Confira os \u00f3bitos registrados entre 17 de dezembro e 6 de janeiro\"}]},{\"@type\":\"WebSite\",\"@id\":\"https:\\\/\\\/jornalbeirario.com.br\\\/portal\\\/#website\",\"url\":\"https:\\\/\\\/jornalbeirario.com.br\\\/portal\\\/\",\"name\":\"JORNAL BEIRA RIO\",\"description\":\"\",\"publisher\":{\"@id\":\"https:\\\/\\\/jornalbeirario.com.br\\\/portal\\\/#organization\"},\"potentialAction\":[{\"@type\":\"SearchAction\",\"target\":{\"@type\":\"EntryPoint\",\"urlTemplate\":\"https:\\\/\\\/jornalbeirario.com.br\\\/portal\\\/?s={search_term_string}\"},\"query-input\":{\"@type\":\"PropertyValueSpecification\",\"valueRequired\":true,\"valueName\":\"search_term_string\"}}],\"inLanguage\":\"pt-BR\"},{\"@type\":\"Organization\",\"@id\":\"https:\\\/\\\/jornalbeirario.com.br\\\/portal\\\/#organization\",\"name\":\"JORNAL BEIRA RIO\",\"url\":\"https:\\\/\\\/jornalbeirario.com.br\\\/portal\\\/\",\"logo\":{\"@type\":\"ImageObject\",\"inLanguage\":\"pt-BR\",\"@id\":\"https:\\\/\\\/jornalbeirario.com.br\\\/portal\\\/#\\\/schema\\\/logo\\\/image\\\/\",\"url\":\"https:\\\/\\\/jornalbeirario.com.br\\\/portal\\\/wp-content\\\/uploads\\\/2017\\\/09\\\/BEIRA-RIO_logo600.png\",\"contentUrl\":\"https:\\\/\\\/jornalbeirario.com.br\\\/portal\\\/wp-content\\\/uploads\\\/2017\\\/09\\\/BEIRA-RIO_logo600.png\",\"width\":650,\"height\":108,\"caption\":\"JORNAL BEIRA RIO\"},\"image\":{\"@id\":\"https:\\\/\\\/jornalbeirario.com.br\\\/portal\\\/#\\\/schema\\\/logo\\\/image\\\/\"}},{\"@type\":\"Person\",\"@id\":\"https:\\\/\\\/jornalbeirario.com.br\\\/portal\\\/#\\\/schema\\\/person\\\/c6c423e4c2465d2a9233f6539173e7c1\",\"name\":\"Jornal BEIRA-RIO\",\"image\":{\"@type\":\"ImageObject\",\"inLanguage\":\"pt-BR\",\"@id\":\"https:\\\/\\\/jornalbeirario.com.br\\\/portal\\\/wp-content\\\/uploads\\\/2023\\\/10\\\/logojbr1.jpg\",\"url\":\"https:\\\/\\\/jornalbeirario.com.br\\\/portal\\\/wp-content\\\/uploads\\\/2023\\\/10\\\/logojbr1.jpg\",\"contentUrl\":\"https:\\\/\\\/jornalbeirario.com.br\\\/portal\\\/wp-content\\\/uploads\\\/2023\\\/10\\\/logojbr1.jpg\",\"caption\":\"Jornal BEIRA-RIO\"},\"url\":\"https:\\\/\\\/jornalbeirario.com.br\\\/portal\\\/?author=1\"}]}<\/script>\n<!-- \/ Yoast SEO plugin. -->","yoast_head_json":{"title":"Confira os \u00f3bitos registrados entre 17 de dezembro e 6 de janeiro - JORNAL BEIRA RIO","robots":{"index":"index","follow":"follow","max-snippet":"max-snippet:-1","max-image-preview":"max-image-preview:large","max-video-preview":"max-video-preview:-1"},"canonical":"https:\/\/jornalbeirario.com.br\/portal\/?p=36073","og_locale":"pt_BR","og_type":"article","og_title":"Confira os \u00f3bitos registrados entre 17 de dezembro e 6 de janeiro - JORNAL BEIRA RIO","og_description":"Morreu dia 16 a dom\u00e9stica Patr\u00edcia Isabel de Paula, 44, na Santa Casa de Resende, de pancreatite aguda e insufici\u00eancia renal cr\u00f4nica. A secret\u00e1ria","og_url":"https:\/\/jornalbeirario.com.br\/portal\/?p=36073","og_site_name":"JORNAL BEIRA RIO","article_published_time":"2016-01-07T21:25:31+00:00","article_modified_time":"2016-01-07T21:25:51+00:00","author":"Jornal BEIRA-RIO","twitter_card":"summary_large_image","twitter_misc":{"Escrito por":"Jornal BEIRA-RIO","Est. tempo de leitura":"4 minutos"},"schema":{"@context":"https:\/\/schema.org","@graph":[{"@type":"Article","@id":"https:\/\/jornalbeirario.com.br\/portal\/?p=36073#article","isPartOf":{"@id":"https:\/\/jornalbeirario.com.br\/portal\/?p=36073"},"author":{"name":"Jornal BEIRA-RIO","@id":"https:\/\/jornalbeirario.com.br\/portal\/#\/schema\/person\/c6c423e4c2465d2a9233f6539173e7c1"},"headline":"Confira os \u00f3bitos registrados entre 17 de dezembro e 6 de janeiro","datePublished":"2016-01-07T21:25:31+00:00","dateModified":"2016-01-07T21:25:51+00:00","mainEntityOfPage":{"@id":"https:\/\/jornalbeirario.com.br\/portal\/?p=36073"},"wordCount":901,"commentCount":0,"publisher":{"@id":"https:\/\/jornalbeirario.com.br\/portal\/#organization"},"keywords":["dehoraemhora"],"articleSection":["Obitu\u00e1rio"],"inLanguage":"pt-BR","potentialAction":[{"@type":"CommentAction","name":"Comment","target":["https:\/\/jornalbeirario.com.br\/portal\/?p=36073#respond"]}]},{"@type":"WebPage","@id":"https:\/\/jornalbeirario.com.br\/portal\/?p=36073","url":"https:\/\/jornalbeirario.com.br\/portal\/?p=36073","name":"Confira os \u00f3bitos registrados entre 17 de dezembro e 6 de janeiro - JORNAL BEIRA RIO","isPartOf":{"@id":"https:\/\/jornalbeirario.com.br\/portal\/#website"},"datePublished":"2016-01-07T21:25:31+00:00","dateModified":"2016-01-07T21:25:51+00:00","breadcrumb":{"@id":"https:\/\/jornalbeirario.com.br\/portal\/?p=36073#breadcrumb"},"inLanguage":"pt-BR","potentialAction":[{"@type":"ReadAction","target":["https:\/\/jornalbeirario.com.br\/portal\/?p=36073"]}]},{"@type":"BreadcrumbList","@id":"https:\/\/jornalbeirario.com.br\/portal\/?p=36073#breadcrumb","itemListElement":[{"@type":"ListItem","position":1,"name":"Home","item":"https:\/\/jornalbeirario.com.br\/portal"},{"@type":"ListItem","position":2,"name":"Confira os \u00f3bitos registrados entre 17 de dezembro e 6 de janeiro"}]},{"@type":"WebSite","@id":"https:\/\/jornalbeirario.com.br\/portal\/#website","url":"https:\/\/jornalbeirario.com.br\/portal\/","name":"JORNAL BEIRA RIO","description":"","publisher":{"@id":"https:\/\/jornalbeirario.com.br\/portal\/#organization"},"potentialAction":[{"@type":"SearchAction","target":{"@type":"EntryPoint","urlTemplate":"https:\/\/jornalbeirario.com.br\/portal\/?s={search_term_string}"},"query-input":{"@type":"PropertyValueSpecification","valueRequired":true,"valueName":"search_term_string"}}],"inLanguage":"pt-BR"},{"@type":"Organization","@id":"https:\/\/jornalbeirario.com.br\/portal\/#organization","name":"JORNAL BEIRA RIO","url":"https:\/\/jornalbeirario.com.br\/portal\/","logo":{"@type":"ImageObject","inLanguage":"pt-BR","@id":"https:\/\/jornalbeirario.com.br\/portal\/#\/schema\/logo\/image\/","url":"https:\/\/jornalbeirario.com.br\/portal\/wp-content\/uploads\/2017\/09\/BEIRA-RIO_logo600.png","contentUrl":"https:\/\/jornalbeirario.com.br\/portal\/wp-content\/uploads\/2017\/09\/BEIRA-RIO_logo600.png","width":650,"height":108,"caption":"JORNAL BEIRA RIO"},"image":{"@id":"https:\/\/jornalbeirario.com.br\/portal\/#\/schema\/logo\/image\/"}},{"@type":"Person","@id":"https:\/\/jornalbeirario.com.br\/portal\/#\/schema\/person\/c6c423e4c2465d2a9233f6539173e7c1","name":"Jornal BEIRA-RIO","image":{"@type":"ImageObject","inLanguage":"pt-BR","@id":"https:\/\/jornalbeirario.com.br\/portal\/wp-content\/uploads\/2023\/10\/logojbr1.jpg","url":"https:\/\/jornalbeirario.com.br\/portal\/wp-content\/uploads\/2023\/10\/logojbr1.jpg","contentUrl":"https:\/\/jornalbeirario.com.br\/portal\/wp-content\/uploads\/2023\/10\/logojbr1.jpg","caption":"Jornal BEIRA-RIO"},"url":"https:\/\/jornalbeirario.com.br\/portal\/?author=1"}]}},"_links":{"self":[{"href":"https:\/\/jornalbeirario.com.br\/portal\/index.php?rest_route=\/wp\/v2\/posts\/36073","targetHints":{"allow":["GET"]}}],"collection":[{"href":"https:\/\/jornalbeirario.com.br\/portal\/index.php?rest_route=\/wp\/v2\/posts"}],"about":[{"href":"https:\/\/jornalbeirario.com.br\/portal\/index.php?rest_route=\/wp\/v2\/types\/post"}],"author":[{"embeddable":true,"href":"https:\/\/jornalbeirario.com.br\/portal\/index.php?rest_route=\/wp\/v2\/users\/1"}],"replies":[{"embeddable":true,"href":"https:\/\/jornalbeirario.com.br\/portal\/index.php?rest_route=%2Fwp%2Fv2%2Fcomments&post=36073"}],"version-history":[{"count":3,"href":"https:\/\/jornalbeirario.com.br\/portal\/index.php?rest_route=\/wp\/v2\/posts\/36073\/revisions"}],"predecessor-version":[{"id":36083,"href":"https:\/\/jornalbeirario.com.br\/portal\/index.php?rest_route=\/wp\/v2\/posts\/36073\/revisions\/36083"}],"wp:attachment":[{"href":"https:\/\/jornalbeirario.com.br\/portal\/index.php?rest_route=%2Fwp%2Fv2%2Fmedia&parent=36073"}],"wp:term":[{"taxonomy":"category","embeddable":true,"href":"https:\/\/jornalbeirario.com.br\/portal\/index.php?rest_route=%2Fwp%2Fv2%2Fcategories&post=36073"},{"taxonomy":"post_tag","embeddable":true,"href":"https:\/\/jornalbeirario.com.br\/portal\/index.php?rest_route=%2Fwp%2Fv2%2Ftags&post=36073"}],"curies":[{"name":"wp","href":"https:\/\/api.w.org\/{rel}","templated":true}]}}