
{"id":3602,"date":"2013-01-18T12:09:11","date_gmt":"2013-01-18T12:09:11","guid":{"rendered":"http:\/\/jornalbeirario.com.br\/portal\/portal\/?p=3602"},"modified":"2013-01-18T12:09:11","modified_gmt":"2013-01-18T12:09:11","slug":"lais-amaral-11","status":"publish","type":"post","link":"https:\/\/jornalbeirario.com.br\/portal\/?p=3602","title":{"rendered":"La\u00eds Amaral"},"content":{"rendered":"<p><strong>Pol\u00edtica &amp; Humor nos Blogs<\/strong><br \/>\nRindo dos Outros: O jornalista Paulo Moreira Leite, at\u00e9 o fim do ano passado dirigia a Revista \u00c9poca. Agora \u00e9 diretor da ISTO\u00c9 em Bras\u00edlia. Foi redator chefe e correspondente da VEJA em Washington e Paris. Leiam em seu blog www.paulomoreiraleite.com.br a entrevista com o jovem cineasta Pedro Arantes. Ajuda a entender um pouco mais o que se faz hoje nessa \u00e1rea.<\/p>\n<p><strong>As Piranhas s\u00e3o av\u00f3s das Periguetes \u00a0<\/strong><br \/>\nS\u00e1bado passado um grupo de foli\u00f5es, se reuniu no Bar do Ribamar para encorpar o embri\u00e3o de mais uma empreitada carnavalesca popular. Entre as \u201cPeriguetes\u201d presentes, estavam Mauro Periquito, Gutemberg e o mais jovem Ailton \u2018Ca\u00e7ulinha\u2019. Mauro esteve presente nos prim\u00f3rdios de blocos de rua da cidade como o \u2018P\u00e3o com Pinga\u2019 e o tradicional, \u2018Bloco das Piranhas\u2019, ainda viv\u00edssimo em nossos carnavais. Mauro tamb\u00e9m esteve presente na aurora do \u2018Crust\u00e1ceos da Mangua\u00e7a\u2019, com seu \u2018Ronca&amp;Fu\u00e7a\u2019. Falando no Bloco das Piranhas, este ano ele repete a f\u00f3rmula que vem dando certo: Segunda-feira, dia 11, a \u2018piranhada\u2019 se concentra em frente ao Centro Comercial S\u00e3o Carlos (Cer\u00e2mica) e dali segue para o Parque de Exposi\u00e7\u00f5es num arrast\u00e3o seguindo o carro de som. Conta com o apoio da Prefeitura (Superintend\u00eancia de Eventos), que reconhece o bloco como a maior manifesta\u00e7\u00e3o espont\u00e2nea do Carnaval de Resende. No G\u00eanesis do Bloco das Piranhas estavam entre outros, nomes como: Z\u00e9 Vid\u00e3o, Silico, Tadeu Rachid, Pimenta, Bosco \u2018Carrapicho\u2019, Haraldo, Tirripa, Marquinho Satanaz, Carlos Reeve, Tita, Raimundo, Nivaldo Suez, Jo\u00e3o \u2018Pinga\u2019, Ori, Dr. Gino, China, Niquinho, Beto, Haroldo, Miguel. E Viva as Piranhas! Viva as Periguetes!<\/p>\n<p><strong>Informe Crust\u00e1ceos:<\/strong><br \/>\nAten\u00e7\u00e3o foli\u00f5es para a agenda do Bloco Et\u00edlico Carnavalesco Crust\u00e1ceos da Mangua\u00e7a: dia 26\/01, Sirizada a partir das 13 horas na Pra\u00e7a da Bandeira, em Campos El\u00edseos; dia 02\/02, desfile. Concentra\u00e7\u00e3o em doze dupla: 11 horas no Recanto dos Amigos (Catarino) e Meio Dia e meia no Cal\u00e7ad\u00e3o de Campos El\u00edseos, pr\u00f3ximo \u00e0 Ponte Velha.<\/p>\n<p><strong>TRIPA<\/strong><br \/>\n* Not\u00edcia boa: o curso de Letras da Faculdade de Filosofia, Ci\u00eancias e Letras Dom Bosco, mantida pela Associa\u00e7\u00e3o Educacional Dom Bosco \u2013 AEDB, tirou nota 4 no Exame Nacional de Desempenho de Estudantes \u2013 ENADE, realizado pelo Minist\u00e9rio da Educa\u00e7\u00e3o em 2011. A escala de notas vai de 1 a 5 * Outra novidade do Carnaval deste ano \u00e9 o novo bloco da Cidade Alegria, o \u2018N\u00e3o empurra que \u00e9 Pior\u2019 que promete sacudir a cidade no s\u00e1bado, dia 9 de fevereiro. O \u2018Carioca\u2019 (locutor) est\u00e1 no comando. Animad\u00edssimo * A Sociedade Brasileira de Hotelaria Hospitalar vai promover em Resende no m\u00eas de fevereiro, um curso de higieniza\u00e7\u00e3o na \u00e1rea de sa\u00fade. O curso de um dia est\u00e1 previsto para o dia 23 de fevereiro, das 9h \u00e0s 17h \u00e0 Rua Agulhas Negras, bairro Montese. Contatos com Leila Pena: (24) 3358-9075 e (24) 9266-8731 * Nasceu nessa segunda-feira, dia 14, o Jos\u00e9 Fernando, filho do\u00a0 advogado Felipe Bruno e da Sheila Roberta. O \u2018Lipe\u2019 est\u00e1 mais feliz do que pinto no lixo. Esse guri estava sendo aguardado com muita ansiedade *Vereador de primeiro mandato, o Tiago Forastieri, est\u00e1 com vontade de mostrar servi\u00e7o. Foi visto em Engenheiro Passos depois daquele temporal, conversando com gente da comunidade. Enquanto n\u00e3o entra em campo, digo, no plen\u00e1rio, vale o aquecimento * Abertas as inscri\u00e7\u00f5es da Escola de M\u00fasica Maestro Vicente Aniceto Senna, da Funda\u00e7\u00e3o Casa da Cultura Macedo Miranda. Os cursos s\u00e3o de: inicializa\u00e7\u00e3o de canto, t\u00e9cnica vocal, saxofone alto e tenor, baixo, guitarra, bateria, viol\u00e3o, percuss\u00e3o, flauta doce e transversal, clarineta, violino e teclado. As aulas s\u00e3o gratuitas. Interessados devem procurar a Casa da Cultura (centro hist\u00f3rico de Resende) das 8h ao meio dia e das 13 \u00e0s 17 horas * No meu Blog (bocadesiri-lais.blogspot) uma publica\u00e7\u00e3o do jornalista Rodrigo Viana, do Blog Escrevinhador, comentando o processo do diretor de jornalismo da Globo, Ali Kamel contra ele, e como est\u00e1 sua luta contra um inimigo t\u00e3o poderoso.<\/p>\n<p><strong>ANIVERS\u00c1RIOS<\/strong><br \/>\nOntem, dia 17, sopraram velinhas as amigas Fernanda Sim\u00f5es e Daniela Rodrigues, a \u2018Dani do turismo\u2019.\u00a0 Na mesma data, dia 17, o meu amigo\u00a0 Ulisses Coli. Hoje, dia 18, uma turma sensacional muda de idade. S\u00e3o eles: um dos mais competentes radialistas da regi\u00e3o, o meu amigo Oscar Nora; o garot\u00e3o Pedro Meohas, a sempre simp\u00e1tica M\u00f4nica B\u00fchler; o trepidante\u00a0 Miguel Brand\u00e3o, que dever\u00e1 comemorar no Catarino, cantando e o sempre amigo, Lecy Nogueira. Amanh\u00e3, dia 19, outra turma da pesada, come\u00e7ando pela irm\u00e3 Aline. E mais: o professor Edson Henrique, o Thallys Paiva, a Vera L\u00facia Sekine e o Samuel Carreiro, presidente da OAB em Resende. No domingo, dia 20, dia de S\u00e3o Sebasti\u00e3o, meu padroeiro e da cidade do Rio de Janeiro, inauguram idade nova o Pedro Luz, a Andr\u00e9ia Kuhnen e o ator Wendel Cunha. Na segunda, dia 21, a salgueirense, Luzia Trindade. Parab\u00e9ns e todas as felicidades do mundo a eles.<\/p>\n","protected":false},"excerpt":{"rendered":"<p>Pol\u00edtica &amp; Humor nos Blogs Rindo dos Outros: O jornalista Paulo Moreira Leite, at\u00e9 o fim do ano passado dirigia a Revista \u00c9poca. Agora<\/p>\n","protected":false},"author":1,"featured_media":0,"comment_status":"open","ping_status":"open","sticky":false,"template":"","format":"standard","meta":{"pmpro_default_level":"","footnotes":""},"categories":[13],"tags":[],"class_list":["post-3602","post","type-post","status-publish","format-standard","hentry","category-social","pmpro-has-access"],"yoast_head":"<!-- This site is optimized with the Yoast SEO plugin v27.4 - https:\/\/yoast.com\/product\/yoast-seo-wordpress\/ -->\n<title>La\u00eds Amaral - JORNAL BEIRA RIO<\/title>\n<meta name=\"robots\" content=\"index, follow, max-snippet:-1, max-image-preview:large, max-video-preview:-1\" \/>\n<link rel=\"canonical\" href=\"https:\/\/jornalbeirario.com.br\/portal\/?p=3602\" \/>\n<meta property=\"og:locale\" content=\"pt_BR\" \/>\n<meta property=\"og:type\" content=\"article\" \/>\n<meta property=\"og:title\" content=\"La\u00eds Amaral - JORNAL BEIRA RIO\" \/>\n<meta property=\"og:description\" content=\"Pol\u00edtica &amp; Humor nos Blogs Rindo dos Outros: O jornalista Paulo Moreira Leite, at\u00e9 o fim do ano passado dirigia a Revista \u00c9poca. Agora\" \/>\n<meta property=\"og:url\" content=\"https:\/\/jornalbeirario.com.br\/portal\/?p=3602\" \/>\n<meta property=\"og:site_name\" content=\"JORNAL BEIRA RIO\" \/>\n<meta property=\"article:published_time\" content=\"2013-01-18T12:09:11+00:00\" \/>\n<meta name=\"author\" content=\"Jornal BEIRA-RIO\" \/>\n<meta name=\"twitter:card\" content=\"summary_large_image\" \/>\n<meta name=\"twitter:label1\" content=\"Escrito por\" \/>\n\t<meta name=\"twitter:data1\" content=\"Jornal BEIRA-RIO\" \/>\n\t<meta name=\"twitter:label2\" content=\"Est. tempo de leitura\" \/>\n\t<meta name=\"twitter:data2\" content=\"4 minutos\" \/>\n<script type=\"application\/ld+json\" class=\"yoast-schema-graph\">{\"@context\":\"https:\\\/\\\/schema.org\",\"@graph\":[{\"@type\":\"Article\",\"@id\":\"https:\\\/\\\/jornalbeirario.com.br\\\/portal\\\/?p=3602#article\",\"isPartOf\":{\"@id\":\"https:\\\/\\\/jornalbeirario.com.br\\\/portal\\\/?p=3602\"},\"author\":{\"name\":\"Jornal BEIRA-RIO\",\"@id\":\"https:\\\/\\\/jornalbeirario.com.br\\\/portal\\\/#\\\/schema\\\/person\\\/c6c423e4c2465d2a9233f6539173e7c1\"},\"headline\":\"La\u00eds Amaral\",\"datePublished\":\"2013-01-18T12:09:11+00:00\",\"mainEntityOfPage\":{\"@id\":\"https:\\\/\\\/jornalbeirario.com.br\\\/portal\\\/?p=3602\"},\"wordCount\":856,\"commentCount\":0,\"publisher\":{\"@id\":\"https:\\\/\\\/jornalbeirario.com.br\\\/portal\\\/#organization\"},\"articleSection\":[\"Social\"],\"inLanguage\":\"pt-BR\",\"potentialAction\":[{\"@type\":\"CommentAction\",\"name\":\"Comment\",\"target\":[\"https:\\\/\\\/jornalbeirario.com.br\\\/portal\\\/?p=3602#respond\"]}]},{\"@type\":\"WebPage\",\"@id\":\"https:\\\/\\\/jornalbeirario.com.br\\\/portal\\\/?p=3602\",\"url\":\"https:\\\/\\\/jornalbeirario.com.br\\\/portal\\\/?p=3602\",\"name\":\"La\u00eds Amaral - JORNAL BEIRA RIO\",\"isPartOf\":{\"@id\":\"https:\\\/\\\/jornalbeirario.com.br\\\/portal\\\/#website\"},\"datePublished\":\"2013-01-18T12:09:11+00:00\",\"breadcrumb\":{\"@id\":\"https:\\\/\\\/jornalbeirario.com.br\\\/portal\\\/?p=3602#breadcrumb\"},\"inLanguage\":\"pt-BR\",\"potentialAction\":[{\"@type\":\"ReadAction\",\"target\":[\"https:\\\/\\\/jornalbeirario.com.br\\\/portal\\\/?p=3602\"]}]},{\"@type\":\"BreadcrumbList\",\"@id\":\"https:\\\/\\\/jornalbeirario.com.br\\\/portal\\\/?p=3602#breadcrumb\",\"itemListElement\":[{\"@type\":\"ListItem\",\"position\":1,\"name\":\"Home\",\"item\":\"https:\\\/\\\/jornalbeirario.com.br\\\/portal\"},{\"@type\":\"ListItem\",\"position\":2,\"name\":\"La\u00eds Amaral\"}]},{\"@type\":\"WebSite\",\"@id\":\"https:\\\/\\\/jornalbeirario.com.br\\\/portal\\\/#website\",\"url\":\"https:\\\/\\\/jornalbeirario.com.br\\\/portal\\\/\",\"name\":\"JORNAL BEIRA RIO\",\"description\":\"\",\"publisher\":{\"@id\":\"https:\\\/\\\/jornalbeirario.com.br\\\/portal\\\/#organization\"},\"potentialAction\":[{\"@type\":\"SearchAction\",\"target\":{\"@type\":\"EntryPoint\",\"urlTemplate\":\"https:\\\/\\\/jornalbeirario.com.br\\\/portal\\\/?s={search_term_string}\"},\"query-input\":{\"@type\":\"PropertyValueSpecification\",\"valueRequired\":true,\"valueName\":\"search_term_string\"}}],\"inLanguage\":\"pt-BR\"},{\"@type\":\"Organization\",\"@id\":\"https:\\\/\\\/jornalbeirario.com.br\\\/portal\\\/#organization\",\"name\":\"JORNAL BEIRA RIO\",\"url\":\"https:\\\/\\\/jornalbeirario.com.br\\\/portal\\\/\",\"logo\":{\"@type\":\"ImageObject\",\"inLanguage\":\"pt-BR\",\"@id\":\"https:\\\/\\\/jornalbeirario.com.br\\\/portal\\\/#\\\/schema\\\/logo\\\/image\\\/\",\"url\":\"https:\\\/\\\/jornalbeirario.com.br\\\/portal\\\/wp-content\\\/uploads\\\/2017\\\/09\\\/BEIRA-RIO_logo600.png\",\"contentUrl\":\"https:\\\/\\\/jornalbeirario.com.br\\\/portal\\\/wp-content\\\/uploads\\\/2017\\\/09\\\/BEIRA-RIO_logo600.png\",\"width\":650,\"height\":108,\"caption\":\"JORNAL BEIRA RIO\"},\"image\":{\"@id\":\"https:\\\/\\\/jornalbeirario.com.br\\\/portal\\\/#\\\/schema\\\/logo\\\/image\\\/\"}},{\"@type\":\"Person\",\"@id\":\"https:\\\/\\\/jornalbeirario.com.br\\\/portal\\\/#\\\/schema\\\/person\\\/c6c423e4c2465d2a9233f6539173e7c1\",\"name\":\"Jornal BEIRA-RIO\",\"image\":{\"@type\":\"ImageObject\",\"inLanguage\":\"pt-BR\",\"@id\":\"https:\\\/\\\/jornalbeirario.com.br\\\/portal\\\/wp-content\\\/uploads\\\/2023\\\/10\\\/logojbr1.jpg\",\"url\":\"https:\\\/\\\/jornalbeirario.com.br\\\/portal\\\/wp-content\\\/uploads\\\/2023\\\/10\\\/logojbr1.jpg\",\"contentUrl\":\"https:\\\/\\\/jornalbeirario.com.br\\\/portal\\\/wp-content\\\/uploads\\\/2023\\\/10\\\/logojbr1.jpg\",\"caption\":\"Jornal BEIRA-RIO\"},\"url\":\"https:\\\/\\\/jornalbeirario.com.br\\\/portal\\\/?author=1\"}]}<\/script>\n<!-- \/ Yoast SEO plugin. -->","yoast_head_json":{"title":"La\u00eds Amaral - JORNAL BEIRA RIO","robots":{"index":"index","follow":"follow","max-snippet":"max-snippet:-1","max-image-preview":"max-image-preview:large","max-video-preview":"max-video-preview:-1"},"canonical":"https:\/\/jornalbeirario.com.br\/portal\/?p=3602","og_locale":"pt_BR","og_type":"article","og_title":"La\u00eds Amaral - JORNAL BEIRA RIO","og_description":"Pol\u00edtica &amp; Humor nos Blogs Rindo dos Outros: O jornalista Paulo Moreira Leite, at\u00e9 o fim do ano passado dirigia a Revista \u00c9poca. Agora","og_url":"https:\/\/jornalbeirario.com.br\/portal\/?p=3602","og_site_name":"JORNAL BEIRA RIO","article_published_time":"2013-01-18T12:09:11+00:00","author":"Jornal BEIRA-RIO","twitter_card":"summary_large_image","twitter_misc":{"Escrito por":"Jornal BEIRA-RIO","Est. tempo de leitura":"4 minutos"},"schema":{"@context":"https:\/\/schema.org","@graph":[{"@type":"Article","@id":"https:\/\/jornalbeirario.com.br\/portal\/?p=3602#article","isPartOf":{"@id":"https:\/\/jornalbeirario.com.br\/portal\/?p=3602"},"author":{"name":"Jornal BEIRA-RIO","@id":"https:\/\/jornalbeirario.com.br\/portal\/#\/schema\/person\/c6c423e4c2465d2a9233f6539173e7c1"},"headline":"La\u00eds Amaral","datePublished":"2013-01-18T12:09:11+00:00","mainEntityOfPage":{"@id":"https:\/\/jornalbeirario.com.br\/portal\/?p=3602"},"wordCount":856,"commentCount":0,"publisher":{"@id":"https:\/\/jornalbeirario.com.br\/portal\/#organization"},"articleSection":["Social"],"inLanguage":"pt-BR","potentialAction":[{"@type":"CommentAction","name":"Comment","target":["https:\/\/jornalbeirario.com.br\/portal\/?p=3602#respond"]}]},{"@type":"WebPage","@id":"https:\/\/jornalbeirario.com.br\/portal\/?p=3602","url":"https:\/\/jornalbeirario.com.br\/portal\/?p=3602","name":"La\u00eds Amaral - JORNAL BEIRA RIO","isPartOf":{"@id":"https:\/\/jornalbeirario.com.br\/portal\/#website"},"datePublished":"2013-01-18T12:09:11+00:00","breadcrumb":{"@id":"https:\/\/jornalbeirario.com.br\/portal\/?p=3602#breadcrumb"},"inLanguage":"pt-BR","potentialAction":[{"@type":"ReadAction","target":["https:\/\/jornalbeirario.com.br\/portal\/?p=3602"]}]},{"@type":"BreadcrumbList","@id":"https:\/\/jornalbeirario.com.br\/portal\/?p=3602#breadcrumb","itemListElement":[{"@type":"ListItem","position":1,"name":"Home","item":"https:\/\/jornalbeirario.com.br\/portal"},{"@type":"ListItem","position":2,"name":"La\u00eds Amaral"}]},{"@type":"WebSite","@id":"https:\/\/jornalbeirario.com.br\/portal\/#website","url":"https:\/\/jornalbeirario.com.br\/portal\/","name":"JORNAL BEIRA RIO","description":"","publisher":{"@id":"https:\/\/jornalbeirario.com.br\/portal\/#organization"},"potentialAction":[{"@type":"SearchAction","target":{"@type":"EntryPoint","urlTemplate":"https:\/\/jornalbeirario.com.br\/portal\/?s={search_term_string}"},"query-input":{"@type":"PropertyValueSpecification","valueRequired":true,"valueName":"search_term_string"}}],"inLanguage":"pt-BR"},{"@type":"Organization","@id":"https:\/\/jornalbeirario.com.br\/portal\/#organization","name":"JORNAL BEIRA RIO","url":"https:\/\/jornalbeirario.com.br\/portal\/","logo":{"@type":"ImageObject","inLanguage":"pt-BR","@id":"https:\/\/jornalbeirario.com.br\/portal\/#\/schema\/logo\/image\/","url":"https:\/\/jornalbeirario.com.br\/portal\/wp-content\/uploads\/2017\/09\/BEIRA-RIO_logo600.png","contentUrl":"https:\/\/jornalbeirario.com.br\/portal\/wp-content\/uploads\/2017\/09\/BEIRA-RIO_logo600.png","width":650,"height":108,"caption":"JORNAL BEIRA RIO"},"image":{"@id":"https:\/\/jornalbeirario.com.br\/portal\/#\/schema\/logo\/image\/"}},{"@type":"Person","@id":"https:\/\/jornalbeirario.com.br\/portal\/#\/schema\/person\/c6c423e4c2465d2a9233f6539173e7c1","name":"Jornal BEIRA-RIO","image":{"@type":"ImageObject","inLanguage":"pt-BR","@id":"https:\/\/jornalbeirario.com.br\/portal\/wp-content\/uploads\/2023\/10\/logojbr1.jpg","url":"https:\/\/jornalbeirario.com.br\/portal\/wp-content\/uploads\/2023\/10\/logojbr1.jpg","contentUrl":"https:\/\/jornalbeirario.com.br\/portal\/wp-content\/uploads\/2023\/10\/logojbr1.jpg","caption":"Jornal BEIRA-RIO"},"url":"https:\/\/jornalbeirario.com.br\/portal\/?author=1"}]}},"_links":{"self":[{"href":"https:\/\/jornalbeirario.com.br\/portal\/index.php?rest_route=\/wp\/v2\/posts\/3602","targetHints":{"allow":["GET"]}}],"collection":[{"href":"https:\/\/jornalbeirario.com.br\/portal\/index.php?rest_route=\/wp\/v2\/posts"}],"about":[{"href":"https:\/\/jornalbeirario.com.br\/portal\/index.php?rest_route=\/wp\/v2\/types\/post"}],"author":[{"embeddable":true,"href":"https:\/\/jornalbeirario.com.br\/portal\/index.php?rest_route=\/wp\/v2\/users\/1"}],"replies":[{"embeddable":true,"href":"https:\/\/jornalbeirario.com.br\/portal\/index.php?rest_route=%2Fwp%2Fv2%2Fcomments&post=3602"}],"version-history":[{"count":2,"href":"https:\/\/jornalbeirario.com.br\/portal\/index.php?rest_route=\/wp\/v2\/posts\/3602\/revisions"}],"predecessor-version":[{"id":3604,"href":"https:\/\/jornalbeirario.com.br\/portal\/index.php?rest_route=\/wp\/v2\/posts\/3602\/revisions\/3604"}],"wp:attachment":[{"href":"https:\/\/jornalbeirario.com.br\/portal\/index.php?rest_route=%2Fwp%2Fv2%2Fmedia&parent=3602"}],"wp:term":[{"taxonomy":"category","embeddable":true,"href":"https:\/\/jornalbeirario.com.br\/portal\/index.php?rest_route=%2Fwp%2Fv2%2Fcategories&post=3602"},{"taxonomy":"post_tag","embeddable":true,"href":"https:\/\/jornalbeirario.com.br\/portal\/index.php?rest_route=%2Fwp%2Fv2%2Ftags&post=3602"}],"curies":[{"name":"wp","href":"https:\/\/api.w.org\/{rel}","templated":true}]}}