
{"id":3598,"date":"2013-01-18T12:07:22","date_gmt":"2013-01-18T12:07:22","guid":{"rendered":"http:\/\/jornalbeirario.com.br\/portal\/portal\/?p=3598"},"modified":"2013-01-18T12:07:22","modified_gmt":"2013-01-18T12:07:22","slug":"cartas-e-e-mails-3","status":"publish","type":"post","link":"https:\/\/jornalbeirario.com.br\/portal\/?p=3598","title":{"rendered":"Cartas e E-mails"},"content":{"rendered":"<p>OPERA\u00c7\u00c3O ESCULACHO DA ALEGRIA<br \/>\nRio de janeiro e Resende, tudo a ver. Nunca na hist\u00f3ria da humanidade houve tanta fidelidade em nenhum tipo de rela\u00e7\u00e3o igual \u00e0 de Resende com Rio de Janeiro. Mas n\u00e3o se empolgue, pois tal cumplicidade est\u00e1 apenas na precariedade do transporte p\u00fablico; sa\u00fade p\u00fablica e seguran\u00e7a p\u00fablica.\u00a0 Ao caminhar pelos os bairros perif\u00e9ricos da cidade de Resende voc\u00ea tem a n\u00edtida impress\u00e3o de estar andando no morro do alem\u00e3o antes da ocupa\u00e7\u00e3o militar. O nosso caso de viol\u00eancia aqui \u00e9 mais grave do que no Rio de janeiro, \u00e9 s\u00f3 voc\u00ea fazer um c\u00e1lculo matem\u00e1tico simples que voc\u00ea chega \u00e0 triste conclus\u00e3o que na proporcionalidade o n\u00famero de homic\u00eddio por grupo de habitantes que voc\u00ea ver\u00e1 que Resende mata muito mais do que a capital.\u00a0 Fat\u00eddica quarta-feira\u00a0 19 de dezembro de 2012 exatamente \u00e0s 7 horas da manh\u00e3 fui despertado com a porta do meu apartamento sendo esmurrada violentamente. Ao abri-la deparei-me com 10 policiais do CORE do batalh\u00e3o do Rio de Janeiro com fuzis apontado para minha cara e um c\u00e3o farejador que logo adentraram no meu apartamento revirando todos os meus\u00a0 pertences, embora sem o meu consentimento a tal entrada ao meu domic\u00edlio.Confesso que cheguei a pensar que o fim do mundo para mim chegaria naquele fat\u00eddico 19-12-2012 exatamente as sete da manh\u00e3. Eu tinha dois motivos para pensar assim, primeiro, estou me recuperando de dois infartos rec\u00e9m sofridos, segundo, ao me sentir violentado na minha condi\u00e7\u00e3o de ser humano e de cidad\u00e3o cumpridor dos deveres, obedecedor das leis e da ordem; ao me ver diante de\u00a0 tal situa\u00e7\u00e3o de humilha\u00e7\u00e3o e constrangimento, cheguei a pressentir a amea\u00e7a do terceiro infarto, principalmente no momento em que resolvi ir pra rua conversar com as pessoas na tentativa de afastar aquele mal estar qual me consumia, me deparei com 30 viaturas das policias civil e militar do Rio de Janeiro e mais os micro-\u00f4nibus da Pol\u00edcia Militar. Na minha cabe\u00e7a e nas cabe\u00e7as dos cidad\u00e3os pensantes, ficaram emaranharados de perguntas sem respostas. Citarei algumas delas: este show de pirotecnismo promovido pela a Secretaria de Seguran\u00e7a P\u00fablica estadual e aben\u00e7oada pelo o governador Sergio Cabral, foi para beneficiar quem? Uma coisa eu posso garantir, em prol da popula\u00e7\u00e3o n\u00e3o foi. Ser\u00e1 que j\u00e1 come\u00e7amos a campanha eleitoral de 2014? Uma pequena cidade como Resende, sem morros ou vielas para\u00a0 entrincheragem de criminosos, como o crime conseguiu ganhar tanta dimens\u00e3o? Deixou no ar uma nova pergunta. Porque teve que trazer tantos policiais e todos de fora? Se temos um batalh\u00e3o aqui com um comando s\u00e9rio com bons policiais, temos uma excelente P2 (Pol\u00edcia Investigativa da PM) al\u00e9m de \u00f3timos policiais civis. Ser\u00e1 que os nossos policiais cometeram alguma falha coletiva ao ponto de merecerem este descr\u00e9dito popular e a gente n\u00e3o esta sabendo?<br \/>\nDESABAFO DE UM PACATO CIDAD\u00c3O SEM ROSTO E SEM VOZ, POR\u00c9M COM A PLENITUDE DA DIGNIDADE.<br \/>\nJORGE ANTONIO GOMES<\/p>\n<p>Cara Ana L\u00facia,<br \/>\nPoucos jornais t\u00eam a coragem de publicar a verdade doa a quem doer, por isso, escolho o seu para expressar minha opini\u00e3o sobre o cen\u00e1rio pol\u00edtico de Resende.<br \/>\nA disputa pela mesa diretora da C\u00e2mara deu muito trabalho ao prefeito.<br \/>\nO prefeito falava para todos os presidentes de partidos e vereadores que n\u00e3o ia se meter, ao mesmo tempo, os puxa-sacos de plant\u00e3o (Cial (DEM), Renato Viegas (presidente do PP), Kiko Besouchet (PP) e Alcides de Carli (PRB) \u2013 aquele que estava com seu partido na coliga\u00e7\u00e3o do Noel de Carvalho na \u00faltima elei\u00e7\u00e3o) trabalhavam para eleger o vereador Pedra (PDT) para presidente da C\u00e2mara. Diziam eles que o Pedra era o candidato do prefeito, fizeram muita press\u00e3o sobre os presidentes de partido e novos vereadores. Mas como diz Carlos Drumond de Andrade em uma de suas brilhantes poesias: \u201cTinha uma pedra no meio do caminho&#8230; no meio do caminho tinha uma pedra&#8230;\u201d<br \/>\nO grupo formado pelo PPS, PSC, PCdoB e PSB continuou unido com o objetivo de eleger o vereador Bira Ritton (PP) presidente da mesa. O vereador Davi \u00e9 10 do PRB, no qual o presidente \u00e9 o Sr. Alcides de Carli (PRB), n\u00e3o foi convecido por este a votar no Pedra (PDT) e manteve sua palavra, como deve ser. O PSB com o vereador Dr. Irani, vice na chapa do Bira Ritton(PP), orientou a vereadora Soraia(PSB) a votar na chapa composta por eles, mas como a maioria j\u00e1 sabia, mandou o recado que seu compromisso n\u00e3o era com o PSB e sim com o prefeito.<br \/>\nEm reuni\u00e3o realizada na casa do Dr, Irani (PSB), onze vereadores assinaram um documento de apoio ao candidato Bira Ritton (PP), entre eles, St\u00eanio (PDT) e Soraia (PSB). A press\u00e3o continuou, mas, para o desespero de Cial, Viegas, Kiko Besouchet e Alcides de Carli, a chapa foi registrada logo ap\u00f3s a diploma\u00e7\u00e3o dos vereadores. A press\u00e3o continuava e o primeiro tra\u00edra foi o vereador St\u00eanio (PDT), o secret\u00e1rio de governo, Renato Viegas (PP), ofereceu-lhe apoio para sua ONG localizada no Para\u00edso e ele deixou o grupo deixando apenas 10 vereadores. A segunda tra\u00edra foi a vereadora mais votada da hist\u00f3ria de Resende, integralmente apoiada pelo PSB na sua elei\u00e7\u00e3o, descumprindo a orienta\u00e7\u00e3o do partido e sua executiva, e tamb\u00e9m deixou o grupo. Restaram nove vereadores.<br \/>\nNo dia 1\u00ba de janeiro de 2013, dia da vota\u00e7\u00e3o ao chegar em casa por volta das 17:00h, o vereador Rom\u00e9rio (PMDB) foi convidado a entrar no carro pelo secret\u00e1rio de finan\u00e7as Renato Viegas e junto dele estavam Cial, Mirim (DEM) e Kiko Besouchet, todos tentando um acordo para que o Rom\u00e9rio votasse na chapa do Pedra. Levaram Rom\u00e9rio at\u00e9 a casa do prefeito para tentar perssuad\u00ed-lo a mudar de voto, l\u00e1 o prefeito pediu oficialmente ao vereador que votasse no Pedra. O pedido foi negado, pois Rom\u00e9rio havia assinado um documento e dado a palavra que votaria no Bira Ritton. Sem conseguir seu objetivo, eles deixaram Rom\u00e9rio em casa e j\u00e1 sabiam que a derrota era certa.<br \/>\nMais triste foi o vereador Caloca (PMDB), oposi\u00e7\u00e3o quatro anos de governo, reeleito com apoio de Noel de Carvalho, e aos 45 minutos do segundo tempo aceitou uma proposta, (&#8230;), para compor a chapa do Pedra, foi chamado no gabinete do prefeito e sentou com o 1\u00ba Ministro Renato Viegas para negociar, parece ter sido boa a conversa, o voto pelo menos foi garantido. Depois de quatro anos de oposi\u00e7\u00e3o um (&#8230;) faz qualquer um mudar de lado, principalmente quem n\u00e3o tem car\u00e1ter. Acabou a oposi\u00e7\u00e3o do Caloca e o Marcel\u00e3o da Famar, assessor de Caloca n\u00e3o gostou nada, pois n\u00e3o participou da negocia\u00e7\u00e3o e (&#8230;).<br \/>\nNunca na hist\u00f3ria de Resende um prefeito defendeu um candidato a presidente da C\u00e2mara que n\u00e3o fosse do partido dele, ainda mais, contra um candidato do seu pr\u00f3prio partido (Bira Ritton\u2013PP). Nesta batalha o chamado grupo do prefeito perdeu uma disputa pol\u00edtica contra os humildes e fi\u00e9is companheiros do PSC, PPS, PSB e PCdoB, destacando-se a seriedade e lealdade desses nobres vereadores eleitos pela primeira vez (Tisga (PPS), Barra Mansa (PPS), Davi \u00e9 10 (PRB), Tiago Forastieri (PSC), Ol\u00edmpo (PCdoB) e Dr. Ir\u00e2ni (PSB)). Uma disputa pol\u00edtica onde os mais fracos venceram os poderosos Renato Viegas, Cial, Kiko Besouchet e Alcides de Carli.<br \/>\nPor falar em Alcides de Carli dizem que nas elei\u00e7\u00f5es 2012 ele n\u00e3o apoiou o Rechuan pois teria pedido (&#8230;). Pedido feito e pedido recusado pelo prefeito. Assim, ele fez parte da coliga\u00e7\u00e3o de Noel de Carvalho.<br \/>\nA posi\u00e7\u00e3o do prefeito em apoiar Pedra \u00e0 presid\u00eancia da C\u00e2mara, dizem que foi ap\u00f3s o vereador entrar em seu gabinete e fazer amea\u00e7as, dizendo que se ele n\u00e3o ganhasse a presid\u00eancia ele iria apoiar o Noel de Carvalho para Deputado Estadual nas pr\u00f3ximas elei\u00e7\u00f5es (2014) fazendo dobradinha com ele como candidato a Deputado Federal, uma excelente dobradinha Pedra (PDT) e Noel de Carvalho (PMDB).<br \/>\nE agora? Ser\u00e1 que ele cumprir\u00e1 a amea\u00e7a? E seus cargos da prefeitura?<br \/>\nDizem que ele \u00e9 o vereador com mais cargos comissionados que a prefeitura j\u00e1 viu nesses \u00faltimos anos, como diz a poesia do querido Carlos Drumond de Andrade: \u201cTinha uma pedra no meio do caminho&#8230; no meio do caminho tinha uma pedra&#8230;\u201d<br \/>\n\u00c9 Rechuan&#8230; (&#8230;). Quem viver ver\u00e1 se essa pedra vai ficar mesmo no meio do caminho.<br \/>\nAnt\u00f4nio Carvalho<\/p>\n","protected":false},"excerpt":{"rendered":"<p>OPERA\u00c7\u00c3O ESCULACHO DA ALEGRIA Rio de janeiro e Resende, tudo a ver. Nunca na hist\u00f3ria da humanidade houve tanta fidelidade em nenhum tipo de<\/p>\n","protected":false},"author":1,"featured_media":0,"comment_status":"open","ping_status":"open","sticky":false,"template":"","format":"standard","meta":{"pmpro_default_level":"","footnotes":""},"categories":[8],"tags":[],"class_list":["post-3598","post","type-post","status-publish","format-standard","hentry","category-opiniao","pmpro-has-access"],"yoast_head":"<!-- This site is optimized with the Yoast SEO plugin v27.4 - https:\/\/yoast.com\/product\/yoast-seo-wordpress\/ -->\n<title>Cartas e E-mails - JORNAL BEIRA RIO<\/title>\n<meta name=\"robots\" content=\"index, follow, max-snippet:-1, max-image-preview:large, max-video-preview:-1\" \/>\n<link rel=\"canonical\" href=\"https:\/\/jornalbeirario.com.br\/portal\/?p=3598\" \/>\n<meta property=\"og:locale\" content=\"pt_BR\" \/>\n<meta property=\"og:type\" content=\"article\" \/>\n<meta property=\"og:title\" content=\"Cartas e E-mails - JORNAL BEIRA RIO\" \/>\n<meta property=\"og:description\" content=\"OPERA\u00c7\u00c3O ESCULACHO DA ALEGRIA Rio de janeiro e Resende, tudo a ver. Nunca na hist\u00f3ria da humanidade houve tanta fidelidade em nenhum tipo de\" \/>\n<meta property=\"og:url\" content=\"https:\/\/jornalbeirario.com.br\/portal\/?p=3598\" \/>\n<meta property=\"og:site_name\" content=\"JORNAL BEIRA RIO\" \/>\n<meta property=\"article:published_time\" content=\"2013-01-18T12:07:22+00:00\" \/>\n<meta name=\"author\" content=\"Jornal BEIRA-RIO\" \/>\n<meta name=\"twitter:card\" content=\"summary_large_image\" \/>\n<meta name=\"twitter:label1\" content=\"Escrito por\" \/>\n\t<meta name=\"twitter:data1\" content=\"Jornal BEIRA-RIO\" \/>\n\t<meta name=\"twitter:label2\" content=\"Est. tempo de leitura\" \/>\n\t<meta name=\"twitter:data2\" content=\"7 minutos\" \/>\n<script type=\"application\/ld+json\" class=\"yoast-schema-graph\">{\"@context\":\"https:\\\/\\\/schema.org\",\"@graph\":[{\"@type\":\"Article\",\"@id\":\"https:\\\/\\\/jornalbeirario.com.br\\\/portal\\\/?p=3598#article\",\"isPartOf\":{\"@id\":\"https:\\\/\\\/jornalbeirario.com.br\\\/portal\\\/?p=3598\"},\"author\":{\"name\":\"Jornal BEIRA-RIO\",\"@id\":\"https:\\\/\\\/jornalbeirario.com.br\\\/portal\\\/#\\\/schema\\\/person\\\/c6c423e4c2465d2a9233f6539173e7c1\"},\"headline\":\"Cartas e E-mails\",\"datePublished\":\"2013-01-18T12:07:22+00:00\",\"mainEntityOfPage\":{\"@id\":\"https:\\\/\\\/jornalbeirario.com.br\\\/portal\\\/?p=3598\"},\"wordCount\":1471,\"commentCount\":0,\"publisher\":{\"@id\":\"https:\\\/\\\/jornalbeirario.com.br\\\/portal\\\/#organization\"},\"articleSection\":[\"Opini\u00e3o\"],\"inLanguage\":\"pt-BR\",\"potentialAction\":[{\"@type\":\"CommentAction\",\"name\":\"Comment\",\"target\":[\"https:\\\/\\\/jornalbeirario.com.br\\\/portal\\\/?p=3598#respond\"]}]},{\"@type\":\"WebPage\",\"@id\":\"https:\\\/\\\/jornalbeirario.com.br\\\/portal\\\/?p=3598\",\"url\":\"https:\\\/\\\/jornalbeirario.com.br\\\/portal\\\/?p=3598\",\"name\":\"Cartas e E-mails - JORNAL BEIRA RIO\",\"isPartOf\":{\"@id\":\"https:\\\/\\\/jornalbeirario.com.br\\\/portal\\\/#website\"},\"datePublished\":\"2013-01-18T12:07:22+00:00\",\"breadcrumb\":{\"@id\":\"https:\\\/\\\/jornalbeirario.com.br\\\/portal\\\/?p=3598#breadcrumb\"},\"inLanguage\":\"pt-BR\",\"potentialAction\":[{\"@type\":\"ReadAction\",\"target\":[\"https:\\\/\\\/jornalbeirario.com.br\\\/portal\\\/?p=3598\"]}]},{\"@type\":\"BreadcrumbList\",\"@id\":\"https:\\\/\\\/jornalbeirario.com.br\\\/portal\\\/?p=3598#breadcrumb\",\"itemListElement\":[{\"@type\":\"ListItem\",\"position\":1,\"name\":\"Home\",\"item\":\"https:\\\/\\\/jornalbeirario.com.br\\\/portal\"},{\"@type\":\"ListItem\",\"position\":2,\"name\":\"Cartas e E-mails\"}]},{\"@type\":\"WebSite\",\"@id\":\"https:\\\/\\\/jornalbeirario.com.br\\\/portal\\\/#website\",\"url\":\"https:\\\/\\\/jornalbeirario.com.br\\\/portal\\\/\",\"name\":\"JORNAL BEIRA RIO\",\"description\":\"\",\"publisher\":{\"@id\":\"https:\\\/\\\/jornalbeirario.com.br\\\/portal\\\/#organization\"},\"potentialAction\":[{\"@type\":\"SearchAction\",\"target\":{\"@type\":\"EntryPoint\",\"urlTemplate\":\"https:\\\/\\\/jornalbeirario.com.br\\\/portal\\\/?s={search_term_string}\"},\"query-input\":{\"@type\":\"PropertyValueSpecification\",\"valueRequired\":true,\"valueName\":\"search_term_string\"}}],\"inLanguage\":\"pt-BR\"},{\"@type\":\"Organization\",\"@id\":\"https:\\\/\\\/jornalbeirario.com.br\\\/portal\\\/#organization\",\"name\":\"JORNAL BEIRA RIO\",\"url\":\"https:\\\/\\\/jornalbeirario.com.br\\\/portal\\\/\",\"logo\":{\"@type\":\"ImageObject\",\"inLanguage\":\"pt-BR\",\"@id\":\"https:\\\/\\\/jornalbeirario.com.br\\\/portal\\\/#\\\/schema\\\/logo\\\/image\\\/\",\"url\":\"https:\\\/\\\/jornalbeirario.com.br\\\/portal\\\/wp-content\\\/uploads\\\/2017\\\/09\\\/BEIRA-RIO_logo600.png\",\"contentUrl\":\"https:\\\/\\\/jornalbeirario.com.br\\\/portal\\\/wp-content\\\/uploads\\\/2017\\\/09\\\/BEIRA-RIO_logo600.png\",\"width\":650,\"height\":108,\"caption\":\"JORNAL BEIRA RIO\"},\"image\":{\"@id\":\"https:\\\/\\\/jornalbeirario.com.br\\\/portal\\\/#\\\/schema\\\/logo\\\/image\\\/\"}},{\"@type\":\"Person\",\"@id\":\"https:\\\/\\\/jornalbeirario.com.br\\\/portal\\\/#\\\/schema\\\/person\\\/c6c423e4c2465d2a9233f6539173e7c1\",\"name\":\"Jornal BEIRA-RIO\",\"image\":{\"@type\":\"ImageObject\",\"inLanguage\":\"pt-BR\",\"@id\":\"https:\\\/\\\/jornalbeirario.com.br\\\/portal\\\/wp-content\\\/uploads\\\/2023\\\/10\\\/logojbr1.jpg\",\"url\":\"https:\\\/\\\/jornalbeirario.com.br\\\/portal\\\/wp-content\\\/uploads\\\/2023\\\/10\\\/logojbr1.jpg\",\"contentUrl\":\"https:\\\/\\\/jornalbeirario.com.br\\\/portal\\\/wp-content\\\/uploads\\\/2023\\\/10\\\/logojbr1.jpg\",\"caption\":\"Jornal BEIRA-RIO\"},\"url\":\"https:\\\/\\\/jornalbeirario.com.br\\\/portal\\\/?author=1\"}]}<\/script>\n<!-- \/ Yoast SEO plugin. -->","yoast_head_json":{"title":"Cartas e E-mails - JORNAL BEIRA RIO","robots":{"index":"index","follow":"follow","max-snippet":"max-snippet:-1","max-image-preview":"max-image-preview:large","max-video-preview":"max-video-preview:-1"},"canonical":"https:\/\/jornalbeirario.com.br\/portal\/?p=3598","og_locale":"pt_BR","og_type":"article","og_title":"Cartas e E-mails - JORNAL BEIRA RIO","og_description":"OPERA\u00c7\u00c3O ESCULACHO DA ALEGRIA Rio de janeiro e Resende, tudo a ver. Nunca na hist\u00f3ria da humanidade houve tanta fidelidade em nenhum tipo de","og_url":"https:\/\/jornalbeirario.com.br\/portal\/?p=3598","og_site_name":"JORNAL BEIRA RIO","article_published_time":"2013-01-18T12:07:22+00:00","author":"Jornal BEIRA-RIO","twitter_card":"summary_large_image","twitter_misc":{"Escrito por":"Jornal BEIRA-RIO","Est. tempo de leitura":"7 minutos"},"schema":{"@context":"https:\/\/schema.org","@graph":[{"@type":"Article","@id":"https:\/\/jornalbeirario.com.br\/portal\/?p=3598#article","isPartOf":{"@id":"https:\/\/jornalbeirario.com.br\/portal\/?p=3598"},"author":{"name":"Jornal BEIRA-RIO","@id":"https:\/\/jornalbeirario.com.br\/portal\/#\/schema\/person\/c6c423e4c2465d2a9233f6539173e7c1"},"headline":"Cartas e E-mails","datePublished":"2013-01-18T12:07:22+00:00","mainEntityOfPage":{"@id":"https:\/\/jornalbeirario.com.br\/portal\/?p=3598"},"wordCount":1471,"commentCount":0,"publisher":{"@id":"https:\/\/jornalbeirario.com.br\/portal\/#organization"},"articleSection":["Opini\u00e3o"],"inLanguage":"pt-BR","potentialAction":[{"@type":"CommentAction","name":"Comment","target":["https:\/\/jornalbeirario.com.br\/portal\/?p=3598#respond"]}]},{"@type":"WebPage","@id":"https:\/\/jornalbeirario.com.br\/portal\/?p=3598","url":"https:\/\/jornalbeirario.com.br\/portal\/?p=3598","name":"Cartas e E-mails - JORNAL BEIRA RIO","isPartOf":{"@id":"https:\/\/jornalbeirario.com.br\/portal\/#website"},"datePublished":"2013-01-18T12:07:22+00:00","breadcrumb":{"@id":"https:\/\/jornalbeirario.com.br\/portal\/?p=3598#breadcrumb"},"inLanguage":"pt-BR","potentialAction":[{"@type":"ReadAction","target":["https:\/\/jornalbeirario.com.br\/portal\/?p=3598"]}]},{"@type":"BreadcrumbList","@id":"https:\/\/jornalbeirario.com.br\/portal\/?p=3598#breadcrumb","itemListElement":[{"@type":"ListItem","position":1,"name":"Home","item":"https:\/\/jornalbeirario.com.br\/portal"},{"@type":"ListItem","position":2,"name":"Cartas e E-mails"}]},{"@type":"WebSite","@id":"https:\/\/jornalbeirario.com.br\/portal\/#website","url":"https:\/\/jornalbeirario.com.br\/portal\/","name":"JORNAL BEIRA RIO","description":"","publisher":{"@id":"https:\/\/jornalbeirario.com.br\/portal\/#organization"},"potentialAction":[{"@type":"SearchAction","target":{"@type":"EntryPoint","urlTemplate":"https:\/\/jornalbeirario.com.br\/portal\/?s={search_term_string}"},"query-input":{"@type":"PropertyValueSpecification","valueRequired":true,"valueName":"search_term_string"}}],"inLanguage":"pt-BR"},{"@type":"Organization","@id":"https:\/\/jornalbeirario.com.br\/portal\/#organization","name":"JORNAL BEIRA RIO","url":"https:\/\/jornalbeirario.com.br\/portal\/","logo":{"@type":"ImageObject","inLanguage":"pt-BR","@id":"https:\/\/jornalbeirario.com.br\/portal\/#\/schema\/logo\/image\/","url":"https:\/\/jornalbeirario.com.br\/portal\/wp-content\/uploads\/2017\/09\/BEIRA-RIO_logo600.png","contentUrl":"https:\/\/jornalbeirario.com.br\/portal\/wp-content\/uploads\/2017\/09\/BEIRA-RIO_logo600.png","width":650,"height":108,"caption":"JORNAL BEIRA RIO"},"image":{"@id":"https:\/\/jornalbeirario.com.br\/portal\/#\/schema\/logo\/image\/"}},{"@type":"Person","@id":"https:\/\/jornalbeirario.com.br\/portal\/#\/schema\/person\/c6c423e4c2465d2a9233f6539173e7c1","name":"Jornal BEIRA-RIO","image":{"@type":"ImageObject","inLanguage":"pt-BR","@id":"https:\/\/jornalbeirario.com.br\/portal\/wp-content\/uploads\/2023\/10\/logojbr1.jpg","url":"https:\/\/jornalbeirario.com.br\/portal\/wp-content\/uploads\/2023\/10\/logojbr1.jpg","contentUrl":"https:\/\/jornalbeirario.com.br\/portal\/wp-content\/uploads\/2023\/10\/logojbr1.jpg","caption":"Jornal BEIRA-RIO"},"url":"https:\/\/jornalbeirario.com.br\/portal\/?author=1"}]}},"_links":{"self":[{"href":"https:\/\/jornalbeirario.com.br\/portal\/index.php?rest_route=\/wp\/v2\/posts\/3598","targetHints":{"allow":["GET"]}}],"collection":[{"href":"https:\/\/jornalbeirario.com.br\/portal\/index.php?rest_route=\/wp\/v2\/posts"}],"about":[{"href":"https:\/\/jornalbeirario.com.br\/portal\/index.php?rest_route=\/wp\/v2\/types\/post"}],"author":[{"embeddable":true,"href":"https:\/\/jornalbeirario.com.br\/portal\/index.php?rest_route=\/wp\/v2\/users\/1"}],"replies":[{"embeddable":true,"href":"https:\/\/jornalbeirario.com.br\/portal\/index.php?rest_route=%2Fwp%2Fv2%2Fcomments&post=3598"}],"version-history":[{"count":3,"href":"https:\/\/jornalbeirario.com.br\/portal\/index.php?rest_route=\/wp\/v2\/posts\/3598\/revisions"}],"predecessor-version":[{"id":3601,"href":"https:\/\/jornalbeirario.com.br\/portal\/index.php?rest_route=\/wp\/v2\/posts\/3598\/revisions\/3601"}],"wp:attachment":[{"href":"https:\/\/jornalbeirario.com.br\/portal\/index.php?rest_route=%2Fwp%2Fv2%2Fmedia&parent=3598"}],"wp:term":[{"taxonomy":"category","embeddable":true,"href":"https:\/\/jornalbeirario.com.br\/portal\/index.php?rest_route=%2Fwp%2Fv2%2Fcategories&post=3598"},{"taxonomy":"post_tag","embeddable":true,"href":"https:\/\/jornalbeirario.com.br\/portal\/index.php?rest_route=%2Fwp%2Fv2%2Ftags&post=3598"}],"curies":[{"name":"wp","href":"https:\/\/api.w.org\/{rel}","templated":true}]}}