
{"id":3594,"date":"2013-01-18T12:02:01","date_gmt":"2013-01-18T12:02:01","guid":{"rendered":"http:\/\/jornalbeirario.com.br\/portal\/portal\/?p=3594"},"modified":"2013-01-18T12:02:01","modified_gmt":"2013-01-18T12:02:01","slug":"quem-pensa-brasil-e-4o-pais-mais-encarcerador-do-mundo-em-numeros-absolutos","status":"publish","type":"post","link":"https:\/\/jornalbeirario.com.br\/portal\/?p=3594","title":{"rendered":"QUEM PENSA? \u201cBrasil \u00e9 4\u00ba pa\u00eds mais encarcerador do mundo em n\u00fameros absolutos\u201d"},"content":{"rendered":"<p>O t\u00edtulo e o artigo desta semana s\u00e3o do jurista Luiz Fl\u00e1vio Gomes que envia quase diariamente para o BEIRA-RIO textos e dados sempre muito pertinentes sobre Seguran\u00e7a P\u00fablica. Como essa semana, o JBR traz uma mat\u00e9ria sobre viol\u00eancia e drogas, considerei importante reproduzir aqui o artigo de Gomes e que nos leva a refletir se estamos no caminho certo no tratamento que hoje dispensamos ao tema \u2018drogas\u2019, j\u00e1 que a maior parte da popula\u00e7\u00e3o carcer\u00e1ria do pa\u00eds est\u00e1 restrita de liberdade por envolvimento com o tr\u00e1fico de drogas.<\/p>\n<p>Ana L\u00facia<br \/>\neditora do jornal<br \/>\nBEIRA-RIO<br \/>\nanalucia@jornalbeirario.com.br<\/p>\n<p>\u201cO \u00faltimo balan\u00e7o realizado pelo Depen (Departamento Penitenci\u00e1rio Nacional) apontou a exist\u00eancia de 513.802 presos no Brasil em junho de 2011, o que lhe mant\u00e9m no 4\u00ba lugar dentre os pa\u00edses mais encarceradores do mundo (Veja: Crescimento da popula\u00e7\u00e3o carcer\u00e1ria ultrapassa vertiginosamente o da popula\u00e7\u00e3o nacional).<\/p>\n<p>Em valores absolutos, o n\u00famero de presos no Brasil \u00e9 inferior apenas ao dos Estados Unidos, que conta com 2.226.832 presidi\u00e1rios, ao da China, com 1.650.000 presos e ao da R\u00fassia, com 763.700 encarcerados.<\/p>\n<p>Esses quatro pa\u00edses representam 52% de toda popula\u00e7\u00e3o encarcerada mundial (que totaliza 10.070.672 presos).<\/p>\n<p>Quando considerados os n\u00fameros de presos a cada 100 mil habitantes, o Brasil ocupa o 49\u00ba lugar no total mundial de 218 pa\u00edses (com 269 presos a cada 100 mil habitantes), ficando atr\u00e1s de pa\u00edses como o Paquist\u00e3o (40\u00ba colocado), a Nig\u00e9ria (30\u00ba colocado), o Sud\u00e3o (45\u00ba colocado), Nepal (42\u00ba colocado) e o Congo (26\u00ba colocado), dentre outros, muitos dos quais mais pobres ou em guerra declarada constante.<\/p>\n<p>Assim, a situa\u00e7\u00e3o do sistema carcer\u00e1rio brasileiro n\u00e3o s\u00f3 \u00e9 ca\u00f3tica em \u00e2mbitos nacionais, mas tamb\u00e9m quando comparada com os demais pa\u00edses do mundo.<\/p>\n<p>E o pior: al\u00e9m de uma absurda quantidade de encarcerados, que por si s\u00f3 n\u00e3o contribui para a diminui\u00e7\u00e3o da criminalidade no pa\u00eds, muitos dos nossos presos se encontram em situa\u00e7\u00e3o irregular e\/ou em condi\u00e7\u00f5es de vida degradantes, atingindo mundialmente nossa imagem perante os \u00f3rg\u00e3os de monitoramento dos Direitos Humanos (Veja: Sistema penitenci\u00e1rio mantinha mais de 21 mil presos irregulares e superlota\u00e7\u00e3o, insalubridade e falta de assist\u00eancia s\u00e3o as marcas dos estabelecimentos penais de S\u00e3o Paulo).<\/p>\n<p>LUIZ FL\u00c1VIO GOMES<br \/>\nJurista e professor. Fundador da Rede de Ensino LFG. Diretor-presidente do Instituto Avante Brasil e coeditor do atualidadesdodireito.com.br. Foi Promotor de Justi\u00e7a (1980 a 1983), Juiz de Direito (1983 a 1998) e Advogado (1999 a 2001).www.professorlfg.com.br.<\/p>\n<p><em>Colaborou: Mariana Cury Bunduky, Advogada e Pesquisadora do Instituto Avante Brasil.<\/em><\/p>\n","protected":false},"excerpt":{"rendered":"<p>O t\u00edtulo e o artigo desta semana s\u00e3o do jurista Luiz Fl\u00e1vio Gomes que envia quase diariamente para o BEIRA-RIO textos e dados sempre<\/p>\n","protected":false},"author":1,"featured_media":0,"comment_status":"open","ping_status":"open","sticky":false,"template":"","format":"standard","meta":{"pmpro_default_level":"","footnotes":"","_members_access_role":[],"_members_access_error":""},"categories":[8],"tags":[],"class_list":["post-3594","post","type-post","status-publish","format-standard","hentry","category-opiniao","pmpro-has-access"],"yoast_head":"<!-- This site is optimized with the Yoast SEO plugin v28.4 - https:\/\/yoast.com\/product\/yoast-seo-wordpress\/ -->\n<title>QUEM PENSA? \u201cBrasil \u00e9 4\u00ba pa\u00eds mais encarcerador do mundo em n\u00fameros absolutos\u201d  - JORNAL BEIRA RIO<\/title>\n<meta name=\"robots\" content=\"index, follow, max-snippet:-1, max-image-preview:large, max-video-preview:-1\" \/>\n<link rel=\"canonical\" href=\"https:\/\/jornalbeirario.com.br\/portal\/?p=3594\" \/>\n<meta property=\"og:locale\" content=\"pt_BR\" \/>\n<meta property=\"og:type\" content=\"article\" \/>\n<meta property=\"og:title\" content=\"QUEM PENSA? \u201cBrasil \u00e9 4\u00ba pa\u00eds mais encarcerador do mundo em n\u00fameros absolutos\u201d  - JORNAL BEIRA RIO\" \/>\n<meta property=\"og:description\" content=\"O t\u00edtulo e o artigo desta semana s\u00e3o do jurista Luiz Fl\u00e1vio Gomes que envia quase diariamente para o BEIRA-RIO textos e dados sempre\" \/>\n<meta property=\"og:url\" content=\"https:\/\/jornalbeirario.com.br\/portal\/?p=3594\" \/>\n<meta property=\"og:site_name\" content=\"JORNAL BEIRA RIO\" \/>\n<meta property=\"article:published_time\" content=\"2013-01-18T12:02:01+00:00\" \/>\n<meta name=\"author\" content=\"Jornal BEIRA-RIO\" \/>\n<meta name=\"twitter:card\" content=\"summary_large_image\" \/>\n<meta name=\"twitter:label1\" content=\"Escrito por\" \/>\n\t<meta name=\"twitter:data1\" content=\"Jornal BEIRA-RIO\" \/>\n\t<meta name=\"twitter:label2\" content=\"Est. tempo de leitura\" \/>\n\t<meta name=\"twitter:data2\" content=\"2 minutos\" \/>\n<script type=\"application\/ld+json\" class=\"yoast-schema-graph\">{\"@context\":\"https:\\\/\\\/schema.org\",\"@graph\":[{\"@type\":\"Article\",\"@id\":\"https:\\\/\\\/jornalbeirario.com.br\\\/portal\\\/?p=3594#article\",\"isPartOf\":{\"@id\":\"https:\\\/\\\/jornalbeirario.com.br\\\/portal\\\/?p=3594\"},\"author\":{\"name\":\"Jornal BEIRA-RIO\",\"@id\":\"https:\\\/\\\/jornalbeirario.com.br\\\/portal\\\/#\\\/schema\\\/person\\\/c6c423e4c2465d2a9233f6539173e7c1\"},\"headline\":\"QUEM PENSA? \u201cBrasil \u00e9 4\u00ba pa\u00eds mais encarcerador do mundo em n\u00fameros absolutos\u201d\",\"datePublished\":\"2013-01-18T12:02:01+00:00\",\"mainEntityOfPage\":{\"@id\":\"https:\\\/\\\/jornalbeirario.com.br\\\/portal\\\/?p=3594\"},\"wordCount\":456,\"commentCount\":0,\"publisher\":{\"@id\":\"https:\\\/\\\/jornalbeirario.com.br\\\/portal\\\/#organization\"},\"articleSection\":[\"Opini\u00e3o\"],\"inLanguage\":\"pt-BR\",\"potentialAction\":[{\"@type\":\"CommentAction\",\"name\":\"Comment\",\"target\":[\"https:\\\/\\\/jornalbeirario.com.br\\\/portal\\\/?p=3594#respond\"]}]},{\"@type\":\"WebPage\",\"@id\":\"https:\\\/\\\/jornalbeirario.com.br\\\/portal\\\/?p=3594\",\"url\":\"https:\\\/\\\/jornalbeirario.com.br\\\/portal\\\/?p=3594\",\"name\":\"QUEM PENSA? \u201cBrasil \u00e9 4\u00ba pa\u00eds mais encarcerador do mundo em n\u00fameros absolutos\u201d - JORNAL BEIRA RIO\",\"isPartOf\":{\"@id\":\"https:\\\/\\\/jornalbeirario.com.br\\\/portal\\\/#website\"},\"datePublished\":\"2013-01-18T12:02:01+00:00\",\"breadcrumb\":{\"@id\":\"https:\\\/\\\/jornalbeirario.com.br\\\/portal\\\/?p=3594#breadcrumb\"},\"inLanguage\":\"pt-BR\",\"potentialAction\":[{\"@type\":\"ReadAction\",\"target\":[\"https:\\\/\\\/jornalbeirario.com.br\\\/portal\\\/?p=3594\"]}]},{\"@type\":\"BreadcrumbList\",\"@id\":\"https:\\\/\\\/jornalbeirario.com.br\\\/portal\\\/?p=3594#breadcrumb\",\"itemListElement\":[{\"@type\":\"ListItem\",\"position\":1,\"name\":\"Home\",\"item\":\"https:\\\/\\\/jornalbeirario.com.br\\\/portal\"},{\"@type\":\"ListItem\",\"position\":2,\"name\":\"QUEM PENSA? \u201cBrasil \u00e9 4\u00ba pa\u00eds mais encarcerador do mundo em n\u00fameros absolutos\u201d\"}]},{\"@type\":\"WebSite\",\"@id\":\"https:\\\/\\\/jornalbeirario.com.br\\\/portal\\\/#website\",\"url\":\"https:\\\/\\\/jornalbeirario.com.br\\\/portal\\\/\",\"name\":\"JORNAL BEIRA RIO\",\"description\":\"\",\"publisher\":{\"@id\":\"https:\\\/\\\/jornalbeirario.com.br\\\/portal\\\/#organization\"},\"potentialAction\":[{\"@type\":\"SearchAction\",\"target\":{\"@type\":\"EntryPoint\",\"urlTemplate\":\"https:\\\/\\\/jornalbeirario.com.br\\\/portal\\\/?s={search_term_string}\"},\"query-input\":{\"@type\":\"PropertyValueSpecification\",\"valueRequired\":true,\"valueName\":\"search_term_string\"}}],\"inLanguage\":\"pt-BR\"},{\"@type\":\"Organization\",\"@id\":\"https:\\\/\\\/jornalbeirario.com.br\\\/portal\\\/#organization\",\"name\":\"JORNAL BEIRA RIO\",\"url\":\"https:\\\/\\\/jornalbeirario.com.br\\\/portal\\\/\",\"logo\":{\"@type\":\"ImageObject\",\"inLanguage\":\"pt-BR\",\"@id\":\"https:\\\/\\\/jornalbeirario.com.br\\\/portal\\\/#\\\/schema\\\/logo\\\/image\\\/\",\"url\":\"https:\\\/\\\/jornalbeirario.com.br\\\/portal\\\/wp-content\\\/uploads\\\/2017\\\/09\\\/BEIRA-RIO_logo600.png\",\"contentUrl\":\"https:\\\/\\\/jornalbeirario.com.br\\\/portal\\\/wp-content\\\/uploads\\\/2017\\\/09\\\/BEIRA-RIO_logo600.png\",\"width\":650,\"height\":108,\"caption\":\"JORNAL BEIRA RIO\"},\"image\":{\"@id\":\"https:\\\/\\\/jornalbeirario.com.br\\\/portal\\\/#\\\/schema\\\/logo\\\/image\\\/\"}},{\"@type\":\"Person\",\"@id\":\"https:\\\/\\\/jornalbeirario.com.br\\\/portal\\\/#\\\/schema\\\/person\\\/c6c423e4c2465d2a9233f6539173e7c1\",\"name\":\"Jornal BEIRA-RIO\",\"image\":{\"@type\":\"ImageObject\",\"inLanguage\":\"pt-BR\",\"@id\":\"https:\\\/\\\/jornalbeirario.com.br\\\/portal\\\/wp-content\\\/uploads\\\/2023\\\/10\\\/logojbr1.jpg\",\"url\":\"https:\\\/\\\/jornalbeirario.com.br\\\/portal\\\/wp-content\\\/uploads\\\/2023\\\/10\\\/logojbr1.jpg\",\"contentUrl\":\"https:\\\/\\\/jornalbeirario.com.br\\\/portal\\\/wp-content\\\/uploads\\\/2023\\\/10\\\/logojbr1.jpg\",\"caption\":\"Jornal BEIRA-RIO\"},\"url\":\"https:\\\/\\\/jornalbeirario.com.br\\\/portal\\\/?author=1\"}]}<\/script>\n<!-- \/ Yoast SEO plugin. -->","yoast_head_json":{"title":"QUEM PENSA? \u201cBrasil \u00e9 4\u00ba pa\u00eds mais encarcerador do mundo em n\u00fameros absolutos\u201d  - JORNAL BEIRA RIO","robots":{"index":"index","follow":"follow","max-snippet":"max-snippet:-1","max-image-preview":"max-image-preview:large","max-video-preview":"max-video-preview:-1"},"canonical":"https:\/\/jornalbeirario.com.br\/portal\/?p=3594","og_locale":"pt_BR","og_type":"article","og_title":"QUEM PENSA? \u201cBrasil \u00e9 4\u00ba pa\u00eds mais encarcerador do mundo em n\u00fameros absolutos\u201d  - JORNAL BEIRA RIO","og_description":"O t\u00edtulo e o artigo desta semana s\u00e3o do jurista Luiz Fl\u00e1vio Gomes que envia quase diariamente para o BEIRA-RIO textos e dados sempre","og_url":"https:\/\/jornalbeirario.com.br\/portal\/?p=3594","og_site_name":"JORNAL BEIRA RIO","article_published_time":"2013-01-18T12:02:01+00:00","author":"Jornal BEIRA-RIO","twitter_card":"summary_large_image","twitter_misc":{"Escrito por":"Jornal BEIRA-RIO","Est. tempo de leitura":"2 minutos"},"schema":{"@context":"https:\/\/schema.org","@graph":[{"@type":"Article","@id":"https:\/\/jornalbeirario.com.br\/portal\/?p=3594#article","isPartOf":{"@id":"https:\/\/jornalbeirario.com.br\/portal\/?p=3594"},"author":{"name":"Jornal BEIRA-RIO","@id":"https:\/\/jornalbeirario.com.br\/portal\/#\/schema\/person\/c6c423e4c2465d2a9233f6539173e7c1"},"headline":"QUEM PENSA? \u201cBrasil \u00e9 4\u00ba pa\u00eds mais encarcerador do mundo em n\u00fameros absolutos\u201d","datePublished":"2013-01-18T12:02:01+00:00","mainEntityOfPage":{"@id":"https:\/\/jornalbeirario.com.br\/portal\/?p=3594"},"wordCount":456,"commentCount":0,"publisher":{"@id":"https:\/\/jornalbeirario.com.br\/portal\/#organization"},"articleSection":["Opini\u00e3o"],"inLanguage":"pt-BR","potentialAction":[{"@type":"CommentAction","name":"Comment","target":["https:\/\/jornalbeirario.com.br\/portal\/?p=3594#respond"]}]},{"@type":"WebPage","@id":"https:\/\/jornalbeirario.com.br\/portal\/?p=3594","url":"https:\/\/jornalbeirario.com.br\/portal\/?p=3594","name":"QUEM PENSA? \u201cBrasil \u00e9 4\u00ba pa\u00eds mais encarcerador do mundo em n\u00fameros absolutos\u201d - JORNAL BEIRA RIO","isPartOf":{"@id":"https:\/\/jornalbeirario.com.br\/portal\/#website"},"datePublished":"2013-01-18T12:02:01+00:00","breadcrumb":{"@id":"https:\/\/jornalbeirario.com.br\/portal\/?p=3594#breadcrumb"},"inLanguage":"pt-BR","potentialAction":[{"@type":"ReadAction","target":["https:\/\/jornalbeirario.com.br\/portal\/?p=3594"]}]},{"@type":"BreadcrumbList","@id":"https:\/\/jornalbeirario.com.br\/portal\/?p=3594#breadcrumb","itemListElement":[{"@type":"ListItem","position":1,"name":"Home","item":"https:\/\/jornalbeirario.com.br\/portal"},{"@type":"ListItem","position":2,"name":"QUEM PENSA? \u201cBrasil \u00e9 4\u00ba pa\u00eds mais encarcerador do mundo em n\u00fameros absolutos\u201d"}]},{"@type":"WebSite","@id":"https:\/\/jornalbeirario.com.br\/portal\/#website","url":"https:\/\/jornalbeirario.com.br\/portal\/","name":"JORNAL BEIRA RIO","description":"","publisher":{"@id":"https:\/\/jornalbeirario.com.br\/portal\/#organization"},"potentialAction":[{"@type":"SearchAction","target":{"@type":"EntryPoint","urlTemplate":"https:\/\/jornalbeirario.com.br\/portal\/?s={search_term_string}"},"query-input":{"@type":"PropertyValueSpecification","valueRequired":true,"valueName":"search_term_string"}}],"inLanguage":"pt-BR"},{"@type":"Organization","@id":"https:\/\/jornalbeirario.com.br\/portal\/#organization","name":"JORNAL BEIRA RIO","url":"https:\/\/jornalbeirario.com.br\/portal\/","logo":{"@type":"ImageObject","inLanguage":"pt-BR","@id":"https:\/\/jornalbeirario.com.br\/portal\/#\/schema\/logo\/image\/","url":"https:\/\/jornalbeirario.com.br\/portal\/wp-content\/uploads\/2017\/09\/BEIRA-RIO_logo600.png","contentUrl":"https:\/\/jornalbeirario.com.br\/portal\/wp-content\/uploads\/2017\/09\/BEIRA-RIO_logo600.png","width":650,"height":108,"caption":"JORNAL BEIRA RIO"},"image":{"@id":"https:\/\/jornalbeirario.com.br\/portal\/#\/schema\/logo\/image\/"}},{"@type":"Person","@id":"https:\/\/jornalbeirario.com.br\/portal\/#\/schema\/person\/c6c423e4c2465d2a9233f6539173e7c1","name":"Jornal BEIRA-RIO","image":{"@type":"ImageObject","inLanguage":"pt-BR","@id":"https:\/\/jornalbeirario.com.br\/portal\/wp-content\/uploads\/2023\/10\/logojbr1.jpg","url":"https:\/\/jornalbeirario.com.br\/portal\/wp-content\/uploads\/2023\/10\/logojbr1.jpg","contentUrl":"https:\/\/jornalbeirario.com.br\/portal\/wp-content\/uploads\/2023\/10\/logojbr1.jpg","caption":"Jornal BEIRA-RIO"},"url":"https:\/\/jornalbeirario.com.br\/portal\/?author=1"}]}},"_links":{"self":[{"href":"https:\/\/jornalbeirario.com.br\/portal\/index.php?rest_route=\/wp\/v2\/posts\/3594","targetHints":{"allow":["GET"]}}],"collection":[{"href":"https:\/\/jornalbeirario.com.br\/portal\/index.php?rest_route=\/wp\/v2\/posts"}],"about":[{"href":"https:\/\/jornalbeirario.com.br\/portal\/index.php?rest_route=\/wp\/v2\/types\/post"}],"author":[{"embeddable":true,"href":"https:\/\/jornalbeirario.com.br\/portal\/index.php?rest_route=\/wp\/v2\/users\/1"}],"replies":[{"embeddable":true,"href":"https:\/\/jornalbeirario.com.br\/portal\/index.php?rest_route=%2Fwp%2Fv2%2Fcomments&post=3594"}],"version-history":[{"count":2,"href":"https:\/\/jornalbeirario.com.br\/portal\/index.php?rest_route=\/wp\/v2\/posts\/3594\/revisions"}],"predecessor-version":[{"id":3597,"href":"https:\/\/jornalbeirario.com.br\/portal\/index.php?rest_route=\/wp\/v2\/posts\/3594\/revisions\/3597"}],"wp:attachment":[{"href":"https:\/\/jornalbeirario.com.br\/portal\/index.php?rest_route=%2Fwp%2Fv2%2Fmedia&parent=3594"}],"wp:term":[{"taxonomy":"category","embeddable":true,"href":"https:\/\/jornalbeirario.com.br\/portal\/index.php?rest_route=%2Fwp%2Fv2%2Fcategories&post=3594"},{"taxonomy":"post_tag","embeddable":true,"href":"https:\/\/jornalbeirario.com.br\/portal\/index.php?rest_route=%2Fwp%2Fv2%2Ftags&post=3594"}],"curies":[{"name":"wp","href":"https:\/\/api.w.org\/{rel}","templated":true}]}}