
{"id":35518,"date":"2015-12-18T08:04:13","date_gmt":"2015-12-18T08:04:13","guid":{"rendered":"http:\/\/jornalbeirario.com.br\/portal\/portal\/?p=35518"},"modified":"2015-12-18T08:04:13","modified_gmt":"2015-12-18T08:04:13","slug":"lais-amaral-125","status":"publish","type":"post","link":"https:\/\/jornalbeirario.com.br\/portal\/?p=35518","title":{"rendered":"La\u00eds Amaral"},"content":{"rendered":"<p style=\"text-align: justify;\"><strong>Quarteto Fant\u00e1stico empolga Resende<\/strong><br \/>\nNa sexta-feira passada, dia 11, Resende presenciou um verdadeiro alinhamento de planetas que colocou no nov\u00edssimo palco da Forneria Artezian (com reservas a cargo do Andr\u00e9 Whately), o aut\u00eantico quarteto fant\u00e1stico: Sanny Alves (voz), Thiago Zaidan (viola e viol\u00e3o), Jairo Queiroz (trombone, flauta e saxofone) e o internacional Robertinho Silva (percuss\u00e3o). O evento fechou a noite de apresenta\u00e7\u00e3o dos alunos de m\u00fasica da escola Acorde \u2018Z\u2019. Robertinho Silva, consagrado m\u00fasico que j\u00e1 tocou com Milton Nascimento, Jo\u00e3o Donato, Tom Jobim, Egberto Gismonti, Airto Moreira, Raul de Souza, Dori Caymmi, Jo\u00e3o Bosco e tantos outros foi, apresentado, \u00e0 cidade na ousada inaugura\u00e7\u00e3o do Bar Atl\u00e2ntico h\u00e1 quase um ano. Agora voltou com seu novo companheiro de apresenta\u00e7\u00f5es pelo pa\u00eds, o mestre Thiago Zaidan, que dispensa coment\u00e1rios. Dando um molho entre cordas e percuss\u00e3o o trombone, a flauta e o saxe do talentos\u00edssimo Jairo Queiroz, m\u00fasico da Banda da Aman, que tem encantado a regi\u00e3o e mereceu elogios de Robertinho. E somando-se a esse trio de feras, uma bela: a estrela de primeira grandeza, Sanny Alves que com um time de m\u00fasicos desse naipe, ficou \u00e0 vontade em seu habitat e deu um show de interpreta\u00e7\u00e3o com o que h\u00e1 de mais reluzente nos cl\u00e1ssicos da MPB. Uma noite inesquec\u00edvel, que como disseram alguns dos entusiasmados presentes que superlotaram a casa: \u201cQuem viu, viu !!\u201d. Eu vi.<\/p>\n<p style=\"text-align: justify;\"><strong>Hoje, s\u00e1bado e domingo tem mais Festival de Teatro no Espa\u00e7o \u201cZ\u201d<\/strong><br \/>\nRecome\u00e7a hoje, dia 18, no Espa\u00e7o \u2018Z\u2019, o Festival de Teatro de Resende, realizado pela Prefeitura Municipal por meio da Funda\u00e7\u00e3o Casa da Cultura Macedo Miranda, e que este ano ficou dividido em dois finais de semana. Semana passada as com\u00e9dias de Wendel Amorim, Leandro Rezende e os grupos convidados vindos de pa\u00edses vizinhos do Mercosul. Nesta sexta portanto a retomada, que se dar\u00e1 com a pe\u00e7a \u201cPor tr\u00e1s da pele\u201d, de Arthur Vinciprova da Cia. P\u00e9 Direito, com o pr\u00f3prio Arthur e M\u00f4nica Izidoro no palco. Amanh\u00e3 (s\u00e1bado), a instigante \u2018Ori\u2019, de Cal\u00e9 Miranda que tamb\u00e9m dirige e atua, com a Cia. da A\u00e7\u00e3o. Encerrando no domingo a pe\u00e7a escrita por Lu Gast\u00e3o, \u2018Reconhecendo os Mortos\u2019 que coloca um forte time no palco: Anna Zelma, Marielouse Goransson, Luiz Fernando e Diogo Senna (de p\u00e9 engessado). Os espet\u00e1culos come\u00e7am \u00e0s 20 horas.<\/p>\n<p style=\"text-align: justify;\"><strong>TRIPA<\/strong><br \/>\n* Mas pra quem perdeu o estrondo que foi a apresenta\u00e7\u00e3o do quarteto fant\u00e1stico semana passada, um reconfortante aviso: o Ricardo \u201cFerrugem\u201d Paiva est\u00e1 aprontando uma boa para comemorar o primeiro anivers\u00e1rio do Bar Atl\u00e2ntico (depois de reaberto). Ser\u00e1 uma noite daquelas de arrepiar. Um grande encontro dos principais artistas que se apresentaram no bar nesse primeiro ano. Como o Atl\u00e2ntico n\u00e3o comportaria esse p\u00fablico, a festa dever\u00e1 acontecer no Clube da Casa da Lua. Aguardem novas not\u00edcias muito em breve * A CDL-Resende muda de presid\u00eancia a partir de janeiro. Sai Andr\u00e9 Am\u00eandola e entra Paulo Barcelos Rodrigues *Al\u00f4 torcida botafolgada, parece que teremos, finalmente um craque vestindo a gloriosa camisa alvinegra ano que vem. Por enquanto \u00e9 segredo para n\u00e3o atrapalhar as negocia\u00e7\u00f5es * Caramba esqueci de colocar aqui que o time da Casa da Lua foi o campe\u00e3o do So\u00e7aite Quarent\u00e3o da AABB deste ano, com uma campanha imposs\u00edvel: venceu todos os jogos. Um feito que entra para hist\u00f3ria das tradicionais competi\u00e7\u00f5es de so\u00e7aite do clube. Parab\u00e9ns !! * Tem gente acreditando que ano que vem ningu\u00e9m mais vai lembrar do esc\u00e2ndalo ocorrido na C\u00e2mara Municipal de Resende este ano. Ser\u00e1 ?<\/p>\n<p style=\"text-align: justify;\"><strong>ANIVERS\u00c1RIO<\/strong><br \/>\nDia 10, mudou de idade a Keila Ericka. No dia 12 foi a vez da Marina Duarte soprar velinhas. Dia 13, a minha amiga, chefe das telefonistas do Hospital de Emerg\u00eancia, Maria Luiza Mendes e o meu amigo, o m\u00fasico Roberto Lara ficaram mais experientes. No dia 14 contou mais um ano de vida a Presidente da Rep\u00fablica, Dilma Roussef. No dia 15, receberam os \u2018parab\u00e9ns\u2019, o Jair Alexandre, a amiga, Priscila Guedes e a minha molequinha, Fabiane Soares. Nesse dia 16, inauguraram idade nova, o Eduardo Reis, a Dilma Resende e a Elenice Santos. Parab\u00e9ns e todas as felicidades do mundo a eles.<\/p>\n","protected":false},"excerpt":{"rendered":"<p>Quarteto Fant\u00e1stico empolga Resende Na sexta-feira passada, dia 11, Resende presenciou um verdadeiro alinhamento de planetas que colocou no nov\u00edssimo palco da Forneria Artezian<\/p>\n","protected":false},"author":1,"featured_media":0,"comment_status":"open","ping_status":"open","sticky":false,"template":"","format":"standard","meta":{"pmpro_default_level":"","footnotes":""},"categories":[13],"tags":[],"class_list":["post-35518","post","type-post","status-publish","format-standard","hentry","category-social","pmpro-has-access"],"yoast_head":"<!-- This site is optimized with the Yoast SEO plugin v27.4 - https:\/\/yoast.com\/product\/yoast-seo-wordpress\/ -->\n<title>La\u00eds Amaral - JORNAL BEIRA RIO<\/title>\n<meta name=\"robots\" content=\"index, follow, max-snippet:-1, max-image-preview:large, max-video-preview:-1\" \/>\n<link rel=\"canonical\" href=\"https:\/\/jornalbeirario.com.br\/portal\/?p=35518\" \/>\n<meta property=\"og:locale\" content=\"pt_BR\" \/>\n<meta property=\"og:type\" content=\"article\" \/>\n<meta property=\"og:title\" content=\"La\u00eds Amaral - JORNAL BEIRA RIO\" \/>\n<meta property=\"og:description\" content=\"Quarteto Fant\u00e1stico empolga Resende Na sexta-feira passada, dia 11, Resende presenciou um verdadeiro alinhamento de planetas que colocou no nov\u00edssimo palco da Forneria Artezian\" \/>\n<meta property=\"og:url\" content=\"https:\/\/jornalbeirario.com.br\/portal\/?p=35518\" \/>\n<meta property=\"og:site_name\" content=\"JORNAL BEIRA RIO\" \/>\n<meta property=\"article:published_time\" content=\"2015-12-18T08:04:13+00:00\" \/>\n<meta name=\"author\" content=\"Jornal BEIRA-RIO\" \/>\n<meta name=\"twitter:card\" content=\"summary_large_image\" \/>\n<meta name=\"twitter:label1\" content=\"Escrito por\" \/>\n\t<meta name=\"twitter:data1\" content=\"Jornal BEIRA-RIO\" \/>\n\t<meta name=\"twitter:label2\" content=\"Est. tempo de leitura\" \/>\n\t<meta name=\"twitter:data2\" content=\"4 minutos\" \/>\n<script type=\"application\/ld+json\" class=\"yoast-schema-graph\">{\"@context\":\"https:\\\/\\\/schema.org\",\"@graph\":[{\"@type\":\"Article\",\"@id\":\"https:\\\/\\\/jornalbeirario.com.br\\\/portal\\\/?p=35518#article\",\"isPartOf\":{\"@id\":\"https:\\\/\\\/jornalbeirario.com.br\\\/portal\\\/?p=35518\"},\"author\":{\"name\":\"Jornal BEIRA-RIO\",\"@id\":\"https:\\\/\\\/jornalbeirario.com.br\\\/portal\\\/#\\\/schema\\\/person\\\/c6c423e4c2465d2a9233f6539173e7c1\"},\"headline\":\"La\u00eds Amaral\",\"datePublished\":\"2015-12-18T08:04:13+00:00\",\"mainEntityOfPage\":{\"@id\":\"https:\\\/\\\/jornalbeirario.com.br\\\/portal\\\/?p=35518\"},\"wordCount\":739,\"commentCount\":0,\"publisher\":{\"@id\":\"https:\\\/\\\/jornalbeirario.com.br\\\/portal\\\/#organization\"},\"articleSection\":[\"Social\"],\"inLanguage\":\"pt-BR\",\"potentialAction\":[{\"@type\":\"CommentAction\",\"name\":\"Comment\",\"target\":[\"https:\\\/\\\/jornalbeirario.com.br\\\/portal\\\/?p=35518#respond\"]}]},{\"@type\":\"WebPage\",\"@id\":\"https:\\\/\\\/jornalbeirario.com.br\\\/portal\\\/?p=35518\",\"url\":\"https:\\\/\\\/jornalbeirario.com.br\\\/portal\\\/?p=35518\",\"name\":\"La\u00eds Amaral - JORNAL BEIRA RIO\",\"isPartOf\":{\"@id\":\"https:\\\/\\\/jornalbeirario.com.br\\\/portal\\\/#website\"},\"datePublished\":\"2015-12-18T08:04:13+00:00\",\"breadcrumb\":{\"@id\":\"https:\\\/\\\/jornalbeirario.com.br\\\/portal\\\/?p=35518#breadcrumb\"},\"inLanguage\":\"pt-BR\",\"potentialAction\":[{\"@type\":\"ReadAction\",\"target\":[\"https:\\\/\\\/jornalbeirario.com.br\\\/portal\\\/?p=35518\"]}]},{\"@type\":\"BreadcrumbList\",\"@id\":\"https:\\\/\\\/jornalbeirario.com.br\\\/portal\\\/?p=35518#breadcrumb\",\"itemListElement\":[{\"@type\":\"ListItem\",\"position\":1,\"name\":\"Home\",\"item\":\"https:\\\/\\\/jornalbeirario.com.br\\\/portal\"},{\"@type\":\"ListItem\",\"position\":2,\"name\":\"La\u00eds Amaral\"}]},{\"@type\":\"WebSite\",\"@id\":\"https:\\\/\\\/jornalbeirario.com.br\\\/portal\\\/#website\",\"url\":\"https:\\\/\\\/jornalbeirario.com.br\\\/portal\\\/\",\"name\":\"JORNAL BEIRA RIO\",\"description\":\"\",\"publisher\":{\"@id\":\"https:\\\/\\\/jornalbeirario.com.br\\\/portal\\\/#organization\"},\"potentialAction\":[{\"@type\":\"SearchAction\",\"target\":{\"@type\":\"EntryPoint\",\"urlTemplate\":\"https:\\\/\\\/jornalbeirario.com.br\\\/portal\\\/?s={search_term_string}\"},\"query-input\":{\"@type\":\"PropertyValueSpecification\",\"valueRequired\":true,\"valueName\":\"search_term_string\"}}],\"inLanguage\":\"pt-BR\"},{\"@type\":\"Organization\",\"@id\":\"https:\\\/\\\/jornalbeirario.com.br\\\/portal\\\/#organization\",\"name\":\"JORNAL BEIRA RIO\",\"url\":\"https:\\\/\\\/jornalbeirario.com.br\\\/portal\\\/\",\"logo\":{\"@type\":\"ImageObject\",\"inLanguage\":\"pt-BR\",\"@id\":\"https:\\\/\\\/jornalbeirario.com.br\\\/portal\\\/#\\\/schema\\\/logo\\\/image\\\/\",\"url\":\"https:\\\/\\\/jornalbeirario.com.br\\\/portal\\\/wp-content\\\/uploads\\\/2017\\\/09\\\/BEIRA-RIO_logo600.png\",\"contentUrl\":\"https:\\\/\\\/jornalbeirario.com.br\\\/portal\\\/wp-content\\\/uploads\\\/2017\\\/09\\\/BEIRA-RIO_logo600.png\",\"width\":650,\"height\":108,\"caption\":\"JORNAL BEIRA RIO\"},\"image\":{\"@id\":\"https:\\\/\\\/jornalbeirario.com.br\\\/portal\\\/#\\\/schema\\\/logo\\\/image\\\/\"}},{\"@type\":\"Person\",\"@id\":\"https:\\\/\\\/jornalbeirario.com.br\\\/portal\\\/#\\\/schema\\\/person\\\/c6c423e4c2465d2a9233f6539173e7c1\",\"name\":\"Jornal BEIRA-RIO\",\"image\":{\"@type\":\"ImageObject\",\"inLanguage\":\"pt-BR\",\"@id\":\"https:\\\/\\\/jornalbeirario.com.br\\\/portal\\\/wp-content\\\/uploads\\\/2023\\\/10\\\/logojbr1.jpg\",\"url\":\"https:\\\/\\\/jornalbeirario.com.br\\\/portal\\\/wp-content\\\/uploads\\\/2023\\\/10\\\/logojbr1.jpg\",\"contentUrl\":\"https:\\\/\\\/jornalbeirario.com.br\\\/portal\\\/wp-content\\\/uploads\\\/2023\\\/10\\\/logojbr1.jpg\",\"caption\":\"Jornal BEIRA-RIO\"},\"url\":\"https:\\\/\\\/jornalbeirario.com.br\\\/portal\\\/?author=1\"}]}<\/script>\n<!-- \/ Yoast SEO plugin. -->","yoast_head_json":{"title":"La\u00eds Amaral - JORNAL BEIRA RIO","robots":{"index":"index","follow":"follow","max-snippet":"max-snippet:-1","max-image-preview":"max-image-preview:large","max-video-preview":"max-video-preview:-1"},"canonical":"https:\/\/jornalbeirario.com.br\/portal\/?p=35518","og_locale":"pt_BR","og_type":"article","og_title":"La\u00eds Amaral - JORNAL BEIRA RIO","og_description":"Quarteto Fant\u00e1stico empolga Resende Na sexta-feira passada, dia 11, Resende presenciou um verdadeiro alinhamento de planetas que colocou no nov\u00edssimo palco da Forneria Artezian","og_url":"https:\/\/jornalbeirario.com.br\/portal\/?p=35518","og_site_name":"JORNAL BEIRA RIO","article_published_time":"2015-12-18T08:04:13+00:00","author":"Jornal BEIRA-RIO","twitter_card":"summary_large_image","twitter_misc":{"Escrito por":"Jornal BEIRA-RIO","Est. tempo de leitura":"4 minutos"},"schema":{"@context":"https:\/\/schema.org","@graph":[{"@type":"Article","@id":"https:\/\/jornalbeirario.com.br\/portal\/?p=35518#article","isPartOf":{"@id":"https:\/\/jornalbeirario.com.br\/portal\/?p=35518"},"author":{"name":"Jornal BEIRA-RIO","@id":"https:\/\/jornalbeirario.com.br\/portal\/#\/schema\/person\/c6c423e4c2465d2a9233f6539173e7c1"},"headline":"La\u00eds Amaral","datePublished":"2015-12-18T08:04:13+00:00","mainEntityOfPage":{"@id":"https:\/\/jornalbeirario.com.br\/portal\/?p=35518"},"wordCount":739,"commentCount":0,"publisher":{"@id":"https:\/\/jornalbeirario.com.br\/portal\/#organization"},"articleSection":["Social"],"inLanguage":"pt-BR","potentialAction":[{"@type":"CommentAction","name":"Comment","target":["https:\/\/jornalbeirario.com.br\/portal\/?p=35518#respond"]}]},{"@type":"WebPage","@id":"https:\/\/jornalbeirario.com.br\/portal\/?p=35518","url":"https:\/\/jornalbeirario.com.br\/portal\/?p=35518","name":"La\u00eds Amaral - JORNAL BEIRA RIO","isPartOf":{"@id":"https:\/\/jornalbeirario.com.br\/portal\/#website"},"datePublished":"2015-12-18T08:04:13+00:00","breadcrumb":{"@id":"https:\/\/jornalbeirario.com.br\/portal\/?p=35518#breadcrumb"},"inLanguage":"pt-BR","potentialAction":[{"@type":"ReadAction","target":["https:\/\/jornalbeirario.com.br\/portal\/?p=35518"]}]},{"@type":"BreadcrumbList","@id":"https:\/\/jornalbeirario.com.br\/portal\/?p=35518#breadcrumb","itemListElement":[{"@type":"ListItem","position":1,"name":"Home","item":"https:\/\/jornalbeirario.com.br\/portal"},{"@type":"ListItem","position":2,"name":"La\u00eds Amaral"}]},{"@type":"WebSite","@id":"https:\/\/jornalbeirario.com.br\/portal\/#website","url":"https:\/\/jornalbeirario.com.br\/portal\/","name":"JORNAL BEIRA RIO","description":"","publisher":{"@id":"https:\/\/jornalbeirario.com.br\/portal\/#organization"},"potentialAction":[{"@type":"SearchAction","target":{"@type":"EntryPoint","urlTemplate":"https:\/\/jornalbeirario.com.br\/portal\/?s={search_term_string}"},"query-input":{"@type":"PropertyValueSpecification","valueRequired":true,"valueName":"search_term_string"}}],"inLanguage":"pt-BR"},{"@type":"Organization","@id":"https:\/\/jornalbeirario.com.br\/portal\/#organization","name":"JORNAL BEIRA RIO","url":"https:\/\/jornalbeirario.com.br\/portal\/","logo":{"@type":"ImageObject","inLanguage":"pt-BR","@id":"https:\/\/jornalbeirario.com.br\/portal\/#\/schema\/logo\/image\/","url":"https:\/\/jornalbeirario.com.br\/portal\/wp-content\/uploads\/2017\/09\/BEIRA-RIO_logo600.png","contentUrl":"https:\/\/jornalbeirario.com.br\/portal\/wp-content\/uploads\/2017\/09\/BEIRA-RIO_logo600.png","width":650,"height":108,"caption":"JORNAL BEIRA RIO"},"image":{"@id":"https:\/\/jornalbeirario.com.br\/portal\/#\/schema\/logo\/image\/"}},{"@type":"Person","@id":"https:\/\/jornalbeirario.com.br\/portal\/#\/schema\/person\/c6c423e4c2465d2a9233f6539173e7c1","name":"Jornal BEIRA-RIO","image":{"@type":"ImageObject","inLanguage":"pt-BR","@id":"https:\/\/jornalbeirario.com.br\/portal\/wp-content\/uploads\/2023\/10\/logojbr1.jpg","url":"https:\/\/jornalbeirario.com.br\/portal\/wp-content\/uploads\/2023\/10\/logojbr1.jpg","contentUrl":"https:\/\/jornalbeirario.com.br\/portal\/wp-content\/uploads\/2023\/10\/logojbr1.jpg","caption":"Jornal BEIRA-RIO"},"url":"https:\/\/jornalbeirario.com.br\/portal\/?author=1"}]}},"_links":{"self":[{"href":"https:\/\/jornalbeirario.com.br\/portal\/index.php?rest_route=\/wp\/v2\/posts\/35518","targetHints":{"allow":["GET"]}}],"collection":[{"href":"https:\/\/jornalbeirario.com.br\/portal\/index.php?rest_route=\/wp\/v2\/posts"}],"about":[{"href":"https:\/\/jornalbeirario.com.br\/portal\/index.php?rest_route=\/wp\/v2\/types\/post"}],"author":[{"embeddable":true,"href":"https:\/\/jornalbeirario.com.br\/portal\/index.php?rest_route=\/wp\/v2\/users\/1"}],"replies":[{"embeddable":true,"href":"https:\/\/jornalbeirario.com.br\/portal\/index.php?rest_route=%2Fwp%2Fv2%2Fcomments&post=35518"}],"version-history":[{"count":2,"href":"https:\/\/jornalbeirario.com.br\/portal\/index.php?rest_route=\/wp\/v2\/posts\/35518\/revisions"}],"predecessor-version":[{"id":35554,"href":"https:\/\/jornalbeirario.com.br\/portal\/index.php?rest_route=\/wp\/v2\/posts\/35518\/revisions\/35554"}],"wp:attachment":[{"href":"https:\/\/jornalbeirario.com.br\/portal\/index.php?rest_route=%2Fwp%2Fv2%2Fmedia&parent=35518"}],"wp:term":[{"taxonomy":"category","embeddable":true,"href":"https:\/\/jornalbeirario.com.br\/portal\/index.php?rest_route=%2Fwp%2Fv2%2Fcategories&post=35518"},{"taxonomy":"post_tag","embeddable":true,"href":"https:\/\/jornalbeirario.com.br\/portal\/index.php?rest_route=%2Fwp%2Fv2%2Ftags&post=35518"}],"curies":[{"name":"wp","href":"https:\/\/api.w.org\/{rel}","templated":true}]}}