
{"id":35452,"date":"2015-12-15T19:44:22","date_gmt":"2015-12-15T19:44:22","guid":{"rendered":"http:\/\/jornalbeirario.com.br\/portal\/portal\/?p=35452"},"modified":"2015-12-15T19:46:46","modified_gmt":"2015-12-15T19:46:46","slug":"aumenta-o-numero-de-casos-de-microcefalia-relacionados-ao-zika","status":"publish","type":"post","link":"https:\/\/jornalbeirario.com.br\/portal\/?p=35452","title":{"rendered":"Aumenta o n\u00famero de casos de microcefalia relacionados ao Zika V\u00edrus"},"content":{"rendered":"<p style=\"text-align: justify;\"><a href=\"https:\/\/jornalbeirario.com.br\/portal\/wp-content\/uploads\/2015\/12\/MOSQUITO-DA-DENGUE-dentro.jpg\"><img loading=\"lazy\" decoding=\"async\" class=\"alignleft size-medium wp-image-35454\" title=\"MOSQUITO DA DENGUE dentro\" src=\"https:\/\/jornalbeirario.com.br\/portal\/wp-content\/uploads\/2015\/12\/MOSQUITO-DA-DENGUE-dentro-300x225.jpg\" alt=\"\" width=\"300\" height=\"225\" srcset=\"https:\/\/jornalbeirario.com.br\/portal\/wp-content\/uploads\/2015\/12\/MOSQUITO-DA-DENGUE-dentro-300x225.jpg 300w, https:\/\/jornalbeirario.com.br\/portal\/wp-content\/uploads\/2015\/12\/MOSQUITO-DA-DENGUE-dentro.jpg 640w\" sizes=\"auto, (max-width: 300px) 100vw, 300px\" \/><\/a>Novos casos de microcefalia, relacionados a infec\u00e7\u00e3o pelo v\u00edrus Zika, foram divulgados nesta ter\u00e7a-feira,dia 15, pelo Minist\u00e9rio da Sa\u00fade. De acordo com o novo Boletim Epidemiol\u00f3gico foram registrados 2.401 casos da doen\u00e7a e 29 \u00f3bitos, at\u00e9 12 de dezembro deste ano. Esses casos est\u00e3o distribu\u00eddos em 549 munic\u00edpios de 20 Unidades da Federa\u00e7\u00e3o.<\/p>\n<p style=\"text-align: justify;\">O informe divulgado detalha, pela primeira vez, os primeiros casos confirmados e descartados. Do total de suspeitos notificados, foram confirmados 134 e descartados 102. Continuam em investiga\u00e7\u00e3o 2.165 casos. Foi confirmado um \u00f3bito e descartados dois. Permanecem em investiga\u00e7\u00e3o 26 mortes.<\/p>\n<p style=\"text-align: justify;\">A investiga\u00e7\u00e3o dos casos de microcefalia relacionados ao v\u00edrus Zika \u00e9 feito em conjunto com gestores de Sa\u00fade de estados e munic\u00edpios. O novo informe traz ainda os seis novos Estados (Esp\u00edrito Santo, Mato Grosso, Minas Gerais, Par\u00e1, S\u00e3o Paulo e Rio Grande do Sul) que notificaram casos suspeitos. Equipes t\u00e9cnicas de investiga\u00e7\u00e3o de campo do minist\u00e9rio da Sa\u00fade est\u00e3o trabalhando nos estados de Pernambuco, Rio Grande do Norte, Para\u00edba, Sergipe e Cear\u00e1.<\/p>\n<p style=\"text-align: justify;\">Nesta ter\u00e7a-feira, o diretor de Vigil\u00e2ncia das Doen\u00e7as Transmiss\u00edveis, Claudio Maierovitch, disse que o Minist\u00e9rio da Sa\u00fade est\u00e1 trabalhando no fortalecimento do diagn\u00f3stico para o v\u00edrus Zika. Ele alertou para os cuidados necess\u00e1rios neste ver\u00e3o. \u201c\u00c9 muito importante, neste per\u00edodo de festas e f\u00e9rias, que as pessoas, antes de viajarem, fa\u00e7am uma varredura geral em suas casas, eliminando todos os poss\u00edveis focos do mosquito. Devido \u00e0s condi\u00e7\u00f5es clim\u00e1ticas, esse per\u00edodo de ver\u00e3o \u00e9 um momento de maior circula\u00e7\u00e3o do mosquito\u201d, alerta Maierovitch.<\/p>\n<p style=\"text-align: justify;\">O teste para a confirma\u00e7\u00e3o do v\u00edrus Zika deve ser feito, de prefer\u00eancia, nos primeiros cinco dias de manifesta\u00e7\u00e3o dos sintomas.<\/p>\n<p style=\"text-align: justify;\">PLANO NACIONAL \u2013 No dia 5 de dezembro, foi lan\u00e7ado o Plano Nacional de Enfrentamento \u00e0 Microcefalia. Trata-se de uma grande mobiliza\u00e7\u00e3o nacional envolvendo diferentes minist\u00e9rios e \u00f3rg\u00e3os do governo federal, em parceria com estados e munic\u00edpios, para conter novos casos de microcefalia relacionados ao v\u00edrus Zika. O Plano \u00e9 resultado da cria\u00e7\u00e3o do Grupo Estrat\u00e9gico Interministerial de Emerg\u00eancia em sa\u00fade P\u00fablica de Import\u00e2ncia Nacional e Internacional (GEI-ESPII), que envolve 19 \u00f3rg\u00e3os e entidades.<\/p>\n<p style=\"text-align: justify;\">O plano \u00e9 dividido em tr\u00eas eixos de a\u00e7\u00e3o: Mobiliza\u00e7\u00e3o e Combate ao Mosquito; Atendimento \u00e0s Pessoas; e Desenvolvimento Tecnol\u00f3gico, Educa\u00e7\u00e3o e Pesquisa. Essas medidas emergenciais ser\u00e3o colocadas em pr\u00e1tica para intensificar as a\u00e7\u00f5es de combate ao mosquito.<\/p>\n<p style=\"text-align: justify;\"><em>Fotos: Reprodu\u00e7\u00e3o da Internet<\/em><\/p>\n<p style=\"text-align: justify;\"><em>Fonte: Minist\u00e9rio da Sa\u00fade<\/em><\/p>\n","protected":false},"excerpt":{"rendered":"<p>Novos casos de microcefalia, relacionados a infec\u00e7\u00e3o pelo v\u00edrus Zika, foram divulgados nesta ter\u00e7a-feira,dia 15, pelo Minist\u00e9rio da Sa\u00fade. De acordo com o novo<\/p>\n","protected":false},"author":1,"featured_media":35455,"comment_status":"open","ping_status":"open","sticky":false,"template":"","format":"standard","meta":{"pmpro_default_level":"","footnotes":""},"categories":[18],"tags":[155,153],"class_list":["post-35452","post","type-post","status-publish","format-standard","has-post-thumbnail","hentry","category-saude","tag-dehoraemhora","tag-manchete","pmpro-has-access"],"yoast_head":"<!-- This site is optimized with the Yoast SEO plugin v27.4 - https:\/\/yoast.com\/product\/yoast-seo-wordpress\/ -->\n<title>Aumenta o n\u00famero de casos de microcefalia relacionados ao Zika V\u00edrus - JORNAL BEIRA RIO<\/title>\n<meta name=\"robots\" content=\"index, follow, max-snippet:-1, max-image-preview:large, max-video-preview:-1\" \/>\n<link rel=\"canonical\" href=\"https:\/\/jornalbeirario.com.br\/portal\/?p=35452\" \/>\n<meta property=\"og:locale\" content=\"pt_BR\" \/>\n<meta property=\"og:type\" content=\"article\" \/>\n<meta property=\"og:title\" content=\"Aumenta o n\u00famero de casos de microcefalia relacionados ao Zika V\u00edrus - JORNAL BEIRA RIO\" \/>\n<meta property=\"og:description\" content=\"Novos casos de microcefalia, relacionados a infec\u00e7\u00e3o pelo v\u00edrus Zika, foram divulgados nesta ter\u00e7a-feira,dia 15, pelo Minist\u00e9rio da Sa\u00fade. De acordo com o novo\" \/>\n<meta property=\"og:url\" content=\"https:\/\/jornalbeirario.com.br\/portal\/?p=35452\" \/>\n<meta property=\"og:site_name\" content=\"JORNAL BEIRA RIO\" \/>\n<meta property=\"article:published_time\" content=\"2015-12-15T19:44:22+00:00\" \/>\n<meta property=\"article:modified_time\" content=\"2015-12-15T19:46:46+00:00\" \/>\n<meta property=\"og:image\" content=\"https:\/\/jornalbeirario.com.br\/portal\/wp-content\/uploads\/2015\/12\/MOSQUITO-DA-DENGUE.jpg\" \/>\n\t<meta property=\"og:image:width\" content=\"930\" \/>\n\t<meta property=\"og:image:height\" content=\"350\" \/>\n\t<meta property=\"og:image:type\" content=\"image\/jpeg\" \/>\n<meta name=\"author\" content=\"Jornal BEIRA-RIO\" \/>\n<meta name=\"twitter:card\" content=\"summary_large_image\" \/>\n<meta name=\"twitter:label1\" content=\"Escrito por\" \/>\n\t<meta name=\"twitter:data1\" content=\"Jornal BEIRA-RIO\" \/>\n\t<meta name=\"twitter:label2\" content=\"Est. tempo de leitura\" \/>\n\t<meta name=\"twitter:data2\" content=\"2 minutos\" \/>\n<script type=\"application\/ld+json\" class=\"yoast-schema-graph\">{\"@context\":\"https:\\\/\\\/schema.org\",\"@graph\":[{\"@type\":\"Article\",\"@id\":\"https:\\\/\\\/jornalbeirario.com.br\\\/portal\\\/?p=35452#article\",\"isPartOf\":{\"@id\":\"https:\\\/\\\/jornalbeirario.com.br\\\/portal\\\/?p=35452\"},\"author\":{\"name\":\"Jornal BEIRA-RIO\",\"@id\":\"https:\\\/\\\/jornalbeirario.com.br\\\/portal\\\/#\\\/schema\\\/person\\\/c6c423e4c2465d2a9233f6539173e7c1\"},\"headline\":\"Aumenta o n\u00famero de casos de microcefalia relacionados ao Zika V\u00edrus\",\"datePublished\":\"2015-12-15T19:44:22+00:00\",\"dateModified\":\"2015-12-15T19:46:46+00:00\",\"mainEntityOfPage\":{\"@id\":\"https:\\\/\\\/jornalbeirario.com.br\\\/portal\\\/?p=35452\"},\"wordCount\":457,\"commentCount\":0,\"publisher\":{\"@id\":\"https:\\\/\\\/jornalbeirario.com.br\\\/portal\\\/#organization\"},\"image\":{\"@id\":\"https:\\\/\\\/jornalbeirario.com.br\\\/portal\\\/?p=35452#primaryimage\"},\"thumbnailUrl\":\"https:\\\/\\\/jornalbeirario.com.br\\\/portal\\\/wp-content\\\/uploads\\\/2015\\\/12\\\/MOSQUITO-DA-DENGUE.jpg\",\"keywords\":[\"dehoraemhora\",\"manchete\"],\"articleSection\":[\"Sa\u00fade\"],\"inLanguage\":\"pt-BR\",\"potentialAction\":[{\"@type\":\"CommentAction\",\"name\":\"Comment\",\"target\":[\"https:\\\/\\\/jornalbeirario.com.br\\\/portal\\\/?p=35452#respond\"]}]},{\"@type\":\"WebPage\",\"@id\":\"https:\\\/\\\/jornalbeirario.com.br\\\/portal\\\/?p=35452\",\"url\":\"https:\\\/\\\/jornalbeirario.com.br\\\/portal\\\/?p=35452\",\"name\":\"Aumenta o n\u00famero de casos de microcefalia relacionados ao Zika V\u00edrus - JORNAL BEIRA RIO\",\"isPartOf\":{\"@id\":\"https:\\\/\\\/jornalbeirario.com.br\\\/portal\\\/#website\"},\"primaryImageOfPage\":{\"@id\":\"https:\\\/\\\/jornalbeirario.com.br\\\/portal\\\/?p=35452#primaryimage\"},\"image\":{\"@id\":\"https:\\\/\\\/jornalbeirario.com.br\\\/portal\\\/?p=35452#primaryimage\"},\"thumbnailUrl\":\"https:\\\/\\\/jornalbeirario.com.br\\\/portal\\\/wp-content\\\/uploads\\\/2015\\\/12\\\/MOSQUITO-DA-DENGUE.jpg\",\"datePublished\":\"2015-12-15T19:44:22+00:00\",\"dateModified\":\"2015-12-15T19:46:46+00:00\",\"breadcrumb\":{\"@id\":\"https:\\\/\\\/jornalbeirario.com.br\\\/portal\\\/?p=35452#breadcrumb\"},\"inLanguage\":\"pt-BR\",\"potentialAction\":[{\"@type\":\"ReadAction\",\"target\":[\"https:\\\/\\\/jornalbeirario.com.br\\\/portal\\\/?p=35452\"]}]},{\"@type\":\"ImageObject\",\"inLanguage\":\"pt-BR\",\"@id\":\"https:\\\/\\\/jornalbeirario.com.br\\\/portal\\\/?p=35452#primaryimage\",\"url\":\"https:\\\/\\\/jornalbeirario.com.br\\\/portal\\\/wp-content\\\/uploads\\\/2015\\\/12\\\/MOSQUITO-DA-DENGUE.jpg\",\"contentUrl\":\"https:\\\/\\\/jornalbeirario.com.br\\\/portal\\\/wp-content\\\/uploads\\\/2015\\\/12\\\/MOSQUITO-DA-DENGUE.jpg\",\"width\":\"930\",\"height\":\"350\"},{\"@type\":\"BreadcrumbList\",\"@id\":\"https:\\\/\\\/jornalbeirario.com.br\\\/portal\\\/?p=35452#breadcrumb\",\"itemListElement\":[{\"@type\":\"ListItem\",\"position\":1,\"name\":\"Home\",\"item\":\"https:\\\/\\\/jornalbeirario.com.br\\\/portal\"},{\"@type\":\"ListItem\",\"position\":2,\"name\":\"Aumenta o n\u00famero de casos de microcefalia relacionados ao Zika V\u00edrus\"}]},{\"@type\":\"WebSite\",\"@id\":\"https:\\\/\\\/jornalbeirario.com.br\\\/portal\\\/#website\",\"url\":\"https:\\\/\\\/jornalbeirario.com.br\\\/portal\\\/\",\"name\":\"JORNAL BEIRA RIO\",\"description\":\"\",\"publisher\":{\"@id\":\"https:\\\/\\\/jornalbeirario.com.br\\\/portal\\\/#organization\"},\"potentialAction\":[{\"@type\":\"SearchAction\",\"target\":{\"@type\":\"EntryPoint\",\"urlTemplate\":\"https:\\\/\\\/jornalbeirario.com.br\\\/portal\\\/?s={search_term_string}\"},\"query-input\":{\"@type\":\"PropertyValueSpecification\",\"valueRequired\":true,\"valueName\":\"search_term_string\"}}],\"inLanguage\":\"pt-BR\"},{\"@type\":\"Organization\",\"@id\":\"https:\\\/\\\/jornalbeirario.com.br\\\/portal\\\/#organization\",\"name\":\"JORNAL BEIRA RIO\",\"url\":\"https:\\\/\\\/jornalbeirario.com.br\\\/portal\\\/\",\"logo\":{\"@type\":\"ImageObject\",\"inLanguage\":\"pt-BR\",\"@id\":\"https:\\\/\\\/jornalbeirario.com.br\\\/portal\\\/#\\\/schema\\\/logo\\\/image\\\/\",\"url\":\"https:\\\/\\\/jornalbeirario.com.br\\\/portal\\\/wp-content\\\/uploads\\\/2017\\\/09\\\/BEIRA-RIO_logo600.png\",\"contentUrl\":\"https:\\\/\\\/jornalbeirario.com.br\\\/portal\\\/wp-content\\\/uploads\\\/2017\\\/09\\\/BEIRA-RIO_logo600.png\",\"width\":650,\"height\":108,\"caption\":\"JORNAL BEIRA RIO\"},\"image\":{\"@id\":\"https:\\\/\\\/jornalbeirario.com.br\\\/portal\\\/#\\\/schema\\\/logo\\\/image\\\/\"}},{\"@type\":\"Person\",\"@id\":\"https:\\\/\\\/jornalbeirario.com.br\\\/portal\\\/#\\\/schema\\\/person\\\/c6c423e4c2465d2a9233f6539173e7c1\",\"name\":\"Jornal BEIRA-RIO\",\"image\":{\"@type\":\"ImageObject\",\"inLanguage\":\"pt-BR\",\"@id\":\"https:\\\/\\\/jornalbeirario.com.br\\\/portal\\\/wp-content\\\/uploads\\\/2023\\\/10\\\/logojbr1.jpg\",\"url\":\"https:\\\/\\\/jornalbeirario.com.br\\\/portal\\\/wp-content\\\/uploads\\\/2023\\\/10\\\/logojbr1.jpg\",\"contentUrl\":\"https:\\\/\\\/jornalbeirario.com.br\\\/portal\\\/wp-content\\\/uploads\\\/2023\\\/10\\\/logojbr1.jpg\",\"caption\":\"Jornal BEIRA-RIO\"},\"url\":\"https:\\\/\\\/jornalbeirario.com.br\\\/portal\\\/?author=1\"}]}<\/script>\n<!-- \/ Yoast SEO plugin. -->","yoast_head_json":{"title":"Aumenta o n\u00famero de casos de microcefalia relacionados ao Zika V\u00edrus - JORNAL BEIRA RIO","robots":{"index":"index","follow":"follow","max-snippet":"max-snippet:-1","max-image-preview":"max-image-preview:large","max-video-preview":"max-video-preview:-1"},"canonical":"https:\/\/jornalbeirario.com.br\/portal\/?p=35452","og_locale":"pt_BR","og_type":"article","og_title":"Aumenta o n\u00famero de casos de microcefalia relacionados ao Zika V\u00edrus - JORNAL BEIRA RIO","og_description":"Novos casos de microcefalia, relacionados a infec\u00e7\u00e3o pelo v\u00edrus Zika, foram divulgados nesta ter\u00e7a-feira,dia 15, pelo Minist\u00e9rio da Sa\u00fade. De acordo com o novo","og_url":"https:\/\/jornalbeirario.com.br\/portal\/?p=35452","og_site_name":"JORNAL BEIRA RIO","article_published_time":"2015-12-15T19:44:22+00:00","article_modified_time":"2015-12-15T19:46:46+00:00","og_image":[{"width":930,"height":350,"url":"https:\/\/jornalbeirario.com.br\/portal\/wp-content\/uploads\/2015\/12\/MOSQUITO-DA-DENGUE.jpg","type":"image\/jpeg"}],"author":"Jornal BEIRA-RIO","twitter_card":"summary_large_image","twitter_misc":{"Escrito por":"Jornal BEIRA-RIO","Est. tempo de leitura":"2 minutos"},"schema":{"@context":"https:\/\/schema.org","@graph":[{"@type":"Article","@id":"https:\/\/jornalbeirario.com.br\/portal\/?p=35452#article","isPartOf":{"@id":"https:\/\/jornalbeirario.com.br\/portal\/?p=35452"},"author":{"name":"Jornal BEIRA-RIO","@id":"https:\/\/jornalbeirario.com.br\/portal\/#\/schema\/person\/c6c423e4c2465d2a9233f6539173e7c1"},"headline":"Aumenta o n\u00famero de casos de microcefalia relacionados ao Zika V\u00edrus","datePublished":"2015-12-15T19:44:22+00:00","dateModified":"2015-12-15T19:46:46+00:00","mainEntityOfPage":{"@id":"https:\/\/jornalbeirario.com.br\/portal\/?p=35452"},"wordCount":457,"commentCount":0,"publisher":{"@id":"https:\/\/jornalbeirario.com.br\/portal\/#organization"},"image":{"@id":"https:\/\/jornalbeirario.com.br\/portal\/?p=35452#primaryimage"},"thumbnailUrl":"https:\/\/jornalbeirario.com.br\/portal\/wp-content\/uploads\/2015\/12\/MOSQUITO-DA-DENGUE.jpg","keywords":["dehoraemhora","manchete"],"articleSection":["Sa\u00fade"],"inLanguage":"pt-BR","potentialAction":[{"@type":"CommentAction","name":"Comment","target":["https:\/\/jornalbeirario.com.br\/portal\/?p=35452#respond"]}]},{"@type":"WebPage","@id":"https:\/\/jornalbeirario.com.br\/portal\/?p=35452","url":"https:\/\/jornalbeirario.com.br\/portal\/?p=35452","name":"Aumenta o n\u00famero de casos de microcefalia relacionados ao Zika V\u00edrus - JORNAL BEIRA RIO","isPartOf":{"@id":"https:\/\/jornalbeirario.com.br\/portal\/#website"},"primaryImageOfPage":{"@id":"https:\/\/jornalbeirario.com.br\/portal\/?p=35452#primaryimage"},"image":{"@id":"https:\/\/jornalbeirario.com.br\/portal\/?p=35452#primaryimage"},"thumbnailUrl":"https:\/\/jornalbeirario.com.br\/portal\/wp-content\/uploads\/2015\/12\/MOSQUITO-DA-DENGUE.jpg","datePublished":"2015-12-15T19:44:22+00:00","dateModified":"2015-12-15T19:46:46+00:00","breadcrumb":{"@id":"https:\/\/jornalbeirario.com.br\/portal\/?p=35452#breadcrumb"},"inLanguage":"pt-BR","potentialAction":[{"@type":"ReadAction","target":["https:\/\/jornalbeirario.com.br\/portal\/?p=35452"]}]},{"@type":"ImageObject","inLanguage":"pt-BR","@id":"https:\/\/jornalbeirario.com.br\/portal\/?p=35452#primaryimage","url":"https:\/\/jornalbeirario.com.br\/portal\/wp-content\/uploads\/2015\/12\/MOSQUITO-DA-DENGUE.jpg","contentUrl":"https:\/\/jornalbeirario.com.br\/portal\/wp-content\/uploads\/2015\/12\/MOSQUITO-DA-DENGUE.jpg","width":"930","height":"350"},{"@type":"BreadcrumbList","@id":"https:\/\/jornalbeirario.com.br\/portal\/?p=35452#breadcrumb","itemListElement":[{"@type":"ListItem","position":1,"name":"Home","item":"https:\/\/jornalbeirario.com.br\/portal"},{"@type":"ListItem","position":2,"name":"Aumenta o n\u00famero de casos de microcefalia relacionados ao Zika V\u00edrus"}]},{"@type":"WebSite","@id":"https:\/\/jornalbeirario.com.br\/portal\/#website","url":"https:\/\/jornalbeirario.com.br\/portal\/","name":"JORNAL BEIRA RIO","description":"","publisher":{"@id":"https:\/\/jornalbeirario.com.br\/portal\/#organization"},"potentialAction":[{"@type":"SearchAction","target":{"@type":"EntryPoint","urlTemplate":"https:\/\/jornalbeirario.com.br\/portal\/?s={search_term_string}"},"query-input":{"@type":"PropertyValueSpecification","valueRequired":true,"valueName":"search_term_string"}}],"inLanguage":"pt-BR"},{"@type":"Organization","@id":"https:\/\/jornalbeirario.com.br\/portal\/#organization","name":"JORNAL BEIRA RIO","url":"https:\/\/jornalbeirario.com.br\/portal\/","logo":{"@type":"ImageObject","inLanguage":"pt-BR","@id":"https:\/\/jornalbeirario.com.br\/portal\/#\/schema\/logo\/image\/","url":"https:\/\/jornalbeirario.com.br\/portal\/wp-content\/uploads\/2017\/09\/BEIRA-RIO_logo600.png","contentUrl":"https:\/\/jornalbeirario.com.br\/portal\/wp-content\/uploads\/2017\/09\/BEIRA-RIO_logo600.png","width":650,"height":108,"caption":"JORNAL BEIRA RIO"},"image":{"@id":"https:\/\/jornalbeirario.com.br\/portal\/#\/schema\/logo\/image\/"}},{"@type":"Person","@id":"https:\/\/jornalbeirario.com.br\/portal\/#\/schema\/person\/c6c423e4c2465d2a9233f6539173e7c1","name":"Jornal BEIRA-RIO","image":{"@type":"ImageObject","inLanguage":"pt-BR","@id":"https:\/\/jornalbeirario.com.br\/portal\/wp-content\/uploads\/2023\/10\/logojbr1.jpg","url":"https:\/\/jornalbeirario.com.br\/portal\/wp-content\/uploads\/2023\/10\/logojbr1.jpg","contentUrl":"https:\/\/jornalbeirario.com.br\/portal\/wp-content\/uploads\/2023\/10\/logojbr1.jpg","caption":"Jornal BEIRA-RIO"},"url":"https:\/\/jornalbeirario.com.br\/portal\/?author=1"}]}},"_links":{"self":[{"href":"https:\/\/jornalbeirario.com.br\/portal\/index.php?rest_route=\/wp\/v2\/posts\/35452","targetHints":{"allow":["GET"]}}],"collection":[{"href":"https:\/\/jornalbeirario.com.br\/portal\/index.php?rest_route=\/wp\/v2\/posts"}],"about":[{"href":"https:\/\/jornalbeirario.com.br\/portal\/index.php?rest_route=\/wp\/v2\/types\/post"}],"author":[{"embeddable":true,"href":"https:\/\/jornalbeirario.com.br\/portal\/index.php?rest_route=\/wp\/v2\/users\/1"}],"replies":[{"embeddable":true,"href":"https:\/\/jornalbeirario.com.br\/portal\/index.php?rest_route=%2Fwp%2Fv2%2Fcomments&post=35452"}],"version-history":[{"count":5,"href":"https:\/\/jornalbeirario.com.br\/portal\/index.php?rest_route=\/wp\/v2\/posts\/35452\/revisions"}],"predecessor-version":[{"id":35458,"href":"https:\/\/jornalbeirario.com.br\/portal\/index.php?rest_route=\/wp\/v2\/posts\/35452\/revisions\/35458"}],"wp:featuredmedia":[{"embeddable":true,"href":"https:\/\/jornalbeirario.com.br\/portal\/index.php?rest_route=\/wp\/v2\/media\/35455"}],"wp:attachment":[{"href":"https:\/\/jornalbeirario.com.br\/portal\/index.php?rest_route=%2Fwp%2Fv2%2Fmedia&parent=35452"}],"wp:term":[{"taxonomy":"category","embeddable":true,"href":"https:\/\/jornalbeirario.com.br\/portal\/index.php?rest_route=%2Fwp%2Fv2%2Fcategories&post=35452"},{"taxonomy":"post_tag","embeddable":true,"href":"https:\/\/jornalbeirario.com.br\/portal\/index.php?rest_route=%2Fwp%2Fv2%2Ftags&post=35452"}],"curies":[{"name":"wp","href":"https:\/\/api.w.org\/{rel}","templated":true}]}}