
{"id":35371,"date":"2015-12-11T08:03:37","date_gmt":"2015-12-11T08:03:37","guid":{"rendered":"http:\/\/jornalbeirario.com.br\/portal\/portal\/?p=35371"},"modified":"2015-12-11T08:03:37","modified_gmt":"2015-12-11T08:03:37","slug":"lais-amaral-124","status":"publish","type":"post","link":"https:\/\/jornalbeirario.com.br\/portal\/?p=35371","title":{"rendered":"La\u00eds Amaral"},"content":{"rendered":"<p style=\"text-align: justify;\"><strong>\u2018Brameiros\u2019 comemoram 10 anos em grande confraterniza\u00e7\u00e3o na ARBR<\/strong><br \/>\nEstamos vivendo o per\u00edodo do ano marcado pelas confraterniza\u00e7\u00f5es. Haja f\u00edgado e malha\u00e7\u00e3o pra queimar os excessos. S\u00e3o colegas de trabalho, dos cursos que se encerram, das formaturas, das turmas de amigos e por a\u00ed afora. Domingo passado fui \u00e0 confraterniza\u00e7\u00e3o da turma dos Brameiros. Que marcava tamb\u00e9m os dez anos do grupo. \u00c9 o tempo que faz desde que eles atravessaram a rua, mudando de bar e mudando o nome do time de futebol so\u00e7aite, de \u2018Preguinho\u2019 para \u2018Brameiros\u2019. A turma \u00e9 unida e organizada. A festa realizada na ARBR mostrou bem isso. Presen\u00e7a maci\u00e7a das fam\u00edlias, muita m\u00fasica boa e, logicamente, muita cerveja. Trinta e cinco engradados estima H\u00e9rcules Nogueira, um dos l\u00edderes do grupo. Essa turma tem muita sede. O excelente PH Trio animou a festa enxertado por outras feras, entre eles o Fabio Monteiro. O DJ Z\u00e9 Ricardo comandou as carrapetas nos intervalos. Teve bolo, churrasco e acima de tudo muita camaradagem. E o forrobod\u00f3 durou quase o dia todo. Parab\u00e9ns aos Brameiros. Numa \u00e9poca em que tudo parece descart\u00e1vel, substitu\u00edvel, consum\u00edvel, essa turma consegue se manter unida, e se encontrando praticamente todos os dias. Destaque-se tamb\u00e9m a fidelidade por determinada marca de cerveja. Abra\u00e7\u00e3o a todos eles.<\/p>\n<p style=\"text-align: justify;\"><strong>\u2018Lidera-Rio\u2019 apresenta Mapas Estrat\u00e9gicos<\/strong><br \/>\nFoi encerrado nessa ter\u00e7a-feira, dia 8, na Pousada Vale dos P\u00e1ssaros, em Penedo, o curso do programa Lidera-Rio Turismo promovido pelo Sebrae-RJ com consultoria da empresa Barcelona M\u00e9dia, voltado \u00e0 cria\u00e7\u00e3o de uma agenda estrat\u00e9gica e integrada entre os destinos tur\u00edsticos da Regi\u00e3o das Agulhas Negras. Os prefeitos Jos\u00e9 Rechuan (Resende), Luis Carlos Ip\u00ea (Itatiaia) e Raimundo de Souza, o Bruno (Quatis), participaram da apresenta\u00e7\u00e3o dos mapas estrat\u00e9gicos dos seis destinos que frequentaram os quase tr\u00eas meses de workshops e tutorias. Os aproximadamente quarenta participantes foram distribu\u00eddos nos seguintes destinos: Resende Centro, Serrinha\/Capelinha, Visconde de Mau\u00e1, Penedo, Quatis e Parque Nacional do Itatiaia. Foi escolhida por cada grupo, uma a\u00e7\u00e3o para ser concretizada nos pr\u00f3ximos meses. A\u00e7\u00e3o que visa desencadear o processo previsto nos Mapas. Em mar\u00e7o haver\u00e1 um encontro com membros do SEBRAE e dos \u2018destinos\u2019 para uma avalia\u00e7\u00e3o. Uma decis\u00e3o foi comum a todos os grupos, a reativa\u00e7\u00e3o do Conselho Regional de Turismo (CONRETUR) que re\u00fane poderes p\u00fablicos, iniciativa privada e sociedade organizada dos quatro munic\u00edpios da regi\u00e3o das Agulhas Negras. O prefeito Rechuan em sua fala sugeriu a reativa\u00e7\u00e3o do Projeto Cercanias, que engloba quinze munic\u00edpios de tr\u00eas estados: SP, RJ e MG que fazem limite com Resende. A ideia n\u00e3o foi descartada, com entendimento que pode caminhar paralelamente \u00e0 consolida\u00e7\u00e3o dos Mapas Estrat\u00e9gicos gerados no curso do Lidera.<\/p>\n<p style=\"text-align: justify;\"><strong>TRIPA<\/strong><br \/>\n* Sexta-feira passada fui \u00e0 formatura da minha neta Isabela, no Salesiano. Muito legal o evento com os alunos dando um show de verve e criatividade. Gostei muito da homenagem \u00e0 fam\u00edlia do senhor Agenor Siqueira que foi quem doou o terreno e construiu a escola para os Salesianos al\u00e9m de outras ajudas fundamentais para a institui\u00e7\u00e3o. Eu trabalho com o Agenor que \u00e9 neto desse benfeitor. Tamb\u00e9m gostei da homenagem ao professor Carlos Eduardo de Paula, Dudu que \u00e9 tio da Isabela. Ele est\u00e1 deixando o corpo docente do col\u00e9gio para ingressar na Marinha Mercante. A festa continuou na bela casa localizada na avenida JK * Muito discreta, a mulher mais bonita de Resende esteve na confraterniza\u00e7\u00e3o dos Brameiros. Um luxo ! * O Dilson, um velho amigo, me cobrou outro dia: \u201cvoc\u00ea n\u00e3o vai falar do impeachment da Dilma ?\u201d Como voc\u00ea viu a\u00ed em cima, nas minhas notas, tinha coisa mais importante pra falar, Dilson. E o que falar de uma situa\u00e7\u00e3o nonsense como essa na qual um sujeito, esse Eduardo Cunha, cheio de acusa\u00e7\u00f5es criminosas comprovadas, e que j\u00e1 deveria estar preso, comanda a tentativa de impedimento de uma Presidente da Rep\u00fablica se quer est\u00e1 sendo investigada ? Falando em Cunha, por muito menos tem funcion\u00e1rio da C\u00e2mara de Resende dormindo em Bangu I * Claudionor Rosa abriu na segunda, dia 7, a exposi\u00e7\u00e3o \u2018Gaiolas da Liberdade\u2019, na Casa da Cultura * Declara\u00e7\u00e3o do Vad\u00e3o, na festa de confraterniza\u00e7\u00e3o dos Brameiros: \u201cano que vem, volto com o time do Alambari para ser campe\u00e3o na AABB. Somos, juntamente com a Turma da Pelada, os que mais conquistaram t\u00edtulos no so\u00e7aite. S\u00e3o quatro t\u00edtulos para cada um e vamos desempatar ano que vem. O Alambari vai ser o maior campe\u00e3o da AABB\u201d, declarou ele. Vamos aguardar * Fora Cunha !!<\/p>\n<p style=\"text-align: justify;\"><strong>ANIVERS\u00c1RIOS<\/strong><br \/>\nNo dia 3 de dezembro, uma turma grande e muito legal inaugurou idade nova. Meu primo Z\u00e9 Carlos, o Anderson Gomes, o \u2018Mam\u00e3o\u2019, da Turma dos Brameiros, o Andr\u00e9 Am\u00eandola (presidente da CDL-Resende), o Cristiano Gon\u00e7alves, o Marco Vin\u00edcio Pinho, o Valter Fil\u00e9, amigo de antigas jornadas e a minha car\u00edssima Silvia Stile, de Nova Jersei. Dia 5 sopraram velinhas tr\u00eas amigas: dona Neuza Viggiani, a F\u00e1tima Queiroz e a Beatriz Andrade. No dia 6, mudaram de idade a amiga Enir Leal e o grande Jorge Garrido que comemorou com os \u2018Brameiros\u2019. No dia 7 receberam os \u2018parab\u00e9ns\u2019, a Adriane M\u00fcller e o Thiago Forastieri. E nessa quarta, dia 9, ficaram mais experientes o Jos\u00e9 Augusto Amaro, o Giovani Rossini e a C\u00e1tia Veiga. Parab\u00e9ns e todas as felicidades do mundo a eles.<\/p>\n","protected":false},"excerpt":{"rendered":"<p>\u2018Brameiros\u2019 comemoram 10 anos em grande confraterniza\u00e7\u00e3o na ARBR Estamos vivendo o per\u00edodo do ano marcado pelas confraterniza\u00e7\u00f5es. Haja f\u00edgado e malha\u00e7\u00e3o pra queimar<\/p>\n","protected":false},"author":1,"featured_media":0,"comment_status":"open","ping_status":"open","sticky":false,"template":"","format":"standard","meta":{"pmpro_default_level":"","footnotes":""},"categories":[13],"tags":[],"class_list":["post-35371","post","type-post","status-publish","format-standard","hentry","category-social","pmpro-has-access"],"yoast_head":"<!-- This site is optimized with the Yoast SEO plugin v27.4 - https:\/\/yoast.com\/product\/yoast-seo-wordpress\/ -->\n<title>La\u00eds Amaral - JORNAL BEIRA RIO<\/title>\n<meta name=\"robots\" content=\"index, follow, max-snippet:-1, max-image-preview:large, max-video-preview:-1\" \/>\n<link rel=\"canonical\" href=\"https:\/\/jornalbeirario.com.br\/portal\/?p=35371\" \/>\n<meta property=\"og:locale\" content=\"pt_BR\" \/>\n<meta property=\"og:type\" content=\"article\" \/>\n<meta property=\"og:title\" content=\"La\u00eds Amaral - JORNAL BEIRA RIO\" \/>\n<meta property=\"og:description\" content=\"\u2018Brameiros\u2019 comemoram 10 anos em grande confraterniza\u00e7\u00e3o na ARBR Estamos vivendo o per\u00edodo do ano marcado pelas confraterniza\u00e7\u00f5es. Haja f\u00edgado e malha\u00e7\u00e3o pra queimar\" \/>\n<meta property=\"og:url\" content=\"https:\/\/jornalbeirario.com.br\/portal\/?p=35371\" \/>\n<meta property=\"og:site_name\" content=\"JORNAL BEIRA RIO\" \/>\n<meta property=\"article:published_time\" content=\"2015-12-11T08:03:37+00:00\" \/>\n<meta name=\"author\" content=\"Jornal BEIRA-RIO\" \/>\n<meta name=\"twitter:card\" content=\"summary_large_image\" \/>\n<meta name=\"twitter:label1\" content=\"Escrito por\" \/>\n\t<meta name=\"twitter:data1\" content=\"Jornal BEIRA-RIO\" \/>\n\t<meta name=\"twitter:label2\" content=\"Est. tempo de leitura\" \/>\n\t<meta name=\"twitter:data2\" content=\"5 minutos\" \/>\n<script type=\"application\/ld+json\" class=\"yoast-schema-graph\">{\"@context\":\"https:\\\/\\\/schema.org\",\"@graph\":[{\"@type\":\"Article\",\"@id\":\"https:\\\/\\\/jornalbeirario.com.br\\\/portal\\\/?p=35371#article\",\"isPartOf\":{\"@id\":\"https:\\\/\\\/jornalbeirario.com.br\\\/portal\\\/?p=35371\"},\"author\":{\"name\":\"Jornal BEIRA-RIO\",\"@id\":\"https:\\\/\\\/jornalbeirario.com.br\\\/portal\\\/#\\\/schema\\\/person\\\/c6c423e4c2465d2a9233f6539173e7c1\"},\"headline\":\"La\u00eds Amaral\",\"datePublished\":\"2015-12-11T08:03:37+00:00\",\"mainEntityOfPage\":{\"@id\":\"https:\\\/\\\/jornalbeirario.com.br\\\/portal\\\/?p=35371\"},\"wordCount\":935,\"commentCount\":0,\"publisher\":{\"@id\":\"https:\\\/\\\/jornalbeirario.com.br\\\/portal\\\/#organization\"},\"articleSection\":[\"Social\"],\"inLanguage\":\"pt-BR\",\"potentialAction\":[{\"@type\":\"CommentAction\",\"name\":\"Comment\",\"target\":[\"https:\\\/\\\/jornalbeirario.com.br\\\/portal\\\/?p=35371#respond\"]}]},{\"@type\":\"WebPage\",\"@id\":\"https:\\\/\\\/jornalbeirario.com.br\\\/portal\\\/?p=35371\",\"url\":\"https:\\\/\\\/jornalbeirario.com.br\\\/portal\\\/?p=35371\",\"name\":\"La\u00eds Amaral - JORNAL BEIRA RIO\",\"isPartOf\":{\"@id\":\"https:\\\/\\\/jornalbeirario.com.br\\\/portal\\\/#website\"},\"datePublished\":\"2015-12-11T08:03:37+00:00\",\"breadcrumb\":{\"@id\":\"https:\\\/\\\/jornalbeirario.com.br\\\/portal\\\/?p=35371#breadcrumb\"},\"inLanguage\":\"pt-BR\",\"potentialAction\":[{\"@type\":\"ReadAction\",\"target\":[\"https:\\\/\\\/jornalbeirario.com.br\\\/portal\\\/?p=35371\"]}]},{\"@type\":\"BreadcrumbList\",\"@id\":\"https:\\\/\\\/jornalbeirario.com.br\\\/portal\\\/?p=35371#breadcrumb\",\"itemListElement\":[{\"@type\":\"ListItem\",\"position\":1,\"name\":\"Home\",\"item\":\"https:\\\/\\\/jornalbeirario.com.br\\\/portal\"},{\"@type\":\"ListItem\",\"position\":2,\"name\":\"La\u00eds Amaral\"}]},{\"@type\":\"WebSite\",\"@id\":\"https:\\\/\\\/jornalbeirario.com.br\\\/portal\\\/#website\",\"url\":\"https:\\\/\\\/jornalbeirario.com.br\\\/portal\\\/\",\"name\":\"JORNAL BEIRA RIO\",\"description\":\"\",\"publisher\":{\"@id\":\"https:\\\/\\\/jornalbeirario.com.br\\\/portal\\\/#organization\"},\"potentialAction\":[{\"@type\":\"SearchAction\",\"target\":{\"@type\":\"EntryPoint\",\"urlTemplate\":\"https:\\\/\\\/jornalbeirario.com.br\\\/portal\\\/?s={search_term_string}\"},\"query-input\":{\"@type\":\"PropertyValueSpecification\",\"valueRequired\":true,\"valueName\":\"search_term_string\"}}],\"inLanguage\":\"pt-BR\"},{\"@type\":\"Organization\",\"@id\":\"https:\\\/\\\/jornalbeirario.com.br\\\/portal\\\/#organization\",\"name\":\"JORNAL BEIRA RIO\",\"url\":\"https:\\\/\\\/jornalbeirario.com.br\\\/portal\\\/\",\"logo\":{\"@type\":\"ImageObject\",\"inLanguage\":\"pt-BR\",\"@id\":\"https:\\\/\\\/jornalbeirario.com.br\\\/portal\\\/#\\\/schema\\\/logo\\\/image\\\/\",\"url\":\"https:\\\/\\\/jornalbeirario.com.br\\\/portal\\\/wp-content\\\/uploads\\\/2017\\\/09\\\/BEIRA-RIO_logo600.png\",\"contentUrl\":\"https:\\\/\\\/jornalbeirario.com.br\\\/portal\\\/wp-content\\\/uploads\\\/2017\\\/09\\\/BEIRA-RIO_logo600.png\",\"width\":650,\"height\":108,\"caption\":\"JORNAL BEIRA RIO\"},\"image\":{\"@id\":\"https:\\\/\\\/jornalbeirario.com.br\\\/portal\\\/#\\\/schema\\\/logo\\\/image\\\/\"}},{\"@type\":\"Person\",\"@id\":\"https:\\\/\\\/jornalbeirario.com.br\\\/portal\\\/#\\\/schema\\\/person\\\/c6c423e4c2465d2a9233f6539173e7c1\",\"name\":\"Jornal BEIRA-RIO\",\"image\":{\"@type\":\"ImageObject\",\"inLanguage\":\"pt-BR\",\"@id\":\"https:\\\/\\\/jornalbeirario.com.br\\\/portal\\\/wp-content\\\/uploads\\\/2023\\\/10\\\/logojbr1.jpg\",\"url\":\"https:\\\/\\\/jornalbeirario.com.br\\\/portal\\\/wp-content\\\/uploads\\\/2023\\\/10\\\/logojbr1.jpg\",\"contentUrl\":\"https:\\\/\\\/jornalbeirario.com.br\\\/portal\\\/wp-content\\\/uploads\\\/2023\\\/10\\\/logojbr1.jpg\",\"caption\":\"Jornal BEIRA-RIO\"},\"url\":\"https:\\\/\\\/jornalbeirario.com.br\\\/portal\\\/?author=1\"}]}<\/script>\n<!-- \/ Yoast SEO plugin. -->","yoast_head_json":{"title":"La\u00eds Amaral - JORNAL BEIRA RIO","robots":{"index":"index","follow":"follow","max-snippet":"max-snippet:-1","max-image-preview":"max-image-preview:large","max-video-preview":"max-video-preview:-1"},"canonical":"https:\/\/jornalbeirario.com.br\/portal\/?p=35371","og_locale":"pt_BR","og_type":"article","og_title":"La\u00eds Amaral - JORNAL BEIRA RIO","og_description":"\u2018Brameiros\u2019 comemoram 10 anos em grande confraterniza\u00e7\u00e3o na ARBR Estamos vivendo o per\u00edodo do ano marcado pelas confraterniza\u00e7\u00f5es. Haja f\u00edgado e malha\u00e7\u00e3o pra queimar","og_url":"https:\/\/jornalbeirario.com.br\/portal\/?p=35371","og_site_name":"JORNAL BEIRA RIO","article_published_time":"2015-12-11T08:03:37+00:00","author":"Jornal BEIRA-RIO","twitter_card":"summary_large_image","twitter_misc":{"Escrito por":"Jornal BEIRA-RIO","Est. tempo de leitura":"5 minutos"},"schema":{"@context":"https:\/\/schema.org","@graph":[{"@type":"Article","@id":"https:\/\/jornalbeirario.com.br\/portal\/?p=35371#article","isPartOf":{"@id":"https:\/\/jornalbeirario.com.br\/portal\/?p=35371"},"author":{"name":"Jornal BEIRA-RIO","@id":"https:\/\/jornalbeirario.com.br\/portal\/#\/schema\/person\/c6c423e4c2465d2a9233f6539173e7c1"},"headline":"La\u00eds Amaral","datePublished":"2015-12-11T08:03:37+00:00","mainEntityOfPage":{"@id":"https:\/\/jornalbeirario.com.br\/portal\/?p=35371"},"wordCount":935,"commentCount":0,"publisher":{"@id":"https:\/\/jornalbeirario.com.br\/portal\/#organization"},"articleSection":["Social"],"inLanguage":"pt-BR","potentialAction":[{"@type":"CommentAction","name":"Comment","target":["https:\/\/jornalbeirario.com.br\/portal\/?p=35371#respond"]}]},{"@type":"WebPage","@id":"https:\/\/jornalbeirario.com.br\/portal\/?p=35371","url":"https:\/\/jornalbeirario.com.br\/portal\/?p=35371","name":"La\u00eds Amaral - JORNAL BEIRA RIO","isPartOf":{"@id":"https:\/\/jornalbeirario.com.br\/portal\/#website"},"datePublished":"2015-12-11T08:03:37+00:00","breadcrumb":{"@id":"https:\/\/jornalbeirario.com.br\/portal\/?p=35371#breadcrumb"},"inLanguage":"pt-BR","potentialAction":[{"@type":"ReadAction","target":["https:\/\/jornalbeirario.com.br\/portal\/?p=35371"]}]},{"@type":"BreadcrumbList","@id":"https:\/\/jornalbeirario.com.br\/portal\/?p=35371#breadcrumb","itemListElement":[{"@type":"ListItem","position":1,"name":"Home","item":"https:\/\/jornalbeirario.com.br\/portal"},{"@type":"ListItem","position":2,"name":"La\u00eds Amaral"}]},{"@type":"WebSite","@id":"https:\/\/jornalbeirario.com.br\/portal\/#website","url":"https:\/\/jornalbeirario.com.br\/portal\/","name":"JORNAL BEIRA RIO","description":"","publisher":{"@id":"https:\/\/jornalbeirario.com.br\/portal\/#organization"},"potentialAction":[{"@type":"SearchAction","target":{"@type":"EntryPoint","urlTemplate":"https:\/\/jornalbeirario.com.br\/portal\/?s={search_term_string}"},"query-input":{"@type":"PropertyValueSpecification","valueRequired":true,"valueName":"search_term_string"}}],"inLanguage":"pt-BR"},{"@type":"Organization","@id":"https:\/\/jornalbeirario.com.br\/portal\/#organization","name":"JORNAL BEIRA RIO","url":"https:\/\/jornalbeirario.com.br\/portal\/","logo":{"@type":"ImageObject","inLanguage":"pt-BR","@id":"https:\/\/jornalbeirario.com.br\/portal\/#\/schema\/logo\/image\/","url":"https:\/\/jornalbeirario.com.br\/portal\/wp-content\/uploads\/2017\/09\/BEIRA-RIO_logo600.png","contentUrl":"https:\/\/jornalbeirario.com.br\/portal\/wp-content\/uploads\/2017\/09\/BEIRA-RIO_logo600.png","width":650,"height":108,"caption":"JORNAL BEIRA RIO"},"image":{"@id":"https:\/\/jornalbeirario.com.br\/portal\/#\/schema\/logo\/image\/"}},{"@type":"Person","@id":"https:\/\/jornalbeirario.com.br\/portal\/#\/schema\/person\/c6c423e4c2465d2a9233f6539173e7c1","name":"Jornal BEIRA-RIO","image":{"@type":"ImageObject","inLanguage":"pt-BR","@id":"https:\/\/jornalbeirario.com.br\/portal\/wp-content\/uploads\/2023\/10\/logojbr1.jpg","url":"https:\/\/jornalbeirario.com.br\/portal\/wp-content\/uploads\/2023\/10\/logojbr1.jpg","contentUrl":"https:\/\/jornalbeirario.com.br\/portal\/wp-content\/uploads\/2023\/10\/logojbr1.jpg","caption":"Jornal BEIRA-RIO"},"url":"https:\/\/jornalbeirario.com.br\/portal\/?author=1"}]}},"_links":{"self":[{"href":"https:\/\/jornalbeirario.com.br\/portal\/index.php?rest_route=\/wp\/v2\/posts\/35371","targetHints":{"allow":["GET"]}}],"collection":[{"href":"https:\/\/jornalbeirario.com.br\/portal\/index.php?rest_route=\/wp\/v2\/posts"}],"about":[{"href":"https:\/\/jornalbeirario.com.br\/portal\/index.php?rest_route=\/wp\/v2\/types\/post"}],"author":[{"embeddable":true,"href":"https:\/\/jornalbeirario.com.br\/portal\/index.php?rest_route=\/wp\/v2\/users\/1"}],"replies":[{"embeddable":true,"href":"https:\/\/jornalbeirario.com.br\/portal\/index.php?rest_route=%2Fwp%2Fv2%2Fcomments&post=35371"}],"version-history":[{"count":2,"href":"https:\/\/jornalbeirario.com.br\/portal\/index.php?rest_route=\/wp\/v2\/posts\/35371\/revisions"}],"predecessor-version":[{"id":35423,"href":"https:\/\/jornalbeirario.com.br\/portal\/index.php?rest_route=\/wp\/v2\/posts\/35371\/revisions\/35423"}],"wp:attachment":[{"href":"https:\/\/jornalbeirario.com.br\/portal\/index.php?rest_route=%2Fwp%2Fv2%2Fmedia&parent=35371"}],"wp:term":[{"taxonomy":"category","embeddable":true,"href":"https:\/\/jornalbeirario.com.br\/portal\/index.php?rest_route=%2Fwp%2Fv2%2Fcategories&post=35371"},{"taxonomy":"post_tag","embeddable":true,"href":"https:\/\/jornalbeirario.com.br\/portal\/index.php?rest_route=%2Fwp%2Fv2%2Ftags&post=35371"}],"curies":[{"name":"wp","href":"https:\/\/api.w.org\/{rel}","templated":true}]}}