
{"id":35111,"date":"2015-11-27T02:55:27","date_gmt":"2015-11-27T02:55:27","guid":{"rendered":"http:\/\/jornalbeirario.com.br\/portal\/portal\/?p=35111"},"modified":"2015-11-27T02:55:27","modified_gmt":"2015-11-27T02:55:27","slug":"lais-amaral-122","status":"publish","type":"post","link":"https:\/\/jornalbeirario.com.br\/portal\/?p=35111","title":{"rendered":"La\u00eds Amaral"},"content":{"rendered":"<p style=\"text-align: justify;\"><strong>60 anos do Magno: \u2018um brinde \u00e0 amizade\u2019<\/strong><br \/>\nUma \u2018Ter\u00e7a Sem Lei\u2019 (especial) aconteceu essa semana para comemorar os 60 anos do Magno, da Padaria. Quando cheguei ele estava com o neto Miguel ao colo. E a turma estava distribu\u00edda pelo quintal a conversar sobre tudo, ou jantando ou ainda aboletados na mesa do (infal\u00edvel) truco. Pra comer tinha pato ou carneiro. Pra beber: cerveja, whisky e cacha\u00e7a branca, da boa, da cidade mineira de Arcos. Sem tirar uma migalha de qualidade da turma presente, mas o principal fator que impregnava aquela noite de um astral super pra cima, era mesmo o talento do Magno para receber. \u00c9 um anfitri\u00e3o nota mil. E a troca de energia mais que positiva do ambiente era o resultado da exposi\u00e7\u00e3o do sentimento de amizade em estado bruto. Todos ali estavam movidos, \u00fanica e exclusivamente, pelo sentimento de amizade, que como classificou M\u00e1rio Quintana, o sublime bardo de Alegrete, \u201c\u00e9 um amor que nunca morre\u201d. E o Magno tem uma turma grande de amorosos amigos.<\/p>\n<p style=\"text-align: justify;\"><strong>60 anos do magno: \u2018uma cena chocante\u2019<\/strong><br \/>\nMas, como em tudo que h\u00e1 de bom, em tudo que parece fluir bem, se formos procurar certamente encontraremos um sen\u00e3o, mesmo que seja \u00ednfimo, v\u00e1 l\u00e1, para destoar, para manter o equil\u00edbrio da polariza\u00e7\u00e3o do universo. E, porque afinal toda unanimidade, como sabemos, \u00e9 burra. Pois bem, nessa noite presenciei, porque n\u00e3o dizer estarrecido, cenas que se fossem transmitidas pela TV, somente seriam apresentadas com classifica\u00e7\u00e3o para maioridade. Muita maioridade. Juro que resisti em expor o fato. Queria guardar no meu sil\u00eancio, algo que pode vir a macular uma reputa\u00e7\u00e3o. E a reputa\u00e7\u00e3o de um amigo botafoguense. Mas o meu, j\u00e1 quase adormecido esp\u00edrito de rep\u00f3rter me dobrou. Tirem as crian\u00e7as da sala. L\u00e1 vai: acreditem amigos, o H\u00e9rcules Nogueira, o Brameiro Nogueira passou a noite bebendo Itaipava. Ta\u00ed, falei, e n\u00e3o ouso repetir. Sei que posso me arrepender profundamente dessa quase dela\u00e7\u00e3o, mas Nogueira, a verdade n\u00e3o pode ficar escondida. Feliz 60 anos, Magno. E perdoe o gesto tresloucado do seu afilhado, Nogueira.<\/p>\n<p style=\"text-align: justify;\"><strong>TRIPA<\/strong><br \/>\n* Hoje, dia 27, \u00e9 a \u00faltima sexta-feira do Circuito Resende Gastron\u00f4mico. S\u00e3o 17 estabelecimentos entre cantinas, restaurantes, hot\u00e9is, bares e at\u00e9 uma torteria com pratos especialmente elaborados para o cliente se deliciar e conhecer mais um pouco dos pontos tur\u00edsticos de\u00a0 Resende (naturais, hist\u00f3ricos e culturais) podendo ainda ganhar como brinde, um prato ou uma caneca com ilustra\u00e7\u00e3o de um desses pontos tur\u00edstico. Ali\u00e1s, a arte dos brindes \u00e9 do pr\u00f3prio Secret\u00e1rio de Turismo da cidade, o Antonio Le\u00e3o.\u00a0 O circuito foi uma bola dentro da parceria entre poder p\u00fablico e iniciativa privada, pareceria que vem sendo exercitada com sucesso no Conselho Municipal de Turismo, presidido pelo Antonio Abr\u00e3o, o Tonh\u00e3o. Saiba mais no link bit.ly\/1MWPvTg * Nosso amigo Gulu Monteiro, irm\u00e3o do Robson e filho da dona Ione, est\u00e1 na terrinha a partir de hoje (sexta), depois de muito tempo sem nos visitar. Seja bem-vindo amigo * \u00c9 neste domingo os jogos de volta das semifinais do So\u00e7aite Quarent\u00e3o da AABB. Os resultados dos jogos de ida foram os seguintes: Casa da Lua 2 x 1 Ipiranga (quem segura o Casa da Lua ??) e Turma da Pelada 1 x 0 Brameiros. Os jogos que definem os finalistas da competi\u00e7\u00e3o acontecem \u00e0s 9h15min. Brameiros x Turma da Pelada e \u00e0s 10h20min. Ipiranga x Cada da Lua. Turma da Pelada e Casa da Lua jogam pelo empate * Amanh\u00e3 botafoguenses comemoram o t\u00edtulo de campe\u00e3o brasileiro de 2015 (s\u00e9rie B) no Bar do Edinho assistindo ao \u00faltimo jogo. Sorry periferia !! * E hoje (sexta) tem Sanny Alves no Bar Atlantico !! Nos vemos por l\u00e1.<\/p>\n<p style=\"text-align: justify;\"><strong>ANIVERS\u00c1RIOS<\/strong><br \/>\nDia 16, aniversariou o \u2018Cigano\u2019, companheiro de sambas por a\u00ed. Dia 19, um trio legal mudou de idade: o Julinho Reym\u00e3o, o Ricardo Keith e a Rosane Sant\u2019Anna. No dia 20, a Rosangela Moraes (Rosa) e a Cristina Ferreira receberam os \u2018parab\u00e9ns\u2019. Quem aniversariou dia 20 tamb\u00e9m foi o grupo Pedra Sonora, que acabou nos dando de presente uma super festa em Penedo, muito organizada, com muita m\u00fasica, gente boa, um show. Os caras s\u00e3os bons mesmo. Dia 21, o Magno, da Padaria soprou 60 velinhas. Dia 21, a Karina Rita, a Fab\u00edola Silva e a Sonia Pellini inauguraram idade nova. No dia 22, o Eduardo Sim\u00e3o, o Tuca, ficou mais experiente. Dia 23, a Rosa Bia, o Willians Sampaio e o Isaque Farizel comemoram mais um ano de vida. Parab\u00e9ns e todas as felicidades do mundo a eles.<\/p>\n","protected":false},"excerpt":{"rendered":"<p>60 anos do Magno: \u2018um brinde \u00e0 amizade\u2019 Uma \u2018Ter\u00e7a Sem Lei\u2019 (especial) aconteceu essa semana para comemorar os 60 anos do Magno, da<\/p>\n","protected":false},"author":1,"featured_media":0,"comment_status":"open","ping_status":"open","sticky":false,"template":"","format":"standard","meta":{"pmpro_default_level":"","footnotes":""},"categories":[13],"tags":[],"class_list":["post-35111","post","type-post","status-publish","format-standard","hentry","category-social","pmpro-has-access"],"yoast_head":"<!-- This site is optimized with the Yoast SEO plugin v27.4 - https:\/\/yoast.com\/product\/yoast-seo-wordpress\/ -->\n<title>La\u00eds Amaral - JORNAL BEIRA RIO<\/title>\n<meta name=\"robots\" content=\"index, follow, max-snippet:-1, max-image-preview:large, max-video-preview:-1\" \/>\n<link rel=\"canonical\" href=\"https:\/\/jornalbeirario.com.br\/portal\/?p=35111\" \/>\n<meta property=\"og:locale\" content=\"pt_BR\" \/>\n<meta property=\"og:type\" content=\"article\" \/>\n<meta property=\"og:title\" content=\"La\u00eds Amaral - JORNAL BEIRA RIO\" \/>\n<meta property=\"og:description\" content=\"60 anos do Magno: \u2018um brinde \u00e0 amizade\u2019 Uma \u2018Ter\u00e7a Sem Lei\u2019 (especial) aconteceu essa semana para comemorar os 60 anos do Magno, da\" \/>\n<meta property=\"og:url\" content=\"https:\/\/jornalbeirario.com.br\/portal\/?p=35111\" \/>\n<meta property=\"og:site_name\" content=\"JORNAL BEIRA RIO\" \/>\n<meta property=\"article:published_time\" content=\"2015-11-27T02:55:27+00:00\" \/>\n<meta name=\"author\" content=\"Jornal BEIRA-RIO\" \/>\n<meta name=\"twitter:card\" content=\"summary_large_image\" \/>\n<meta name=\"twitter:label1\" content=\"Escrito por\" \/>\n\t<meta name=\"twitter:data1\" content=\"Jornal BEIRA-RIO\" \/>\n\t<meta name=\"twitter:label2\" content=\"Est. tempo de leitura\" \/>\n\t<meta name=\"twitter:data2\" content=\"4 minutos\" \/>\n<script type=\"application\/ld+json\" class=\"yoast-schema-graph\">{\"@context\":\"https:\\\/\\\/schema.org\",\"@graph\":[{\"@type\":\"Article\",\"@id\":\"https:\\\/\\\/jornalbeirario.com.br\\\/portal\\\/?p=35111#article\",\"isPartOf\":{\"@id\":\"https:\\\/\\\/jornalbeirario.com.br\\\/portal\\\/?p=35111\"},\"author\":{\"name\":\"Jornal BEIRA-RIO\",\"@id\":\"https:\\\/\\\/jornalbeirario.com.br\\\/portal\\\/#\\\/schema\\\/person\\\/c6c423e4c2465d2a9233f6539173e7c1\"},\"headline\":\"La\u00eds Amaral\",\"datePublished\":\"2015-11-27T02:55:27+00:00\",\"mainEntityOfPage\":{\"@id\":\"https:\\\/\\\/jornalbeirario.com.br\\\/portal\\\/?p=35111\"},\"wordCount\":776,\"commentCount\":0,\"publisher\":{\"@id\":\"https:\\\/\\\/jornalbeirario.com.br\\\/portal\\\/#organization\"},\"articleSection\":[\"Social\"],\"inLanguage\":\"pt-BR\",\"potentialAction\":[{\"@type\":\"CommentAction\",\"name\":\"Comment\",\"target\":[\"https:\\\/\\\/jornalbeirario.com.br\\\/portal\\\/?p=35111#respond\"]}]},{\"@type\":\"WebPage\",\"@id\":\"https:\\\/\\\/jornalbeirario.com.br\\\/portal\\\/?p=35111\",\"url\":\"https:\\\/\\\/jornalbeirario.com.br\\\/portal\\\/?p=35111\",\"name\":\"La\u00eds Amaral - JORNAL BEIRA RIO\",\"isPartOf\":{\"@id\":\"https:\\\/\\\/jornalbeirario.com.br\\\/portal\\\/#website\"},\"datePublished\":\"2015-11-27T02:55:27+00:00\",\"breadcrumb\":{\"@id\":\"https:\\\/\\\/jornalbeirario.com.br\\\/portal\\\/?p=35111#breadcrumb\"},\"inLanguage\":\"pt-BR\",\"potentialAction\":[{\"@type\":\"ReadAction\",\"target\":[\"https:\\\/\\\/jornalbeirario.com.br\\\/portal\\\/?p=35111\"]}]},{\"@type\":\"BreadcrumbList\",\"@id\":\"https:\\\/\\\/jornalbeirario.com.br\\\/portal\\\/?p=35111#breadcrumb\",\"itemListElement\":[{\"@type\":\"ListItem\",\"position\":1,\"name\":\"Home\",\"item\":\"https:\\\/\\\/jornalbeirario.com.br\\\/portal\"},{\"@type\":\"ListItem\",\"position\":2,\"name\":\"La\u00eds Amaral\"}]},{\"@type\":\"WebSite\",\"@id\":\"https:\\\/\\\/jornalbeirario.com.br\\\/portal\\\/#website\",\"url\":\"https:\\\/\\\/jornalbeirario.com.br\\\/portal\\\/\",\"name\":\"JORNAL BEIRA RIO\",\"description\":\"\",\"publisher\":{\"@id\":\"https:\\\/\\\/jornalbeirario.com.br\\\/portal\\\/#organization\"},\"potentialAction\":[{\"@type\":\"SearchAction\",\"target\":{\"@type\":\"EntryPoint\",\"urlTemplate\":\"https:\\\/\\\/jornalbeirario.com.br\\\/portal\\\/?s={search_term_string}\"},\"query-input\":{\"@type\":\"PropertyValueSpecification\",\"valueRequired\":true,\"valueName\":\"search_term_string\"}}],\"inLanguage\":\"pt-BR\"},{\"@type\":\"Organization\",\"@id\":\"https:\\\/\\\/jornalbeirario.com.br\\\/portal\\\/#organization\",\"name\":\"JORNAL BEIRA RIO\",\"url\":\"https:\\\/\\\/jornalbeirario.com.br\\\/portal\\\/\",\"logo\":{\"@type\":\"ImageObject\",\"inLanguage\":\"pt-BR\",\"@id\":\"https:\\\/\\\/jornalbeirario.com.br\\\/portal\\\/#\\\/schema\\\/logo\\\/image\\\/\",\"url\":\"https:\\\/\\\/jornalbeirario.com.br\\\/portal\\\/wp-content\\\/uploads\\\/2017\\\/09\\\/BEIRA-RIO_logo600.png\",\"contentUrl\":\"https:\\\/\\\/jornalbeirario.com.br\\\/portal\\\/wp-content\\\/uploads\\\/2017\\\/09\\\/BEIRA-RIO_logo600.png\",\"width\":650,\"height\":108,\"caption\":\"JORNAL BEIRA RIO\"},\"image\":{\"@id\":\"https:\\\/\\\/jornalbeirario.com.br\\\/portal\\\/#\\\/schema\\\/logo\\\/image\\\/\"}},{\"@type\":\"Person\",\"@id\":\"https:\\\/\\\/jornalbeirario.com.br\\\/portal\\\/#\\\/schema\\\/person\\\/c6c423e4c2465d2a9233f6539173e7c1\",\"name\":\"Jornal BEIRA-RIO\",\"image\":{\"@type\":\"ImageObject\",\"inLanguage\":\"pt-BR\",\"@id\":\"https:\\\/\\\/jornalbeirario.com.br\\\/portal\\\/wp-content\\\/uploads\\\/2023\\\/10\\\/logojbr1.jpg\",\"url\":\"https:\\\/\\\/jornalbeirario.com.br\\\/portal\\\/wp-content\\\/uploads\\\/2023\\\/10\\\/logojbr1.jpg\",\"contentUrl\":\"https:\\\/\\\/jornalbeirario.com.br\\\/portal\\\/wp-content\\\/uploads\\\/2023\\\/10\\\/logojbr1.jpg\",\"caption\":\"Jornal BEIRA-RIO\"},\"url\":\"https:\\\/\\\/jornalbeirario.com.br\\\/portal\\\/?author=1\"}]}<\/script>\n<!-- \/ Yoast SEO plugin. -->","yoast_head_json":{"title":"La\u00eds Amaral - JORNAL BEIRA RIO","robots":{"index":"index","follow":"follow","max-snippet":"max-snippet:-1","max-image-preview":"max-image-preview:large","max-video-preview":"max-video-preview:-1"},"canonical":"https:\/\/jornalbeirario.com.br\/portal\/?p=35111","og_locale":"pt_BR","og_type":"article","og_title":"La\u00eds Amaral - JORNAL BEIRA RIO","og_description":"60 anos do Magno: \u2018um brinde \u00e0 amizade\u2019 Uma \u2018Ter\u00e7a Sem Lei\u2019 (especial) aconteceu essa semana para comemorar os 60 anos do Magno, da","og_url":"https:\/\/jornalbeirario.com.br\/portal\/?p=35111","og_site_name":"JORNAL BEIRA RIO","article_published_time":"2015-11-27T02:55:27+00:00","author":"Jornal BEIRA-RIO","twitter_card":"summary_large_image","twitter_misc":{"Escrito por":"Jornal BEIRA-RIO","Est. tempo de leitura":"4 minutos"},"schema":{"@context":"https:\/\/schema.org","@graph":[{"@type":"Article","@id":"https:\/\/jornalbeirario.com.br\/portal\/?p=35111#article","isPartOf":{"@id":"https:\/\/jornalbeirario.com.br\/portal\/?p=35111"},"author":{"name":"Jornal BEIRA-RIO","@id":"https:\/\/jornalbeirario.com.br\/portal\/#\/schema\/person\/c6c423e4c2465d2a9233f6539173e7c1"},"headline":"La\u00eds Amaral","datePublished":"2015-11-27T02:55:27+00:00","mainEntityOfPage":{"@id":"https:\/\/jornalbeirario.com.br\/portal\/?p=35111"},"wordCount":776,"commentCount":0,"publisher":{"@id":"https:\/\/jornalbeirario.com.br\/portal\/#organization"},"articleSection":["Social"],"inLanguage":"pt-BR","potentialAction":[{"@type":"CommentAction","name":"Comment","target":["https:\/\/jornalbeirario.com.br\/portal\/?p=35111#respond"]}]},{"@type":"WebPage","@id":"https:\/\/jornalbeirario.com.br\/portal\/?p=35111","url":"https:\/\/jornalbeirario.com.br\/portal\/?p=35111","name":"La\u00eds Amaral - JORNAL BEIRA RIO","isPartOf":{"@id":"https:\/\/jornalbeirario.com.br\/portal\/#website"},"datePublished":"2015-11-27T02:55:27+00:00","breadcrumb":{"@id":"https:\/\/jornalbeirario.com.br\/portal\/?p=35111#breadcrumb"},"inLanguage":"pt-BR","potentialAction":[{"@type":"ReadAction","target":["https:\/\/jornalbeirario.com.br\/portal\/?p=35111"]}]},{"@type":"BreadcrumbList","@id":"https:\/\/jornalbeirario.com.br\/portal\/?p=35111#breadcrumb","itemListElement":[{"@type":"ListItem","position":1,"name":"Home","item":"https:\/\/jornalbeirario.com.br\/portal"},{"@type":"ListItem","position":2,"name":"La\u00eds Amaral"}]},{"@type":"WebSite","@id":"https:\/\/jornalbeirario.com.br\/portal\/#website","url":"https:\/\/jornalbeirario.com.br\/portal\/","name":"JORNAL BEIRA RIO","description":"","publisher":{"@id":"https:\/\/jornalbeirario.com.br\/portal\/#organization"},"potentialAction":[{"@type":"SearchAction","target":{"@type":"EntryPoint","urlTemplate":"https:\/\/jornalbeirario.com.br\/portal\/?s={search_term_string}"},"query-input":{"@type":"PropertyValueSpecification","valueRequired":true,"valueName":"search_term_string"}}],"inLanguage":"pt-BR"},{"@type":"Organization","@id":"https:\/\/jornalbeirario.com.br\/portal\/#organization","name":"JORNAL BEIRA RIO","url":"https:\/\/jornalbeirario.com.br\/portal\/","logo":{"@type":"ImageObject","inLanguage":"pt-BR","@id":"https:\/\/jornalbeirario.com.br\/portal\/#\/schema\/logo\/image\/","url":"https:\/\/jornalbeirario.com.br\/portal\/wp-content\/uploads\/2017\/09\/BEIRA-RIO_logo600.png","contentUrl":"https:\/\/jornalbeirario.com.br\/portal\/wp-content\/uploads\/2017\/09\/BEIRA-RIO_logo600.png","width":650,"height":108,"caption":"JORNAL BEIRA RIO"},"image":{"@id":"https:\/\/jornalbeirario.com.br\/portal\/#\/schema\/logo\/image\/"}},{"@type":"Person","@id":"https:\/\/jornalbeirario.com.br\/portal\/#\/schema\/person\/c6c423e4c2465d2a9233f6539173e7c1","name":"Jornal BEIRA-RIO","image":{"@type":"ImageObject","inLanguage":"pt-BR","@id":"https:\/\/jornalbeirario.com.br\/portal\/wp-content\/uploads\/2023\/10\/logojbr1.jpg","url":"https:\/\/jornalbeirario.com.br\/portal\/wp-content\/uploads\/2023\/10\/logojbr1.jpg","contentUrl":"https:\/\/jornalbeirario.com.br\/portal\/wp-content\/uploads\/2023\/10\/logojbr1.jpg","caption":"Jornal BEIRA-RIO"},"url":"https:\/\/jornalbeirario.com.br\/portal\/?author=1"}]}},"_links":{"self":[{"href":"https:\/\/jornalbeirario.com.br\/portal\/index.php?rest_route=\/wp\/v2\/posts\/35111","targetHints":{"allow":["GET"]}}],"collection":[{"href":"https:\/\/jornalbeirario.com.br\/portal\/index.php?rest_route=\/wp\/v2\/posts"}],"about":[{"href":"https:\/\/jornalbeirario.com.br\/portal\/index.php?rest_route=\/wp\/v2\/types\/post"}],"author":[{"embeddable":true,"href":"https:\/\/jornalbeirario.com.br\/portal\/index.php?rest_route=\/wp\/v2\/users\/1"}],"replies":[{"embeddable":true,"href":"https:\/\/jornalbeirario.com.br\/portal\/index.php?rest_route=%2Fwp%2Fv2%2Fcomments&post=35111"}],"version-history":[{"count":3,"href":"https:\/\/jornalbeirario.com.br\/portal\/index.php?rest_route=\/wp\/v2\/posts\/35111\/revisions"}],"predecessor-version":[{"id":35156,"href":"https:\/\/jornalbeirario.com.br\/portal\/index.php?rest_route=\/wp\/v2\/posts\/35111\/revisions\/35156"}],"wp:attachment":[{"href":"https:\/\/jornalbeirario.com.br\/portal\/index.php?rest_route=%2Fwp%2Fv2%2Fmedia&parent=35111"}],"wp:term":[{"taxonomy":"category","embeddable":true,"href":"https:\/\/jornalbeirario.com.br\/portal\/index.php?rest_route=%2Fwp%2Fv2%2Fcategories&post=35111"},{"taxonomy":"post_tag","embeddable":true,"href":"https:\/\/jornalbeirario.com.br\/portal\/index.php?rest_route=%2Fwp%2Fv2%2Ftags&post=35111"}],"curies":[{"name":"wp","href":"https:\/\/api.w.org\/{rel}","templated":true}]}}