
{"id":34996,"date":"2015-11-20T08:36:58","date_gmt":"2015-11-20T08:36:58","guid":{"rendered":"http:\/\/jornalbeirario.com.br\/portal\/portal\/?p=34996"},"modified":"2015-11-20T08:36:58","modified_gmt":"2015-11-20T08:36:58","slug":"quem-pensa-o-que-rechuan-esconde-atras-das-cameras-alugadas-por-r-9-milhoes","status":"publish","type":"post","link":"https:\/\/jornalbeirario.com.br\/portal\/?p=34996","title":{"rendered":"QUEM PENSA? O que Rechuan esconde atr\u00e1s das c\u00e2meras alugadas por R$ 9 milh\u00f5es?"},"content":{"rendered":"<p style=\"text-align: justify;\">O jornal <strong>BEIRA-RIO<\/strong> h\u00e1 duas semanas aguarda resposta da Assessoria de Comunica\u00e7\u00e3o da Prefeitura de Resende para conhecer a sala de monitoramento das c\u00e2meras que foram alugadas recentemente e chamam aten\u00e7\u00e3o n\u00e3o s\u00f3 pela previs\u00e3o de pagamento do servi\u00e7o, quase R$ 9 milh\u00f5es, assim como pelo formato f\u00e1lico, giroflex, rob\u00f3tico. Quase uma pirotecnia.<\/p>\n<p style=\"text-align: justify;\">O <strong>JBR<\/strong> solicitou acesso \u00e0 sala de monitoria para fazer mat\u00e9ria mostrando a tal propagada resolu\u00e7\u00e3o e alcance das c\u00e2meras, assim como se todas as instaladas at\u00e9 o momento est\u00e3o funcionando como deveriam, j\u00e1 que fontes garantem que est\u00e3o instalando algumas das c\u00e2meras s\u00f3 para o \u201cefeito clima de seguran\u00e7a\u201d, j\u00e1 que h\u00e1 quem garanta que algumas como a do acesso oeste, por exemplo, n\u00e3o funcionam.<\/p>\n<p style=\"text-align: justify;\">A Assessoria de Comunica\u00e7\u00e3o que acompanhar\u00e1 a equipe do <strong>JBR<\/strong> diz que ainda n\u00e3o conseguiu autoriza\u00e7\u00e3o o que \u00e9 de se estranhar, j\u00e1 que em outros momentos, nos contratos anteriores, tivemos acesso \u00e0 sala de monitoramento. Lembro uma vez, que o ent\u00e3o superintende de Ordem P\u00fablica, Ed Murph me acompanhou explicando o trabalho dos guardas municipais que l\u00e1 ficavam a partir de uma ocorr\u00eancia, mostrando os monitores e respectivas imagens, assim como o registro das ocorr\u00eancias.<\/p>\n<p style=\"text-align: justify;\">Nos corredores da prefeitura todos comentam uma reuni\u00e3o que Rechuan estava muito nervoso por conta das c\u00e2meras. Atraso no cronograma, falta de infraestrutura para instala\u00e7\u00e3o entre outros assuntos e claro a repercuss\u00e3o na cidade, seja pela imprensa, seja pelas redes sociais do valor milion\u00e1rio de aluguel que n\u00f3s estamos pagando. N\u00e3o tenho d\u00favida que pagamos muito mais a megalomania de Rechuan e de seus g\u00eanios dos contratos milion\u00e1rios do que efetivamente por uma medida de seguran\u00e7a p\u00fablica. Prova disso, \u00e9 que no encontro sobre seguran\u00e7a que teve essa semana em Barra Mansa (leia na p\u00e1gina 9), os representantes de Resende nem citaram as famosas c\u00e2meras e nem mesmo se ir\u00e3o atualizar o Plano de Ordem P\u00fablica que foi elaborado em 2003, no governo Eduardo Meohas. O documento carece de revis\u00e3o e atualiza\u00e7\u00e3o em especial acrescentando os diversos bairros que surgiram nos \u00faltimos anos.<\/p>\n<p style=\"text-align: justify;\">Lamentavelmente \u00e9 s\u00f3 mais um contrato milion\u00e1rio, cuja conta n\u00f3s iremos pagar. Um valor absurdo deste que, indiscutivelmente, poderia ser reduzido, se o governo comprasse e montasse o monitoramento pr\u00f3prio, atualizando apenas os softwares. Mas e a sanha da terceiriza\u00e7\u00e3o dos servi\u00e7os que custam milh\u00f5es como ficariam?<\/p>\n<p style=\"text-align: justify;\">O endividamento de Resende, a irresponsabilidade do governo e a tentativa de manter a maquiagem dos caquinhos coloridos e agora, dos objetos f\u00e1licos e luminosos nas cal\u00e7adas da cidade demonstram que em 2016, os advers\u00e1rios pol\u00edticos de Rechuan n\u00e3o precisar\u00e3o se esfor\u00e7ar muito. O esfor\u00e7o ter\u00e1 que ser aplicado quando entrar o novo governo em janeiro de 2017. Quando as contas forem abertas e verificarem o n\u00f3 da corda em nossos pesco\u00e7os \u00e9 que o bicho vai pegar. E quando isso acontecer, muito provavelmente, Rechuan, segundo seus assessores n\u00e3o t\u00e3o fi\u00e9is assim revelam, poder\u00e1 estar no governo Pez\u00e3o, j\u00e1 que ele desde agora j\u00e1 estaria cavando uma boquinha pelas bandas do Pal\u00e1cio Guanabara.<\/p>\n<p style=\"text-align: justify;\">Essa tese da boquinha \u00e9 contestada por um grupo de analistas pol\u00edticos. Segundo os especialistas da pol\u00edtica resendense, em 2017, Rechuan estar\u00e1 \u00e9 se explicando, e muito, sobre os esc\u00e2ndalos de sua gest\u00e3o. Ser\u00e1?! At\u00e9 l\u00e1, vamos tentando entrar na misteriosa sala de monitoramento das c\u00e2meras de quase R$ 9 milh\u00f5es&#8230;isso que \u00e9 um governo transparente! #sqn<\/p>\n<p style=\"text-align: justify;\">Ana L\u00facia<br \/>\neditora do jornal <strong>BEIRA-RIO<\/strong><br \/>\nanalucia@jornalbeirario.com.br<\/p>\n","protected":false},"excerpt":{"rendered":"<p>O jornal BEIRA-RIO h\u00e1 duas semanas aguarda resposta da Assessoria de Comunica\u00e7\u00e3o da Prefeitura de Resende para conhecer a sala de monitoramento das c\u00e2meras<\/p>\n","protected":false},"author":1,"featured_media":0,"comment_status":"open","ping_status":"open","sticky":false,"template":"","format":"standard","meta":{"pmpro_default_level":"","footnotes":"","_members_access_role":[],"_members_access_error":""},"categories":[8],"tags":[],"class_list":["post-34996","post","type-post","status-publish","format-standard","hentry","category-opiniao","pmpro-has-access"],"yoast_head":"<!-- This site is optimized with the Yoast SEO plugin v28.4 - https:\/\/yoast.com\/product\/yoast-seo-wordpress\/ -->\n<title>QUEM PENSA? O que Rechuan esconde atr\u00e1s das c\u00e2meras alugadas por R$ 9 milh\u00f5es? - JORNAL BEIRA RIO<\/title>\n<meta name=\"robots\" content=\"index, follow, max-snippet:-1, max-image-preview:large, max-video-preview:-1\" \/>\n<link rel=\"canonical\" href=\"https:\/\/jornalbeirario.com.br\/portal\/?p=34996\" \/>\n<meta property=\"og:locale\" content=\"pt_BR\" \/>\n<meta property=\"og:type\" content=\"article\" \/>\n<meta property=\"og:title\" content=\"QUEM PENSA? O que Rechuan esconde atr\u00e1s das c\u00e2meras alugadas por R$ 9 milh\u00f5es? - JORNAL BEIRA RIO\" \/>\n<meta property=\"og:description\" content=\"O jornal BEIRA-RIO h\u00e1 duas semanas aguarda resposta da Assessoria de Comunica\u00e7\u00e3o da Prefeitura de Resende para conhecer a sala de monitoramento das c\u00e2meras\" \/>\n<meta property=\"og:url\" content=\"https:\/\/jornalbeirario.com.br\/portal\/?p=34996\" \/>\n<meta property=\"og:site_name\" content=\"JORNAL BEIRA RIO\" \/>\n<meta property=\"article:published_time\" content=\"2015-11-20T08:36:58+00:00\" \/>\n<meta name=\"author\" content=\"Jornal BEIRA-RIO\" \/>\n<meta name=\"twitter:card\" content=\"summary_large_image\" \/>\n<meta name=\"twitter:label1\" content=\"Escrito por\" \/>\n\t<meta name=\"twitter:data1\" content=\"Jornal BEIRA-RIO\" \/>\n\t<meta name=\"twitter:label2\" content=\"Est. tempo de leitura\" \/>\n\t<meta name=\"twitter:data2\" content=\"3 minutos\" \/>\n<script type=\"application\/ld+json\" class=\"yoast-schema-graph\">{\"@context\":\"https:\\\/\\\/schema.org\",\"@graph\":[{\"@type\":\"Article\",\"@id\":\"https:\\\/\\\/jornalbeirario.com.br\\\/portal\\\/?p=34996#article\",\"isPartOf\":{\"@id\":\"https:\\\/\\\/jornalbeirario.com.br\\\/portal\\\/?p=34996\"},\"author\":{\"name\":\"Jornal BEIRA-RIO\",\"@id\":\"https:\\\/\\\/jornalbeirario.com.br\\\/portal\\\/#\\\/schema\\\/person\\\/c6c423e4c2465d2a9233f6539173e7c1\"},\"headline\":\"QUEM PENSA? O que Rechuan esconde atr\u00e1s das c\u00e2meras alugadas por R$ 9 milh\u00f5es?\",\"datePublished\":\"2015-11-20T08:36:58+00:00\",\"mainEntityOfPage\":{\"@id\":\"https:\\\/\\\/jornalbeirario.com.br\\\/portal\\\/?p=34996\"},\"wordCount\":636,\"commentCount\":0,\"publisher\":{\"@id\":\"https:\\\/\\\/jornalbeirario.com.br\\\/portal\\\/#organization\"},\"articleSection\":[\"Opini\u00e3o\"],\"inLanguage\":\"pt-BR\",\"potentialAction\":[{\"@type\":\"CommentAction\",\"name\":\"Comment\",\"target\":[\"https:\\\/\\\/jornalbeirario.com.br\\\/portal\\\/?p=34996#respond\"]}]},{\"@type\":\"WebPage\",\"@id\":\"https:\\\/\\\/jornalbeirario.com.br\\\/portal\\\/?p=34996\",\"url\":\"https:\\\/\\\/jornalbeirario.com.br\\\/portal\\\/?p=34996\",\"name\":\"QUEM PENSA? O que Rechuan esconde atr\u00e1s das c\u00e2meras alugadas por R$ 9 milh\u00f5es? - JORNAL BEIRA RIO\",\"isPartOf\":{\"@id\":\"https:\\\/\\\/jornalbeirario.com.br\\\/portal\\\/#website\"},\"datePublished\":\"2015-11-20T08:36:58+00:00\",\"breadcrumb\":{\"@id\":\"https:\\\/\\\/jornalbeirario.com.br\\\/portal\\\/?p=34996#breadcrumb\"},\"inLanguage\":\"pt-BR\",\"potentialAction\":[{\"@type\":\"ReadAction\",\"target\":[\"https:\\\/\\\/jornalbeirario.com.br\\\/portal\\\/?p=34996\"]}]},{\"@type\":\"BreadcrumbList\",\"@id\":\"https:\\\/\\\/jornalbeirario.com.br\\\/portal\\\/?p=34996#breadcrumb\",\"itemListElement\":[{\"@type\":\"ListItem\",\"position\":1,\"name\":\"Home\",\"item\":\"https:\\\/\\\/jornalbeirario.com.br\\\/portal\"},{\"@type\":\"ListItem\",\"position\":2,\"name\":\"QUEM PENSA? O que Rechuan esconde atr\u00e1s das c\u00e2meras alugadas por R$ 9 milh\u00f5es?\"}]},{\"@type\":\"WebSite\",\"@id\":\"https:\\\/\\\/jornalbeirario.com.br\\\/portal\\\/#website\",\"url\":\"https:\\\/\\\/jornalbeirario.com.br\\\/portal\\\/\",\"name\":\"JORNAL BEIRA RIO\",\"description\":\"\",\"publisher\":{\"@id\":\"https:\\\/\\\/jornalbeirario.com.br\\\/portal\\\/#organization\"},\"potentialAction\":[{\"@type\":\"SearchAction\",\"target\":{\"@type\":\"EntryPoint\",\"urlTemplate\":\"https:\\\/\\\/jornalbeirario.com.br\\\/portal\\\/?s={search_term_string}\"},\"query-input\":{\"@type\":\"PropertyValueSpecification\",\"valueRequired\":true,\"valueName\":\"search_term_string\"}}],\"inLanguage\":\"pt-BR\"},{\"@type\":\"Organization\",\"@id\":\"https:\\\/\\\/jornalbeirario.com.br\\\/portal\\\/#organization\",\"name\":\"JORNAL BEIRA RIO\",\"url\":\"https:\\\/\\\/jornalbeirario.com.br\\\/portal\\\/\",\"logo\":{\"@type\":\"ImageObject\",\"inLanguage\":\"pt-BR\",\"@id\":\"https:\\\/\\\/jornalbeirario.com.br\\\/portal\\\/#\\\/schema\\\/logo\\\/image\\\/\",\"url\":\"https:\\\/\\\/jornalbeirario.com.br\\\/portal\\\/wp-content\\\/uploads\\\/2017\\\/09\\\/BEIRA-RIO_logo600.png\",\"contentUrl\":\"https:\\\/\\\/jornalbeirario.com.br\\\/portal\\\/wp-content\\\/uploads\\\/2017\\\/09\\\/BEIRA-RIO_logo600.png\",\"width\":650,\"height\":108,\"caption\":\"JORNAL BEIRA RIO\"},\"image\":{\"@id\":\"https:\\\/\\\/jornalbeirario.com.br\\\/portal\\\/#\\\/schema\\\/logo\\\/image\\\/\"}},{\"@type\":\"Person\",\"@id\":\"https:\\\/\\\/jornalbeirario.com.br\\\/portal\\\/#\\\/schema\\\/person\\\/c6c423e4c2465d2a9233f6539173e7c1\",\"name\":\"Jornal BEIRA-RIO\",\"image\":{\"@type\":\"ImageObject\",\"inLanguage\":\"pt-BR\",\"@id\":\"https:\\\/\\\/jornalbeirario.com.br\\\/portal\\\/wp-content\\\/uploads\\\/2023\\\/10\\\/logojbr1.jpg\",\"url\":\"https:\\\/\\\/jornalbeirario.com.br\\\/portal\\\/wp-content\\\/uploads\\\/2023\\\/10\\\/logojbr1.jpg\",\"contentUrl\":\"https:\\\/\\\/jornalbeirario.com.br\\\/portal\\\/wp-content\\\/uploads\\\/2023\\\/10\\\/logojbr1.jpg\",\"caption\":\"Jornal BEIRA-RIO\"},\"url\":\"https:\\\/\\\/jornalbeirario.com.br\\\/portal\\\/?author=1\"}]}<\/script>\n<!-- \/ Yoast SEO plugin. -->","yoast_head_json":{"title":"QUEM PENSA? O que Rechuan esconde atr\u00e1s das c\u00e2meras alugadas por R$ 9 milh\u00f5es? - JORNAL BEIRA RIO","robots":{"index":"index","follow":"follow","max-snippet":"max-snippet:-1","max-image-preview":"max-image-preview:large","max-video-preview":"max-video-preview:-1"},"canonical":"https:\/\/jornalbeirario.com.br\/portal\/?p=34996","og_locale":"pt_BR","og_type":"article","og_title":"QUEM PENSA? O que Rechuan esconde atr\u00e1s das c\u00e2meras alugadas por R$ 9 milh\u00f5es? - JORNAL BEIRA RIO","og_description":"O jornal BEIRA-RIO h\u00e1 duas semanas aguarda resposta da Assessoria de Comunica\u00e7\u00e3o da Prefeitura de Resende para conhecer a sala de monitoramento das c\u00e2meras","og_url":"https:\/\/jornalbeirario.com.br\/portal\/?p=34996","og_site_name":"JORNAL BEIRA RIO","article_published_time":"2015-11-20T08:36:58+00:00","author":"Jornal BEIRA-RIO","twitter_card":"summary_large_image","twitter_misc":{"Escrito por":"Jornal BEIRA-RIO","Est. tempo de leitura":"3 minutos"},"schema":{"@context":"https:\/\/schema.org","@graph":[{"@type":"Article","@id":"https:\/\/jornalbeirario.com.br\/portal\/?p=34996#article","isPartOf":{"@id":"https:\/\/jornalbeirario.com.br\/portal\/?p=34996"},"author":{"name":"Jornal BEIRA-RIO","@id":"https:\/\/jornalbeirario.com.br\/portal\/#\/schema\/person\/c6c423e4c2465d2a9233f6539173e7c1"},"headline":"QUEM PENSA? O que Rechuan esconde atr\u00e1s das c\u00e2meras alugadas por R$ 9 milh\u00f5es?","datePublished":"2015-11-20T08:36:58+00:00","mainEntityOfPage":{"@id":"https:\/\/jornalbeirario.com.br\/portal\/?p=34996"},"wordCount":636,"commentCount":0,"publisher":{"@id":"https:\/\/jornalbeirario.com.br\/portal\/#organization"},"articleSection":["Opini\u00e3o"],"inLanguage":"pt-BR","potentialAction":[{"@type":"CommentAction","name":"Comment","target":["https:\/\/jornalbeirario.com.br\/portal\/?p=34996#respond"]}]},{"@type":"WebPage","@id":"https:\/\/jornalbeirario.com.br\/portal\/?p=34996","url":"https:\/\/jornalbeirario.com.br\/portal\/?p=34996","name":"QUEM PENSA? O que Rechuan esconde atr\u00e1s das c\u00e2meras alugadas por R$ 9 milh\u00f5es? - JORNAL BEIRA RIO","isPartOf":{"@id":"https:\/\/jornalbeirario.com.br\/portal\/#website"},"datePublished":"2015-11-20T08:36:58+00:00","breadcrumb":{"@id":"https:\/\/jornalbeirario.com.br\/portal\/?p=34996#breadcrumb"},"inLanguage":"pt-BR","potentialAction":[{"@type":"ReadAction","target":["https:\/\/jornalbeirario.com.br\/portal\/?p=34996"]}]},{"@type":"BreadcrumbList","@id":"https:\/\/jornalbeirario.com.br\/portal\/?p=34996#breadcrumb","itemListElement":[{"@type":"ListItem","position":1,"name":"Home","item":"https:\/\/jornalbeirario.com.br\/portal"},{"@type":"ListItem","position":2,"name":"QUEM PENSA? O que Rechuan esconde atr\u00e1s das c\u00e2meras alugadas por R$ 9 milh\u00f5es?"}]},{"@type":"WebSite","@id":"https:\/\/jornalbeirario.com.br\/portal\/#website","url":"https:\/\/jornalbeirario.com.br\/portal\/","name":"JORNAL BEIRA RIO","description":"","publisher":{"@id":"https:\/\/jornalbeirario.com.br\/portal\/#organization"},"potentialAction":[{"@type":"SearchAction","target":{"@type":"EntryPoint","urlTemplate":"https:\/\/jornalbeirario.com.br\/portal\/?s={search_term_string}"},"query-input":{"@type":"PropertyValueSpecification","valueRequired":true,"valueName":"search_term_string"}}],"inLanguage":"pt-BR"},{"@type":"Organization","@id":"https:\/\/jornalbeirario.com.br\/portal\/#organization","name":"JORNAL BEIRA RIO","url":"https:\/\/jornalbeirario.com.br\/portal\/","logo":{"@type":"ImageObject","inLanguage":"pt-BR","@id":"https:\/\/jornalbeirario.com.br\/portal\/#\/schema\/logo\/image\/","url":"https:\/\/jornalbeirario.com.br\/portal\/wp-content\/uploads\/2017\/09\/BEIRA-RIO_logo600.png","contentUrl":"https:\/\/jornalbeirario.com.br\/portal\/wp-content\/uploads\/2017\/09\/BEIRA-RIO_logo600.png","width":650,"height":108,"caption":"JORNAL BEIRA RIO"},"image":{"@id":"https:\/\/jornalbeirario.com.br\/portal\/#\/schema\/logo\/image\/"}},{"@type":"Person","@id":"https:\/\/jornalbeirario.com.br\/portal\/#\/schema\/person\/c6c423e4c2465d2a9233f6539173e7c1","name":"Jornal BEIRA-RIO","image":{"@type":"ImageObject","inLanguage":"pt-BR","@id":"https:\/\/jornalbeirario.com.br\/portal\/wp-content\/uploads\/2023\/10\/logojbr1.jpg","url":"https:\/\/jornalbeirario.com.br\/portal\/wp-content\/uploads\/2023\/10\/logojbr1.jpg","contentUrl":"https:\/\/jornalbeirario.com.br\/portal\/wp-content\/uploads\/2023\/10\/logojbr1.jpg","caption":"Jornal BEIRA-RIO"},"url":"https:\/\/jornalbeirario.com.br\/portal\/?author=1"}]}},"_links":{"self":[{"href":"https:\/\/jornalbeirario.com.br\/portal\/index.php?rest_route=\/wp\/v2\/posts\/34996","targetHints":{"allow":["GET"]}}],"collection":[{"href":"https:\/\/jornalbeirario.com.br\/portal\/index.php?rest_route=\/wp\/v2\/posts"}],"about":[{"href":"https:\/\/jornalbeirario.com.br\/portal\/index.php?rest_route=\/wp\/v2\/types\/post"}],"author":[{"embeddable":true,"href":"https:\/\/jornalbeirario.com.br\/portal\/index.php?rest_route=\/wp\/v2\/users\/1"}],"replies":[{"embeddable":true,"href":"https:\/\/jornalbeirario.com.br\/portal\/index.php?rest_route=%2Fwp%2Fv2%2Fcomments&post=34996"}],"version-history":[{"count":4,"href":"https:\/\/jornalbeirario.com.br\/portal\/index.php?rest_route=\/wp\/v2\/posts\/34996\/revisions"}],"predecessor-version":[{"id":35024,"href":"https:\/\/jornalbeirario.com.br\/portal\/index.php?rest_route=\/wp\/v2\/posts\/34996\/revisions\/35024"}],"wp:attachment":[{"href":"https:\/\/jornalbeirario.com.br\/portal\/index.php?rest_route=%2Fwp%2Fv2%2Fmedia&parent=34996"}],"wp:term":[{"taxonomy":"category","embeddable":true,"href":"https:\/\/jornalbeirario.com.br\/portal\/index.php?rest_route=%2Fwp%2Fv2%2Fcategories&post=34996"},{"taxonomy":"post_tag","embeddable":true,"href":"https:\/\/jornalbeirario.com.br\/portal\/index.php?rest_route=%2Fwp%2Fv2%2Ftags&post=34996"}],"curies":[{"name":"wp","href":"https:\/\/api.w.org\/{rel}","templated":true}]}}