
{"id":34986,"date":"2015-11-20T08:37:27","date_gmt":"2015-11-20T08:37:27","guid":{"rendered":"http:\/\/jornalbeirario.com.br\/portal\/portal\/?p=34986"},"modified":"2015-11-20T08:37:27","modified_gmt":"2015-11-20T08:37:27","slug":"lais-amaral-121","status":"publish","type":"post","link":"https:\/\/jornalbeirario.com.br\/portal\/?p=34986","title":{"rendered":"La\u00eds Amaral"},"content":{"rendered":"<p style=\"text-align: justify;\"><strong>Consci\u00eancia Negra e Pedra Sonora, uma semana multicultural<\/strong><br \/>\nHoje, dia 20, a Semana da Consci\u00eancia Negra chega ao seu final com um saldo legal de atividades culturais e de cidadania aqui em Resende. A Secretaria Municipal de Rela\u00e7\u00f5es Comunit\u00e1rias e a Coordenadoria Municipal de Promo\u00e7\u00e3o da Igualdade Racial organizaram dia 16, a exposi\u00e7\u00e3o \u2018Cultura Negra e Arte\u2019 do artista pl\u00e1stico Claudio Ara\u00fajo (pinturas e esculturas) na AEDB. Dia 17, na Casa dos Conselhos teve roda de conversa com jovens do Programa Esta\u00e7\u00e3o Juventude, abordando o tema \u201cHist\u00f3ria e juventude negra\u201d. Na quarta, dia 18, a programa\u00e7\u00e3o foi no Espa\u00e7o Z, com a entrega do \u2018Certificado L\u00e9lia Gonz\u00e1les\u2019, aos \u201cPromotores da Igualdade Racial\u201d, dez pessoas foram agraciadas. Ontem, dia 19, a exposi\u00e7\u00e3o de Claudio Ara\u00fajo foi para a Pra\u00e7a da Conc\u00f3rdia, e hoje, dia 20, encerrando a semana, tem Missa Inculturada \u2013 uma missa com elementos da cultura afro &#8211; na Matriz de Nossa Senhora da Concei\u00e7\u00e3o, \u00e0s 10h. E depois roda de samba no Bar Atl\u00e2ntico. E fechando uma semana de cultura e cidadania, semana miscigenada e superanimada, o Grupo Pedra Sonora faz a festa de celebra\u00e7\u00e3o dos seus 10 anos de atividades. Ser\u00e1 na antiga Dance House, \u00e0 Av. Cel. Tramujas Mader, 20, na estrada de Penedo e come\u00e7a \u00e0s 17 horas. Vai rolar tudo de bom: comidas t\u00edpicas e muita m\u00fasica: mesa de samba aberta, roda de Maculel\u00ea\/Samba de roda\/Roda de Coco\/Ciranda; apresenta\u00e7\u00e3o do Maracatu do Bloco Pedra Sonora; Forr\u00f3 e, \u00e0s 23h: Banda Pedra Sonora. Nos intervalos, o DJ Uir\u00e1 Le\u00e3o. Valeu Zumbi !! Valeu Pedra Sonora !!<\/p>\n<p style=\"text-align: justify;\"><strong>Paiva, um engenheiro atrapalhado<\/strong><br \/>\nO velho Antonio Paiva, agora tem sua foto na galeria de honra do Bar Atl\u00e2ntico. Beleza ! E aqui nesta galeria, dois dedos de prosa sobre o \u2018maestro da vida\u2019. \u00c9 um modesto \u2018causo\u2019 ver\u00eddico, que me foi relatado pelo filho, Rui Paiva.\u00a0 Conta o Rui que o velho, certo dia resolveu dar vaz\u00e3o a sua atra\u00e7\u00e3o e simpatia pelos passarinhos. N\u00e3o iria colocar os bichinhos em gaiolas, claro, mas os queria por perto, para cuidar deles, conviver. Ent\u00e3o resolveu fazer um viveiro, um viveiro dos grandes. Comprou tela, madeira, pegou as ferramentas e bem cedo se p\u00f4s \u00e0 obra. Jeitoso como era, foi erguendo o viveiro que, r\u00e1pido, tomava corpo. \u00c0 tardinha, Rui estava no quarto em seus afazeres e de repente escuta o grito do pai chamando por ele e pedindo ajuda. Mas nem deu tempo de ficar apreensivo porque o apelo foi seguido de uma sonora e despregada gargalhada. Rui foi at\u00e9 o quintal e constatou a falha de engenharia do pai. Paiva conclu\u00edra em tempo recorde o grande viveiro, s\u00f3 que nos acabamentos internos, distraiu-se, e n\u00e3o se deu conta que n\u00e3o tinha como sair. Ficara preso naquele gaiol\u00e3o e o jeito foi pedir ajuda, e, rir muito de si mesmo. Rui tamb\u00e9m caiu na gargalhada. Fazer o que ? O velho Paiva acabou sendo o primeiro ocupante do viveiro. Ele que j\u00e1 era meio passarinho mesmo.<\/p>\n<p style=\"text-align: justify;\"><strong>TRIPA<\/strong><br \/>\n* Na pr\u00f3xima sexta-feira, dia 27, a poeta Let\u00edcia \u00c1lvares lan\u00e7a seu livro de poemas \u201cPoesias ao Vento\u201d, \u00e0s 19h30min. no Museu de Arte Moderna (MAM) de Resende. Na ocasi\u00e3o haver\u00e1 exposi\u00e7\u00e3o de livros infantis, infanto-juvenis e adultos e uma participa\u00e7\u00e3o especial do grupo vocal \u201cAs Corujinhas\u201d, dirigido pela regente, Alile Cuoco * O filho da Cassia Eller, Chico Chico estar\u00e1 cantando em Resende no dia 5 de dezembro. Ele ir\u00e1 se apresentar juntamente com a cantora, percussionista e bailarina Julia Vargas e com o violonista Rodrigo Garcia. O trio far\u00e1 seu show no Galp\u00e3o R6, no Manejo, \u00e0s 23 horas. Os tr\u00eas, apesar de muito jovens j\u00e1 tem estrada com CDs na pra\u00e7a e muitos shows em casas consagradas do Rio de Janeiro. Vale conferir * O Circuito Resende Gastron\u00f4mico est\u00e1 completando 14 dias de muito sucesso. Entre no link: bit.ly\/1MWPvTg* E aten\u00e7\u00e3o Botafolgada, semana passada me esqueci de citar aqui alguns botafoguenses fundamentais, como Z\u00e9 Vid\u00e3o, Rodolfo, Fleury, Nelsinho, Marquinhos e deu no que deu, levamos uma sapecada. Eu ainda por cima menti, dizendo que Carlinhos Botafogo \u00e9 f\u00e3 do Carleto. Carlinhos n\u00e3o suporta o lateral. Quem gosta dele \u00e9 o Thiago Zaidan. Agora \u00e9 verdade. N\u00e3o sou supersticioso, mas \u00e9 bom deixar a casa em ordem porque hoje pra gente \u00e9 decis\u00e3o no Man\u00e9 Garrincha (veio a calhar). Rumo ao t\u00edtulo mo\u00e7ada *<\/p>\n<p style=\"text-align: justify;\"><strong>ANIVERS\u00c1RIOS<\/strong><br \/>\nSexta-feira, 13, mudou de idade minha colega de coral, L\u00facia Regina, a m\u00e3e da Brenda. No dia 14, o Z\u00e9 Cl\u00e1udio, de Mau\u00e1 e a Emmy Louise aniversariaram. No dia 15, o flamenguista M\u00e1rcio Fabian, fot\u00f3grafo da Prefeitura e o empres\u00e1rio vasca\u00edno Reinaldo Lisboa inauguraram idade nova. No dia 16 o amigo m\u00fasico Tuninho Galante, a passista Zailda Oliveira, o tamb\u00e9m m\u00fasico Abiud Neves, o amante da m\u00fasica, Lauro Manchado e o advogado meu amigo, M\u00e1rio Vieira, com quem tomei umas geladas, receberam os \u2018parab\u00e9ns\u2019. No dia 17 a Jamile Whately, do Grupo Pedra Sonora e a amiga Marisa Dias de Carvalho sopraram velinhas. E nessa quarta, dia 18 foi a vez do meu amigo tricolor, o \u2018Maced\u00e3o\u2019 ficar mais experiente, e al\u00e9m dele a Mary Hellen, a Vera L\u00facia Teixeira e a Sandrinha. Parab\u00e9ns e todas as felicidades do mundo a eles.<\/p>\n","protected":false},"excerpt":{"rendered":"<p>Consci\u00eancia Negra e Pedra Sonora, uma semana multicultural Hoje, dia 20, a Semana da Consci\u00eancia Negra chega ao seu final com um saldo legal<\/p>\n","protected":false},"author":1,"featured_media":0,"comment_status":"open","ping_status":"open","sticky":false,"template":"","format":"standard","meta":{"pmpro_default_level":"","footnotes":"","_members_access_role":[],"_members_access_error":""},"categories":[13],"tags":[],"class_list":["post-34986","post","type-post","status-publish","format-standard","hentry","category-social","pmpro-has-access"],"yoast_head":"<!-- This site is optimized with the Yoast SEO plugin v28.4 - https:\/\/yoast.com\/product\/yoast-seo-wordpress\/ -->\n<title>La\u00eds Amaral - JORNAL BEIRA RIO<\/title>\n<meta name=\"robots\" content=\"index, follow, max-snippet:-1, max-image-preview:large, max-video-preview:-1\" \/>\n<link rel=\"canonical\" href=\"https:\/\/jornalbeirario.com.br\/portal\/?p=34986\" \/>\n<meta property=\"og:locale\" content=\"pt_BR\" \/>\n<meta property=\"og:type\" content=\"article\" \/>\n<meta property=\"og:title\" content=\"La\u00eds Amaral - JORNAL BEIRA RIO\" \/>\n<meta property=\"og:description\" content=\"Consci\u00eancia Negra e Pedra Sonora, uma semana multicultural Hoje, dia 20, a Semana da Consci\u00eancia Negra chega ao seu final com um saldo legal\" \/>\n<meta property=\"og:url\" content=\"https:\/\/jornalbeirario.com.br\/portal\/?p=34986\" \/>\n<meta property=\"og:site_name\" content=\"JORNAL BEIRA RIO\" \/>\n<meta property=\"article:published_time\" content=\"2015-11-20T08:37:27+00:00\" \/>\n<meta name=\"author\" content=\"Jornal BEIRA-RIO\" \/>\n<meta name=\"twitter:card\" content=\"summary_large_image\" \/>\n<meta name=\"twitter:label1\" content=\"Escrito por\" \/>\n\t<meta name=\"twitter:data1\" content=\"Jornal BEIRA-RIO\" \/>\n\t<meta name=\"twitter:label2\" content=\"Est. tempo de leitura\" \/>\n\t<meta name=\"twitter:data2\" content=\"5 minutos\" \/>\n<script type=\"application\/ld+json\" class=\"yoast-schema-graph\">{\"@context\":\"https:\\\/\\\/schema.org\",\"@graph\":[{\"@type\":\"Article\",\"@id\":\"https:\\\/\\\/jornalbeirario.com.br\\\/portal\\\/?p=34986#article\",\"isPartOf\":{\"@id\":\"https:\\\/\\\/jornalbeirario.com.br\\\/portal\\\/?p=34986\"},\"author\":{\"name\":\"Jornal BEIRA-RIO\",\"@id\":\"https:\\\/\\\/jornalbeirario.com.br\\\/portal\\\/#\\\/schema\\\/person\\\/c6c423e4c2465d2a9233f6539173e7c1\"},\"headline\":\"La\u00eds Amaral\",\"datePublished\":\"2015-11-20T08:37:27+00:00\",\"mainEntityOfPage\":{\"@id\":\"https:\\\/\\\/jornalbeirario.com.br\\\/portal\\\/?p=34986\"},\"wordCount\":913,\"commentCount\":0,\"publisher\":{\"@id\":\"https:\\\/\\\/jornalbeirario.com.br\\\/portal\\\/#organization\"},\"articleSection\":[\"Social\"],\"inLanguage\":\"pt-BR\",\"potentialAction\":[{\"@type\":\"CommentAction\",\"name\":\"Comment\",\"target\":[\"https:\\\/\\\/jornalbeirario.com.br\\\/portal\\\/?p=34986#respond\"]}]},{\"@type\":\"WebPage\",\"@id\":\"https:\\\/\\\/jornalbeirario.com.br\\\/portal\\\/?p=34986\",\"url\":\"https:\\\/\\\/jornalbeirario.com.br\\\/portal\\\/?p=34986\",\"name\":\"La\u00eds Amaral - JORNAL BEIRA RIO\",\"isPartOf\":{\"@id\":\"https:\\\/\\\/jornalbeirario.com.br\\\/portal\\\/#website\"},\"datePublished\":\"2015-11-20T08:37:27+00:00\",\"breadcrumb\":{\"@id\":\"https:\\\/\\\/jornalbeirario.com.br\\\/portal\\\/?p=34986#breadcrumb\"},\"inLanguage\":\"pt-BR\",\"potentialAction\":[{\"@type\":\"ReadAction\",\"target\":[\"https:\\\/\\\/jornalbeirario.com.br\\\/portal\\\/?p=34986\"]}]},{\"@type\":\"BreadcrumbList\",\"@id\":\"https:\\\/\\\/jornalbeirario.com.br\\\/portal\\\/?p=34986#breadcrumb\",\"itemListElement\":[{\"@type\":\"ListItem\",\"position\":1,\"name\":\"Home\",\"item\":\"https:\\\/\\\/jornalbeirario.com.br\\\/portal\"},{\"@type\":\"ListItem\",\"position\":2,\"name\":\"La\u00eds Amaral\"}]},{\"@type\":\"WebSite\",\"@id\":\"https:\\\/\\\/jornalbeirario.com.br\\\/portal\\\/#website\",\"url\":\"https:\\\/\\\/jornalbeirario.com.br\\\/portal\\\/\",\"name\":\"JORNAL BEIRA RIO\",\"description\":\"\",\"publisher\":{\"@id\":\"https:\\\/\\\/jornalbeirario.com.br\\\/portal\\\/#organization\"},\"potentialAction\":[{\"@type\":\"SearchAction\",\"target\":{\"@type\":\"EntryPoint\",\"urlTemplate\":\"https:\\\/\\\/jornalbeirario.com.br\\\/portal\\\/?s={search_term_string}\"},\"query-input\":{\"@type\":\"PropertyValueSpecification\",\"valueRequired\":true,\"valueName\":\"search_term_string\"}}],\"inLanguage\":\"pt-BR\"},{\"@type\":\"Organization\",\"@id\":\"https:\\\/\\\/jornalbeirario.com.br\\\/portal\\\/#organization\",\"name\":\"JORNAL BEIRA RIO\",\"url\":\"https:\\\/\\\/jornalbeirario.com.br\\\/portal\\\/\",\"logo\":{\"@type\":\"ImageObject\",\"inLanguage\":\"pt-BR\",\"@id\":\"https:\\\/\\\/jornalbeirario.com.br\\\/portal\\\/#\\\/schema\\\/logo\\\/image\\\/\",\"url\":\"https:\\\/\\\/jornalbeirario.com.br\\\/portal\\\/wp-content\\\/uploads\\\/2017\\\/09\\\/BEIRA-RIO_logo600.png\",\"contentUrl\":\"https:\\\/\\\/jornalbeirario.com.br\\\/portal\\\/wp-content\\\/uploads\\\/2017\\\/09\\\/BEIRA-RIO_logo600.png\",\"width\":650,\"height\":108,\"caption\":\"JORNAL BEIRA RIO\"},\"image\":{\"@id\":\"https:\\\/\\\/jornalbeirario.com.br\\\/portal\\\/#\\\/schema\\\/logo\\\/image\\\/\"}},{\"@type\":\"Person\",\"@id\":\"https:\\\/\\\/jornalbeirario.com.br\\\/portal\\\/#\\\/schema\\\/person\\\/c6c423e4c2465d2a9233f6539173e7c1\",\"name\":\"Jornal BEIRA-RIO\",\"image\":{\"@type\":\"ImageObject\",\"inLanguage\":\"pt-BR\",\"@id\":\"https:\\\/\\\/jornalbeirario.com.br\\\/portal\\\/wp-content\\\/uploads\\\/2023\\\/10\\\/logojbr1.jpg\",\"url\":\"https:\\\/\\\/jornalbeirario.com.br\\\/portal\\\/wp-content\\\/uploads\\\/2023\\\/10\\\/logojbr1.jpg\",\"contentUrl\":\"https:\\\/\\\/jornalbeirario.com.br\\\/portal\\\/wp-content\\\/uploads\\\/2023\\\/10\\\/logojbr1.jpg\",\"caption\":\"Jornal BEIRA-RIO\"},\"url\":\"https:\\\/\\\/jornalbeirario.com.br\\\/portal\\\/?author=1\"}]}<\/script>\n<!-- \/ Yoast SEO plugin. -->","yoast_head_json":{"title":"La\u00eds Amaral - JORNAL BEIRA RIO","robots":{"index":"index","follow":"follow","max-snippet":"max-snippet:-1","max-image-preview":"max-image-preview:large","max-video-preview":"max-video-preview:-1"},"canonical":"https:\/\/jornalbeirario.com.br\/portal\/?p=34986","og_locale":"pt_BR","og_type":"article","og_title":"La\u00eds Amaral - JORNAL BEIRA RIO","og_description":"Consci\u00eancia Negra e Pedra Sonora, uma semana multicultural Hoje, dia 20, a Semana da Consci\u00eancia Negra chega ao seu final com um saldo legal","og_url":"https:\/\/jornalbeirario.com.br\/portal\/?p=34986","og_site_name":"JORNAL BEIRA RIO","article_published_time":"2015-11-20T08:37:27+00:00","author":"Jornal BEIRA-RIO","twitter_card":"summary_large_image","twitter_misc":{"Escrito por":"Jornal BEIRA-RIO","Est. tempo de leitura":"5 minutos"},"schema":{"@context":"https:\/\/schema.org","@graph":[{"@type":"Article","@id":"https:\/\/jornalbeirario.com.br\/portal\/?p=34986#article","isPartOf":{"@id":"https:\/\/jornalbeirario.com.br\/portal\/?p=34986"},"author":{"name":"Jornal BEIRA-RIO","@id":"https:\/\/jornalbeirario.com.br\/portal\/#\/schema\/person\/c6c423e4c2465d2a9233f6539173e7c1"},"headline":"La\u00eds Amaral","datePublished":"2015-11-20T08:37:27+00:00","mainEntityOfPage":{"@id":"https:\/\/jornalbeirario.com.br\/portal\/?p=34986"},"wordCount":913,"commentCount":0,"publisher":{"@id":"https:\/\/jornalbeirario.com.br\/portal\/#organization"},"articleSection":["Social"],"inLanguage":"pt-BR","potentialAction":[{"@type":"CommentAction","name":"Comment","target":["https:\/\/jornalbeirario.com.br\/portal\/?p=34986#respond"]}]},{"@type":"WebPage","@id":"https:\/\/jornalbeirario.com.br\/portal\/?p=34986","url":"https:\/\/jornalbeirario.com.br\/portal\/?p=34986","name":"La\u00eds Amaral - JORNAL BEIRA RIO","isPartOf":{"@id":"https:\/\/jornalbeirario.com.br\/portal\/#website"},"datePublished":"2015-11-20T08:37:27+00:00","breadcrumb":{"@id":"https:\/\/jornalbeirario.com.br\/portal\/?p=34986#breadcrumb"},"inLanguage":"pt-BR","potentialAction":[{"@type":"ReadAction","target":["https:\/\/jornalbeirario.com.br\/portal\/?p=34986"]}]},{"@type":"BreadcrumbList","@id":"https:\/\/jornalbeirario.com.br\/portal\/?p=34986#breadcrumb","itemListElement":[{"@type":"ListItem","position":1,"name":"Home","item":"https:\/\/jornalbeirario.com.br\/portal"},{"@type":"ListItem","position":2,"name":"La\u00eds Amaral"}]},{"@type":"WebSite","@id":"https:\/\/jornalbeirario.com.br\/portal\/#website","url":"https:\/\/jornalbeirario.com.br\/portal\/","name":"JORNAL BEIRA RIO","description":"","publisher":{"@id":"https:\/\/jornalbeirario.com.br\/portal\/#organization"},"potentialAction":[{"@type":"SearchAction","target":{"@type":"EntryPoint","urlTemplate":"https:\/\/jornalbeirario.com.br\/portal\/?s={search_term_string}"},"query-input":{"@type":"PropertyValueSpecification","valueRequired":true,"valueName":"search_term_string"}}],"inLanguage":"pt-BR"},{"@type":"Organization","@id":"https:\/\/jornalbeirario.com.br\/portal\/#organization","name":"JORNAL BEIRA RIO","url":"https:\/\/jornalbeirario.com.br\/portal\/","logo":{"@type":"ImageObject","inLanguage":"pt-BR","@id":"https:\/\/jornalbeirario.com.br\/portal\/#\/schema\/logo\/image\/","url":"https:\/\/jornalbeirario.com.br\/portal\/wp-content\/uploads\/2017\/09\/BEIRA-RIO_logo600.png","contentUrl":"https:\/\/jornalbeirario.com.br\/portal\/wp-content\/uploads\/2017\/09\/BEIRA-RIO_logo600.png","width":650,"height":108,"caption":"JORNAL BEIRA RIO"},"image":{"@id":"https:\/\/jornalbeirario.com.br\/portal\/#\/schema\/logo\/image\/"}},{"@type":"Person","@id":"https:\/\/jornalbeirario.com.br\/portal\/#\/schema\/person\/c6c423e4c2465d2a9233f6539173e7c1","name":"Jornal BEIRA-RIO","image":{"@type":"ImageObject","inLanguage":"pt-BR","@id":"https:\/\/jornalbeirario.com.br\/portal\/wp-content\/uploads\/2023\/10\/logojbr1.jpg","url":"https:\/\/jornalbeirario.com.br\/portal\/wp-content\/uploads\/2023\/10\/logojbr1.jpg","contentUrl":"https:\/\/jornalbeirario.com.br\/portal\/wp-content\/uploads\/2023\/10\/logojbr1.jpg","caption":"Jornal BEIRA-RIO"},"url":"https:\/\/jornalbeirario.com.br\/portal\/?author=1"}]}},"_links":{"self":[{"href":"https:\/\/jornalbeirario.com.br\/portal\/index.php?rest_route=\/wp\/v2\/posts\/34986","targetHints":{"allow":["GET"]}}],"collection":[{"href":"https:\/\/jornalbeirario.com.br\/portal\/index.php?rest_route=\/wp\/v2\/posts"}],"about":[{"href":"https:\/\/jornalbeirario.com.br\/portal\/index.php?rest_route=\/wp\/v2\/types\/post"}],"author":[{"embeddable":true,"href":"https:\/\/jornalbeirario.com.br\/portal\/index.php?rest_route=\/wp\/v2\/users\/1"}],"replies":[{"embeddable":true,"href":"https:\/\/jornalbeirario.com.br\/portal\/index.php?rest_route=%2Fwp%2Fv2%2Fcomments&post=34986"}],"version-history":[{"count":3,"href":"https:\/\/jornalbeirario.com.br\/portal\/index.php?rest_route=\/wp\/v2\/posts\/34986\/revisions"}],"predecessor-version":[{"id":35025,"href":"https:\/\/jornalbeirario.com.br\/portal\/index.php?rest_route=\/wp\/v2\/posts\/34986\/revisions\/35025"}],"wp:attachment":[{"href":"https:\/\/jornalbeirario.com.br\/portal\/index.php?rest_route=%2Fwp%2Fv2%2Fmedia&parent=34986"}],"wp:term":[{"taxonomy":"category","embeddable":true,"href":"https:\/\/jornalbeirario.com.br\/portal\/index.php?rest_route=%2Fwp%2Fv2%2Fcategories&post=34986"},{"taxonomy":"post_tag","embeddable":true,"href":"https:\/\/jornalbeirario.com.br\/portal\/index.php?rest_route=%2Fwp%2Fv2%2Ftags&post=34986"}],"curies":[{"name":"wp","href":"https:\/\/api.w.org\/{rel}","templated":true}]}}