
{"id":34970,"date":"2015-11-20T08:38:24","date_gmt":"2015-11-20T08:38:24","guid":{"rendered":"http:\/\/jornalbeirario.com.br\/portal\/portal\/?p=34970"},"modified":"2015-11-20T08:38:24","modified_gmt":"2015-11-20T08:38:24","slug":"acredite-se-quiser-152","status":"publish","type":"post","link":"https:\/\/jornalbeirario.com.br\/portal\/?p=34970","title":{"rendered":"Acredite se Quiser"},"content":{"rendered":"<p style=\"text-align: justify;\">&#8211; A Concorr\u00eancia P\u00fablica para escolha da nova concess\u00e3o do munic\u00edpio, voltada para a destina\u00e7\u00e3o dos res\u00edduos s\u00f3lidos, que estava marcada para o dia 16, foi adiada sine die, ou seja, sem prazo para acontecer. No of\u00edcio divulgado no site da prefeitura de Resende, a justificativa para o adiamento seriam questionamentos do Tribunal de Contas do Estado do Rio de Janeiro (TCE-RJ). O que n\u00e3o consta no of\u00edcio do site, mas que o <strong>BEIRA-RIO<\/strong> soube pelos corredores da prefeitura \u00e9 que o TCE teria se espantado com o valor da concess\u00e3o, quase R$ 654 milh\u00f5es aos final de 25 anos.<\/p>\n<p style=\"text-align: justify;\">&#8211; Os moradores de Engenheiro Passos, em Resende, relataram, atrav\u00e9s das redes sociais, que um grupo de assaltantes aterrorizou o distrito na noite do dia 16, invadindo algumas casas. Segundo os moradores, a Pol\u00edcia Militar n\u00e3o apareceu para prestar socorro e os bandidos teriam deixado o local ap\u00f3s os moradores se juntarem e os amea\u00e7arem com pedras e paus. No entanto, nem a Pol\u00edcia Militar e nem a Pol\u00edcia Civil divulgaram registro sobre o caso. Questionada sobre o caso, a se\u00e7\u00e3o de Comunica\u00e7\u00e3o Social do 37\u00ba Batalh\u00e3o de Pol\u00edcia Militar (BPM) tamb\u00e9m refor\u00e7ou que n\u00e3o foi informada sobre a ocorr\u00eancia.<\/p>\n<p style=\"text-align: justify;\">&#8211; O Partido da P\u00e1tria Livre (PPL) realizou sua confer\u00eancia municipal no dia 14, na sede da Aciar, em Resende, mostrando que vai investir nas elei\u00e7\u00f5es municipais de 2016. O partido recebeu em sua confer\u00eancia as visitas do deputado estadual Gl\u00e1ucio Julianelli (Rede) e de um representante do PT, Julio, e aproveitou para refor\u00e7ar que \u00e9 oposi\u00e7\u00e3o ao Governo Municipal. Al\u00e9m disso, anunciou a l\u00edder comunit\u00e1ria Dirce Heleni da Silva como pr\u00e9-candidata a prefeita, embora a sigla aceite Dirce em uma composi\u00e7\u00e3o majorit\u00e1ria, desde que de oposi\u00e7\u00e3o.<\/p>\n<p style=\"text-align: justify;\">&#8211; O prefeito de Resende, Jos\u00e9 Rechuan Junior (PP) encontra-se mais uma vez \u00e0 busca de um nome para ser candidato a prefeito pelo PMDB em 2016. Depois do esc\u00e2ndalo da C\u00e2mara Municipal de Resende que envolve o filho do secret\u00e1rio de Educa\u00e7\u00e3o, professor M\u00e1rio Rodrigues, Leandro Macedo Rodrigues, que atestou notas consideradas pelo Minist\u00e9rio P\u00fablico como do esquema de fraude nas licita\u00e7\u00f5es, o secret\u00e1rio apesar de ainda acompanhar o prefeito para todos os lados j\u00e1 vem sendo descartado como pr\u00e9-candidato. O nome do secret\u00e1rio de Sa\u00fade, Daniel Brito volta \u00e0 disputa, mas dificilmente emplacar\u00e1 j\u00e1 que segundo os pr\u00f3ximos do poder garantem que o marketing do prefeito usar\u00e1 \u201cchega de m\u00e9dico\u201d na campanha para evitar a possibilidade de seu maior pesadelo (deputado Glaucio Julianelli) ter chance, se candidato, de ser seu sucessor.<\/p>\n<p style=\"text-align: justify;\">&#8211; A Associa\u00e7\u00e3o dos Professores de Resende e o Resenprevi realizam, no dia 30, \u00e0s 18h, no Plen\u00e1rio da C\u00e2mara, uma reuni\u00e3o para discutir os problemas de aposentadoria dos professores que est\u00e3o com duas matr\u00edculas no munic\u00edpio. Todos os professores nesta situa\u00e7\u00e3o est\u00e3o convidados para o encontro.<\/p>\n<p style=\"text-align: justify;\">&#8211; Neste m\u00eas faz um ano que a marquise da creche da Morada do Contorno desabou e, no dia 18 o <strong>BEIRA-RIO<\/strong> flagrou servidores da Educa\u00e7\u00e3o trabalhando dentro do pr\u00e9dio, mesmo com as marquises que sobraram escoradas por toras de madeira e fios de a\u00e7o. A prefeitura de Resende explicou que eles est\u00e3o l\u00e1 para efetuar as inscri\u00e7\u00f5es dos alunos para o pr\u00f3ximo ano e que \u201ca frente da creche, onde funciona a secretaria, n\u00e3o foi interditada pela Defesa Civil e n\u00e3o oferece risco\u201d. Ent\u00e3o por que ela est\u00e1 escorada?<\/p>\n<p style=\"text-align: justify;\">&#8211; Em Itatiaia, o vereador Leonardo de Seixas Carvalho, que era o l\u00edder de governo na C\u00e2mara de Itatiaia, abriu m\u00e3o de sua posi\u00e7\u00e3o no dia 17. Ele entrou com projeto em plen\u00e1rio que proibia a disposi\u00e7\u00e3o de entulho em \u00e1reas p\u00fablicas e teve o projeto aprovado pelos colegas. S\u00f3 que o projeto foi vetado pelo prefeito Luis Carlos Yp\u00ea (PP), \u201csem avisar o vereador\u201d, o que gerou o descontentamento.<\/p>\n","protected":false},"excerpt":{"rendered":"<p>&#8211; A Concorr\u00eancia P\u00fablica para escolha da nova concess\u00e3o do munic\u00edpio, voltada para a destina\u00e7\u00e3o dos res\u00edduos s\u00f3lidos, que estava marcada para o dia<\/p>\n","protected":false},"author":1,"featured_media":0,"comment_status":"open","ping_status":"open","sticky":false,"template":"","format":"standard","meta":{"pmpro_default_level":"","footnotes":"","_members_access_role":[],"_members_access_error":""},"categories":[11],"tags":[],"class_list":["post-34970","post","type-post","status-publish","format-standard","hentry","category-politica","pmpro-has-access"],"yoast_head":"<!-- This site is optimized with the Yoast SEO plugin v28.4 - https:\/\/yoast.com\/product\/yoast-seo-wordpress\/ -->\n<title>Acredite se Quiser - JORNAL BEIRA RIO<\/title>\n<meta name=\"robots\" content=\"index, follow, max-snippet:-1, max-image-preview:large, max-video-preview:-1\" \/>\n<link rel=\"canonical\" href=\"https:\/\/jornalbeirario.com.br\/portal\/?p=34970\" \/>\n<meta property=\"og:locale\" content=\"pt_BR\" \/>\n<meta property=\"og:type\" content=\"article\" \/>\n<meta property=\"og:title\" content=\"Acredite se Quiser - JORNAL BEIRA RIO\" \/>\n<meta property=\"og:description\" content=\"&#8211; A Concorr\u00eancia P\u00fablica para escolha da nova concess\u00e3o do munic\u00edpio, voltada para a destina\u00e7\u00e3o dos res\u00edduos s\u00f3lidos, que estava marcada para o dia\" \/>\n<meta property=\"og:url\" content=\"https:\/\/jornalbeirario.com.br\/portal\/?p=34970\" \/>\n<meta property=\"og:site_name\" content=\"JORNAL BEIRA RIO\" \/>\n<meta property=\"article:published_time\" content=\"2015-11-20T08:38:24+00:00\" \/>\n<meta name=\"author\" content=\"Jornal BEIRA-RIO\" \/>\n<meta name=\"twitter:card\" content=\"summary_large_image\" \/>\n<meta name=\"twitter:label1\" content=\"Escrito por\" \/>\n\t<meta name=\"twitter:data1\" content=\"Jornal BEIRA-RIO\" \/>\n\t<meta name=\"twitter:label2\" content=\"Est. tempo de leitura\" \/>\n\t<meta name=\"twitter:data2\" content=\"3 minutos\" \/>\n<script type=\"application\/ld+json\" class=\"yoast-schema-graph\">{\"@context\":\"https:\\\/\\\/schema.org\",\"@graph\":[{\"@type\":\"Article\",\"@id\":\"https:\\\/\\\/jornalbeirario.com.br\\\/portal\\\/?p=34970#article\",\"isPartOf\":{\"@id\":\"https:\\\/\\\/jornalbeirario.com.br\\\/portal\\\/?p=34970\"},\"author\":{\"name\":\"Jornal BEIRA-RIO\",\"@id\":\"https:\\\/\\\/jornalbeirario.com.br\\\/portal\\\/#\\\/schema\\\/person\\\/c6c423e4c2465d2a9233f6539173e7c1\"},\"headline\":\"Acredite se Quiser\",\"datePublished\":\"2015-11-20T08:38:24+00:00\",\"mainEntityOfPage\":{\"@id\":\"https:\\\/\\\/jornalbeirario.com.br\\\/portal\\\/?p=34970\"},\"wordCount\":696,\"commentCount\":0,\"publisher\":{\"@id\":\"https:\\\/\\\/jornalbeirario.com.br\\\/portal\\\/#organization\"},\"articleSection\":[\"Pol\u00edtica\"],\"inLanguage\":\"pt-BR\",\"potentialAction\":[{\"@type\":\"CommentAction\",\"name\":\"Comment\",\"target\":[\"https:\\\/\\\/jornalbeirario.com.br\\\/portal\\\/?p=34970#respond\"]}]},{\"@type\":\"WebPage\",\"@id\":\"https:\\\/\\\/jornalbeirario.com.br\\\/portal\\\/?p=34970\",\"url\":\"https:\\\/\\\/jornalbeirario.com.br\\\/portal\\\/?p=34970\",\"name\":\"Acredite se Quiser - JORNAL BEIRA RIO\",\"isPartOf\":{\"@id\":\"https:\\\/\\\/jornalbeirario.com.br\\\/portal\\\/#website\"},\"datePublished\":\"2015-11-20T08:38:24+00:00\",\"breadcrumb\":{\"@id\":\"https:\\\/\\\/jornalbeirario.com.br\\\/portal\\\/?p=34970#breadcrumb\"},\"inLanguage\":\"pt-BR\",\"potentialAction\":[{\"@type\":\"ReadAction\",\"target\":[\"https:\\\/\\\/jornalbeirario.com.br\\\/portal\\\/?p=34970\"]}]},{\"@type\":\"BreadcrumbList\",\"@id\":\"https:\\\/\\\/jornalbeirario.com.br\\\/portal\\\/?p=34970#breadcrumb\",\"itemListElement\":[{\"@type\":\"ListItem\",\"position\":1,\"name\":\"Home\",\"item\":\"https:\\\/\\\/jornalbeirario.com.br\\\/portal\"},{\"@type\":\"ListItem\",\"position\":2,\"name\":\"Acredite se Quiser\"}]},{\"@type\":\"WebSite\",\"@id\":\"https:\\\/\\\/jornalbeirario.com.br\\\/portal\\\/#website\",\"url\":\"https:\\\/\\\/jornalbeirario.com.br\\\/portal\\\/\",\"name\":\"JORNAL BEIRA RIO\",\"description\":\"\",\"publisher\":{\"@id\":\"https:\\\/\\\/jornalbeirario.com.br\\\/portal\\\/#organization\"},\"potentialAction\":[{\"@type\":\"SearchAction\",\"target\":{\"@type\":\"EntryPoint\",\"urlTemplate\":\"https:\\\/\\\/jornalbeirario.com.br\\\/portal\\\/?s={search_term_string}\"},\"query-input\":{\"@type\":\"PropertyValueSpecification\",\"valueRequired\":true,\"valueName\":\"search_term_string\"}}],\"inLanguage\":\"pt-BR\"},{\"@type\":\"Organization\",\"@id\":\"https:\\\/\\\/jornalbeirario.com.br\\\/portal\\\/#organization\",\"name\":\"JORNAL BEIRA RIO\",\"url\":\"https:\\\/\\\/jornalbeirario.com.br\\\/portal\\\/\",\"logo\":{\"@type\":\"ImageObject\",\"inLanguage\":\"pt-BR\",\"@id\":\"https:\\\/\\\/jornalbeirario.com.br\\\/portal\\\/#\\\/schema\\\/logo\\\/image\\\/\",\"url\":\"https:\\\/\\\/jornalbeirario.com.br\\\/portal\\\/wp-content\\\/uploads\\\/2017\\\/09\\\/BEIRA-RIO_logo600.png\",\"contentUrl\":\"https:\\\/\\\/jornalbeirario.com.br\\\/portal\\\/wp-content\\\/uploads\\\/2017\\\/09\\\/BEIRA-RIO_logo600.png\",\"width\":650,\"height\":108,\"caption\":\"JORNAL BEIRA RIO\"},\"image\":{\"@id\":\"https:\\\/\\\/jornalbeirario.com.br\\\/portal\\\/#\\\/schema\\\/logo\\\/image\\\/\"}},{\"@type\":\"Person\",\"@id\":\"https:\\\/\\\/jornalbeirario.com.br\\\/portal\\\/#\\\/schema\\\/person\\\/c6c423e4c2465d2a9233f6539173e7c1\",\"name\":\"Jornal BEIRA-RIO\",\"image\":{\"@type\":\"ImageObject\",\"inLanguage\":\"pt-BR\",\"@id\":\"https:\\\/\\\/jornalbeirario.com.br\\\/portal\\\/wp-content\\\/uploads\\\/2023\\\/10\\\/logojbr1.jpg\",\"url\":\"https:\\\/\\\/jornalbeirario.com.br\\\/portal\\\/wp-content\\\/uploads\\\/2023\\\/10\\\/logojbr1.jpg\",\"contentUrl\":\"https:\\\/\\\/jornalbeirario.com.br\\\/portal\\\/wp-content\\\/uploads\\\/2023\\\/10\\\/logojbr1.jpg\",\"caption\":\"Jornal BEIRA-RIO\"},\"url\":\"https:\\\/\\\/jornalbeirario.com.br\\\/portal\\\/?author=1\"}]}<\/script>\n<!-- \/ Yoast SEO plugin. -->","yoast_head_json":{"title":"Acredite se Quiser - JORNAL BEIRA RIO","robots":{"index":"index","follow":"follow","max-snippet":"max-snippet:-1","max-image-preview":"max-image-preview:large","max-video-preview":"max-video-preview:-1"},"canonical":"https:\/\/jornalbeirario.com.br\/portal\/?p=34970","og_locale":"pt_BR","og_type":"article","og_title":"Acredite se Quiser - JORNAL BEIRA RIO","og_description":"&#8211; A Concorr\u00eancia P\u00fablica para escolha da nova concess\u00e3o do munic\u00edpio, voltada para a destina\u00e7\u00e3o dos res\u00edduos s\u00f3lidos, que estava marcada para o dia","og_url":"https:\/\/jornalbeirario.com.br\/portal\/?p=34970","og_site_name":"JORNAL BEIRA RIO","article_published_time":"2015-11-20T08:38:24+00:00","author":"Jornal BEIRA-RIO","twitter_card":"summary_large_image","twitter_misc":{"Escrito por":"Jornal BEIRA-RIO","Est. tempo de leitura":"3 minutos"},"schema":{"@context":"https:\/\/schema.org","@graph":[{"@type":"Article","@id":"https:\/\/jornalbeirario.com.br\/portal\/?p=34970#article","isPartOf":{"@id":"https:\/\/jornalbeirario.com.br\/portal\/?p=34970"},"author":{"name":"Jornal BEIRA-RIO","@id":"https:\/\/jornalbeirario.com.br\/portal\/#\/schema\/person\/c6c423e4c2465d2a9233f6539173e7c1"},"headline":"Acredite se Quiser","datePublished":"2015-11-20T08:38:24+00:00","mainEntityOfPage":{"@id":"https:\/\/jornalbeirario.com.br\/portal\/?p=34970"},"wordCount":696,"commentCount":0,"publisher":{"@id":"https:\/\/jornalbeirario.com.br\/portal\/#organization"},"articleSection":["Pol\u00edtica"],"inLanguage":"pt-BR","potentialAction":[{"@type":"CommentAction","name":"Comment","target":["https:\/\/jornalbeirario.com.br\/portal\/?p=34970#respond"]}]},{"@type":"WebPage","@id":"https:\/\/jornalbeirario.com.br\/portal\/?p=34970","url":"https:\/\/jornalbeirario.com.br\/portal\/?p=34970","name":"Acredite se Quiser - JORNAL BEIRA RIO","isPartOf":{"@id":"https:\/\/jornalbeirario.com.br\/portal\/#website"},"datePublished":"2015-11-20T08:38:24+00:00","breadcrumb":{"@id":"https:\/\/jornalbeirario.com.br\/portal\/?p=34970#breadcrumb"},"inLanguage":"pt-BR","potentialAction":[{"@type":"ReadAction","target":["https:\/\/jornalbeirario.com.br\/portal\/?p=34970"]}]},{"@type":"BreadcrumbList","@id":"https:\/\/jornalbeirario.com.br\/portal\/?p=34970#breadcrumb","itemListElement":[{"@type":"ListItem","position":1,"name":"Home","item":"https:\/\/jornalbeirario.com.br\/portal"},{"@type":"ListItem","position":2,"name":"Acredite se Quiser"}]},{"@type":"WebSite","@id":"https:\/\/jornalbeirario.com.br\/portal\/#website","url":"https:\/\/jornalbeirario.com.br\/portal\/","name":"JORNAL BEIRA RIO","description":"","publisher":{"@id":"https:\/\/jornalbeirario.com.br\/portal\/#organization"},"potentialAction":[{"@type":"SearchAction","target":{"@type":"EntryPoint","urlTemplate":"https:\/\/jornalbeirario.com.br\/portal\/?s={search_term_string}"},"query-input":{"@type":"PropertyValueSpecification","valueRequired":true,"valueName":"search_term_string"}}],"inLanguage":"pt-BR"},{"@type":"Organization","@id":"https:\/\/jornalbeirario.com.br\/portal\/#organization","name":"JORNAL BEIRA RIO","url":"https:\/\/jornalbeirario.com.br\/portal\/","logo":{"@type":"ImageObject","inLanguage":"pt-BR","@id":"https:\/\/jornalbeirario.com.br\/portal\/#\/schema\/logo\/image\/","url":"https:\/\/jornalbeirario.com.br\/portal\/wp-content\/uploads\/2017\/09\/BEIRA-RIO_logo600.png","contentUrl":"https:\/\/jornalbeirario.com.br\/portal\/wp-content\/uploads\/2017\/09\/BEIRA-RIO_logo600.png","width":650,"height":108,"caption":"JORNAL BEIRA RIO"},"image":{"@id":"https:\/\/jornalbeirario.com.br\/portal\/#\/schema\/logo\/image\/"}},{"@type":"Person","@id":"https:\/\/jornalbeirario.com.br\/portal\/#\/schema\/person\/c6c423e4c2465d2a9233f6539173e7c1","name":"Jornal BEIRA-RIO","image":{"@type":"ImageObject","inLanguage":"pt-BR","@id":"https:\/\/jornalbeirario.com.br\/portal\/wp-content\/uploads\/2023\/10\/logojbr1.jpg","url":"https:\/\/jornalbeirario.com.br\/portal\/wp-content\/uploads\/2023\/10\/logojbr1.jpg","contentUrl":"https:\/\/jornalbeirario.com.br\/portal\/wp-content\/uploads\/2023\/10\/logojbr1.jpg","caption":"Jornal BEIRA-RIO"},"url":"https:\/\/jornalbeirario.com.br\/portal\/?author=1"}]}},"_links":{"self":[{"href":"https:\/\/jornalbeirario.com.br\/portal\/index.php?rest_route=\/wp\/v2\/posts\/34970","targetHints":{"allow":["GET"]}}],"collection":[{"href":"https:\/\/jornalbeirario.com.br\/portal\/index.php?rest_route=\/wp\/v2\/posts"}],"about":[{"href":"https:\/\/jornalbeirario.com.br\/portal\/index.php?rest_route=\/wp\/v2\/types\/post"}],"author":[{"embeddable":true,"href":"https:\/\/jornalbeirario.com.br\/portal\/index.php?rest_route=\/wp\/v2\/users\/1"}],"replies":[{"embeddable":true,"href":"https:\/\/jornalbeirario.com.br\/portal\/index.php?rest_route=%2Fwp%2Fv2%2Fcomments&post=34970"}],"version-history":[{"count":4,"href":"https:\/\/jornalbeirario.com.br\/portal\/index.php?rest_route=\/wp\/v2\/posts\/34970\/revisions"}],"predecessor-version":[{"id":35026,"href":"https:\/\/jornalbeirario.com.br\/portal\/index.php?rest_route=\/wp\/v2\/posts\/34970\/revisions\/35026"}],"wp:attachment":[{"href":"https:\/\/jornalbeirario.com.br\/portal\/index.php?rest_route=%2Fwp%2Fv2%2Fmedia&parent=34970"}],"wp:term":[{"taxonomy":"category","embeddable":true,"href":"https:\/\/jornalbeirario.com.br\/portal\/index.php?rest_route=%2Fwp%2Fv2%2Fcategories&post=34970"},{"taxonomy":"post_tag","embeddable":true,"href":"https:\/\/jornalbeirario.com.br\/portal\/index.php?rest_route=%2Fwp%2Fv2%2Ftags&post=34970"}],"curies":[{"name":"wp","href":"https:\/\/api.w.org\/{rel}","templated":true}]}}