
{"id":34854,"date":"2015-11-13T08:14:09","date_gmt":"2015-11-13T08:14:09","guid":{"rendered":"http:\/\/jornalbeirario.com.br\/portal\/portal\/?p=34854"},"modified":"2015-11-13T08:14:09","modified_gmt":"2015-11-13T08:14:09","slug":"lais-amaral-120","status":"publish","type":"post","link":"https:\/\/jornalbeirario.com.br\/portal\/?p=34854","title":{"rendered":"La\u00eds Amaral"},"content":{"rendered":"<p style=\"text-align: justify;\"><strong>O professor Elon \u00e9 sujeito s\u00e9rio<\/strong><br \/>\nAlgumas vezes comentei aqui sobre as situa\u00e7\u00f5es jocosas que meu nome, inegavelmente feminino, me exp\u00f4s e ainda me exp\u00f5e. Mas nenhuma dessas situa\u00e7\u00f5es, por mais inc\u00f4modas que tenham sido, incluindo o bullying nos tempos de col\u00e9gio, se iguala ao ocorrido com o professor e meu amigo Elon Viana. Elon \u00e9 daquelas pessoas por quem colocamos a m\u00e3o no fogo sem tomar conhecimento da situa\u00e7\u00e3o. \u00c9 o que podemos chamar de um sujeito limpo. Pois bem, mal estourou o esc\u00e2ndalo da C\u00e2mara Municipal, com nomes pipocando na Imprensa e nas Redes Sociais, o celular do Elon n\u00e3o parou mais de receber liga\u00e7\u00f5es. As pessoas perplexas queriam saber se estava tudo bem, e coisa e tal. E ele ainda sem entender. Mas logo (as coisas s\u00e3o ligeiras) ficou sabendo que entre os nomes levantados na C\u00e2mara, um era praticamente hom\u00f4nimo do seu. A diferen\u00e7a, uma letra, que quase n\u00e3o \u00e9 ouvida quando o nome \u00e9 pronunciado. E Elon vive as tr\u00eas \u00faltimas semanas a fazer desmentidos, a esclarecer que n\u00e3o tem nada a ver com o tal esc\u00e2ndalo etc, etc. O desmentido \u00e9 facilmente realiz\u00e1vel n\u00e3o fosse ele quem \u00e9, mas que \u00e9 chato, \u00e9! Todos os dias, seja na rua, no supermercado, na escola, ao celular, ter que repetir a mesma ladainha. Mas Elon \u00e9 \u00edntegro e est\u00e1 tranquilo. Eu, por meu lado, tenho muito que agradecer a meu saudoso pai, pelo meu nome esquisito.<\/p>\n<p style=\"text-align: justify;\"><strong>Confer\u00eancia Municipal de Cultura: hoje (dia 13) e amanh\u00e3 no Espa\u00e7o \u201cZ\u201d<\/strong><br \/>\nSer\u00e1 aberta hoje (dia 13) no Espa\u00e7o \u201cZ\u201d a 5\u00aa Conferencia de Cultura de Resende. O credenciamento ser\u00e1 a partir das 18h30min e a abertura est\u00e1 prevista para \u00e0s 19h. J\u00e1 \u00e0s 19h15min. acontece a palestra sobre \u2018Sistema Municipal de Cultura: Institucionalidade da Cultura e Democracia Cultural\u2019, com Clarissa Semensato, que \u00e9 mestre em pol\u00edticas sociais, pesquisadora e assessora de pol\u00edticas culturais da Secretaria de Cultura do Estado. Uma palestra fundamental para entender o funcionamento do sistema de cultura que aproxima as esferas municipal, estadual e federal. Amanh\u00e3, o credenciamento come\u00e7a \u00e0s 8h, \u00e0s 9h a leitura e aprova\u00e7\u00e3o do regimento interno. Meia hora depois a divis\u00e3o dos grupos de trabalho. A previs\u00e3o de encerramento \u00e9 para as 15h, com intervalo para almo\u00e7o. A confer\u00eancia \u00e9 um momento importante para quem faz arte e cultura no munic\u00edpio e pretende contribuir e ampliar o campo de a\u00e7\u00e3o das culturas por aqui. Chegue junto !!<\/p>\n<p style=\"text-align: justify;\"><strong>TRIPA<\/strong><br \/>\n* Na pr\u00f3xima sexta-feira, dia 20, completa dez anos o grupo Pedra Sonora. A festa acontece na antiga Dance House (tamb\u00e9m antiga Sun bar), em Penedo (Av. Cel. Tramujas Mader, 20) e come\u00e7a \u00e0s 17 horas. V\u00e3o rolar comidas t\u00edpicas e muita m\u00fasica. 17h: mesa de samba aberta, com m\u00fasicos da regi\u00e3o; 20h: roda de Maculel\u00ea\/Samba de roda\/Roda de Coco\/Ciranda; 21h: apresenta\u00e7\u00e3o do Maracatu do Bloco Pedra Sonora; 22h: Forr\u00f3; 23h: Banda Pedra Sonora e nos intervalos DJ Uir\u00e1 Le\u00e3o. E aten\u00e7\u00e3o, ingresso com membros do grupo \u00e9 mais barato * Um grande abra\u00e7o aos felizes botafoguenses: Nogueira, Magela, Guilherme, Aldair, Robson Monteiro, Z\u00e9 Roberto \u2018Mu\u00e7um\u2019, Claudionor Rosa, Helano, Luis, Pimenta, Zaidan, C\u00e9rgio, Tati, Patr\u00edcia, Campe\u00e3o, M\u00f4nica B\u00fchler, Zeli, Cruel, Evaldo, Louren\u00e7o, Z\u00e9 Botafogo, Kiko, Wilsinho, Edinho (agora \u00e9 o t\u00edtulo meu irm\u00e3o) e ao \u2018f\u00e3 n\u00famero 1\u2019 do lateral Carleto, o meu amigo Carlinhos Botafogo * Domingo come\u00e7am as semifinais do So\u00e7aite Quarent\u00e3o da AABB. Jogam: Casa da Lua x Ipiranga (9h15min.) e em seguida Turma da Pelada x Brameiros (10h20min.). Os jogos que apontaram os semifinalistas, domingo passado foram: Turma da Pelada 5 x 0 Turbul\u00eancia, Brameiros 2 x 1 Ipiranga e Casa da Lua 7 x 0 Real Sport * Est\u00e3o abertas as matr\u00edculas para os cursos de MBA em Gerenciamento de Projetos e Gest\u00e3o Financeira, Auditoria e Controladoria, com turmas no campus da AEDB, em Resende, e tamb\u00e9m na unidade AEDB\/FGV em Volta Redonda. Ambos em conv\u00eanio com FGV. H\u00e1 tamb\u00e9m a op\u00e7\u00e3o do MBA em Log\u00edstica e Supply Chain, com turma apenas em Volta Redonda. Preparem-se !<\/p>\n<p style=\"text-align: justify;\"><strong>ANIVERS\u00c1RIOS<\/strong><br \/>\nDia 5, mudaram a idade a minha querida Luciana Monteiro, l\u00e1 da Tijuca e o Luis Fernando Monteiro. No dia 6, uma turma grande inaugurou idade nova: Claudia Rodrigues, Israel de Paula, Robinho Bertoldo, Anadege Cabral, Marina Schneider e Marcelo Glirlinzoni. Dia 7, a Regina Quaresma e a Rosane C\u00e2ndido sopraram velinhas. No dia 8 foi a vez da Josiane Rodrigues e da minha amiga Gardenia Santos receberem os \u2018parab\u00e9ns\u2019. Dia 9 o Claudio Camillo e o Eduardo Chamarelli ficaram mais experientes. Dia 10 duas figura\u00e7as contaram mais um ano de vida, o Gui Cabral e o Diogo Linx. No dia 11, aniversariaram a Solange Pinheiro, a Lidiane Aparecida e o Vin\u00edcius Chico F\u00e1varo, meu sobrinho querido. Nesta, sexta-feira, 13, dois extremos: o coronel Marco Antonio Bernardi completa 77 anos e o PC Junior, filhinho do PC faz um aninho. PC comemora o anivers\u00e1rio do filho amanh\u00e3, dia 14, lan\u00e7ando um livro de poemas in\u00e9ditos em homenagem ao garoto. Parab\u00e9ns e todas as felicidades do mundo a eles.<\/p>\n","protected":false},"excerpt":{"rendered":"<p>O professor Elon \u00e9 sujeito s\u00e9rio Algumas vezes comentei aqui sobre as situa\u00e7\u00f5es jocosas que meu nome, inegavelmente feminino, me exp\u00f4s e ainda me<\/p>\n","protected":false},"author":1,"featured_media":0,"comment_status":"open","ping_status":"open","sticky":false,"template":"","format":"standard","meta":{"pmpro_default_level":"","footnotes":""},"categories":[13],"tags":[],"class_list":["post-34854","post","type-post","status-publish","format-standard","hentry","category-social","pmpro-has-access"],"yoast_head":"<!-- This site is optimized with the Yoast SEO plugin v27.4 - https:\/\/yoast.com\/product\/yoast-seo-wordpress\/ -->\n<title>La\u00eds Amaral - JORNAL BEIRA RIO<\/title>\n<meta name=\"robots\" content=\"index, follow, max-snippet:-1, max-image-preview:large, max-video-preview:-1\" \/>\n<link rel=\"canonical\" href=\"https:\/\/jornalbeirario.com.br\/portal\/?p=34854\" \/>\n<meta property=\"og:locale\" content=\"pt_BR\" \/>\n<meta property=\"og:type\" content=\"article\" \/>\n<meta property=\"og:title\" content=\"La\u00eds Amaral - JORNAL BEIRA RIO\" \/>\n<meta property=\"og:description\" content=\"O professor Elon \u00e9 sujeito s\u00e9rio Algumas vezes comentei aqui sobre as situa\u00e7\u00f5es jocosas que meu nome, inegavelmente feminino, me exp\u00f4s e ainda me\" \/>\n<meta property=\"og:url\" content=\"https:\/\/jornalbeirario.com.br\/portal\/?p=34854\" \/>\n<meta property=\"og:site_name\" content=\"JORNAL BEIRA RIO\" \/>\n<meta property=\"article:published_time\" content=\"2015-11-13T08:14:09+00:00\" \/>\n<meta name=\"author\" content=\"Jornal BEIRA-RIO\" \/>\n<meta name=\"twitter:card\" content=\"summary_large_image\" \/>\n<meta name=\"twitter:label1\" content=\"Escrito por\" \/>\n\t<meta name=\"twitter:data1\" content=\"Jornal BEIRA-RIO\" \/>\n\t<meta name=\"twitter:label2\" content=\"Est. tempo de leitura\" \/>\n\t<meta name=\"twitter:data2\" content=\"4 minutos\" \/>\n<script type=\"application\/ld+json\" class=\"yoast-schema-graph\">{\"@context\":\"https:\\\/\\\/schema.org\",\"@graph\":[{\"@type\":\"Article\",\"@id\":\"https:\\\/\\\/jornalbeirario.com.br\\\/portal\\\/?p=34854#article\",\"isPartOf\":{\"@id\":\"https:\\\/\\\/jornalbeirario.com.br\\\/portal\\\/?p=34854\"},\"author\":{\"name\":\"Jornal BEIRA-RIO\",\"@id\":\"https:\\\/\\\/jornalbeirario.com.br\\\/portal\\\/#\\\/schema\\\/person\\\/c6c423e4c2465d2a9233f6539173e7c1\"},\"headline\":\"La\u00eds Amaral\",\"datePublished\":\"2015-11-13T08:14:09+00:00\",\"mainEntityOfPage\":{\"@id\":\"https:\\\/\\\/jornalbeirario.com.br\\\/portal\\\/?p=34854\"},\"wordCount\":884,\"commentCount\":0,\"publisher\":{\"@id\":\"https:\\\/\\\/jornalbeirario.com.br\\\/portal\\\/#organization\"},\"articleSection\":[\"Social\"],\"inLanguage\":\"pt-BR\",\"potentialAction\":[{\"@type\":\"CommentAction\",\"name\":\"Comment\",\"target\":[\"https:\\\/\\\/jornalbeirario.com.br\\\/portal\\\/?p=34854#respond\"]}]},{\"@type\":\"WebPage\",\"@id\":\"https:\\\/\\\/jornalbeirario.com.br\\\/portal\\\/?p=34854\",\"url\":\"https:\\\/\\\/jornalbeirario.com.br\\\/portal\\\/?p=34854\",\"name\":\"La\u00eds Amaral - JORNAL BEIRA RIO\",\"isPartOf\":{\"@id\":\"https:\\\/\\\/jornalbeirario.com.br\\\/portal\\\/#website\"},\"datePublished\":\"2015-11-13T08:14:09+00:00\",\"breadcrumb\":{\"@id\":\"https:\\\/\\\/jornalbeirario.com.br\\\/portal\\\/?p=34854#breadcrumb\"},\"inLanguage\":\"pt-BR\",\"potentialAction\":[{\"@type\":\"ReadAction\",\"target\":[\"https:\\\/\\\/jornalbeirario.com.br\\\/portal\\\/?p=34854\"]}]},{\"@type\":\"BreadcrumbList\",\"@id\":\"https:\\\/\\\/jornalbeirario.com.br\\\/portal\\\/?p=34854#breadcrumb\",\"itemListElement\":[{\"@type\":\"ListItem\",\"position\":1,\"name\":\"Home\",\"item\":\"https:\\\/\\\/jornalbeirario.com.br\\\/portal\"},{\"@type\":\"ListItem\",\"position\":2,\"name\":\"La\u00eds Amaral\"}]},{\"@type\":\"WebSite\",\"@id\":\"https:\\\/\\\/jornalbeirario.com.br\\\/portal\\\/#website\",\"url\":\"https:\\\/\\\/jornalbeirario.com.br\\\/portal\\\/\",\"name\":\"JORNAL BEIRA RIO\",\"description\":\"\",\"publisher\":{\"@id\":\"https:\\\/\\\/jornalbeirario.com.br\\\/portal\\\/#organization\"},\"potentialAction\":[{\"@type\":\"SearchAction\",\"target\":{\"@type\":\"EntryPoint\",\"urlTemplate\":\"https:\\\/\\\/jornalbeirario.com.br\\\/portal\\\/?s={search_term_string}\"},\"query-input\":{\"@type\":\"PropertyValueSpecification\",\"valueRequired\":true,\"valueName\":\"search_term_string\"}}],\"inLanguage\":\"pt-BR\"},{\"@type\":\"Organization\",\"@id\":\"https:\\\/\\\/jornalbeirario.com.br\\\/portal\\\/#organization\",\"name\":\"JORNAL BEIRA RIO\",\"url\":\"https:\\\/\\\/jornalbeirario.com.br\\\/portal\\\/\",\"logo\":{\"@type\":\"ImageObject\",\"inLanguage\":\"pt-BR\",\"@id\":\"https:\\\/\\\/jornalbeirario.com.br\\\/portal\\\/#\\\/schema\\\/logo\\\/image\\\/\",\"url\":\"https:\\\/\\\/jornalbeirario.com.br\\\/portal\\\/wp-content\\\/uploads\\\/2017\\\/09\\\/BEIRA-RIO_logo600.png\",\"contentUrl\":\"https:\\\/\\\/jornalbeirario.com.br\\\/portal\\\/wp-content\\\/uploads\\\/2017\\\/09\\\/BEIRA-RIO_logo600.png\",\"width\":650,\"height\":108,\"caption\":\"JORNAL BEIRA RIO\"},\"image\":{\"@id\":\"https:\\\/\\\/jornalbeirario.com.br\\\/portal\\\/#\\\/schema\\\/logo\\\/image\\\/\"}},{\"@type\":\"Person\",\"@id\":\"https:\\\/\\\/jornalbeirario.com.br\\\/portal\\\/#\\\/schema\\\/person\\\/c6c423e4c2465d2a9233f6539173e7c1\",\"name\":\"Jornal BEIRA-RIO\",\"image\":{\"@type\":\"ImageObject\",\"inLanguage\":\"pt-BR\",\"@id\":\"https:\\\/\\\/jornalbeirario.com.br\\\/portal\\\/wp-content\\\/uploads\\\/2023\\\/10\\\/logojbr1.jpg\",\"url\":\"https:\\\/\\\/jornalbeirario.com.br\\\/portal\\\/wp-content\\\/uploads\\\/2023\\\/10\\\/logojbr1.jpg\",\"contentUrl\":\"https:\\\/\\\/jornalbeirario.com.br\\\/portal\\\/wp-content\\\/uploads\\\/2023\\\/10\\\/logojbr1.jpg\",\"caption\":\"Jornal BEIRA-RIO\"},\"url\":\"https:\\\/\\\/jornalbeirario.com.br\\\/portal\\\/?author=1\"}]}<\/script>\n<!-- \/ Yoast SEO plugin. -->","yoast_head_json":{"title":"La\u00eds Amaral - JORNAL BEIRA RIO","robots":{"index":"index","follow":"follow","max-snippet":"max-snippet:-1","max-image-preview":"max-image-preview:large","max-video-preview":"max-video-preview:-1"},"canonical":"https:\/\/jornalbeirario.com.br\/portal\/?p=34854","og_locale":"pt_BR","og_type":"article","og_title":"La\u00eds Amaral - JORNAL BEIRA RIO","og_description":"O professor Elon \u00e9 sujeito s\u00e9rio Algumas vezes comentei aqui sobre as situa\u00e7\u00f5es jocosas que meu nome, inegavelmente feminino, me exp\u00f4s e ainda me","og_url":"https:\/\/jornalbeirario.com.br\/portal\/?p=34854","og_site_name":"JORNAL BEIRA RIO","article_published_time":"2015-11-13T08:14:09+00:00","author":"Jornal BEIRA-RIO","twitter_card":"summary_large_image","twitter_misc":{"Escrito por":"Jornal BEIRA-RIO","Est. tempo de leitura":"4 minutos"},"schema":{"@context":"https:\/\/schema.org","@graph":[{"@type":"Article","@id":"https:\/\/jornalbeirario.com.br\/portal\/?p=34854#article","isPartOf":{"@id":"https:\/\/jornalbeirario.com.br\/portal\/?p=34854"},"author":{"name":"Jornal BEIRA-RIO","@id":"https:\/\/jornalbeirario.com.br\/portal\/#\/schema\/person\/c6c423e4c2465d2a9233f6539173e7c1"},"headline":"La\u00eds Amaral","datePublished":"2015-11-13T08:14:09+00:00","mainEntityOfPage":{"@id":"https:\/\/jornalbeirario.com.br\/portal\/?p=34854"},"wordCount":884,"commentCount":0,"publisher":{"@id":"https:\/\/jornalbeirario.com.br\/portal\/#organization"},"articleSection":["Social"],"inLanguage":"pt-BR","potentialAction":[{"@type":"CommentAction","name":"Comment","target":["https:\/\/jornalbeirario.com.br\/portal\/?p=34854#respond"]}]},{"@type":"WebPage","@id":"https:\/\/jornalbeirario.com.br\/portal\/?p=34854","url":"https:\/\/jornalbeirario.com.br\/portal\/?p=34854","name":"La\u00eds Amaral - JORNAL BEIRA RIO","isPartOf":{"@id":"https:\/\/jornalbeirario.com.br\/portal\/#website"},"datePublished":"2015-11-13T08:14:09+00:00","breadcrumb":{"@id":"https:\/\/jornalbeirario.com.br\/portal\/?p=34854#breadcrumb"},"inLanguage":"pt-BR","potentialAction":[{"@type":"ReadAction","target":["https:\/\/jornalbeirario.com.br\/portal\/?p=34854"]}]},{"@type":"BreadcrumbList","@id":"https:\/\/jornalbeirario.com.br\/portal\/?p=34854#breadcrumb","itemListElement":[{"@type":"ListItem","position":1,"name":"Home","item":"https:\/\/jornalbeirario.com.br\/portal"},{"@type":"ListItem","position":2,"name":"La\u00eds Amaral"}]},{"@type":"WebSite","@id":"https:\/\/jornalbeirario.com.br\/portal\/#website","url":"https:\/\/jornalbeirario.com.br\/portal\/","name":"JORNAL BEIRA RIO","description":"","publisher":{"@id":"https:\/\/jornalbeirario.com.br\/portal\/#organization"},"potentialAction":[{"@type":"SearchAction","target":{"@type":"EntryPoint","urlTemplate":"https:\/\/jornalbeirario.com.br\/portal\/?s={search_term_string}"},"query-input":{"@type":"PropertyValueSpecification","valueRequired":true,"valueName":"search_term_string"}}],"inLanguage":"pt-BR"},{"@type":"Organization","@id":"https:\/\/jornalbeirario.com.br\/portal\/#organization","name":"JORNAL BEIRA RIO","url":"https:\/\/jornalbeirario.com.br\/portal\/","logo":{"@type":"ImageObject","inLanguage":"pt-BR","@id":"https:\/\/jornalbeirario.com.br\/portal\/#\/schema\/logo\/image\/","url":"https:\/\/jornalbeirario.com.br\/portal\/wp-content\/uploads\/2017\/09\/BEIRA-RIO_logo600.png","contentUrl":"https:\/\/jornalbeirario.com.br\/portal\/wp-content\/uploads\/2017\/09\/BEIRA-RIO_logo600.png","width":650,"height":108,"caption":"JORNAL BEIRA RIO"},"image":{"@id":"https:\/\/jornalbeirario.com.br\/portal\/#\/schema\/logo\/image\/"}},{"@type":"Person","@id":"https:\/\/jornalbeirario.com.br\/portal\/#\/schema\/person\/c6c423e4c2465d2a9233f6539173e7c1","name":"Jornal BEIRA-RIO","image":{"@type":"ImageObject","inLanguage":"pt-BR","@id":"https:\/\/jornalbeirario.com.br\/portal\/wp-content\/uploads\/2023\/10\/logojbr1.jpg","url":"https:\/\/jornalbeirario.com.br\/portal\/wp-content\/uploads\/2023\/10\/logojbr1.jpg","contentUrl":"https:\/\/jornalbeirario.com.br\/portal\/wp-content\/uploads\/2023\/10\/logojbr1.jpg","caption":"Jornal BEIRA-RIO"},"url":"https:\/\/jornalbeirario.com.br\/portal\/?author=1"}]}},"_links":{"self":[{"href":"https:\/\/jornalbeirario.com.br\/portal\/index.php?rest_route=\/wp\/v2\/posts\/34854","targetHints":{"allow":["GET"]}}],"collection":[{"href":"https:\/\/jornalbeirario.com.br\/portal\/index.php?rest_route=\/wp\/v2\/posts"}],"about":[{"href":"https:\/\/jornalbeirario.com.br\/portal\/index.php?rest_route=\/wp\/v2\/types\/post"}],"author":[{"embeddable":true,"href":"https:\/\/jornalbeirario.com.br\/portal\/index.php?rest_route=\/wp\/v2\/users\/1"}],"replies":[{"embeddable":true,"href":"https:\/\/jornalbeirario.com.br\/portal\/index.php?rest_route=%2Fwp%2Fv2%2Fcomments&post=34854"}],"version-history":[{"count":2,"href":"https:\/\/jornalbeirario.com.br\/portal\/index.php?rest_route=\/wp\/v2\/posts\/34854\/revisions"}],"predecessor-version":[{"id":34899,"href":"https:\/\/jornalbeirario.com.br\/portal\/index.php?rest_route=\/wp\/v2\/posts\/34854\/revisions\/34899"}],"wp:attachment":[{"href":"https:\/\/jornalbeirario.com.br\/portal\/index.php?rest_route=%2Fwp%2Fv2%2Fmedia&parent=34854"}],"wp:term":[{"taxonomy":"category","embeddable":true,"href":"https:\/\/jornalbeirario.com.br\/portal\/index.php?rest_route=%2Fwp%2Fv2%2Fcategories&post=34854"},{"taxonomy":"post_tag","embeddable":true,"href":"https:\/\/jornalbeirario.com.br\/portal\/index.php?rest_route=%2Fwp%2Fv2%2Ftags&post=34854"}],"curies":[{"name":"wp","href":"https:\/\/api.w.org\/{rel}","templated":true}]}}