
{"id":34704,"date":"2015-11-06T08:19:56","date_gmt":"2015-11-06T08:19:56","guid":{"rendered":"http:\/\/jornalbeirario.com.br\/portal\/portal\/?p=34704"},"modified":"2015-11-06T08:19:56","modified_gmt":"2015-11-06T08:19:56","slug":"quem-pensa-ta-todo-mundo-doido-para-para-que-eu-quero-descer","status":"publish","type":"post","link":"https:\/\/jornalbeirario.com.br\/portal\/?p=34704","title":{"rendered":"QUEM PENSA? T\u00e1 todo mundo doido? Para. Para que eu quero descer!"},"content":{"rendered":"<p style=\"text-align: justify;\">N\u00e3o bastassem os esc\u00e2ndalos da C\u00e2mara Municipal que atingem o Executivo de Resende, al\u00e9m dos in\u00fameros processos e irregularidades apontadas pelo Tribunal de Contas do Estado, a Sanear, ag\u00eancia reguladora \u2013 repito, reguladora \u2013 do munic\u00edpio de Resende resolveu cobrar contas de \u00e1gua de 2007, 2008 e 2009. Ainda que existam controv\u00e9rsias sobre a prescri\u00e7\u00e3o, h\u00e1 entendimentos pelo C\u00f3digo Civil que a cobran\u00e7a prescreve em 10 anos, mas existem diverg\u00eancias e acord\u00e3os que falam em cinco anos, o que chama aten\u00e7\u00e3o \u00e9 que a Sanear que tem como finalidade promover a regula\u00e7\u00e3o, controle e fiscaliza\u00e7\u00e3o dos servi\u00e7os concedidos est\u00e1 fazendo o que \u00e9 atribui\u00e7\u00e3o da concession\u00e1ria \u00c1guas das Agulhas Negras, j\u00e1 que este servi\u00e7o foi concedido em 2007, portanto, a cobran\u00e7a deveria ser feita, se for o caso, pela concession\u00e1ria e n\u00e3o pela reguladora.<\/p>\n<p style=\"text-align: justify;\">Mas parece que em Resende tudo pode. Tanto que a lei que fala das atribui\u00e7\u00f5es da Sanear s\u00f3 foi aprovada ano passado (Lei n\u00ba 3128 de 24 de setembro de 2014), sete anos depois da concess\u00e3o dos servi\u00e7os no munic\u00edpio. O resendense nunca viu, pelo menos eu n\u00e3o lembro, uma a\u00e7\u00e3o da Sanear em defesa do consumidor. Pelo contr\u00e1rio, a volta da cobran\u00e7a da taxa de esgoto para as resid\u00eancias que n\u00e3o t\u00eam tratamento n\u00e3o mereceu nem o esfor\u00e7o, nem interesse do governo ou da ag\u00eancia reguladora que poderia sem d\u00favida sair em defesa daqueles que agora s\u00e3o obrigados a pagar por um servi\u00e7o que n\u00e3o \u00e9 realizado.<\/p>\n<p style=\"text-align: justify;\">Agora, a Sanear envia aos consumidores uma notifica\u00e7\u00e3o com uma suposta d\u00edvida de oito anos onde informa: \u201co n\u00e3o atendimento desta notifica\u00e7\u00e3o implicar\u00e1 na inscri\u00e7\u00e3o em D\u00edvida Ativa e cobran\u00e7a do d\u00e9bito atrav\u00e9s de Execu\u00e7\u00e3o Fiscal\u201d. Ora, como uma conta fica sem ser paga durante oito anos e agora, que poder\u00e1 entrar na d\u00edvida ativa? Por que o governo\/Sanear subestimam desta maneira a intelig\u00eancia da popula\u00e7\u00e3o? Est\u00e1 tudo muito doido nessa cidade. Est\u00e3o t\u00e3o desesperados assim para arrecadar? N\u00e3o acredito. Do contr\u00e1rio n\u00e3o teriam isentado v\u00e1rios devedores (e n\u00e3o era merreca n\u00e3o) de impostos n\u00e3o pagos e multas, t\u00e3o pouco facilitado a vida de compradores de terrenos na cidade que t\u00eam conseguido perd\u00e3o das d\u00edvidas.<\/p>\n<p style=\"text-align: justify;\">Cad\u00ea os vereadores que n\u00e3o fiscalizam essas isen\u00e7\u00f5es de tarifas no munic\u00edpio, como d\u00edvidas de IPTU. Se quiserem, tenho algumas den\u00fancias mais recentes da \u00e1rea do Para\u00edso, por exemplo. Tudo bem, que perguntar pelas a\u00e7\u00f5es a favor do povo por parte dos vereadores e nada \u00e9 a mesma coisa, mas n\u00e3o custa lembrar como o resendense nos \u00faltimos anos tem sido tratado como lixo.<\/p>\n<p style=\"text-align: justify;\">Moradores da Cidade Alegria que come\u00e7aram a receber essa cobran\u00e7a de oito anos atr\u00e1s querem saber onde anda a Sanear que n\u00e3o v\u00ea a p\u00e9ssima qualidade da \u00e1gua, que muitas vezes chega na cor marrom nas torneiras. Cad\u00ea a ag\u00eancia reguladora que nunca aparece e agora d\u00e1 o ar de sua gra\u00e7a para tentar tirar um cascalho do consumidor que se depara com mais esse desrespeito. T\u00e1 dif\u00edcil!<\/p>\n<p style=\"text-align: justify;\">Ana L\u00facia<br \/>\neditora do jornal <strong>BEIRA-RIO<\/strong><br \/>\nanalucia@jornalbeirario.com.br<\/p>\n","protected":false},"excerpt":{"rendered":"<p>N\u00e3o bastassem os esc\u00e2ndalos da C\u00e2mara Municipal que atingem o Executivo de Resende, al\u00e9m dos in\u00fameros processos e irregularidades apontadas pelo Tribunal de Contas<\/p>\n","protected":false},"author":1,"featured_media":0,"comment_status":"open","ping_status":"open","sticky":false,"template":"","format":"standard","meta":{"pmpro_default_level":"","footnotes":""},"categories":[8],"tags":[],"class_list":["post-34704","post","type-post","status-publish","format-standard","hentry","category-opiniao","pmpro-has-access"],"yoast_head":"<!-- This site is optimized with the Yoast SEO plugin v27.4 - https:\/\/yoast.com\/product\/yoast-seo-wordpress\/ -->\n<title>QUEM PENSA? T\u00e1 todo mundo doido? Para. Para que eu quero descer! - JORNAL BEIRA RIO<\/title>\n<meta name=\"robots\" content=\"index, follow, max-snippet:-1, max-image-preview:large, max-video-preview:-1\" \/>\n<link rel=\"canonical\" href=\"https:\/\/jornalbeirario.com.br\/portal\/?p=34704\" \/>\n<meta property=\"og:locale\" content=\"pt_BR\" \/>\n<meta property=\"og:type\" content=\"article\" \/>\n<meta property=\"og:title\" content=\"QUEM PENSA? T\u00e1 todo mundo doido? Para. Para que eu quero descer! - JORNAL BEIRA RIO\" \/>\n<meta property=\"og:description\" content=\"N\u00e3o bastassem os esc\u00e2ndalos da C\u00e2mara Municipal que atingem o Executivo de Resende, al\u00e9m dos in\u00fameros processos e irregularidades apontadas pelo Tribunal de Contas\" \/>\n<meta property=\"og:url\" content=\"https:\/\/jornalbeirario.com.br\/portal\/?p=34704\" \/>\n<meta property=\"og:site_name\" content=\"JORNAL BEIRA RIO\" \/>\n<meta property=\"article:published_time\" content=\"2015-11-06T08:19:56+00:00\" \/>\n<meta name=\"author\" content=\"Jornal BEIRA-RIO\" \/>\n<meta name=\"twitter:card\" content=\"summary_large_image\" \/>\n<meta name=\"twitter:label1\" content=\"Escrito por\" \/>\n\t<meta name=\"twitter:data1\" content=\"Jornal BEIRA-RIO\" \/>\n\t<meta name=\"twitter:label2\" content=\"Est. tempo de leitura\" \/>\n\t<meta name=\"twitter:data2\" content=\"3 minutos\" \/>\n<script type=\"application\/ld+json\" class=\"yoast-schema-graph\">{\"@context\":\"https:\\\/\\\/schema.org\",\"@graph\":[{\"@type\":\"Article\",\"@id\":\"https:\\\/\\\/jornalbeirario.com.br\\\/portal\\\/?p=34704#article\",\"isPartOf\":{\"@id\":\"https:\\\/\\\/jornalbeirario.com.br\\\/portal\\\/?p=34704\"},\"author\":{\"name\":\"Jornal BEIRA-RIO\",\"@id\":\"https:\\\/\\\/jornalbeirario.com.br\\\/portal\\\/#\\\/schema\\\/person\\\/c6c423e4c2465d2a9233f6539173e7c1\"},\"headline\":\"QUEM PENSA? T\u00e1 todo mundo doido? Para. Para que eu quero descer!\",\"datePublished\":\"2015-11-06T08:19:56+00:00\",\"mainEntityOfPage\":{\"@id\":\"https:\\\/\\\/jornalbeirario.com.br\\\/portal\\\/?p=34704\"},\"wordCount\":582,\"commentCount\":0,\"publisher\":{\"@id\":\"https:\\\/\\\/jornalbeirario.com.br\\\/portal\\\/#organization\"},\"articleSection\":[\"Opini\u00e3o\"],\"inLanguage\":\"pt-BR\",\"potentialAction\":[{\"@type\":\"CommentAction\",\"name\":\"Comment\",\"target\":[\"https:\\\/\\\/jornalbeirario.com.br\\\/portal\\\/?p=34704#respond\"]}]},{\"@type\":\"WebPage\",\"@id\":\"https:\\\/\\\/jornalbeirario.com.br\\\/portal\\\/?p=34704\",\"url\":\"https:\\\/\\\/jornalbeirario.com.br\\\/portal\\\/?p=34704\",\"name\":\"QUEM PENSA? T\u00e1 todo mundo doido? Para. Para que eu quero descer! - JORNAL BEIRA RIO\",\"isPartOf\":{\"@id\":\"https:\\\/\\\/jornalbeirario.com.br\\\/portal\\\/#website\"},\"datePublished\":\"2015-11-06T08:19:56+00:00\",\"breadcrumb\":{\"@id\":\"https:\\\/\\\/jornalbeirario.com.br\\\/portal\\\/?p=34704#breadcrumb\"},\"inLanguage\":\"pt-BR\",\"potentialAction\":[{\"@type\":\"ReadAction\",\"target\":[\"https:\\\/\\\/jornalbeirario.com.br\\\/portal\\\/?p=34704\"]}]},{\"@type\":\"BreadcrumbList\",\"@id\":\"https:\\\/\\\/jornalbeirario.com.br\\\/portal\\\/?p=34704#breadcrumb\",\"itemListElement\":[{\"@type\":\"ListItem\",\"position\":1,\"name\":\"Home\",\"item\":\"https:\\\/\\\/jornalbeirario.com.br\\\/portal\"},{\"@type\":\"ListItem\",\"position\":2,\"name\":\"QUEM PENSA? T\u00e1 todo mundo doido? Para. Para que eu quero descer!\"}]},{\"@type\":\"WebSite\",\"@id\":\"https:\\\/\\\/jornalbeirario.com.br\\\/portal\\\/#website\",\"url\":\"https:\\\/\\\/jornalbeirario.com.br\\\/portal\\\/\",\"name\":\"JORNAL BEIRA RIO\",\"description\":\"\",\"publisher\":{\"@id\":\"https:\\\/\\\/jornalbeirario.com.br\\\/portal\\\/#organization\"},\"potentialAction\":[{\"@type\":\"SearchAction\",\"target\":{\"@type\":\"EntryPoint\",\"urlTemplate\":\"https:\\\/\\\/jornalbeirario.com.br\\\/portal\\\/?s={search_term_string}\"},\"query-input\":{\"@type\":\"PropertyValueSpecification\",\"valueRequired\":true,\"valueName\":\"search_term_string\"}}],\"inLanguage\":\"pt-BR\"},{\"@type\":\"Organization\",\"@id\":\"https:\\\/\\\/jornalbeirario.com.br\\\/portal\\\/#organization\",\"name\":\"JORNAL BEIRA RIO\",\"url\":\"https:\\\/\\\/jornalbeirario.com.br\\\/portal\\\/\",\"logo\":{\"@type\":\"ImageObject\",\"inLanguage\":\"pt-BR\",\"@id\":\"https:\\\/\\\/jornalbeirario.com.br\\\/portal\\\/#\\\/schema\\\/logo\\\/image\\\/\",\"url\":\"https:\\\/\\\/jornalbeirario.com.br\\\/portal\\\/wp-content\\\/uploads\\\/2017\\\/09\\\/BEIRA-RIO_logo600.png\",\"contentUrl\":\"https:\\\/\\\/jornalbeirario.com.br\\\/portal\\\/wp-content\\\/uploads\\\/2017\\\/09\\\/BEIRA-RIO_logo600.png\",\"width\":650,\"height\":108,\"caption\":\"JORNAL BEIRA RIO\"},\"image\":{\"@id\":\"https:\\\/\\\/jornalbeirario.com.br\\\/portal\\\/#\\\/schema\\\/logo\\\/image\\\/\"}},{\"@type\":\"Person\",\"@id\":\"https:\\\/\\\/jornalbeirario.com.br\\\/portal\\\/#\\\/schema\\\/person\\\/c6c423e4c2465d2a9233f6539173e7c1\",\"name\":\"Jornal BEIRA-RIO\",\"image\":{\"@type\":\"ImageObject\",\"inLanguage\":\"pt-BR\",\"@id\":\"https:\\\/\\\/jornalbeirario.com.br\\\/portal\\\/wp-content\\\/uploads\\\/2023\\\/10\\\/logojbr1.jpg\",\"url\":\"https:\\\/\\\/jornalbeirario.com.br\\\/portal\\\/wp-content\\\/uploads\\\/2023\\\/10\\\/logojbr1.jpg\",\"contentUrl\":\"https:\\\/\\\/jornalbeirario.com.br\\\/portal\\\/wp-content\\\/uploads\\\/2023\\\/10\\\/logojbr1.jpg\",\"caption\":\"Jornal BEIRA-RIO\"},\"url\":\"https:\\\/\\\/jornalbeirario.com.br\\\/portal\\\/?author=1\"}]}<\/script>\n<!-- \/ Yoast SEO plugin. -->","yoast_head_json":{"title":"QUEM PENSA? T\u00e1 todo mundo doido? Para. Para que eu quero descer! - JORNAL BEIRA RIO","robots":{"index":"index","follow":"follow","max-snippet":"max-snippet:-1","max-image-preview":"max-image-preview:large","max-video-preview":"max-video-preview:-1"},"canonical":"https:\/\/jornalbeirario.com.br\/portal\/?p=34704","og_locale":"pt_BR","og_type":"article","og_title":"QUEM PENSA? T\u00e1 todo mundo doido? Para. Para que eu quero descer! - JORNAL BEIRA RIO","og_description":"N\u00e3o bastassem os esc\u00e2ndalos da C\u00e2mara Municipal que atingem o Executivo de Resende, al\u00e9m dos in\u00fameros processos e irregularidades apontadas pelo Tribunal de Contas","og_url":"https:\/\/jornalbeirario.com.br\/portal\/?p=34704","og_site_name":"JORNAL BEIRA RIO","article_published_time":"2015-11-06T08:19:56+00:00","author":"Jornal BEIRA-RIO","twitter_card":"summary_large_image","twitter_misc":{"Escrito por":"Jornal BEIRA-RIO","Est. tempo de leitura":"3 minutos"},"schema":{"@context":"https:\/\/schema.org","@graph":[{"@type":"Article","@id":"https:\/\/jornalbeirario.com.br\/portal\/?p=34704#article","isPartOf":{"@id":"https:\/\/jornalbeirario.com.br\/portal\/?p=34704"},"author":{"name":"Jornal BEIRA-RIO","@id":"https:\/\/jornalbeirario.com.br\/portal\/#\/schema\/person\/c6c423e4c2465d2a9233f6539173e7c1"},"headline":"QUEM PENSA? T\u00e1 todo mundo doido? Para. Para que eu quero descer!","datePublished":"2015-11-06T08:19:56+00:00","mainEntityOfPage":{"@id":"https:\/\/jornalbeirario.com.br\/portal\/?p=34704"},"wordCount":582,"commentCount":0,"publisher":{"@id":"https:\/\/jornalbeirario.com.br\/portal\/#organization"},"articleSection":["Opini\u00e3o"],"inLanguage":"pt-BR","potentialAction":[{"@type":"CommentAction","name":"Comment","target":["https:\/\/jornalbeirario.com.br\/portal\/?p=34704#respond"]}]},{"@type":"WebPage","@id":"https:\/\/jornalbeirario.com.br\/portal\/?p=34704","url":"https:\/\/jornalbeirario.com.br\/portal\/?p=34704","name":"QUEM PENSA? T\u00e1 todo mundo doido? Para. Para que eu quero descer! - JORNAL BEIRA RIO","isPartOf":{"@id":"https:\/\/jornalbeirario.com.br\/portal\/#website"},"datePublished":"2015-11-06T08:19:56+00:00","breadcrumb":{"@id":"https:\/\/jornalbeirario.com.br\/portal\/?p=34704#breadcrumb"},"inLanguage":"pt-BR","potentialAction":[{"@type":"ReadAction","target":["https:\/\/jornalbeirario.com.br\/portal\/?p=34704"]}]},{"@type":"BreadcrumbList","@id":"https:\/\/jornalbeirario.com.br\/portal\/?p=34704#breadcrumb","itemListElement":[{"@type":"ListItem","position":1,"name":"Home","item":"https:\/\/jornalbeirario.com.br\/portal"},{"@type":"ListItem","position":2,"name":"QUEM PENSA? T\u00e1 todo mundo doido? Para. Para que eu quero descer!"}]},{"@type":"WebSite","@id":"https:\/\/jornalbeirario.com.br\/portal\/#website","url":"https:\/\/jornalbeirario.com.br\/portal\/","name":"JORNAL BEIRA RIO","description":"","publisher":{"@id":"https:\/\/jornalbeirario.com.br\/portal\/#organization"},"potentialAction":[{"@type":"SearchAction","target":{"@type":"EntryPoint","urlTemplate":"https:\/\/jornalbeirario.com.br\/portal\/?s={search_term_string}"},"query-input":{"@type":"PropertyValueSpecification","valueRequired":true,"valueName":"search_term_string"}}],"inLanguage":"pt-BR"},{"@type":"Organization","@id":"https:\/\/jornalbeirario.com.br\/portal\/#organization","name":"JORNAL BEIRA RIO","url":"https:\/\/jornalbeirario.com.br\/portal\/","logo":{"@type":"ImageObject","inLanguage":"pt-BR","@id":"https:\/\/jornalbeirario.com.br\/portal\/#\/schema\/logo\/image\/","url":"https:\/\/jornalbeirario.com.br\/portal\/wp-content\/uploads\/2017\/09\/BEIRA-RIO_logo600.png","contentUrl":"https:\/\/jornalbeirario.com.br\/portal\/wp-content\/uploads\/2017\/09\/BEIRA-RIO_logo600.png","width":650,"height":108,"caption":"JORNAL BEIRA RIO"},"image":{"@id":"https:\/\/jornalbeirario.com.br\/portal\/#\/schema\/logo\/image\/"}},{"@type":"Person","@id":"https:\/\/jornalbeirario.com.br\/portal\/#\/schema\/person\/c6c423e4c2465d2a9233f6539173e7c1","name":"Jornal BEIRA-RIO","image":{"@type":"ImageObject","inLanguage":"pt-BR","@id":"https:\/\/jornalbeirario.com.br\/portal\/wp-content\/uploads\/2023\/10\/logojbr1.jpg","url":"https:\/\/jornalbeirario.com.br\/portal\/wp-content\/uploads\/2023\/10\/logojbr1.jpg","contentUrl":"https:\/\/jornalbeirario.com.br\/portal\/wp-content\/uploads\/2023\/10\/logojbr1.jpg","caption":"Jornal BEIRA-RIO"},"url":"https:\/\/jornalbeirario.com.br\/portal\/?author=1"}]}},"_links":{"self":[{"href":"https:\/\/jornalbeirario.com.br\/portal\/index.php?rest_route=\/wp\/v2\/posts\/34704","targetHints":{"allow":["GET"]}}],"collection":[{"href":"https:\/\/jornalbeirario.com.br\/portal\/index.php?rest_route=\/wp\/v2\/posts"}],"about":[{"href":"https:\/\/jornalbeirario.com.br\/portal\/index.php?rest_route=\/wp\/v2\/types\/post"}],"author":[{"embeddable":true,"href":"https:\/\/jornalbeirario.com.br\/portal\/index.php?rest_route=\/wp\/v2\/users\/1"}],"replies":[{"embeddable":true,"href":"https:\/\/jornalbeirario.com.br\/portal\/index.php?rest_route=%2Fwp%2Fv2%2Fcomments&post=34704"}],"version-history":[{"count":4,"href":"https:\/\/jornalbeirario.com.br\/portal\/index.php?rest_route=\/wp\/v2\/posts\/34704\/revisions"}],"predecessor-version":[{"id":34744,"href":"https:\/\/jornalbeirario.com.br\/portal\/index.php?rest_route=\/wp\/v2\/posts\/34704\/revisions\/34744"}],"wp:attachment":[{"href":"https:\/\/jornalbeirario.com.br\/portal\/index.php?rest_route=%2Fwp%2Fv2%2Fmedia&parent=34704"}],"wp:term":[{"taxonomy":"category","embeddable":true,"href":"https:\/\/jornalbeirario.com.br\/portal\/index.php?rest_route=%2Fwp%2Fv2%2Fcategories&post=34704"},{"taxonomy":"post_tag","embeddable":true,"href":"https:\/\/jornalbeirario.com.br\/portal\/index.php?rest_route=%2Fwp%2Fv2%2Ftags&post=34704"}],"curies":[{"name":"wp","href":"https:\/\/api.w.org\/{rel}","templated":true}]}}