
{"id":34695,"date":"2015-11-06T08:21:24","date_gmt":"2015-11-06T08:21:24","guid":{"rendered":"http:\/\/jornalbeirario.com.br\/portal\/portal\/?p=34695"},"modified":"2015-11-06T08:21:24","modified_gmt":"2015-11-06T08:21:24","slug":"lais-amaral-119","status":"publish","type":"post","link":"https:\/\/jornalbeirario.com.br\/portal\/?p=34695","title":{"rendered":"La\u00eds Amaral"},"content":{"rendered":"<p style=\"text-align: justify;\"><strong>Os vereadores sentiram o peso do desabafo e da cobran\u00e7a na sess\u00e3o de ter\u00e7a-feira (1)<\/strong><br \/>\nO \u00fanico assunto da cidade nos \u00faltimos dez dias. N\u00e3o havia mais espa\u00e7o para ningu\u00e9m. Tinha gente at\u00e9 no lustre do plen\u00e1rio da c\u00e2mara, diria o grande Saldanha. Os vereadores meio que acuados diante de uma plateia enorme, como nunca se viu. Soraia, presidente interina da casa comandou a se\u00e7\u00e3o que ainda teve a explica\u00e7\u00e3o do assessor legislativo, o bom Marcelo Carneiro. Explica\u00e7\u00f5es dentro do protocolo. A Casa recebera o processo, alentado, naquele dia. N\u00e3o havia como se pronunciar oficialmente. Mas a massa, essa sim, queria se pronunciar. Sentia-se como poucas vezes, na vantagem ante uma autoridade e no direito de lhe falar de frente, sem olhar de baixo para cima. A massa queria uma explica\u00e7\u00e3o para o inexplic\u00e1vel, ou melhor, para o autoexplic\u00e1vel caso das licita\u00e7\u00f5es supostamente fraudadas, por uma suposta quadrilha que agiria na C\u00e2mara. Claro que em meio ao p\u00fablico, havia muitos que certamente tamb\u00e9m se identificam com o pior dos comportamentos dos nossos pol\u00edticos. Um mau vereador n\u00e3o faz de um mau cidad\u00e3o um bom cidad\u00e3o. Ele (vereador) \u00e9 tamb\u00e9m resultado desse \u2018pseudocidad\u00e3o\u2019.<\/p>\n<p style=\"text-align: justify;\"><strong>Os vereadores sentiram o peso do desabafo e da cobran\u00e7a na sess\u00e3o de ter\u00e7a-feira (2)<\/strong><br \/>\nSoraia concordou em abrir espa\u00e7o para pronunciamentos do p\u00fablico. Nada mais legitimo que as pessoas nesse momento, cobrassem tamb\u00e9m um posicionamento dos vereadores cujos nomes n\u00e3o foram tragados pelo tsunami da semana passada. E N\u00e3o s\u00f3 cobraram, como deitaram uma sombra de desconfian\u00e7a sobre eles. \u201cEu considerava voc\u00eas como pessoas dignas\u201d, disse uma das falantes. O verbo pret\u00e9rito para empalidecer os edis. Mesmo que algum deles pensasse em usar de algum oportunismo se apresentando como \u2018limpo\u2019 na quest\u00e3o, teve que se conter. \u201cComo n\u00e3o perceberam o que estava acontecendo ?\u201d A pergunta ricocheteia pelas paredes do legislativo. A cobran\u00e7a al\u00e9m de legitima era inevit\u00e1vel. Mas agora \u00e9 um caso para a Justi\u00e7a. \u00c9 prudente aguardar o julgamento. Eu tenho um sincero apre\u00e7o e uma real estima por algumas pessoas cujos nomes apareceram no notici\u00e1rio. At\u00e9 que se prove o contr\u00e1rio, todos s\u00e3o inocentes, \u00e9 pedra basilar do nosso Direito. Em que pese o peso das evid\u00eancias. Pesadas evid\u00eancias segundo a M\u00eddia. Mas n\u00e3o podemos permitir que justamente a Justi\u00e7a saia arranhada e sim que seja c\u00e9lere, para que reputa\u00e7\u00f5es respeit\u00e1veis n\u00e3o sejam jogadas numa mesma vala comum. O Estado de Direito deve prevalecer. Sempre.<\/p>\n<p style=\"text-align: justify;\"><strong>TRIPA<\/strong><br \/>\n* Come\u00e7a hoje (dia 6) o \u2018Resende Gastron\u00f4mico\u2019. At\u00e9 o dia 29 deste m\u00eas, dezessete estabelecimentos da cidade participam do evento, que entre outras coisas, vai distribuir pratos e canecas com estampas de pontos tur\u00edsticos do munic\u00edpio, a quem comprovar (passaportes carimbados) ter consumido um dos pratos do circuito no m\u00ednimo de tr\u00eas restaurantes diferentes. Os pratos ter\u00e3o pre\u00e7o \u00fanico em todas as casas com exce\u00e7\u00e3o de uma a torteria. A estrat\u00e9gia \u00e9 estimular o consumidor a percorrer os estabelecimentos durante os vinte e quatro dias do circuito ajudando na forma\u00e7\u00e3o de um polo gastron\u00f4mico. E divulgar, claro, nossos principais pontos tur\u00edstico. No site da Secretaria de Turismo, os restaurantes do circuito. Encabe\u00e7am o projeto a Secretaria Municipal de Turismo, o Sebrae, a CDL, a Associa\u00e7\u00e3o de Hot\u00e9is de Resende e o Conselho Municipal de Turismo * Andre Whately, Claudia Martins e o Julio Bittencourt Trio mostraram um \u2018Vin\u00edcius de Moraes &#8230;\u00e9 demais\u2019, mais ritmado,\u00a0 jazz\u00edstico, balan\u00e7ado, s\u00e1bado passado no Jazz Village. Outra roupagem, mas a mesma beleza po\u00e9tica e musical do espet\u00e1culo * Domingo \u00e9 dia rodada final da fase de classifica\u00e7\u00e3o do So\u00e7aite Quarent\u00e3o da AABB: Turma da Pelada xTurbul\u00eancia (8h30min.);\u00a0 IpirangaxBrameiros (9h45min.) e Real Sport x Casa da Lua (11h). Casa da Lua lidera com 12 pontos e Turma da Pelada vem em segundo com 9 pontos. Saem quatro semifinalistas * Acabaram as obras de amplia\u00e7\u00e3o do Bar Atl\u00e2ntico, pessoal. Hoje \u00e9 dia de curtir o Rio sem sair de Resende. Ao Atl\u00e2ntico !<\/p>\n<p style=\"text-align: justify;\"><strong>ANIVERS\u00c1RIO<\/strong><br \/>\nDia 30 mudaram de idade: a Hevelyne Siqueira, a Roseane Nascimento, a Liliam Wiegand, o meu amigo Andr\u00e9 Ioras e a Carol Barcelos (grila). Dia 31 (Dia do Saci) foi a vez da K\u00e1tia Barreto, do Luis Enrique Jara e da Renata Bento inaugurarem idade nova. Dia 2 receberam os \u2018parab\u00e9ns\u2019 o Paulo Roberto (Opala) e a J\u00f4 Farizel. No dia 3 sopraram velinhas a Jenny e a Rita de C\u00e1ssia Morais. E Nessa quarta, dia 4, a Ana L\u00facia Stoco, o Elieser Rodrigues e a Maria Cec\u00edlia, netinha do Marinho Santista, que aos domingo leva ele para tomar caf\u00e9 na padaria do Magno.\u00a0 Parab\u00e9ns e todas as felicidades do mundo a eles.<\/p>\n","protected":false},"excerpt":{"rendered":"<p>Os vereadores sentiram o peso do desabafo e da cobran\u00e7a na sess\u00e3o de ter\u00e7a-feira (1) O \u00fanico assunto da cidade nos \u00faltimos dez dias.<\/p>\n","protected":false},"author":1,"featured_media":0,"comment_status":"open","ping_status":"open","sticky":false,"template":"","format":"standard","meta":{"pmpro_default_level":"","footnotes":""},"categories":[13],"tags":[],"class_list":["post-34695","post","type-post","status-publish","format-standard","hentry","category-social","pmpro-has-access"],"yoast_head":"<!-- This site is optimized with the Yoast SEO plugin v27.4 - https:\/\/yoast.com\/product\/yoast-seo-wordpress\/ -->\n<title>La\u00eds Amaral - JORNAL BEIRA RIO<\/title>\n<meta name=\"robots\" content=\"index, follow, max-snippet:-1, max-image-preview:large, max-video-preview:-1\" \/>\n<link rel=\"canonical\" href=\"https:\/\/jornalbeirario.com.br\/portal\/?p=34695\" \/>\n<meta property=\"og:locale\" content=\"pt_BR\" \/>\n<meta property=\"og:type\" content=\"article\" \/>\n<meta property=\"og:title\" content=\"La\u00eds Amaral - JORNAL BEIRA RIO\" \/>\n<meta property=\"og:description\" content=\"Os vereadores sentiram o peso do desabafo e da cobran\u00e7a na sess\u00e3o de ter\u00e7a-feira (1) O \u00fanico assunto da cidade nos \u00faltimos dez dias.\" \/>\n<meta property=\"og:url\" content=\"https:\/\/jornalbeirario.com.br\/portal\/?p=34695\" \/>\n<meta property=\"og:site_name\" content=\"JORNAL BEIRA RIO\" \/>\n<meta property=\"article:published_time\" content=\"2015-11-06T08:21:24+00:00\" \/>\n<meta name=\"author\" content=\"Jornal BEIRA-RIO\" \/>\n<meta name=\"twitter:card\" content=\"summary_large_image\" \/>\n<meta name=\"twitter:label1\" content=\"Escrito por\" \/>\n\t<meta name=\"twitter:data1\" content=\"Jornal BEIRA-RIO\" \/>\n\t<meta name=\"twitter:label2\" content=\"Est. tempo de leitura\" \/>\n\t<meta name=\"twitter:data2\" content=\"4 minutos\" \/>\n<script type=\"application\/ld+json\" class=\"yoast-schema-graph\">{\"@context\":\"https:\\\/\\\/schema.org\",\"@graph\":[{\"@type\":\"Article\",\"@id\":\"https:\\\/\\\/jornalbeirario.com.br\\\/portal\\\/?p=34695#article\",\"isPartOf\":{\"@id\":\"https:\\\/\\\/jornalbeirario.com.br\\\/portal\\\/?p=34695\"},\"author\":{\"name\":\"Jornal BEIRA-RIO\",\"@id\":\"https:\\\/\\\/jornalbeirario.com.br\\\/portal\\\/#\\\/schema\\\/person\\\/c6c423e4c2465d2a9233f6539173e7c1\"},\"headline\":\"La\u00eds Amaral\",\"datePublished\":\"2015-11-06T08:21:24+00:00\",\"mainEntityOfPage\":{\"@id\":\"https:\\\/\\\/jornalbeirario.com.br\\\/portal\\\/?p=34695\"},\"wordCount\":835,\"commentCount\":0,\"publisher\":{\"@id\":\"https:\\\/\\\/jornalbeirario.com.br\\\/portal\\\/#organization\"},\"articleSection\":[\"Social\"],\"inLanguage\":\"pt-BR\",\"potentialAction\":[{\"@type\":\"CommentAction\",\"name\":\"Comment\",\"target\":[\"https:\\\/\\\/jornalbeirario.com.br\\\/portal\\\/?p=34695#respond\"]}]},{\"@type\":\"WebPage\",\"@id\":\"https:\\\/\\\/jornalbeirario.com.br\\\/portal\\\/?p=34695\",\"url\":\"https:\\\/\\\/jornalbeirario.com.br\\\/portal\\\/?p=34695\",\"name\":\"La\u00eds Amaral - JORNAL BEIRA RIO\",\"isPartOf\":{\"@id\":\"https:\\\/\\\/jornalbeirario.com.br\\\/portal\\\/#website\"},\"datePublished\":\"2015-11-06T08:21:24+00:00\",\"breadcrumb\":{\"@id\":\"https:\\\/\\\/jornalbeirario.com.br\\\/portal\\\/?p=34695#breadcrumb\"},\"inLanguage\":\"pt-BR\",\"potentialAction\":[{\"@type\":\"ReadAction\",\"target\":[\"https:\\\/\\\/jornalbeirario.com.br\\\/portal\\\/?p=34695\"]}]},{\"@type\":\"BreadcrumbList\",\"@id\":\"https:\\\/\\\/jornalbeirario.com.br\\\/portal\\\/?p=34695#breadcrumb\",\"itemListElement\":[{\"@type\":\"ListItem\",\"position\":1,\"name\":\"Home\",\"item\":\"https:\\\/\\\/jornalbeirario.com.br\\\/portal\"},{\"@type\":\"ListItem\",\"position\":2,\"name\":\"La\u00eds Amaral\"}]},{\"@type\":\"WebSite\",\"@id\":\"https:\\\/\\\/jornalbeirario.com.br\\\/portal\\\/#website\",\"url\":\"https:\\\/\\\/jornalbeirario.com.br\\\/portal\\\/\",\"name\":\"JORNAL BEIRA RIO\",\"description\":\"\",\"publisher\":{\"@id\":\"https:\\\/\\\/jornalbeirario.com.br\\\/portal\\\/#organization\"},\"potentialAction\":[{\"@type\":\"SearchAction\",\"target\":{\"@type\":\"EntryPoint\",\"urlTemplate\":\"https:\\\/\\\/jornalbeirario.com.br\\\/portal\\\/?s={search_term_string}\"},\"query-input\":{\"@type\":\"PropertyValueSpecification\",\"valueRequired\":true,\"valueName\":\"search_term_string\"}}],\"inLanguage\":\"pt-BR\"},{\"@type\":\"Organization\",\"@id\":\"https:\\\/\\\/jornalbeirario.com.br\\\/portal\\\/#organization\",\"name\":\"JORNAL BEIRA RIO\",\"url\":\"https:\\\/\\\/jornalbeirario.com.br\\\/portal\\\/\",\"logo\":{\"@type\":\"ImageObject\",\"inLanguage\":\"pt-BR\",\"@id\":\"https:\\\/\\\/jornalbeirario.com.br\\\/portal\\\/#\\\/schema\\\/logo\\\/image\\\/\",\"url\":\"https:\\\/\\\/jornalbeirario.com.br\\\/portal\\\/wp-content\\\/uploads\\\/2017\\\/09\\\/BEIRA-RIO_logo600.png\",\"contentUrl\":\"https:\\\/\\\/jornalbeirario.com.br\\\/portal\\\/wp-content\\\/uploads\\\/2017\\\/09\\\/BEIRA-RIO_logo600.png\",\"width\":650,\"height\":108,\"caption\":\"JORNAL BEIRA RIO\"},\"image\":{\"@id\":\"https:\\\/\\\/jornalbeirario.com.br\\\/portal\\\/#\\\/schema\\\/logo\\\/image\\\/\"}},{\"@type\":\"Person\",\"@id\":\"https:\\\/\\\/jornalbeirario.com.br\\\/portal\\\/#\\\/schema\\\/person\\\/c6c423e4c2465d2a9233f6539173e7c1\",\"name\":\"Jornal BEIRA-RIO\",\"image\":{\"@type\":\"ImageObject\",\"inLanguage\":\"pt-BR\",\"@id\":\"https:\\\/\\\/jornalbeirario.com.br\\\/portal\\\/wp-content\\\/uploads\\\/2023\\\/10\\\/logojbr1.jpg\",\"url\":\"https:\\\/\\\/jornalbeirario.com.br\\\/portal\\\/wp-content\\\/uploads\\\/2023\\\/10\\\/logojbr1.jpg\",\"contentUrl\":\"https:\\\/\\\/jornalbeirario.com.br\\\/portal\\\/wp-content\\\/uploads\\\/2023\\\/10\\\/logojbr1.jpg\",\"caption\":\"Jornal BEIRA-RIO\"},\"url\":\"https:\\\/\\\/jornalbeirario.com.br\\\/portal\\\/?author=1\"}]}<\/script>\n<!-- \/ Yoast SEO plugin. -->","yoast_head_json":{"title":"La\u00eds Amaral - JORNAL BEIRA RIO","robots":{"index":"index","follow":"follow","max-snippet":"max-snippet:-1","max-image-preview":"max-image-preview:large","max-video-preview":"max-video-preview:-1"},"canonical":"https:\/\/jornalbeirario.com.br\/portal\/?p=34695","og_locale":"pt_BR","og_type":"article","og_title":"La\u00eds Amaral - JORNAL BEIRA RIO","og_description":"Os vereadores sentiram o peso do desabafo e da cobran\u00e7a na sess\u00e3o de ter\u00e7a-feira (1) O \u00fanico assunto da cidade nos \u00faltimos dez dias.","og_url":"https:\/\/jornalbeirario.com.br\/portal\/?p=34695","og_site_name":"JORNAL BEIRA RIO","article_published_time":"2015-11-06T08:21:24+00:00","author":"Jornal BEIRA-RIO","twitter_card":"summary_large_image","twitter_misc":{"Escrito por":"Jornal BEIRA-RIO","Est. tempo de leitura":"4 minutos"},"schema":{"@context":"https:\/\/schema.org","@graph":[{"@type":"Article","@id":"https:\/\/jornalbeirario.com.br\/portal\/?p=34695#article","isPartOf":{"@id":"https:\/\/jornalbeirario.com.br\/portal\/?p=34695"},"author":{"name":"Jornal BEIRA-RIO","@id":"https:\/\/jornalbeirario.com.br\/portal\/#\/schema\/person\/c6c423e4c2465d2a9233f6539173e7c1"},"headline":"La\u00eds Amaral","datePublished":"2015-11-06T08:21:24+00:00","mainEntityOfPage":{"@id":"https:\/\/jornalbeirario.com.br\/portal\/?p=34695"},"wordCount":835,"commentCount":0,"publisher":{"@id":"https:\/\/jornalbeirario.com.br\/portal\/#organization"},"articleSection":["Social"],"inLanguage":"pt-BR","potentialAction":[{"@type":"CommentAction","name":"Comment","target":["https:\/\/jornalbeirario.com.br\/portal\/?p=34695#respond"]}]},{"@type":"WebPage","@id":"https:\/\/jornalbeirario.com.br\/portal\/?p=34695","url":"https:\/\/jornalbeirario.com.br\/portal\/?p=34695","name":"La\u00eds Amaral - JORNAL BEIRA RIO","isPartOf":{"@id":"https:\/\/jornalbeirario.com.br\/portal\/#website"},"datePublished":"2015-11-06T08:21:24+00:00","breadcrumb":{"@id":"https:\/\/jornalbeirario.com.br\/portal\/?p=34695#breadcrumb"},"inLanguage":"pt-BR","potentialAction":[{"@type":"ReadAction","target":["https:\/\/jornalbeirario.com.br\/portal\/?p=34695"]}]},{"@type":"BreadcrumbList","@id":"https:\/\/jornalbeirario.com.br\/portal\/?p=34695#breadcrumb","itemListElement":[{"@type":"ListItem","position":1,"name":"Home","item":"https:\/\/jornalbeirario.com.br\/portal"},{"@type":"ListItem","position":2,"name":"La\u00eds Amaral"}]},{"@type":"WebSite","@id":"https:\/\/jornalbeirario.com.br\/portal\/#website","url":"https:\/\/jornalbeirario.com.br\/portal\/","name":"JORNAL BEIRA RIO","description":"","publisher":{"@id":"https:\/\/jornalbeirario.com.br\/portal\/#organization"},"potentialAction":[{"@type":"SearchAction","target":{"@type":"EntryPoint","urlTemplate":"https:\/\/jornalbeirario.com.br\/portal\/?s={search_term_string}"},"query-input":{"@type":"PropertyValueSpecification","valueRequired":true,"valueName":"search_term_string"}}],"inLanguage":"pt-BR"},{"@type":"Organization","@id":"https:\/\/jornalbeirario.com.br\/portal\/#organization","name":"JORNAL BEIRA RIO","url":"https:\/\/jornalbeirario.com.br\/portal\/","logo":{"@type":"ImageObject","inLanguage":"pt-BR","@id":"https:\/\/jornalbeirario.com.br\/portal\/#\/schema\/logo\/image\/","url":"https:\/\/jornalbeirario.com.br\/portal\/wp-content\/uploads\/2017\/09\/BEIRA-RIO_logo600.png","contentUrl":"https:\/\/jornalbeirario.com.br\/portal\/wp-content\/uploads\/2017\/09\/BEIRA-RIO_logo600.png","width":650,"height":108,"caption":"JORNAL BEIRA RIO"},"image":{"@id":"https:\/\/jornalbeirario.com.br\/portal\/#\/schema\/logo\/image\/"}},{"@type":"Person","@id":"https:\/\/jornalbeirario.com.br\/portal\/#\/schema\/person\/c6c423e4c2465d2a9233f6539173e7c1","name":"Jornal BEIRA-RIO","image":{"@type":"ImageObject","inLanguage":"pt-BR","@id":"https:\/\/jornalbeirario.com.br\/portal\/wp-content\/uploads\/2023\/10\/logojbr1.jpg","url":"https:\/\/jornalbeirario.com.br\/portal\/wp-content\/uploads\/2023\/10\/logojbr1.jpg","contentUrl":"https:\/\/jornalbeirario.com.br\/portal\/wp-content\/uploads\/2023\/10\/logojbr1.jpg","caption":"Jornal BEIRA-RIO"},"url":"https:\/\/jornalbeirario.com.br\/portal\/?author=1"}]}},"_links":{"self":[{"href":"https:\/\/jornalbeirario.com.br\/portal\/index.php?rest_route=\/wp\/v2\/posts\/34695","targetHints":{"allow":["GET"]}}],"collection":[{"href":"https:\/\/jornalbeirario.com.br\/portal\/index.php?rest_route=\/wp\/v2\/posts"}],"about":[{"href":"https:\/\/jornalbeirario.com.br\/portal\/index.php?rest_route=\/wp\/v2\/types\/post"}],"author":[{"embeddable":true,"href":"https:\/\/jornalbeirario.com.br\/portal\/index.php?rest_route=\/wp\/v2\/users\/1"}],"replies":[{"embeddable":true,"href":"https:\/\/jornalbeirario.com.br\/portal\/index.php?rest_route=%2Fwp%2Fv2%2Fcomments&post=34695"}],"version-history":[{"count":3,"href":"https:\/\/jornalbeirario.com.br\/portal\/index.php?rest_route=\/wp\/v2\/posts\/34695\/revisions"}],"predecessor-version":[{"id":34746,"href":"https:\/\/jornalbeirario.com.br\/portal\/index.php?rest_route=\/wp\/v2\/posts\/34695\/revisions\/34746"}],"wp:attachment":[{"href":"https:\/\/jornalbeirario.com.br\/portal\/index.php?rest_route=%2Fwp%2Fv2%2Fmedia&parent=34695"}],"wp:term":[{"taxonomy":"category","embeddable":true,"href":"https:\/\/jornalbeirario.com.br\/portal\/index.php?rest_route=%2Fwp%2Fv2%2Fcategories&post=34695"},{"taxonomy":"post_tag","embeddable":true,"href":"https:\/\/jornalbeirario.com.br\/portal\/index.php?rest_route=%2Fwp%2Fv2%2Ftags&post=34695"}],"curies":[{"name":"wp","href":"https:\/\/api.w.org\/{rel}","templated":true}]}}