
{"id":34559,"date":"2015-10-30T08:21:12","date_gmt":"2015-10-30T08:21:12","guid":{"rendered":"http:\/\/jornalbeirario.com.br\/portal\/portal\/?p=34559"},"modified":"2015-10-30T08:21:12","modified_gmt":"2015-10-30T08:21:12","slug":"lais-amaral-118","status":"publish","type":"post","link":"https:\/\/jornalbeirario.com.br\/portal\/?p=34559","title":{"rendered":"La\u00eds Amaral"},"content":{"rendered":"<p style=\"text-align: justify;\"><strong>\u2018Resende Gastron\u00f4mico\u2019 ser\u00e1 lan\u00e7ado dia 4<\/strong><br \/>\nNa pr\u00f3xima quarta-feira, dia 4, ser\u00e1 lan\u00e7ado oficialmente o projeto \u2018Resende Gastron\u00f4mico\u2019, que acontece entre os dias 6 e 26 de novembro em dezessete estabelecimentos da cidade. A ideia nasceu no Conselho Municipal de Turismo (Comtur) e objetiva tornar conhecida a oferta gastron\u00f4mica de Resende, n\u00e3o apenas aos visitantes, mas do pr\u00f3prio morador local. A proposta tamb\u00e9m sugere o embri\u00e3o de um polo gastron\u00f4mico. Encabe\u00e7am o projeto a C\u00e2mara de Dirigentes Lojistas (CDL), a Associa\u00e7\u00e3o de Hot\u00e9is de Resende (AHR), o Sebrae\/RJ, a Secretaria Municipal de Turismo e o Comtur. Cada restaurante ter\u00e1 um prato especialmente criado (inclusive com consultaria da chef\u00a0 R\u00f4 Gouvea), que estar\u00e1\u00a0 associado a um dos oito pontos tur\u00edsticos do munic\u00edpio (naturais, hist\u00f3ricos e culturais). O frequentador pagar\u00e1 pelo prato do circuito o mesmo pre\u00e7o nos dezessete estabelecimentos, e a partir do terceiro prato consumido em tr\u00eas restaurantes diferentes ter\u00e1 direito a bel\u00edssimas canecas e pratos, com estampas dos pontos tur\u00edsticos que s\u00e3o: Pico das Agulhas Negras, Pedra Selada, Pedra do Altar, Casa da Cultura, Prateleiras, Morro do Couto, Ponte Velha e Cachoeira da Fuma\u00e7a. Afie seu paladar para este delicioso m\u00eas de novembro.<\/p>\n<p style=\"text-align: justify;\"><strong>Quarent\u00e3o da AABB entra na fase decisiva<\/strong><br \/>\nO campeonato de Futebol So\u00e7aite Quarent\u00e3o da AABB entra em sua fase decisiva com a realiza\u00e7\u00e3o da quinta e \u00faltima rodada da fase de classifica\u00e7\u00e3o. Mas os jogos somente ser\u00e3o realizados no dia 8 de novembro, no domingo da semana que vem. Neste domingo, dia 1\u00ba, n\u00e3o haver\u00e1 jogos devido ao Feriad\u00e3o de Finados. As partidas que definir\u00e3o os semifinalistas s\u00e3os as seguintes: Turma da Pelada x Turbul\u00eancia (8h30min.);\u00a0 Ipiranga x Brameiros (9h45min.) e Real Sport x Casa da Lua (11h). A Casa da Lua lidera, de forma invicta, com 12 pontos, a Turma da Pelada vem a seguir com 9 pontos. Ambos j\u00e1 classificados. Em terceiro est\u00e1 o Brameiros com 6 pontos e os demais tem 3 pontos. Turbul\u00eancia e Real Sport devido aos dif\u00edceis compromissos que tem pela frente v\u00eam suas chances de classifica\u00e7\u00e3o bastante reduzidas.<\/p>\n<p style=\"text-align: justify;\"><strong>TRIPA<\/strong><br \/>\n* O ator, produtor e diretor teatral Andr\u00e9 Whately apresenta seu aplaudid\u00edssimo espet\u00e1culo de m\u00fasica e poesia \u201cVin\u00edcius de Moraes &#8230;\u00e9 demais\u201d, amanh\u00e3 (s\u00e1bado, dia 31) no Jazz Village, em Penedo \u00e0s 22horas. E seguindo sua linha de mostrar formas diferentes de apresentar esse espet\u00e1culo que est\u00e1 em cartaz h\u00e1 mais de 20 anos, Andr\u00e9 estar\u00e1 acompanhado, al\u00e9m da excelente cantora Cl\u00e1udia Martins, do Julio Bittencourt Trio, um grupo musical de vi\u00e9s jazz\u00edstico que dispensa coment\u00e1rios. Ser\u00e1 sem d\u00favida um novo espet\u00e1culo bem ao estilo do saudoso Vin\u00edcius de Moraes, sempre se reinventando. Estaremos l\u00e1 * Neste feriad\u00e3o (sexta, s\u00e1bado, domingo e segunda) estar\u00e1 sendo realizada a \u2018Opera\u00e7\u00e3o Primavera\u2019, uma antecipa\u00e7\u00e3o da Opera\u00e7\u00e3o Ver\u00e3o. O objetivo \u00e9 levar ordenamento e conscientiza\u00e7\u00e3o aos frequentadores de pontos tur\u00edsticos de Natureza em Resende com rela\u00e7\u00e3o a comportamento e destina\u00e7\u00e3o do lixo gerado no per\u00edodo de lazer. Participam agentes da Agencia de Meio Ambiente, da Secretaria de Turismo, da Superintend\u00eancia de Ordem P\u00fablica, da Guarda Municipal e da Policia Militar * Na ter\u00e7a, dia 3, o diretor de jornalismo da TV Rio Sul,\u00a0 Agostinho Al\u00edpio far\u00e1 uma palestra sobre os 25 anos da emissora, \u00e0s 14 horas no plen\u00e1rio da C\u00e2mara Municipal. A promo\u00e7\u00e3o \u00e9 do Gr\u00eamio Liter\u00e1rio de Resende no projeto Cultura ao Alcance de todos * Ser\u00e1 realizado em Resende, na pr\u00f3xima sexta-feira, dia 6, no Hotel Vila Rica Flat, o 2\u00ba F\u00f3rum de Hotelaria Hospitalar do Vale do Para\u00edba do Sul. Mais uma bola dentre da amiga Leila Pena, que \u00e9 vice-presidente da Sociedade de Hotelaria Hospitalar do Estado do Rio de Janeiro. Valeu !!<\/p>\n<p style=\"text-align: justify;\"><strong>ANIVERS\u00c1RIOS<\/strong><br \/>\nDia 23 uma turma grande mudou de idade, olha s\u00f3: o Thiaguinho Atitude, o Caio Rangel, o Anderson \u2018Kuga\u2019, a Marisa Santos (Pan) e a Perci Lopes. Dia 25 outra turma legal inaugurou idade nova: Karina Frech, Luciana Nogueira de Santa Rita, Paulinho Mazaropi, Glaucia Lemos e o professor Jo\u00e3o Duarte. No dia 26 receberam os \u2018parab\u00e9ns\u2019 o Gustavo Fichter Filho, o grande \u2018Guga\u2019 e a Cristina Vilela. No dia 27, outra turma grande de gente importante comemorou idade nova: Lair Cabral, T\u00e2nia Freitas, Dagoberto Guilherme (Dag\u00f4), Chrysley Pimenta, Daniele Livramento, Flavia Almeida, Maria Nina (filha da Ana L\u00facia, na foto acima) e o mais famoso de todos, o ex-presidente Luis In\u00e1cio Lula da Silva. Nesse dia 28, Dia do Servidor P\u00fablico, soprou velinhas a Luciene Vasconcelos. E no dia 31, quem comemora \u00e9 o Marcelo Joaquim, nosso eterno concorrente a Rei do Carnaval, ele \u00e9 gente boa. Parab\u00e9ns e todas as felicidades do mundo a eles.<\/p>\n","protected":false},"excerpt":{"rendered":"<p>\u2018Resende Gastron\u00f4mico\u2019 ser\u00e1 lan\u00e7ado dia 4 Na pr\u00f3xima quarta-feira, dia 4, ser\u00e1 lan\u00e7ado oficialmente o projeto \u2018Resende Gastron\u00f4mico\u2019, que acontece entre os dias 6<\/p>\n","protected":false},"author":1,"featured_media":0,"comment_status":"open","ping_status":"open","sticky":false,"template":"","format":"standard","meta":{"pmpro_default_level":"","footnotes":""},"categories":[13],"tags":[],"class_list":["post-34559","post","type-post","status-publish","format-standard","hentry","category-social","pmpro-has-access"],"yoast_head":"<!-- This site is optimized with the Yoast SEO plugin v27.4 - https:\/\/yoast.com\/product\/yoast-seo-wordpress\/ -->\n<title>La\u00eds Amaral - JORNAL BEIRA RIO<\/title>\n<meta name=\"robots\" content=\"index, follow, max-snippet:-1, max-image-preview:large, max-video-preview:-1\" \/>\n<link rel=\"canonical\" href=\"https:\/\/jornalbeirario.com.br\/portal\/?p=34559\" \/>\n<meta property=\"og:locale\" content=\"pt_BR\" \/>\n<meta property=\"og:type\" content=\"article\" \/>\n<meta property=\"og:title\" content=\"La\u00eds Amaral - JORNAL BEIRA RIO\" \/>\n<meta property=\"og:description\" content=\"\u2018Resende Gastron\u00f4mico\u2019 ser\u00e1 lan\u00e7ado dia 4 Na pr\u00f3xima quarta-feira, dia 4, ser\u00e1 lan\u00e7ado oficialmente o projeto \u2018Resende Gastron\u00f4mico\u2019, que acontece entre os dias 6\" \/>\n<meta property=\"og:url\" content=\"https:\/\/jornalbeirario.com.br\/portal\/?p=34559\" \/>\n<meta property=\"og:site_name\" content=\"JORNAL BEIRA RIO\" \/>\n<meta property=\"article:published_time\" content=\"2015-10-30T08:21:12+00:00\" \/>\n<meta name=\"author\" content=\"Jornal BEIRA-RIO\" \/>\n<meta name=\"twitter:card\" content=\"summary_large_image\" \/>\n<meta name=\"twitter:label1\" content=\"Escrito por\" \/>\n\t<meta name=\"twitter:data1\" content=\"Jornal BEIRA-RIO\" \/>\n\t<meta name=\"twitter:label2\" content=\"Est. tempo de leitura\" \/>\n\t<meta name=\"twitter:data2\" content=\"4 minutos\" \/>\n<script type=\"application\/ld+json\" class=\"yoast-schema-graph\">{\"@context\":\"https:\\\/\\\/schema.org\",\"@graph\":[{\"@type\":\"Article\",\"@id\":\"https:\\\/\\\/jornalbeirario.com.br\\\/portal\\\/?p=34559#article\",\"isPartOf\":{\"@id\":\"https:\\\/\\\/jornalbeirario.com.br\\\/portal\\\/?p=34559\"},\"author\":{\"name\":\"Jornal BEIRA-RIO\",\"@id\":\"https:\\\/\\\/jornalbeirario.com.br\\\/portal\\\/#\\\/schema\\\/person\\\/c6c423e4c2465d2a9233f6539173e7c1\"},\"headline\":\"La\u00eds Amaral\",\"datePublished\":\"2015-10-30T08:21:12+00:00\",\"mainEntityOfPage\":{\"@id\":\"https:\\\/\\\/jornalbeirario.com.br\\\/portal\\\/?p=34559\"},\"wordCount\":819,\"commentCount\":0,\"publisher\":{\"@id\":\"https:\\\/\\\/jornalbeirario.com.br\\\/portal\\\/#organization\"},\"articleSection\":[\"Social\"],\"inLanguage\":\"pt-BR\",\"potentialAction\":[{\"@type\":\"CommentAction\",\"name\":\"Comment\",\"target\":[\"https:\\\/\\\/jornalbeirario.com.br\\\/portal\\\/?p=34559#respond\"]}]},{\"@type\":\"WebPage\",\"@id\":\"https:\\\/\\\/jornalbeirario.com.br\\\/portal\\\/?p=34559\",\"url\":\"https:\\\/\\\/jornalbeirario.com.br\\\/portal\\\/?p=34559\",\"name\":\"La\u00eds Amaral - JORNAL BEIRA RIO\",\"isPartOf\":{\"@id\":\"https:\\\/\\\/jornalbeirario.com.br\\\/portal\\\/#website\"},\"datePublished\":\"2015-10-30T08:21:12+00:00\",\"breadcrumb\":{\"@id\":\"https:\\\/\\\/jornalbeirario.com.br\\\/portal\\\/?p=34559#breadcrumb\"},\"inLanguage\":\"pt-BR\",\"potentialAction\":[{\"@type\":\"ReadAction\",\"target\":[\"https:\\\/\\\/jornalbeirario.com.br\\\/portal\\\/?p=34559\"]}]},{\"@type\":\"BreadcrumbList\",\"@id\":\"https:\\\/\\\/jornalbeirario.com.br\\\/portal\\\/?p=34559#breadcrumb\",\"itemListElement\":[{\"@type\":\"ListItem\",\"position\":1,\"name\":\"Home\",\"item\":\"https:\\\/\\\/jornalbeirario.com.br\\\/portal\"},{\"@type\":\"ListItem\",\"position\":2,\"name\":\"La\u00eds Amaral\"}]},{\"@type\":\"WebSite\",\"@id\":\"https:\\\/\\\/jornalbeirario.com.br\\\/portal\\\/#website\",\"url\":\"https:\\\/\\\/jornalbeirario.com.br\\\/portal\\\/\",\"name\":\"JORNAL BEIRA RIO\",\"description\":\"\",\"publisher\":{\"@id\":\"https:\\\/\\\/jornalbeirario.com.br\\\/portal\\\/#organization\"},\"potentialAction\":[{\"@type\":\"SearchAction\",\"target\":{\"@type\":\"EntryPoint\",\"urlTemplate\":\"https:\\\/\\\/jornalbeirario.com.br\\\/portal\\\/?s={search_term_string}\"},\"query-input\":{\"@type\":\"PropertyValueSpecification\",\"valueRequired\":true,\"valueName\":\"search_term_string\"}}],\"inLanguage\":\"pt-BR\"},{\"@type\":\"Organization\",\"@id\":\"https:\\\/\\\/jornalbeirario.com.br\\\/portal\\\/#organization\",\"name\":\"JORNAL BEIRA RIO\",\"url\":\"https:\\\/\\\/jornalbeirario.com.br\\\/portal\\\/\",\"logo\":{\"@type\":\"ImageObject\",\"inLanguage\":\"pt-BR\",\"@id\":\"https:\\\/\\\/jornalbeirario.com.br\\\/portal\\\/#\\\/schema\\\/logo\\\/image\\\/\",\"url\":\"https:\\\/\\\/jornalbeirario.com.br\\\/portal\\\/wp-content\\\/uploads\\\/2017\\\/09\\\/BEIRA-RIO_logo600.png\",\"contentUrl\":\"https:\\\/\\\/jornalbeirario.com.br\\\/portal\\\/wp-content\\\/uploads\\\/2017\\\/09\\\/BEIRA-RIO_logo600.png\",\"width\":650,\"height\":108,\"caption\":\"JORNAL BEIRA RIO\"},\"image\":{\"@id\":\"https:\\\/\\\/jornalbeirario.com.br\\\/portal\\\/#\\\/schema\\\/logo\\\/image\\\/\"}},{\"@type\":\"Person\",\"@id\":\"https:\\\/\\\/jornalbeirario.com.br\\\/portal\\\/#\\\/schema\\\/person\\\/c6c423e4c2465d2a9233f6539173e7c1\",\"name\":\"Jornal BEIRA-RIO\",\"image\":{\"@type\":\"ImageObject\",\"inLanguage\":\"pt-BR\",\"@id\":\"https:\\\/\\\/jornalbeirario.com.br\\\/portal\\\/wp-content\\\/uploads\\\/2023\\\/10\\\/logojbr1.jpg\",\"url\":\"https:\\\/\\\/jornalbeirario.com.br\\\/portal\\\/wp-content\\\/uploads\\\/2023\\\/10\\\/logojbr1.jpg\",\"contentUrl\":\"https:\\\/\\\/jornalbeirario.com.br\\\/portal\\\/wp-content\\\/uploads\\\/2023\\\/10\\\/logojbr1.jpg\",\"caption\":\"Jornal BEIRA-RIO\"},\"url\":\"https:\\\/\\\/jornalbeirario.com.br\\\/portal\\\/?author=1\"}]}<\/script>\n<!-- \/ Yoast SEO plugin. -->","yoast_head_json":{"title":"La\u00eds Amaral - JORNAL BEIRA RIO","robots":{"index":"index","follow":"follow","max-snippet":"max-snippet:-1","max-image-preview":"max-image-preview:large","max-video-preview":"max-video-preview:-1"},"canonical":"https:\/\/jornalbeirario.com.br\/portal\/?p=34559","og_locale":"pt_BR","og_type":"article","og_title":"La\u00eds Amaral - JORNAL BEIRA RIO","og_description":"\u2018Resende Gastron\u00f4mico\u2019 ser\u00e1 lan\u00e7ado dia 4 Na pr\u00f3xima quarta-feira, dia 4, ser\u00e1 lan\u00e7ado oficialmente o projeto \u2018Resende Gastron\u00f4mico\u2019, que acontece entre os dias 6","og_url":"https:\/\/jornalbeirario.com.br\/portal\/?p=34559","og_site_name":"JORNAL BEIRA RIO","article_published_time":"2015-10-30T08:21:12+00:00","author":"Jornal BEIRA-RIO","twitter_card":"summary_large_image","twitter_misc":{"Escrito por":"Jornal BEIRA-RIO","Est. tempo de leitura":"4 minutos"},"schema":{"@context":"https:\/\/schema.org","@graph":[{"@type":"Article","@id":"https:\/\/jornalbeirario.com.br\/portal\/?p=34559#article","isPartOf":{"@id":"https:\/\/jornalbeirario.com.br\/portal\/?p=34559"},"author":{"name":"Jornal BEIRA-RIO","@id":"https:\/\/jornalbeirario.com.br\/portal\/#\/schema\/person\/c6c423e4c2465d2a9233f6539173e7c1"},"headline":"La\u00eds Amaral","datePublished":"2015-10-30T08:21:12+00:00","mainEntityOfPage":{"@id":"https:\/\/jornalbeirario.com.br\/portal\/?p=34559"},"wordCount":819,"commentCount":0,"publisher":{"@id":"https:\/\/jornalbeirario.com.br\/portal\/#organization"},"articleSection":["Social"],"inLanguage":"pt-BR","potentialAction":[{"@type":"CommentAction","name":"Comment","target":["https:\/\/jornalbeirario.com.br\/portal\/?p=34559#respond"]}]},{"@type":"WebPage","@id":"https:\/\/jornalbeirario.com.br\/portal\/?p=34559","url":"https:\/\/jornalbeirario.com.br\/portal\/?p=34559","name":"La\u00eds Amaral - JORNAL BEIRA RIO","isPartOf":{"@id":"https:\/\/jornalbeirario.com.br\/portal\/#website"},"datePublished":"2015-10-30T08:21:12+00:00","breadcrumb":{"@id":"https:\/\/jornalbeirario.com.br\/portal\/?p=34559#breadcrumb"},"inLanguage":"pt-BR","potentialAction":[{"@type":"ReadAction","target":["https:\/\/jornalbeirario.com.br\/portal\/?p=34559"]}]},{"@type":"BreadcrumbList","@id":"https:\/\/jornalbeirario.com.br\/portal\/?p=34559#breadcrumb","itemListElement":[{"@type":"ListItem","position":1,"name":"Home","item":"https:\/\/jornalbeirario.com.br\/portal"},{"@type":"ListItem","position":2,"name":"La\u00eds Amaral"}]},{"@type":"WebSite","@id":"https:\/\/jornalbeirario.com.br\/portal\/#website","url":"https:\/\/jornalbeirario.com.br\/portal\/","name":"JORNAL BEIRA RIO","description":"","publisher":{"@id":"https:\/\/jornalbeirario.com.br\/portal\/#organization"},"potentialAction":[{"@type":"SearchAction","target":{"@type":"EntryPoint","urlTemplate":"https:\/\/jornalbeirario.com.br\/portal\/?s={search_term_string}"},"query-input":{"@type":"PropertyValueSpecification","valueRequired":true,"valueName":"search_term_string"}}],"inLanguage":"pt-BR"},{"@type":"Organization","@id":"https:\/\/jornalbeirario.com.br\/portal\/#organization","name":"JORNAL BEIRA RIO","url":"https:\/\/jornalbeirario.com.br\/portal\/","logo":{"@type":"ImageObject","inLanguage":"pt-BR","@id":"https:\/\/jornalbeirario.com.br\/portal\/#\/schema\/logo\/image\/","url":"https:\/\/jornalbeirario.com.br\/portal\/wp-content\/uploads\/2017\/09\/BEIRA-RIO_logo600.png","contentUrl":"https:\/\/jornalbeirario.com.br\/portal\/wp-content\/uploads\/2017\/09\/BEIRA-RIO_logo600.png","width":650,"height":108,"caption":"JORNAL BEIRA RIO"},"image":{"@id":"https:\/\/jornalbeirario.com.br\/portal\/#\/schema\/logo\/image\/"}},{"@type":"Person","@id":"https:\/\/jornalbeirario.com.br\/portal\/#\/schema\/person\/c6c423e4c2465d2a9233f6539173e7c1","name":"Jornal BEIRA-RIO","image":{"@type":"ImageObject","inLanguage":"pt-BR","@id":"https:\/\/jornalbeirario.com.br\/portal\/wp-content\/uploads\/2023\/10\/logojbr1.jpg","url":"https:\/\/jornalbeirario.com.br\/portal\/wp-content\/uploads\/2023\/10\/logojbr1.jpg","contentUrl":"https:\/\/jornalbeirario.com.br\/portal\/wp-content\/uploads\/2023\/10\/logojbr1.jpg","caption":"Jornal BEIRA-RIO"},"url":"https:\/\/jornalbeirario.com.br\/portal\/?author=1"}]}},"_links":{"self":[{"href":"https:\/\/jornalbeirario.com.br\/portal\/index.php?rest_route=\/wp\/v2\/posts\/34559","targetHints":{"allow":["GET"]}}],"collection":[{"href":"https:\/\/jornalbeirario.com.br\/portal\/index.php?rest_route=\/wp\/v2\/posts"}],"about":[{"href":"https:\/\/jornalbeirario.com.br\/portal\/index.php?rest_route=\/wp\/v2\/types\/post"}],"author":[{"embeddable":true,"href":"https:\/\/jornalbeirario.com.br\/portal\/index.php?rest_route=\/wp\/v2\/users\/1"}],"replies":[{"embeddable":true,"href":"https:\/\/jornalbeirario.com.br\/portal\/index.php?rest_route=%2Fwp%2Fv2%2Fcomments&post=34559"}],"version-history":[{"count":3,"href":"https:\/\/jornalbeirario.com.br\/portal\/index.php?rest_route=\/wp\/v2\/posts\/34559\/revisions"}],"predecessor-version":[{"id":34622,"href":"https:\/\/jornalbeirario.com.br\/portal\/index.php?rest_route=\/wp\/v2\/posts\/34559\/revisions\/34622"}],"wp:attachment":[{"href":"https:\/\/jornalbeirario.com.br\/portal\/index.php?rest_route=%2Fwp%2Fv2%2Fmedia&parent=34559"}],"wp:term":[{"taxonomy":"category","embeddable":true,"href":"https:\/\/jornalbeirario.com.br\/portal\/index.php?rest_route=%2Fwp%2Fv2%2Fcategories&post=34559"},{"taxonomy":"post_tag","embeddable":true,"href":"https:\/\/jornalbeirario.com.br\/portal\/index.php?rest_route=%2Fwp%2Fv2%2Ftags&post=34559"}],"curies":[{"name":"wp","href":"https:\/\/api.w.org\/{rel}","templated":true}]}}