
{"id":34355,"date":"2015-10-23T08:20:53","date_gmt":"2015-10-23T08:20:53","guid":{"rendered":"http:\/\/jornalbeirario.com.br\/portal\/portal\/?p=34355"},"modified":"2015-10-23T08:20:53","modified_gmt":"2015-10-23T08:20:53","slug":"lais-amaral-117","status":"publish","type":"post","link":"https:\/\/jornalbeirario.com.br\/portal\/?p=34355","title":{"rendered":"La\u00eds Amaral"},"content":{"rendered":"<p style=\"text-align: justify;\"><strong>Workshop de turismo, para estudantes da \u00e1rea e interessados em geral, \u00e9 neste s\u00e1bado<\/strong><br \/>\nCom o tema \u2018Turismo, Desenvolvimento e Sustentabilidade ser\u00e1 realizado amanh\u00e3 (dia 24) no Campus Integrado de Educa\u00e7\u00e3o de Resende (Polo UAB\/Cederj, CVT, Cetep e Ceja) o 2\u00ba Workshop de Turismo, promovido pela Prefeitura de Resende, via Secretaria Municipal de Turismo e Eventos em parceria com o Polo UAB\/Ceder. O credenciamento ser\u00e1 feito a partir das 8 horas. \u00c0s 9 horas o secret\u00e1rio municipal de turismo, Antonio Le\u00e3o far\u00e1 uma palestra abordando as mais recentes a\u00e7\u00f5es do setor no Munic\u00edpio. Em seguida ter\u00e3o in\u00edcio tr\u00eas oficinas simult\u00e2neas: \u2018A Import\u00e2ncia da Organiza\u00e7\u00e3o de Eventos \u2013 uma vis\u00e3o a partir da pr\u00e1tica\u2019, com Rafael Roesler (professor da AMAN); \u2018Unidades de Conserva\u00e7\u00e3o, pe\u00e7a fundamental no turismo de Natureza\u2019, com Leandro Silva (AMAR) e \u2018Acessibilidade e Turismo de Aventura\u2019 com Daniel Guerra e Daniela Branchini\u00a0 (balonistas e paraquedistas). Ap\u00f3s um breve intervalo, mais tr\u00eas oficinas simult\u00e2neas: \u2018Empreendedorismo na Atividade Tur\u00edstica\u2019, com Jayme Souza Filho (SEBRAE); \u2018Hist\u00f3ria de Resende\u2019 com \u00c2ngelo Tramezzino (presidente da Casa da Cultura) e \u2018Trilhas \u2013 fator de desenvolvimento do Turismo de Natureza e preserva\u00e7\u00e3o do meio ambiente\u2019, com Agenor Siqueira (SMT). Para quem n\u00e3o sabe, o Campus Integrado fica no complexo que envolve o antigo Ciep do Campo de Avia\u00e7\u00e3o, pr\u00f3ximo ao Parque de Exposi\u00e7\u00f5es. Inscri\u00e7\u00f5es gratuitas.<\/p>\n<p style=\"text-align: justify;\"><strong>E vem a\u00ed: Resende Gastron\u00f4mico Circuito 2015<\/strong><br \/>\nE como o pessoal ligado ao Turismo est\u00e1 com todo o g\u00e1s, come\u00e7a no pr\u00f3ximo dia 6 de novembro o \u2018Resende Gastron\u00f4mico\u2019, um evento tocado a v\u00e1rias m\u00e3os e que busca a forma\u00e7\u00e3o de um polo gastron\u00f4mico no munic\u00edpio. Participam 17 estabelecimentos que ter\u00e3o pratos associados a pontos tur\u00edsticos, que podem ser naturais, hist\u00f3ricos e culturais. Os restaurantes que fazem parte do Circuito passaram pela consultoria de uma especialista, a chef\u00a0 R\u00f4 Gouveia, que por sinal elogiou muito as cozinhas que conferiu e aplaudiu o entusiasmo do pessoal. O circuito vai at\u00e9 26 de novembro e os frequentadores dos restaurantes que consumirem os pratos preparados especialmente para a ocasi\u00e3o receber\u00e3o bel\u00edssimos brindes que tamb\u00e9m est\u00e3o relacionados aos pontos tur\u00edsticos. A ideia, al\u00e9m de divulgar nossa diversificada oferta gastron\u00f4mica e os atrativos tur\u00edsticos, \u00e9 associar as iguarias produzidas pelos chefs a esses pontos tur\u00edsticos, na busca de despertar no imagin\u00e1rio das pessoas, a curiosidade pelo conhecimento do local. A iniciativa \u00e9 da CDL-Resende, juntamente com a Secretaria Municipal de Turismo, Associa\u00e7\u00e3o de Hot\u00e9is de Resende, Conselho Municipal de Turismo e conta com o apoio essencial do Sebrae\/RJ e da TV Rio Sul. Prepare o est\u00f4mago e afine seu paladar para o m\u00eas de novembro que ser\u00e1 muito especial por aqui.<\/p>\n<p style=\"text-align: justify;\"><strong>TRIPA<\/strong><br \/>\n* Amanh\u00e3, dia 24, o Teatro do Salesiano recebe a pe\u00e7a \u201cO Lado Escuro da Noite\u201d, o mais recente sucesso de Arthur Vinciprova (autor, diretor e ator na pe\u00e7a). Com ele no palco: M\u00f4nica Izidoro, Julinho Pires e J\u00e9ssica Pavone. H\u00e1 pouco mais de um m\u00eas a com\u00e9dia, que mexe com os bastidores de Hollyhood, foi sucesso de p\u00fablico. Hor\u00e1rio: 20 horas * Est\u00e3o abertas at\u00e9 14 de novembro as inscri\u00e7\u00f5es para o concurso de poesia dos Jogos Florais 2015, promovido pelo Gr\u00eamio Liter\u00e1rio de Resende. O tema deste ano \u00e9: \u2018Viagem\u2019. Mais informa\u00e7\u00f5es pelos telefones: 3354-6927 e 3354-4529 * Os artistas de Visconde de Mau\u00e1, Bi\u00e9 Hardiman, Pedro Ferreira e Juliana Mello (Pr\u00eamio da C\u00e2mara Municipal pelo conjunto da obra) est\u00e3o participando do supertradicional Sal\u00e3o da Primavera, no Museu de Arte Moderna, de Resende * As bi\u00f3logas Fl\u00e1via de Almeida (INB), Vera Teixeira e Maria do Carmo Silva da ONG Nosso Vale Nossa Vida, participaram\u00a0 do 17\u00ba Encontro Nacional de Bacias Hidrogr\u00e1ficas, em Caldas Novas (GO) no in\u00edcio do m\u00eas * Ningu\u00e9m segura a Casa da Lua no So\u00e7aite Quarent\u00e3o da AABB. Tr\u00eas jogos, tr\u00eas vit\u00f3rias. Domingo passado foi 3 a 1 na Turma da Pelada. Outros jogos: Ipiranga 3 x 0 Turbul\u00eancia e Brameiros 2 x 1 Real Sport. Neste domingo a rodada \u00e9: Casa da Lua x Ipiranga (8h30min), Real Sport x Turma da Pelada (9h45min) e Turbul\u00eancia x Brameiros (11h)<\/p>\n<p style=\"text-align: justify;\"><strong>ANIVERS\u00c1RIO<\/strong><br \/>\nDia 15 passado marcou a idade nova de uma turma legal, olha s\u00f3: Carol Oliveira, Carol Ferreira, Luana Kalil, Ivone Bento, Jana\u00edna Soares e o Jorginho, ex-padaria da Vila Hulda e agora do restaurante \u2018L\u00e1 no meu Sert\u00e3o\u2019.\u00a0 Dia 17 sopraram velinhas a Ana Silva, a Leninha Herculano e a Sirlene Silva. Dia 20 foi a vez do S\u00e9rgio Ribeiro , do Ricardo Abbud, da Juliana Gontijo e do Paulo Sampaio inaugurarem idade nova.\u00a0 Na quarta, 21, receberam os \u2018parab\u00e9ns\u2019 a Iana Ara\u00fajo e a minha amiga alvinegra Tati Costa. Hoje, dia 23, sopra velinha o Bernardo, filho do F\u00e1bio Bruneli e neto da \u2018v\u00f3-coruja\u2019, Vani Vasconcelos.\u00a0 Parab\u00e9ns e todas as felicidades do mundo a eles.<\/p>\n","protected":false},"excerpt":{"rendered":"<p>Workshop de turismo, para estudantes da \u00e1rea e interessados em geral, \u00e9 neste s\u00e1bado Com o tema \u2018Turismo, Desenvolvimento e Sustentabilidade ser\u00e1 realizado amanh\u00e3<\/p>\n","protected":false},"author":1,"featured_media":0,"comment_status":"open","ping_status":"open","sticky":false,"template":"","format":"standard","meta":{"pmpro_default_level":"","footnotes":""},"categories":[13],"tags":[],"class_list":["post-34355","post","type-post","status-publish","format-standard","hentry","category-social","pmpro-has-access"],"yoast_head":"<!-- This site is optimized with the Yoast SEO plugin v27.4 - https:\/\/yoast.com\/product\/yoast-seo-wordpress\/ -->\n<title>La\u00eds Amaral - JORNAL BEIRA RIO<\/title>\n<meta name=\"robots\" content=\"index, follow, max-snippet:-1, max-image-preview:large, max-video-preview:-1\" \/>\n<link rel=\"canonical\" href=\"https:\/\/jornalbeirario.com.br\/portal\/?p=34355\" \/>\n<meta property=\"og:locale\" content=\"pt_BR\" \/>\n<meta property=\"og:type\" content=\"article\" \/>\n<meta property=\"og:title\" content=\"La\u00eds Amaral - JORNAL BEIRA RIO\" \/>\n<meta property=\"og:description\" content=\"Workshop de turismo, para estudantes da \u00e1rea e interessados em geral, \u00e9 neste s\u00e1bado Com o tema \u2018Turismo, Desenvolvimento e Sustentabilidade ser\u00e1 realizado amanh\u00e3\" \/>\n<meta property=\"og:url\" content=\"https:\/\/jornalbeirario.com.br\/portal\/?p=34355\" \/>\n<meta property=\"og:site_name\" content=\"JORNAL BEIRA RIO\" \/>\n<meta property=\"article:published_time\" content=\"2015-10-23T08:20:53+00:00\" \/>\n<meta name=\"author\" content=\"Jornal BEIRA-RIO\" \/>\n<meta name=\"twitter:card\" content=\"summary_large_image\" \/>\n<meta name=\"twitter:label1\" content=\"Escrito por\" \/>\n\t<meta name=\"twitter:data1\" content=\"Jornal BEIRA-RIO\" \/>\n\t<meta name=\"twitter:label2\" content=\"Est. tempo de leitura\" \/>\n\t<meta name=\"twitter:data2\" content=\"4 minutos\" \/>\n<script type=\"application\/ld+json\" class=\"yoast-schema-graph\">{\"@context\":\"https:\\\/\\\/schema.org\",\"@graph\":[{\"@type\":\"Article\",\"@id\":\"https:\\\/\\\/jornalbeirario.com.br\\\/portal\\\/?p=34355#article\",\"isPartOf\":{\"@id\":\"https:\\\/\\\/jornalbeirario.com.br\\\/portal\\\/?p=34355\"},\"author\":{\"name\":\"Jornal BEIRA-RIO\",\"@id\":\"https:\\\/\\\/jornalbeirario.com.br\\\/portal\\\/#\\\/schema\\\/person\\\/c6c423e4c2465d2a9233f6539173e7c1\"},\"headline\":\"La\u00eds Amaral\",\"datePublished\":\"2015-10-23T08:20:53+00:00\",\"mainEntityOfPage\":{\"@id\":\"https:\\\/\\\/jornalbeirario.com.br\\\/portal\\\/?p=34355\"},\"wordCount\":853,\"commentCount\":0,\"publisher\":{\"@id\":\"https:\\\/\\\/jornalbeirario.com.br\\\/portal\\\/#organization\"},\"articleSection\":[\"Social\"],\"inLanguage\":\"pt-BR\",\"potentialAction\":[{\"@type\":\"CommentAction\",\"name\":\"Comment\",\"target\":[\"https:\\\/\\\/jornalbeirario.com.br\\\/portal\\\/?p=34355#respond\"]}]},{\"@type\":\"WebPage\",\"@id\":\"https:\\\/\\\/jornalbeirario.com.br\\\/portal\\\/?p=34355\",\"url\":\"https:\\\/\\\/jornalbeirario.com.br\\\/portal\\\/?p=34355\",\"name\":\"La\u00eds Amaral - JORNAL BEIRA RIO\",\"isPartOf\":{\"@id\":\"https:\\\/\\\/jornalbeirario.com.br\\\/portal\\\/#website\"},\"datePublished\":\"2015-10-23T08:20:53+00:00\",\"breadcrumb\":{\"@id\":\"https:\\\/\\\/jornalbeirario.com.br\\\/portal\\\/?p=34355#breadcrumb\"},\"inLanguage\":\"pt-BR\",\"potentialAction\":[{\"@type\":\"ReadAction\",\"target\":[\"https:\\\/\\\/jornalbeirario.com.br\\\/portal\\\/?p=34355\"]}]},{\"@type\":\"BreadcrumbList\",\"@id\":\"https:\\\/\\\/jornalbeirario.com.br\\\/portal\\\/?p=34355#breadcrumb\",\"itemListElement\":[{\"@type\":\"ListItem\",\"position\":1,\"name\":\"Home\",\"item\":\"https:\\\/\\\/jornalbeirario.com.br\\\/portal\"},{\"@type\":\"ListItem\",\"position\":2,\"name\":\"La\u00eds Amaral\"}]},{\"@type\":\"WebSite\",\"@id\":\"https:\\\/\\\/jornalbeirario.com.br\\\/portal\\\/#website\",\"url\":\"https:\\\/\\\/jornalbeirario.com.br\\\/portal\\\/\",\"name\":\"JORNAL BEIRA RIO\",\"description\":\"\",\"publisher\":{\"@id\":\"https:\\\/\\\/jornalbeirario.com.br\\\/portal\\\/#organization\"},\"potentialAction\":[{\"@type\":\"SearchAction\",\"target\":{\"@type\":\"EntryPoint\",\"urlTemplate\":\"https:\\\/\\\/jornalbeirario.com.br\\\/portal\\\/?s={search_term_string}\"},\"query-input\":{\"@type\":\"PropertyValueSpecification\",\"valueRequired\":true,\"valueName\":\"search_term_string\"}}],\"inLanguage\":\"pt-BR\"},{\"@type\":\"Organization\",\"@id\":\"https:\\\/\\\/jornalbeirario.com.br\\\/portal\\\/#organization\",\"name\":\"JORNAL BEIRA RIO\",\"url\":\"https:\\\/\\\/jornalbeirario.com.br\\\/portal\\\/\",\"logo\":{\"@type\":\"ImageObject\",\"inLanguage\":\"pt-BR\",\"@id\":\"https:\\\/\\\/jornalbeirario.com.br\\\/portal\\\/#\\\/schema\\\/logo\\\/image\\\/\",\"url\":\"https:\\\/\\\/jornalbeirario.com.br\\\/portal\\\/wp-content\\\/uploads\\\/2017\\\/09\\\/BEIRA-RIO_logo600.png\",\"contentUrl\":\"https:\\\/\\\/jornalbeirario.com.br\\\/portal\\\/wp-content\\\/uploads\\\/2017\\\/09\\\/BEIRA-RIO_logo600.png\",\"width\":650,\"height\":108,\"caption\":\"JORNAL BEIRA RIO\"},\"image\":{\"@id\":\"https:\\\/\\\/jornalbeirario.com.br\\\/portal\\\/#\\\/schema\\\/logo\\\/image\\\/\"}},{\"@type\":\"Person\",\"@id\":\"https:\\\/\\\/jornalbeirario.com.br\\\/portal\\\/#\\\/schema\\\/person\\\/c6c423e4c2465d2a9233f6539173e7c1\",\"name\":\"Jornal BEIRA-RIO\",\"image\":{\"@type\":\"ImageObject\",\"inLanguage\":\"pt-BR\",\"@id\":\"https:\\\/\\\/jornalbeirario.com.br\\\/portal\\\/wp-content\\\/uploads\\\/2023\\\/10\\\/logojbr1.jpg\",\"url\":\"https:\\\/\\\/jornalbeirario.com.br\\\/portal\\\/wp-content\\\/uploads\\\/2023\\\/10\\\/logojbr1.jpg\",\"contentUrl\":\"https:\\\/\\\/jornalbeirario.com.br\\\/portal\\\/wp-content\\\/uploads\\\/2023\\\/10\\\/logojbr1.jpg\",\"caption\":\"Jornal BEIRA-RIO\"},\"url\":\"https:\\\/\\\/jornalbeirario.com.br\\\/portal\\\/?author=1\"}]}<\/script>\n<!-- \/ Yoast SEO plugin. -->","yoast_head_json":{"title":"La\u00eds Amaral - JORNAL BEIRA RIO","robots":{"index":"index","follow":"follow","max-snippet":"max-snippet:-1","max-image-preview":"max-image-preview:large","max-video-preview":"max-video-preview:-1"},"canonical":"https:\/\/jornalbeirario.com.br\/portal\/?p=34355","og_locale":"pt_BR","og_type":"article","og_title":"La\u00eds Amaral - JORNAL BEIRA RIO","og_description":"Workshop de turismo, para estudantes da \u00e1rea e interessados em geral, \u00e9 neste s\u00e1bado Com o tema \u2018Turismo, Desenvolvimento e Sustentabilidade ser\u00e1 realizado amanh\u00e3","og_url":"https:\/\/jornalbeirario.com.br\/portal\/?p=34355","og_site_name":"JORNAL BEIRA RIO","article_published_time":"2015-10-23T08:20:53+00:00","author":"Jornal BEIRA-RIO","twitter_card":"summary_large_image","twitter_misc":{"Escrito por":"Jornal BEIRA-RIO","Est. tempo de leitura":"4 minutos"},"schema":{"@context":"https:\/\/schema.org","@graph":[{"@type":"Article","@id":"https:\/\/jornalbeirario.com.br\/portal\/?p=34355#article","isPartOf":{"@id":"https:\/\/jornalbeirario.com.br\/portal\/?p=34355"},"author":{"name":"Jornal BEIRA-RIO","@id":"https:\/\/jornalbeirario.com.br\/portal\/#\/schema\/person\/c6c423e4c2465d2a9233f6539173e7c1"},"headline":"La\u00eds Amaral","datePublished":"2015-10-23T08:20:53+00:00","mainEntityOfPage":{"@id":"https:\/\/jornalbeirario.com.br\/portal\/?p=34355"},"wordCount":853,"commentCount":0,"publisher":{"@id":"https:\/\/jornalbeirario.com.br\/portal\/#organization"},"articleSection":["Social"],"inLanguage":"pt-BR","potentialAction":[{"@type":"CommentAction","name":"Comment","target":["https:\/\/jornalbeirario.com.br\/portal\/?p=34355#respond"]}]},{"@type":"WebPage","@id":"https:\/\/jornalbeirario.com.br\/portal\/?p=34355","url":"https:\/\/jornalbeirario.com.br\/portal\/?p=34355","name":"La\u00eds Amaral - JORNAL BEIRA RIO","isPartOf":{"@id":"https:\/\/jornalbeirario.com.br\/portal\/#website"},"datePublished":"2015-10-23T08:20:53+00:00","breadcrumb":{"@id":"https:\/\/jornalbeirario.com.br\/portal\/?p=34355#breadcrumb"},"inLanguage":"pt-BR","potentialAction":[{"@type":"ReadAction","target":["https:\/\/jornalbeirario.com.br\/portal\/?p=34355"]}]},{"@type":"BreadcrumbList","@id":"https:\/\/jornalbeirario.com.br\/portal\/?p=34355#breadcrumb","itemListElement":[{"@type":"ListItem","position":1,"name":"Home","item":"https:\/\/jornalbeirario.com.br\/portal"},{"@type":"ListItem","position":2,"name":"La\u00eds Amaral"}]},{"@type":"WebSite","@id":"https:\/\/jornalbeirario.com.br\/portal\/#website","url":"https:\/\/jornalbeirario.com.br\/portal\/","name":"JORNAL BEIRA RIO","description":"","publisher":{"@id":"https:\/\/jornalbeirario.com.br\/portal\/#organization"},"potentialAction":[{"@type":"SearchAction","target":{"@type":"EntryPoint","urlTemplate":"https:\/\/jornalbeirario.com.br\/portal\/?s={search_term_string}"},"query-input":{"@type":"PropertyValueSpecification","valueRequired":true,"valueName":"search_term_string"}}],"inLanguage":"pt-BR"},{"@type":"Organization","@id":"https:\/\/jornalbeirario.com.br\/portal\/#organization","name":"JORNAL BEIRA RIO","url":"https:\/\/jornalbeirario.com.br\/portal\/","logo":{"@type":"ImageObject","inLanguage":"pt-BR","@id":"https:\/\/jornalbeirario.com.br\/portal\/#\/schema\/logo\/image\/","url":"https:\/\/jornalbeirario.com.br\/portal\/wp-content\/uploads\/2017\/09\/BEIRA-RIO_logo600.png","contentUrl":"https:\/\/jornalbeirario.com.br\/portal\/wp-content\/uploads\/2017\/09\/BEIRA-RIO_logo600.png","width":650,"height":108,"caption":"JORNAL BEIRA RIO"},"image":{"@id":"https:\/\/jornalbeirario.com.br\/portal\/#\/schema\/logo\/image\/"}},{"@type":"Person","@id":"https:\/\/jornalbeirario.com.br\/portal\/#\/schema\/person\/c6c423e4c2465d2a9233f6539173e7c1","name":"Jornal BEIRA-RIO","image":{"@type":"ImageObject","inLanguage":"pt-BR","@id":"https:\/\/jornalbeirario.com.br\/portal\/wp-content\/uploads\/2023\/10\/logojbr1.jpg","url":"https:\/\/jornalbeirario.com.br\/portal\/wp-content\/uploads\/2023\/10\/logojbr1.jpg","contentUrl":"https:\/\/jornalbeirario.com.br\/portal\/wp-content\/uploads\/2023\/10\/logojbr1.jpg","caption":"Jornal BEIRA-RIO"},"url":"https:\/\/jornalbeirario.com.br\/portal\/?author=1"}]}},"_links":{"self":[{"href":"https:\/\/jornalbeirario.com.br\/portal\/index.php?rest_route=\/wp\/v2\/posts\/34355","targetHints":{"allow":["GET"]}}],"collection":[{"href":"https:\/\/jornalbeirario.com.br\/portal\/index.php?rest_route=\/wp\/v2\/posts"}],"about":[{"href":"https:\/\/jornalbeirario.com.br\/portal\/index.php?rest_route=\/wp\/v2\/types\/post"}],"author":[{"embeddable":true,"href":"https:\/\/jornalbeirario.com.br\/portal\/index.php?rest_route=\/wp\/v2\/users\/1"}],"replies":[{"embeddable":true,"href":"https:\/\/jornalbeirario.com.br\/portal\/index.php?rest_route=%2Fwp%2Fv2%2Fcomments&post=34355"}],"version-history":[{"count":3,"href":"https:\/\/jornalbeirario.com.br\/portal\/index.php?rest_route=\/wp\/v2\/posts\/34355\/revisions"}],"predecessor-version":[{"id":34425,"href":"https:\/\/jornalbeirario.com.br\/portal\/index.php?rest_route=\/wp\/v2\/posts\/34355\/revisions\/34425"}],"wp:attachment":[{"href":"https:\/\/jornalbeirario.com.br\/portal\/index.php?rest_route=%2Fwp%2Fv2%2Fmedia&parent=34355"}],"wp:term":[{"taxonomy":"category","embeddable":true,"href":"https:\/\/jornalbeirario.com.br\/portal\/index.php?rest_route=%2Fwp%2Fv2%2Fcategories&post=34355"},{"taxonomy":"post_tag","embeddable":true,"href":"https:\/\/jornalbeirario.com.br\/portal\/index.php?rest_route=%2Fwp%2Fv2%2Ftags&post=34355"}],"curies":[{"name":"wp","href":"https:\/\/api.w.org\/{rel}","templated":true}]}}