
{"id":3407,"date":"2013-01-14T14:55:53","date_gmt":"2013-01-14T14:55:53","guid":{"rendered":"http:\/\/jornalbeirario.com.br\/portal\/portal\/?p=3407"},"modified":"2013-01-14T14:55:53","modified_gmt":"2013-01-14T14:55:53","slug":"lais-amaral-10","status":"publish","type":"post","link":"https:\/\/jornalbeirario.com.br\/portal\/?p=3407","title":{"rendered":"La\u00eds Amaral"},"content":{"rendered":"<p><strong>O \u2018Parab\u00e9ns\u2019 do An\u00e9sio Barbudo<\/strong><br \/>\nAn\u00e9sio \u201cBarbudo\u201d \u00e9 figurinha conhecida no universo dos desportistas de balc\u00e3o. Al\u00e9m de ter um conhecido com\u00e9rcio estabelecido na Cidade Alegria \u00e9 tamb\u00e9m distribuidor de uma das cacha\u00e7as mais apreciadas pelos frequentadores das melhores casas do ramo. E tem o h\u00e1bito de fazer a ronda pelos estabelecimentos-clientes para constatar o sucesso do produto. Na \u00faltima sexta-feira do ano passado, n\u00e3o por acaso, seu anivers\u00e1rio, An\u00e9sio foi ao bairro Para\u00edso, visitar o tradicional Bar Trianon, do vasca\u00edno roxo, Ben\u00e9. E com a intimidade que a rela\u00e7\u00e3o comercial e de amizade lhe permite, cobrou do propriet\u00e1rio do bar, um presente. Ben\u00e9, sempre simp\u00e1tico, n\u00e3o fez por menos e abriu uma cerveja para o aniversariante chamando a aten\u00e7\u00e3o dos presentes para a import\u00e2ncia da data. A turma j\u00e1 com alguma calibragem encaixada ergueu os copos e brindou a sa\u00fade do Barbudo. Mas como nesses tempos de alinhamento de planetas e longas estiagens tudo pode acontecer, aconteceu. Pouco ap\u00f3s os brindes, a luz se apaga. A turma ainda meio comovida pela emo\u00e7\u00e3o do brinde n\u00e3o pensou duas vezes e em coro entoou empolgada o \u201cParab\u00e9ns pra voc\u00ea\u201d. An\u00e9sio Barbudo e Ben\u00e9 sabiam que n\u00e3o tinha bolo algum e logicamente, nem velinhas para o aniversariante soprar. O blecaute atingiu n\u00e3o s\u00f3 o Trianon mas tamb\u00e9m boa parte do bairro. Deu aquela sensa\u00e7\u00e3o de gol anulado. An\u00e9sio fechou a cara.<\/p>\n<p><strong>Informe Crust\u00e1ceos:<\/strong><br \/>\nAten\u00e7\u00e3o foli\u00f5es para a agenda do Bloco Et\u00edlico Carnavalesco Crust\u00e1ceos da Mangua\u00e7a: dia 26\/01, Sirizada a partir das 13 horas na Pra\u00e7a da Bandeira, em Campos El\u00edseos; dia 02\/02, desfile: concentra\u00e7\u00e3o ao Meio Dia no Cal\u00e7ad\u00e3o de Campos El\u00edseos, pr\u00f3ximo \u00e0 Ponte Velha.<\/p>\n<p><strong>Pol\u00edtica &amp; Humor nos Blogs<\/strong><br \/>\nA respeito da consagra\u00e7\u00e3o de Messi nessa segunda-feira, dia 7, o Blog Piaui Herald publicou: ZURIQUE &#8211; Minutos ap\u00f3s perder novamente a bola de ouro da FIFA para o argentino Lionel Messi, o craque portugu\u00eas Cristiano Ronaldo recebeu um telegrama do Brasil: &#8220;Uma pena. Tenho experi\u00eancia para lhe ajudar. Entre em contato. Jos\u00e9 Serra&#8221;, dizia o texto. Gestor competente, Serra reuniu Rubens Barrichello, o t\u00e9cnico Cuca, Diego Hip\u00f3lito e o motociclista Alexandre Barros para montar uma empresa de consultoria que vai atender clientes na situa\u00e7\u00e3o de Ronaldo. Animado com a nova empreitada, o tucano organizou um evento na Mooca para lan\u00e7ar o slogan da empresa: &#8220;O importante \u00e9 competir, o resto \u00e9 trolol\u00f3&#8221;.<\/p>\n<p><strong>TRIPA<\/strong><br \/>\n* Come\u00e7ou nessa segunda-feira, dia 7, a primeira exposi\u00e7\u00e3o do Museu de Arte Moderna de Resende. Como tradicionalmente acontece, o MAM abre o ano com uma mostra de parte de seu valorizado acervo. A exposi\u00e7\u00e3o vai at\u00e9 31 de janeiro com a visita\u00e7\u00e3o de segunda a sexta, das 9 horas \u00e0s 17h30. Vanda Perantoni e sua competente equipe est\u00e3o de bra\u00e7os abertos a espera de todos * Um cara supergente boa, chamado Valdecir de Souza Monteiro, mais conhecido como Birigui, est\u00e1 sempre promovendo encontros de amigos na garagem de casa, no Beco do Garniz\u00e9 (para alguns j\u00e1 \u00e9 Beco do Birigui) para grandes comidarias. No seu anivers\u00e1rio, dia 23 de dezembro, ele teve a boa ideia de fazer uma festa solid\u00e1ria e sugeriu aos amigos que levassem um litro de leite para a festa. Foram arrecadados 90 litros que foram doados ao Asilo Nicolino Gulhot nessa quarta-feira, dia 9. Uma iniciativa bem legal unir uma boa farra entre amigos a uma atitude solid\u00e1ria. Legal se a moda pega. O Birigui \u00e9 da turma dos Brameiros que tamb\u00e9m fez uma a\u00e7\u00e3o parecida na festa de confraterniza\u00e7\u00e3o em dezembro * Na ter\u00e7a-feira da semana passada, dia 2, faleceu o Ubirajara Cruz, o Bira, que trouxe h\u00e1 algum tempo de Campos, uma placa de madeira em que se lia: \u2018Cospe Grosso\u2019. A placa foi colocada numa parede do \u2018Rei dos Salgadinhos\u2019, o mais estimado lugar de comes e bebes informal de Resende. Grande Bira * O meu amigo salgueirense e botafoguense, Jos\u00e9 Roberto Corr\u00eaa, o \u2018Mu\u00e7um\u2019, participou mais uma vez da Corrida de S\u00e3o Silvestre. Concluiu a prova em 1 hora e 25 minutos, ficando na coloca\u00e7\u00e3o n\u00famero 6.214 na classifica\u00e7\u00e3o geral. Nada mal, j\u00e1 que participaram 25 mil corredores. Mu\u00e7um agora se prepara para a Maratona do Rio. Um Carnaval no meio * Inacredit\u00e1vel: de acordo com pesquisa desenvolvida na Para\u00edba, no Rio de Janeiro e no estado do Tocantins, 67% das pessoas acreditam que a viol\u00eancia contra a mulher \u00e9 culpa dela pr\u00f3pria, e, 64% acreditam que esse tipo de viol\u00eancia n\u00e3o deve ser combatida. Durma-se.<\/p>\n<p><strong>ANIVERS\u00c1RIOS<\/strong><br \/>\nDia 4, dona Marly, m\u00e3e da Ana L\u00facia e do Jo\u00e3o Carlos (BEIRA-RIO) comemorou idade nova em Ilhabella. Domingo passado, dia 6, mudou de idade o \u2018seu\u2019 Mateus Soares. Dia 7, foi a vez do meu amigo \u2018Santos\u2019 que encontro \u00e0s vezes no C\u00e9rgio. No dia 8, uma turma muito legal: Ivone Rocha, Marizete Santos, Adriano Lizarelli e Ricardo Fuma\u00e7a. Na quarta, dia 9, dona Munira Arbache ficou mais experiente. Ontem, dia 10, contou mais um ano de vida a Fatinha, da padaria do Jardim Bras\u00edlia. Hoje, dia 11, outro amigo, o Paulo Cesar Pinto, o \u2018PC\u2019, a Resina Barbosa Ramos e Ricardinho \u2018de Mau\u00e1\u2019 inauguram idade nova. Na segunda que vem, dia 14, o Claudio Cotia e o Jos\u00e9 Luiz Gr\u00e9gio ficam mais experientes e na ter\u00e7a que vem, dia 15, sopram velinhas as amigas Ol\u00edvia Frateschi e Nice Pinheiro. Parab\u00e9ns e todas as felicidades do mundo a essa turma boa.<\/p>\n","protected":false},"excerpt":{"rendered":"<p>O \u2018Parab\u00e9ns\u2019 do An\u00e9sio Barbudo An\u00e9sio \u201cBarbudo\u201d \u00e9 figurinha conhecida no universo dos desportistas de balc\u00e3o. Al\u00e9m de ter um conhecido com\u00e9rcio estabelecido na<\/p>\n","protected":false},"author":1,"featured_media":0,"comment_status":"open","ping_status":"open","sticky":false,"template":"","format":"standard","meta":{"pmpro_default_level":"","footnotes":""},"categories":[13],"tags":[],"class_list":["post-3407","post","type-post","status-publish","format-standard","hentry","category-social","pmpro-has-access"],"yoast_head":"<!-- This site is optimized with the Yoast SEO plugin v27.4 - https:\/\/yoast.com\/product\/yoast-seo-wordpress\/ -->\n<title>La\u00eds Amaral - JORNAL BEIRA RIO<\/title>\n<meta name=\"robots\" content=\"index, follow, max-snippet:-1, max-image-preview:large, max-video-preview:-1\" \/>\n<link rel=\"canonical\" href=\"https:\/\/jornalbeirario.com.br\/portal\/?p=3407\" \/>\n<meta property=\"og:locale\" content=\"pt_BR\" \/>\n<meta property=\"og:type\" content=\"article\" \/>\n<meta property=\"og:title\" content=\"La\u00eds Amaral - JORNAL BEIRA RIO\" \/>\n<meta property=\"og:description\" content=\"O \u2018Parab\u00e9ns\u2019 do An\u00e9sio Barbudo An\u00e9sio \u201cBarbudo\u201d \u00e9 figurinha conhecida no universo dos desportistas de balc\u00e3o. Al\u00e9m de ter um conhecido com\u00e9rcio estabelecido na\" \/>\n<meta property=\"og:url\" content=\"https:\/\/jornalbeirario.com.br\/portal\/?p=3407\" \/>\n<meta property=\"og:site_name\" content=\"JORNAL BEIRA RIO\" \/>\n<meta property=\"article:published_time\" content=\"2013-01-14T14:55:53+00:00\" \/>\n<meta name=\"author\" content=\"Jornal BEIRA-RIO\" \/>\n<meta name=\"twitter:card\" content=\"summary_large_image\" \/>\n<meta name=\"twitter:label1\" content=\"Escrito por\" \/>\n\t<meta name=\"twitter:data1\" content=\"Jornal BEIRA-RIO\" \/>\n\t<meta name=\"twitter:label2\" content=\"Est. tempo de leitura\" \/>\n\t<meta name=\"twitter:data2\" content=\"5 minutos\" \/>\n<script type=\"application\/ld+json\" class=\"yoast-schema-graph\">{\"@context\":\"https:\\\/\\\/schema.org\",\"@graph\":[{\"@type\":\"Article\",\"@id\":\"https:\\\/\\\/jornalbeirario.com.br\\\/portal\\\/?p=3407#article\",\"isPartOf\":{\"@id\":\"https:\\\/\\\/jornalbeirario.com.br\\\/portal\\\/?p=3407\"},\"author\":{\"name\":\"Jornal BEIRA-RIO\",\"@id\":\"https:\\\/\\\/jornalbeirario.com.br\\\/portal\\\/#\\\/schema\\\/person\\\/c6c423e4c2465d2a9233f6539173e7c1\"},\"headline\":\"La\u00eds Amaral\",\"datePublished\":\"2013-01-14T14:55:53+00:00\",\"mainEntityOfPage\":{\"@id\":\"https:\\\/\\\/jornalbeirario.com.br\\\/portal\\\/?p=3407\"},\"wordCount\":945,\"commentCount\":0,\"publisher\":{\"@id\":\"https:\\\/\\\/jornalbeirario.com.br\\\/portal\\\/#organization\"},\"articleSection\":[\"Social\"],\"inLanguage\":\"pt-BR\",\"potentialAction\":[{\"@type\":\"CommentAction\",\"name\":\"Comment\",\"target\":[\"https:\\\/\\\/jornalbeirario.com.br\\\/portal\\\/?p=3407#respond\"]}]},{\"@type\":\"WebPage\",\"@id\":\"https:\\\/\\\/jornalbeirario.com.br\\\/portal\\\/?p=3407\",\"url\":\"https:\\\/\\\/jornalbeirario.com.br\\\/portal\\\/?p=3407\",\"name\":\"La\u00eds Amaral - JORNAL BEIRA RIO\",\"isPartOf\":{\"@id\":\"https:\\\/\\\/jornalbeirario.com.br\\\/portal\\\/#website\"},\"datePublished\":\"2013-01-14T14:55:53+00:00\",\"breadcrumb\":{\"@id\":\"https:\\\/\\\/jornalbeirario.com.br\\\/portal\\\/?p=3407#breadcrumb\"},\"inLanguage\":\"pt-BR\",\"potentialAction\":[{\"@type\":\"ReadAction\",\"target\":[\"https:\\\/\\\/jornalbeirario.com.br\\\/portal\\\/?p=3407\"]}]},{\"@type\":\"BreadcrumbList\",\"@id\":\"https:\\\/\\\/jornalbeirario.com.br\\\/portal\\\/?p=3407#breadcrumb\",\"itemListElement\":[{\"@type\":\"ListItem\",\"position\":1,\"name\":\"Home\",\"item\":\"https:\\\/\\\/jornalbeirario.com.br\\\/portal\"},{\"@type\":\"ListItem\",\"position\":2,\"name\":\"La\u00eds Amaral\"}]},{\"@type\":\"WebSite\",\"@id\":\"https:\\\/\\\/jornalbeirario.com.br\\\/portal\\\/#website\",\"url\":\"https:\\\/\\\/jornalbeirario.com.br\\\/portal\\\/\",\"name\":\"JORNAL BEIRA RIO\",\"description\":\"\",\"publisher\":{\"@id\":\"https:\\\/\\\/jornalbeirario.com.br\\\/portal\\\/#organization\"},\"potentialAction\":[{\"@type\":\"SearchAction\",\"target\":{\"@type\":\"EntryPoint\",\"urlTemplate\":\"https:\\\/\\\/jornalbeirario.com.br\\\/portal\\\/?s={search_term_string}\"},\"query-input\":{\"@type\":\"PropertyValueSpecification\",\"valueRequired\":true,\"valueName\":\"search_term_string\"}}],\"inLanguage\":\"pt-BR\"},{\"@type\":\"Organization\",\"@id\":\"https:\\\/\\\/jornalbeirario.com.br\\\/portal\\\/#organization\",\"name\":\"JORNAL BEIRA RIO\",\"url\":\"https:\\\/\\\/jornalbeirario.com.br\\\/portal\\\/\",\"logo\":{\"@type\":\"ImageObject\",\"inLanguage\":\"pt-BR\",\"@id\":\"https:\\\/\\\/jornalbeirario.com.br\\\/portal\\\/#\\\/schema\\\/logo\\\/image\\\/\",\"url\":\"https:\\\/\\\/jornalbeirario.com.br\\\/portal\\\/wp-content\\\/uploads\\\/2017\\\/09\\\/BEIRA-RIO_logo600.png\",\"contentUrl\":\"https:\\\/\\\/jornalbeirario.com.br\\\/portal\\\/wp-content\\\/uploads\\\/2017\\\/09\\\/BEIRA-RIO_logo600.png\",\"width\":650,\"height\":108,\"caption\":\"JORNAL BEIRA RIO\"},\"image\":{\"@id\":\"https:\\\/\\\/jornalbeirario.com.br\\\/portal\\\/#\\\/schema\\\/logo\\\/image\\\/\"}},{\"@type\":\"Person\",\"@id\":\"https:\\\/\\\/jornalbeirario.com.br\\\/portal\\\/#\\\/schema\\\/person\\\/c6c423e4c2465d2a9233f6539173e7c1\",\"name\":\"Jornal BEIRA-RIO\",\"image\":{\"@type\":\"ImageObject\",\"inLanguage\":\"pt-BR\",\"@id\":\"https:\\\/\\\/jornalbeirario.com.br\\\/portal\\\/wp-content\\\/uploads\\\/2023\\\/10\\\/logojbr1.jpg\",\"url\":\"https:\\\/\\\/jornalbeirario.com.br\\\/portal\\\/wp-content\\\/uploads\\\/2023\\\/10\\\/logojbr1.jpg\",\"contentUrl\":\"https:\\\/\\\/jornalbeirario.com.br\\\/portal\\\/wp-content\\\/uploads\\\/2023\\\/10\\\/logojbr1.jpg\",\"caption\":\"Jornal BEIRA-RIO\"},\"url\":\"https:\\\/\\\/jornalbeirario.com.br\\\/portal\\\/?author=1\"}]}<\/script>\n<!-- \/ Yoast SEO plugin. -->","yoast_head_json":{"title":"La\u00eds Amaral - JORNAL BEIRA RIO","robots":{"index":"index","follow":"follow","max-snippet":"max-snippet:-1","max-image-preview":"max-image-preview:large","max-video-preview":"max-video-preview:-1"},"canonical":"https:\/\/jornalbeirario.com.br\/portal\/?p=3407","og_locale":"pt_BR","og_type":"article","og_title":"La\u00eds Amaral - JORNAL BEIRA RIO","og_description":"O \u2018Parab\u00e9ns\u2019 do An\u00e9sio Barbudo An\u00e9sio \u201cBarbudo\u201d \u00e9 figurinha conhecida no universo dos desportistas de balc\u00e3o. Al\u00e9m de ter um conhecido com\u00e9rcio estabelecido na","og_url":"https:\/\/jornalbeirario.com.br\/portal\/?p=3407","og_site_name":"JORNAL BEIRA RIO","article_published_time":"2013-01-14T14:55:53+00:00","author":"Jornal BEIRA-RIO","twitter_card":"summary_large_image","twitter_misc":{"Escrito por":"Jornal BEIRA-RIO","Est. tempo de leitura":"5 minutos"},"schema":{"@context":"https:\/\/schema.org","@graph":[{"@type":"Article","@id":"https:\/\/jornalbeirario.com.br\/portal\/?p=3407#article","isPartOf":{"@id":"https:\/\/jornalbeirario.com.br\/portal\/?p=3407"},"author":{"name":"Jornal BEIRA-RIO","@id":"https:\/\/jornalbeirario.com.br\/portal\/#\/schema\/person\/c6c423e4c2465d2a9233f6539173e7c1"},"headline":"La\u00eds Amaral","datePublished":"2013-01-14T14:55:53+00:00","mainEntityOfPage":{"@id":"https:\/\/jornalbeirario.com.br\/portal\/?p=3407"},"wordCount":945,"commentCount":0,"publisher":{"@id":"https:\/\/jornalbeirario.com.br\/portal\/#organization"},"articleSection":["Social"],"inLanguage":"pt-BR","potentialAction":[{"@type":"CommentAction","name":"Comment","target":["https:\/\/jornalbeirario.com.br\/portal\/?p=3407#respond"]}]},{"@type":"WebPage","@id":"https:\/\/jornalbeirario.com.br\/portal\/?p=3407","url":"https:\/\/jornalbeirario.com.br\/portal\/?p=3407","name":"La\u00eds Amaral - JORNAL BEIRA RIO","isPartOf":{"@id":"https:\/\/jornalbeirario.com.br\/portal\/#website"},"datePublished":"2013-01-14T14:55:53+00:00","breadcrumb":{"@id":"https:\/\/jornalbeirario.com.br\/portal\/?p=3407#breadcrumb"},"inLanguage":"pt-BR","potentialAction":[{"@type":"ReadAction","target":["https:\/\/jornalbeirario.com.br\/portal\/?p=3407"]}]},{"@type":"BreadcrumbList","@id":"https:\/\/jornalbeirario.com.br\/portal\/?p=3407#breadcrumb","itemListElement":[{"@type":"ListItem","position":1,"name":"Home","item":"https:\/\/jornalbeirario.com.br\/portal"},{"@type":"ListItem","position":2,"name":"La\u00eds Amaral"}]},{"@type":"WebSite","@id":"https:\/\/jornalbeirario.com.br\/portal\/#website","url":"https:\/\/jornalbeirario.com.br\/portal\/","name":"JORNAL BEIRA RIO","description":"","publisher":{"@id":"https:\/\/jornalbeirario.com.br\/portal\/#organization"},"potentialAction":[{"@type":"SearchAction","target":{"@type":"EntryPoint","urlTemplate":"https:\/\/jornalbeirario.com.br\/portal\/?s={search_term_string}"},"query-input":{"@type":"PropertyValueSpecification","valueRequired":true,"valueName":"search_term_string"}}],"inLanguage":"pt-BR"},{"@type":"Organization","@id":"https:\/\/jornalbeirario.com.br\/portal\/#organization","name":"JORNAL BEIRA RIO","url":"https:\/\/jornalbeirario.com.br\/portal\/","logo":{"@type":"ImageObject","inLanguage":"pt-BR","@id":"https:\/\/jornalbeirario.com.br\/portal\/#\/schema\/logo\/image\/","url":"https:\/\/jornalbeirario.com.br\/portal\/wp-content\/uploads\/2017\/09\/BEIRA-RIO_logo600.png","contentUrl":"https:\/\/jornalbeirario.com.br\/portal\/wp-content\/uploads\/2017\/09\/BEIRA-RIO_logo600.png","width":650,"height":108,"caption":"JORNAL BEIRA RIO"},"image":{"@id":"https:\/\/jornalbeirario.com.br\/portal\/#\/schema\/logo\/image\/"}},{"@type":"Person","@id":"https:\/\/jornalbeirario.com.br\/portal\/#\/schema\/person\/c6c423e4c2465d2a9233f6539173e7c1","name":"Jornal BEIRA-RIO","image":{"@type":"ImageObject","inLanguage":"pt-BR","@id":"https:\/\/jornalbeirario.com.br\/portal\/wp-content\/uploads\/2023\/10\/logojbr1.jpg","url":"https:\/\/jornalbeirario.com.br\/portal\/wp-content\/uploads\/2023\/10\/logojbr1.jpg","contentUrl":"https:\/\/jornalbeirario.com.br\/portal\/wp-content\/uploads\/2023\/10\/logojbr1.jpg","caption":"Jornal BEIRA-RIO"},"url":"https:\/\/jornalbeirario.com.br\/portal\/?author=1"}]}},"_links":{"self":[{"href":"https:\/\/jornalbeirario.com.br\/portal\/index.php?rest_route=\/wp\/v2\/posts\/3407","targetHints":{"allow":["GET"]}}],"collection":[{"href":"https:\/\/jornalbeirario.com.br\/portal\/index.php?rest_route=\/wp\/v2\/posts"}],"about":[{"href":"https:\/\/jornalbeirario.com.br\/portal\/index.php?rest_route=\/wp\/v2\/types\/post"}],"author":[{"embeddable":true,"href":"https:\/\/jornalbeirario.com.br\/portal\/index.php?rest_route=\/wp\/v2\/users\/1"}],"replies":[{"embeddable":true,"href":"https:\/\/jornalbeirario.com.br\/portal\/index.php?rest_route=%2Fwp%2Fv2%2Fcomments&post=3407"}],"version-history":[{"count":2,"href":"https:\/\/jornalbeirario.com.br\/portal\/index.php?rest_route=\/wp\/v2\/posts\/3407\/revisions"}],"predecessor-version":[{"id":3409,"href":"https:\/\/jornalbeirario.com.br\/portal\/index.php?rest_route=\/wp\/v2\/posts\/3407\/revisions\/3409"}],"wp:attachment":[{"href":"https:\/\/jornalbeirario.com.br\/portal\/index.php?rest_route=%2Fwp%2Fv2%2Fmedia&parent=3407"}],"wp:term":[{"taxonomy":"category","embeddable":true,"href":"https:\/\/jornalbeirario.com.br\/portal\/index.php?rest_route=%2Fwp%2Fv2%2Fcategories&post=3407"},{"taxonomy":"post_tag","embeddable":true,"href":"https:\/\/jornalbeirario.com.br\/portal\/index.php?rest_route=%2Fwp%2Fv2%2Ftags&post=3407"}],"curies":[{"name":"wp","href":"https:\/\/api.w.org\/{rel}","templated":true}]}}