
{"id":34011,"date":"2015-10-09T09:15:13","date_gmt":"2015-10-09T09:15:13","guid":{"rendered":"http:\/\/jornalbeirario.com.br\/portal\/portal\/?p=34011"},"modified":"2015-10-09T09:15:13","modified_gmt":"2015-10-09T09:15:13","slug":"lais-amaral-115","status":"publish","type":"post","link":"https:\/\/jornalbeirario.com.br\/portal\/?p=34011","title":{"rendered":"La\u00eds Amaral"},"content":{"rendered":"<p style=\"text-align: justify;\"><strong>\u2018Carta a um jovem envenenado\u2019<\/strong><br \/>\nAntes de tudo, devo dizer que n\u00e3o o culpo por suas rea\u00e7\u00f5es decepcionantemente conservadoras para um jovem. Pelo menos aos olhos de quem era bem jovem, quando sofreu influ\u00eancias determinantes de uma d\u00e9cada revolucion\u00e1ria para o mundo sob muitos aspectos, como foram os anos 60 do s\u00e9culo passado. Tamb\u00e9m n\u00e3o me considere pedante ou arrogante quando digo que sua rea\u00e7\u00e3o provavelmente \u00e9 resultado de um estado de fragilidade, fruto de alguma ignor\u00e2ncia sobre Hist\u00f3ria do pa\u00eds e do mundo. E a\u00ed, nem me refiro a algo mais espec\u00edfico como a Hist\u00f3ria Pol\u00edtica. Voc\u00ea n\u00e3o tem culpa e acredite, n\u00e3o \u00e9 nada pessoal. Esse seu desconhecimento certamente dificulta entender o que ocorre hoje como consequ\u00eancia do ontem. Talvez seja dif\u00edcil para voc\u00ea, meu jovem, perceber, que muito do que v\u00ea, ouve e l\u00ea produzido por nossas corpora\u00e7\u00f5es midi\u00e1ticas, seja apenas o reflexo do que pensam e desejam os poucos donos desse imenso pa\u00eds. Por isso quando leio um tweet seu pedindo a morte da Presidente da Rep\u00fablica ou chamando filiados do PT de malditos comunistas e coisas pouco compreens\u00edveis e, por vezes contradit\u00f3rias, me esfor\u00e7o para entender, mas confesso que nessas horas sou sequestrado por fortes e inc\u00f4modos sentimentos. Primeiro sinto pena por ver nobres ideais de juventude toldados por quest\u00f5es que poderiam n\u00e3o ser as suas caso tivesse uma vis\u00e3o mais abrangente. Em seguida vem a apreens\u00e3o por imaginar que voc\u00ea represente a precoce deteriora\u00e7\u00e3o de gera\u00e7\u00f5es que se rendem a valores nada nobres, e por saber que esses valores quando\u00a0 sobrevivem at\u00e9 \u00e0 fase adulta, costumam gerar muita dor e muito mal \u00e0 Humanidade. Seja feliz e tente vislumbrar como a felicidade \u00e9 mais saborosa quando muito mais gente tamb\u00e9m est\u00e1 sendo feliz. Um abra\u00e7o. (Carta completa em meu blog: www.bocadesiri-lais.blogspot.com )<\/p>\n<p style=\"text-align: justify;\"><strong>Curso de Cuidador de Idosos<\/strong><br \/>\nA 9\u00aa edi\u00e7\u00e3o do \u2018Curso de Cuidador de Idosos\u2019 ter\u00e1 sua aula inaugural no pr\u00f3ximo dia 19. Ser\u00e3o aulas de segunda a sexta das 19h \u00e0s 22h15min. na AEDB (Faculdades dom Bosco). S\u00e3o 100 horas de teoria mais 20 horas de est\u00e1gio. As inscri\u00e7\u00f5es est\u00e3o sendo feitas no Asilo Nicolino Gulhot, na Avenida Augusto de Carvalho, 1080 \u2013 Bairro Ipiranga. Mais informa\u00e7\u00f5es pelo tel. (24) 3354-4635 \/ 3354-6264. O curso, promovido pelo Asilo Nicolino Gulhot e apoiado pela AEDB tem por objetivo capacitar profissionais para trabalhar como acompanhantes de idosos com sa\u00fade debilitada.<\/p>\n<p style=\"text-align: justify;\"><strong>TRIPA<\/strong><br \/>\n* A diretora do Museu de Arte Moderna, Melissa Barretti informa que ser\u00e1 aberto amanh\u00e3 (dia 10), o 43\u00ba Sal\u00e3o da Primavera. A solenidade de abertura da tradicional exposi\u00e7\u00e3o est\u00e1 marcada para as 19 horas, l\u00e1 mesmo no MAM. A mostra segue at\u00e9 11 de dezembro de segunda a sexta-feira, das 12h \u00e0s 18hs * Dia 27 de setembro o coronel Marco Antonio Bernardi foi \u00e0 Unisal para o encontro de 60 anos da sua turma de formados no Col\u00e9gio Salesiano S\u00e3o Joaquim de Lorena. Parab\u00e9ns ao \u2018Urubu Rei\u2019 * Edison Louroza est\u00e1 na Alemanha. Foi visitar filhos e netos que vivem na Europa e aproveitou para participar da meia maratona da cidade de Col\u00f4nia no final de semana passado. Ele chegou em 12\u00ba e Maria Helena em 3\u00ba nas respectivas faixas et\u00e1rias. No final chocolate quente em vez de chopp. Fazia cinco graus * O Centro Cultura Visconde de Mau\u00e1 convida para a exposi\u00e7\u00e3o de desenhos a nanquim, \u201cPapel Can\u00e7\u00e3o\u201d da artista de Volta Redonda, Lucia S\u00e3o Thiago. O m\u00fasico Ulisses Coli tocou na abertura da exposi\u00e7\u00e3o, domingo passado, dia 4. A mostra segue at\u00e9 10 de novembro * No domingo passado foi\u00a0 realizada a segunda rodada do So\u00e7aite Quarent\u00e3o da AABB e os resultados foram os seguintes: Turma da Pelada 2 x 0 Ipiranga, Casa da Lua 3 x 1 Brameiros e Turbul\u00eancia 2 x 1 Real Sport. A pr\u00f3xima rodada ser\u00e1 realizada no dia 18 de outubro. Brameiros na lanterna. Putz!<\/p>\n<p style=\"text-align: justify;\"><strong>ANIVERS\u00c1RIO<\/strong><br \/>\nDia 28, passado, v\u00e9spera do anivers\u00e1rio de Resende, mudou de idade o Cl\u00e1udio Oliveira de Ara\u00fajo (\u2018De Ara\u00fajo\u2019), secret\u00e1rio municipal de Administra\u00e7\u00e3o. Dia 1\u00ba de outubro inauguraram idade nova o Filipe Rebello e a Maria Lucia Armondi. Dia 3 foi a vez da Elis\u00e2ngela Almeida e do Miguel Monte contarem mais um ano de vida. No dia 5 receberam os \u2018parab\u00e9ns\u2019, o Jos\u00e9 Antonio de Souza (Ed Murphy), a Preta Pretinha e a Beatriz Whately. Nessa ter\u00e7a, dia 6, aniversariaram o Gui Rodrigues e o Waldir Belfort. E dia 7, ficaram mais experientes, o M\u00e1rcio Whately, a Adriana Flores, a Carol Andrade, o Fidel Sant&#8217;Anna e o Luis Felipe Cesar. Parab\u00e9ns e todas as felicidades do mundo para essa turma legal.<\/p>\n","protected":false},"excerpt":{"rendered":"<p>\u2018Carta a um jovem envenenado\u2019 Antes de tudo, devo dizer que n\u00e3o o culpo por suas rea\u00e7\u00f5es decepcionantemente conservadoras para um jovem. Pelo menos<\/p>\n","protected":false},"author":1,"featured_media":0,"comment_status":"open","ping_status":"open","sticky":false,"template":"","format":"standard","meta":{"pmpro_default_level":"","footnotes":""},"categories":[13],"tags":[],"class_list":["post-34011","post","type-post","status-publish","format-standard","hentry","category-social","pmpro-has-access"],"yoast_head":"<!-- This site is optimized with the Yoast SEO plugin v27.4 - https:\/\/yoast.com\/product\/yoast-seo-wordpress\/ -->\n<title>La\u00eds Amaral - JORNAL BEIRA RIO<\/title>\n<meta name=\"robots\" content=\"index, follow, max-snippet:-1, max-image-preview:large, max-video-preview:-1\" \/>\n<link rel=\"canonical\" href=\"https:\/\/jornalbeirario.com.br\/portal\/?p=34011\" \/>\n<meta property=\"og:locale\" content=\"pt_BR\" \/>\n<meta property=\"og:type\" content=\"article\" \/>\n<meta property=\"og:title\" content=\"La\u00eds Amaral - JORNAL BEIRA RIO\" \/>\n<meta property=\"og:description\" content=\"\u2018Carta a um jovem envenenado\u2019 Antes de tudo, devo dizer que n\u00e3o o culpo por suas rea\u00e7\u00f5es decepcionantemente conservadoras para um jovem. Pelo menos\" \/>\n<meta property=\"og:url\" content=\"https:\/\/jornalbeirario.com.br\/portal\/?p=34011\" \/>\n<meta property=\"og:site_name\" content=\"JORNAL BEIRA RIO\" \/>\n<meta property=\"article:published_time\" content=\"2015-10-09T09:15:13+00:00\" \/>\n<meta name=\"author\" content=\"Jornal BEIRA-RIO\" \/>\n<meta name=\"twitter:card\" content=\"summary_large_image\" \/>\n<meta name=\"twitter:label1\" content=\"Escrito por\" \/>\n\t<meta name=\"twitter:data1\" content=\"Jornal BEIRA-RIO\" \/>\n\t<meta name=\"twitter:label2\" content=\"Est. tempo de leitura\" \/>\n\t<meta name=\"twitter:data2\" content=\"4 minutos\" \/>\n<script type=\"application\/ld+json\" class=\"yoast-schema-graph\">{\"@context\":\"https:\\\/\\\/schema.org\",\"@graph\":[{\"@type\":\"Article\",\"@id\":\"https:\\\/\\\/jornalbeirario.com.br\\\/portal\\\/?p=34011#article\",\"isPartOf\":{\"@id\":\"https:\\\/\\\/jornalbeirario.com.br\\\/portal\\\/?p=34011\"},\"author\":{\"name\":\"Jornal BEIRA-RIO\",\"@id\":\"https:\\\/\\\/jornalbeirario.com.br\\\/portal\\\/#\\\/schema\\\/person\\\/c6c423e4c2465d2a9233f6539173e7c1\"},\"headline\":\"La\u00eds Amaral\",\"datePublished\":\"2015-10-09T09:15:13+00:00\",\"mainEntityOfPage\":{\"@id\":\"https:\\\/\\\/jornalbeirario.com.br\\\/portal\\\/?p=34011\"},\"wordCount\":799,\"commentCount\":0,\"publisher\":{\"@id\":\"https:\\\/\\\/jornalbeirario.com.br\\\/portal\\\/#organization\"},\"articleSection\":[\"Social\"],\"inLanguage\":\"pt-BR\",\"potentialAction\":[{\"@type\":\"CommentAction\",\"name\":\"Comment\",\"target\":[\"https:\\\/\\\/jornalbeirario.com.br\\\/portal\\\/?p=34011#respond\"]}]},{\"@type\":\"WebPage\",\"@id\":\"https:\\\/\\\/jornalbeirario.com.br\\\/portal\\\/?p=34011\",\"url\":\"https:\\\/\\\/jornalbeirario.com.br\\\/portal\\\/?p=34011\",\"name\":\"La\u00eds Amaral - JORNAL BEIRA RIO\",\"isPartOf\":{\"@id\":\"https:\\\/\\\/jornalbeirario.com.br\\\/portal\\\/#website\"},\"datePublished\":\"2015-10-09T09:15:13+00:00\",\"breadcrumb\":{\"@id\":\"https:\\\/\\\/jornalbeirario.com.br\\\/portal\\\/?p=34011#breadcrumb\"},\"inLanguage\":\"pt-BR\",\"potentialAction\":[{\"@type\":\"ReadAction\",\"target\":[\"https:\\\/\\\/jornalbeirario.com.br\\\/portal\\\/?p=34011\"]}]},{\"@type\":\"BreadcrumbList\",\"@id\":\"https:\\\/\\\/jornalbeirario.com.br\\\/portal\\\/?p=34011#breadcrumb\",\"itemListElement\":[{\"@type\":\"ListItem\",\"position\":1,\"name\":\"Home\",\"item\":\"https:\\\/\\\/jornalbeirario.com.br\\\/portal\"},{\"@type\":\"ListItem\",\"position\":2,\"name\":\"La\u00eds Amaral\"}]},{\"@type\":\"WebSite\",\"@id\":\"https:\\\/\\\/jornalbeirario.com.br\\\/portal\\\/#website\",\"url\":\"https:\\\/\\\/jornalbeirario.com.br\\\/portal\\\/\",\"name\":\"JORNAL BEIRA RIO\",\"description\":\"\",\"publisher\":{\"@id\":\"https:\\\/\\\/jornalbeirario.com.br\\\/portal\\\/#organization\"},\"potentialAction\":[{\"@type\":\"SearchAction\",\"target\":{\"@type\":\"EntryPoint\",\"urlTemplate\":\"https:\\\/\\\/jornalbeirario.com.br\\\/portal\\\/?s={search_term_string}\"},\"query-input\":{\"@type\":\"PropertyValueSpecification\",\"valueRequired\":true,\"valueName\":\"search_term_string\"}}],\"inLanguage\":\"pt-BR\"},{\"@type\":\"Organization\",\"@id\":\"https:\\\/\\\/jornalbeirario.com.br\\\/portal\\\/#organization\",\"name\":\"JORNAL BEIRA RIO\",\"url\":\"https:\\\/\\\/jornalbeirario.com.br\\\/portal\\\/\",\"logo\":{\"@type\":\"ImageObject\",\"inLanguage\":\"pt-BR\",\"@id\":\"https:\\\/\\\/jornalbeirario.com.br\\\/portal\\\/#\\\/schema\\\/logo\\\/image\\\/\",\"url\":\"https:\\\/\\\/jornalbeirario.com.br\\\/portal\\\/wp-content\\\/uploads\\\/2017\\\/09\\\/BEIRA-RIO_logo600.png\",\"contentUrl\":\"https:\\\/\\\/jornalbeirario.com.br\\\/portal\\\/wp-content\\\/uploads\\\/2017\\\/09\\\/BEIRA-RIO_logo600.png\",\"width\":650,\"height\":108,\"caption\":\"JORNAL BEIRA RIO\"},\"image\":{\"@id\":\"https:\\\/\\\/jornalbeirario.com.br\\\/portal\\\/#\\\/schema\\\/logo\\\/image\\\/\"}},{\"@type\":\"Person\",\"@id\":\"https:\\\/\\\/jornalbeirario.com.br\\\/portal\\\/#\\\/schema\\\/person\\\/c6c423e4c2465d2a9233f6539173e7c1\",\"name\":\"Jornal BEIRA-RIO\",\"image\":{\"@type\":\"ImageObject\",\"inLanguage\":\"pt-BR\",\"@id\":\"https:\\\/\\\/jornalbeirario.com.br\\\/portal\\\/wp-content\\\/uploads\\\/2023\\\/10\\\/logojbr1.jpg\",\"url\":\"https:\\\/\\\/jornalbeirario.com.br\\\/portal\\\/wp-content\\\/uploads\\\/2023\\\/10\\\/logojbr1.jpg\",\"contentUrl\":\"https:\\\/\\\/jornalbeirario.com.br\\\/portal\\\/wp-content\\\/uploads\\\/2023\\\/10\\\/logojbr1.jpg\",\"caption\":\"Jornal BEIRA-RIO\"},\"url\":\"https:\\\/\\\/jornalbeirario.com.br\\\/portal\\\/?author=1\"}]}<\/script>\n<!-- \/ Yoast SEO plugin. -->","yoast_head_json":{"title":"La\u00eds Amaral - JORNAL BEIRA RIO","robots":{"index":"index","follow":"follow","max-snippet":"max-snippet:-1","max-image-preview":"max-image-preview:large","max-video-preview":"max-video-preview:-1"},"canonical":"https:\/\/jornalbeirario.com.br\/portal\/?p=34011","og_locale":"pt_BR","og_type":"article","og_title":"La\u00eds Amaral - JORNAL BEIRA RIO","og_description":"\u2018Carta a um jovem envenenado\u2019 Antes de tudo, devo dizer que n\u00e3o o culpo por suas rea\u00e7\u00f5es decepcionantemente conservadoras para um jovem. Pelo menos","og_url":"https:\/\/jornalbeirario.com.br\/portal\/?p=34011","og_site_name":"JORNAL BEIRA RIO","article_published_time":"2015-10-09T09:15:13+00:00","author":"Jornal BEIRA-RIO","twitter_card":"summary_large_image","twitter_misc":{"Escrito por":"Jornal BEIRA-RIO","Est. tempo de leitura":"4 minutos"},"schema":{"@context":"https:\/\/schema.org","@graph":[{"@type":"Article","@id":"https:\/\/jornalbeirario.com.br\/portal\/?p=34011#article","isPartOf":{"@id":"https:\/\/jornalbeirario.com.br\/portal\/?p=34011"},"author":{"name":"Jornal BEIRA-RIO","@id":"https:\/\/jornalbeirario.com.br\/portal\/#\/schema\/person\/c6c423e4c2465d2a9233f6539173e7c1"},"headline":"La\u00eds Amaral","datePublished":"2015-10-09T09:15:13+00:00","mainEntityOfPage":{"@id":"https:\/\/jornalbeirario.com.br\/portal\/?p=34011"},"wordCount":799,"commentCount":0,"publisher":{"@id":"https:\/\/jornalbeirario.com.br\/portal\/#organization"},"articleSection":["Social"],"inLanguage":"pt-BR","potentialAction":[{"@type":"CommentAction","name":"Comment","target":["https:\/\/jornalbeirario.com.br\/portal\/?p=34011#respond"]}]},{"@type":"WebPage","@id":"https:\/\/jornalbeirario.com.br\/portal\/?p=34011","url":"https:\/\/jornalbeirario.com.br\/portal\/?p=34011","name":"La\u00eds Amaral - JORNAL BEIRA RIO","isPartOf":{"@id":"https:\/\/jornalbeirario.com.br\/portal\/#website"},"datePublished":"2015-10-09T09:15:13+00:00","breadcrumb":{"@id":"https:\/\/jornalbeirario.com.br\/portal\/?p=34011#breadcrumb"},"inLanguage":"pt-BR","potentialAction":[{"@type":"ReadAction","target":["https:\/\/jornalbeirario.com.br\/portal\/?p=34011"]}]},{"@type":"BreadcrumbList","@id":"https:\/\/jornalbeirario.com.br\/portal\/?p=34011#breadcrumb","itemListElement":[{"@type":"ListItem","position":1,"name":"Home","item":"https:\/\/jornalbeirario.com.br\/portal"},{"@type":"ListItem","position":2,"name":"La\u00eds Amaral"}]},{"@type":"WebSite","@id":"https:\/\/jornalbeirario.com.br\/portal\/#website","url":"https:\/\/jornalbeirario.com.br\/portal\/","name":"JORNAL BEIRA RIO","description":"","publisher":{"@id":"https:\/\/jornalbeirario.com.br\/portal\/#organization"},"potentialAction":[{"@type":"SearchAction","target":{"@type":"EntryPoint","urlTemplate":"https:\/\/jornalbeirario.com.br\/portal\/?s={search_term_string}"},"query-input":{"@type":"PropertyValueSpecification","valueRequired":true,"valueName":"search_term_string"}}],"inLanguage":"pt-BR"},{"@type":"Organization","@id":"https:\/\/jornalbeirario.com.br\/portal\/#organization","name":"JORNAL BEIRA RIO","url":"https:\/\/jornalbeirario.com.br\/portal\/","logo":{"@type":"ImageObject","inLanguage":"pt-BR","@id":"https:\/\/jornalbeirario.com.br\/portal\/#\/schema\/logo\/image\/","url":"https:\/\/jornalbeirario.com.br\/portal\/wp-content\/uploads\/2017\/09\/BEIRA-RIO_logo600.png","contentUrl":"https:\/\/jornalbeirario.com.br\/portal\/wp-content\/uploads\/2017\/09\/BEIRA-RIO_logo600.png","width":650,"height":108,"caption":"JORNAL BEIRA RIO"},"image":{"@id":"https:\/\/jornalbeirario.com.br\/portal\/#\/schema\/logo\/image\/"}},{"@type":"Person","@id":"https:\/\/jornalbeirario.com.br\/portal\/#\/schema\/person\/c6c423e4c2465d2a9233f6539173e7c1","name":"Jornal BEIRA-RIO","image":{"@type":"ImageObject","inLanguage":"pt-BR","@id":"https:\/\/jornalbeirario.com.br\/portal\/wp-content\/uploads\/2023\/10\/logojbr1.jpg","url":"https:\/\/jornalbeirario.com.br\/portal\/wp-content\/uploads\/2023\/10\/logojbr1.jpg","contentUrl":"https:\/\/jornalbeirario.com.br\/portal\/wp-content\/uploads\/2023\/10\/logojbr1.jpg","caption":"Jornal BEIRA-RIO"},"url":"https:\/\/jornalbeirario.com.br\/portal\/?author=1"}]}},"_links":{"self":[{"href":"https:\/\/jornalbeirario.com.br\/portal\/index.php?rest_route=\/wp\/v2\/posts\/34011","targetHints":{"allow":["GET"]}}],"collection":[{"href":"https:\/\/jornalbeirario.com.br\/portal\/index.php?rest_route=\/wp\/v2\/posts"}],"about":[{"href":"https:\/\/jornalbeirario.com.br\/portal\/index.php?rest_route=\/wp\/v2\/types\/post"}],"author":[{"embeddable":true,"href":"https:\/\/jornalbeirario.com.br\/portal\/index.php?rest_route=\/wp\/v2\/users\/1"}],"replies":[{"embeddable":true,"href":"https:\/\/jornalbeirario.com.br\/portal\/index.php?rest_route=%2Fwp%2Fv2%2Fcomments&post=34011"}],"version-history":[{"count":4,"href":"https:\/\/jornalbeirario.com.br\/portal\/index.php?rest_route=\/wp\/v2\/posts\/34011\/revisions"}],"predecessor-version":[{"id":34080,"href":"https:\/\/jornalbeirario.com.br\/portal\/index.php?rest_route=\/wp\/v2\/posts\/34011\/revisions\/34080"}],"wp:attachment":[{"href":"https:\/\/jornalbeirario.com.br\/portal\/index.php?rest_route=%2Fwp%2Fv2%2Fmedia&parent=34011"}],"wp:term":[{"taxonomy":"category","embeddable":true,"href":"https:\/\/jornalbeirario.com.br\/portal\/index.php?rest_route=%2Fwp%2Fv2%2Fcategories&post=34011"},{"taxonomy":"post_tag","embeddable":true,"href":"https:\/\/jornalbeirario.com.br\/portal\/index.php?rest_route=%2Fwp%2Fv2%2Ftags&post=34011"}],"curies":[{"name":"wp","href":"https:\/\/api.w.org\/{rel}","templated":true}]}}