
{"id":3401,"date":"2013-01-14T14:39:39","date_gmt":"2013-01-14T14:39:39","guid":{"rendered":"http:\/\/jornalbeirario.com.br\/portal\/portal\/?p=3401"},"modified":"2013-01-14T14:39:39","modified_gmt":"2013-01-14T14:39:39","slug":"quem-pensa-estou-sinceramente-sem-ironias-assustada","status":"publish","type":"post","link":"https:\/\/jornalbeirario.com.br\/portal\/?p=3401","title":{"rendered":"QUEM PENSA? Estou (sinceramente, sem ironias) assustada!"},"content":{"rendered":"<p>Sei que muitas pessoas me consideram muito ir\u00f4nica, talvez eu seja &#8211; um pouquinho &#8211; mesmo, mas tem uma explica\u00e7\u00e3o, acredito. Minha ironia, al\u00e9m das caracter\u00edsticas relativas \u00e0 brasileirice e \u00e0s ra\u00edzes carioca, se d\u00e1 tamb\u00e9m por indigna\u00e7\u00e3o. Um tipo de v\u00e1lvula de escape para evitar os sentimentos ruins sabe? Melhor ir\u00f4nica do que indiferente ou num outro extremo, violenta. Claro que me refiro \u00e0s quest\u00f5es p\u00fablicas, aos pol\u00edticos, aos governantes, aos vereadores, \u00e0s autoridades que t\u00eam fun\u00e7\u00e3o p\u00fablica e por isto deveriam ter no\u00e7\u00e3o de suas responsabilidades, o que todos sabemos, pode parte n\u00e3o tem.<\/p>\n<p>Claro que minha ironia n\u00e3o chega a ser t\u00e3o cruel como o da equipe do CQC, mas tem seus resultados, principalmente para mim mesma que consigo, com ela, desopilar o f\u00edgado. Sim. Quando o assunto \u00e9 pol\u00edtica e dinheiro p\u00fablico o est\u00f4mago embrulha, o f\u00edgado fica mal e de alguma forma temos que blindar a desfa\u00e7atez dos poderosos que insiste em fazer parte da nossa rotina.<\/p>\n<p>Ando assustada com a certeza que o governo municipal de Resende e outros por a\u00ed, parecem ter de que suas a\u00e7\u00f5es (as ruins, \u00e9 claro) estar\u00e3o inc\u00f3lumes de puni\u00e7\u00e3o e, a seu tempo, da indigna\u00e7\u00e3o popular. Falo de indigna\u00e7\u00e3o mesmo, n\u00e3o de reclama\u00e7\u00f5es aqui e acol\u00e1. Isto todo mundo faz, nas esquinas, nas redes sociais, no bate-papo. Falo de indigna\u00e7\u00e3o quando se \u00e9 atingido de fato, prejudicado, vilipendiado em seus direitos.<\/p>\n<p>A indigna\u00e7\u00e3o que move a uni\u00e3o dos grupos e leva \u00e0s a\u00e7\u00f5es que responsabilizem os governos pelo mal-estar, que somos obrigados a passar por incompet\u00eancia, neglig\u00eancia ou m\u00e1-f\u00e9. A quest\u00e3o do abuso de um prestador de servi\u00e7o p\u00fablico como tem sido o caso da Locanty em Resende e em Itatiaia, por exemplo, demonstra at\u00e9 onde chegam os prefeitos do alto de suas certezas de impunidade no trato irrespons\u00e1vel com a coisa p\u00fablica.<\/p>\n<p>Primeiro por terem, ao longo do contrato da empresa, respons\u00e1vel pela coleta de lixo dom\u00e9stico nas cidades, n\u00e3o terem tomados medidas en\u00e9rgicas nas falhas que apresentaram e apresentaram; depois por n\u00e3o terem mantido um departamento competente para fiscalizar o trabalho da prestadora de servi\u00e7o e evitar o caos que se instalou. Caos sim. Do contr\u00e1rio, n\u00e3o justifica contrata\u00e7\u00e3o emergencial como fez Resende recentemente. Os contratos emergenciais s\u00f3 podem ser feitos diante da emerg\u00eancia dos fatos &#8211; a redund\u00e2ncia aqui se faz necess\u00e1ria -, diante da crise. Ou seja, o governo do prefeito Jos\u00e9 Rechuan, no poder h\u00e1 quatro anos, n\u00e3o teve compet\u00eancia para evitar que a popula\u00e7\u00e3o que o reelegeu passasse pelo que est\u00e1 passando. E tudo que se viu foram notifica\u00e7\u00f5es \u00e0 empresa que simplesmente parou de funcionar \u00e0s v\u00e9spera do t\u00e9rmino de seu contrato, mas ainda n\u00e3o demitiu ningu\u00e9m. Continua instalada no mesmo lugar e tem a mesma pr\u00e1tica no munic\u00edpio de Itatiaia. Porto Real, tamb\u00e9m atendida pela empresa parece tem tido menos preju\u00edzo.<\/p>\n<p>Resultado: em Resende, Rechuan faz um contrato de R$ 2 milh\u00f5es por seis meses com uma empresa que tamb\u00e9m tem hist\u00f3rico de problemas nas cidades em que atuou e com duas semanas atuando no munic\u00edpio j\u00e1 tem caminh\u00e3o quebrando e n\u00e3o consegue cobrir todos os bairros, precisando ainda dos caminh\u00f5es e outros prestadores de servi\u00e7o da Prefeitura.\u00a0 O que \u00e9 isso? Est\u00e1 testando a paci\u00eancia do mun\u00edcipe, que tem pago contas alt\u00edssimas para estas prestadoras e\/ou concession\u00e1rias que a todo momento parecem ditar as regras? Quem tem o poder concedente?<\/p>\n<p>Por que esse governo n\u00e3o fez a licita\u00e7\u00e3o? E porque uma licita\u00e7\u00e3o demorar\u00e1 cerca de seis meses para ser realizada? Muitas perguntas que o governo n\u00e3o responde. O problema do lixo foi s\u00f3 um exemplo. Existem outras quest\u00f5es, muito s\u00e9rias, que t\u00eam demonstrado, at\u00e9 certo despreparo do governo para gerir (espero que seja despreparo mesmo). A quest\u00e3o da constru\u00e7\u00e3o civil e instala\u00e7\u00f5es de novas empresas no munic\u00edpio tamb\u00e9m t\u00eam se apresentado, na minha opini\u00e3o, como temerosas para o futuro da cidade.<\/p>\n<p>Ou come\u00e7amos realmente a nos mobilizar para acompanhar, fiscalizar e colaborar ou amargaremos no futuro (que apenas come\u00e7ou) resultados mais dolorosos do que j\u00e1 passamos no momento. N\u00e3o \u00e9 por falta de exemplo: temos visto v\u00e1rias cidades desmoronando, literalmente, por conta da incompet\u00eancia, neglig\u00eancia ou m\u00e1-f\u00e9 de seus governantes. Resende, Itatiaia e outros munic\u00edpios da regi\u00e3o t\u00eam condi\u00e7\u00f5es de terem destaque nacional n\u00e3o apenas por suas ind\u00fastrias e renda per capita, mas tamb\u00e9m por administra\u00e7\u00f5es s\u00e9rias, transparentes e comprometidas com a lei, porque o temos assistido \u00e9 um rasgar das leis de arrepiar os cabelos, n\u00e3o \u00e0 toa, o prefeito de Resende est\u00e1 encalacrado com a Justi\u00e7a. No in\u00edcio desse janeiro teve a confirma\u00e7\u00e3o de seus bens bloqueados mais uma vez por conta dos contratos irregulares de publicidade e agora ter\u00e1 que apresentar a rela\u00e7\u00e3o de todos os seus bens para a Justi\u00e7a, os of\u00edcios j\u00e1 foram expedidos.<\/p>\n<p>Dizem que a Justi\u00e7a \u00e9 lenta, talvez seja mesmo diante de nossa percep\u00e7\u00e3o imediata e pouco afeita \u00e0s formalidades, mas ela precisa ser certeira, acertada. Poderia ser mais veloz \u00e9 verdade. E n\u00e3o nos enganemos, a Justi\u00e7a que queremos s\u00f3 acontece e acontecer\u00e1 se estivermos juntos participando. \u00c9 assim que acontece.<\/p>\n<p>Ana L\u00facia<br \/>\neditora do jornal BEIRA-RIO<br \/>\nanalucia@jornalbeirario.com.br<\/p>\n","protected":false},"excerpt":{"rendered":"<p>Sei que muitas pessoas me consideram muito ir\u00f4nica, talvez eu seja &#8211; um pouquinho &#8211; mesmo, mas tem uma explica\u00e7\u00e3o, acredito. Minha ironia, al\u00e9m<\/p>\n","protected":false},"author":1,"featured_media":0,"comment_status":"open","ping_status":"open","sticky":false,"template":"","format":"standard","meta":{"pmpro_default_level":"","footnotes":"","_members_access_role":[],"_members_access_error":""},"categories":[8],"tags":[],"class_list":["post-3401","post","type-post","status-publish","format-standard","hentry","category-opiniao","pmpro-has-access"],"yoast_head":"<!-- This site is optimized with the Yoast SEO plugin v28.4 - https:\/\/yoast.com\/product\/yoast-seo-wordpress\/ -->\n<title>QUEM PENSA? Estou (sinceramente, sem ironias) assustada! - JORNAL BEIRA RIO<\/title>\n<meta name=\"robots\" content=\"index, follow, max-snippet:-1, max-image-preview:large, max-video-preview:-1\" \/>\n<link rel=\"canonical\" href=\"https:\/\/jornalbeirario.com.br\/portal\/?p=3401\" \/>\n<meta property=\"og:locale\" content=\"pt_BR\" \/>\n<meta property=\"og:type\" content=\"article\" \/>\n<meta property=\"og:title\" content=\"QUEM PENSA? Estou (sinceramente, sem ironias) assustada! - JORNAL BEIRA RIO\" \/>\n<meta property=\"og:description\" content=\"Sei que muitas pessoas me consideram muito ir\u00f4nica, talvez eu seja &#8211; um pouquinho &#8211; mesmo, mas tem uma explica\u00e7\u00e3o, acredito. Minha ironia, al\u00e9m\" \/>\n<meta property=\"og:url\" content=\"https:\/\/jornalbeirario.com.br\/portal\/?p=3401\" \/>\n<meta property=\"og:site_name\" content=\"JORNAL BEIRA RIO\" \/>\n<meta property=\"article:published_time\" content=\"2013-01-14T14:39:39+00:00\" \/>\n<meta name=\"author\" content=\"Jornal BEIRA-RIO\" \/>\n<meta name=\"twitter:card\" content=\"summary_large_image\" \/>\n<meta name=\"twitter:label1\" content=\"Escrito por\" \/>\n\t<meta name=\"twitter:data1\" content=\"Jornal BEIRA-RIO\" \/>\n\t<meta name=\"twitter:label2\" content=\"Est. tempo de leitura\" \/>\n\t<meta name=\"twitter:data2\" content=\"5 minutos\" \/>\n<script type=\"application\/ld+json\" class=\"yoast-schema-graph\">{\"@context\":\"https:\\\/\\\/schema.org\",\"@graph\":[{\"@type\":\"Article\",\"@id\":\"https:\\\/\\\/jornalbeirario.com.br\\\/portal\\\/?p=3401#article\",\"isPartOf\":{\"@id\":\"https:\\\/\\\/jornalbeirario.com.br\\\/portal\\\/?p=3401\"},\"author\":{\"name\":\"Jornal BEIRA-RIO\",\"@id\":\"https:\\\/\\\/jornalbeirario.com.br\\\/portal\\\/#\\\/schema\\\/person\\\/c6c423e4c2465d2a9233f6539173e7c1\"},\"headline\":\"QUEM PENSA? Estou (sinceramente, sem ironias) assustada!\",\"datePublished\":\"2013-01-14T14:39:39+00:00\",\"mainEntityOfPage\":{\"@id\":\"https:\\\/\\\/jornalbeirario.com.br\\\/portal\\\/?p=3401\"},\"wordCount\":969,\"commentCount\":0,\"publisher\":{\"@id\":\"https:\\\/\\\/jornalbeirario.com.br\\\/portal\\\/#organization\"},\"articleSection\":[\"Opini\u00e3o\"],\"inLanguage\":\"pt-BR\",\"potentialAction\":[{\"@type\":\"CommentAction\",\"name\":\"Comment\",\"target\":[\"https:\\\/\\\/jornalbeirario.com.br\\\/portal\\\/?p=3401#respond\"]}]},{\"@type\":\"WebPage\",\"@id\":\"https:\\\/\\\/jornalbeirario.com.br\\\/portal\\\/?p=3401\",\"url\":\"https:\\\/\\\/jornalbeirario.com.br\\\/portal\\\/?p=3401\",\"name\":\"QUEM PENSA? Estou (sinceramente, sem ironias) assustada! - JORNAL BEIRA RIO\",\"isPartOf\":{\"@id\":\"https:\\\/\\\/jornalbeirario.com.br\\\/portal\\\/#website\"},\"datePublished\":\"2013-01-14T14:39:39+00:00\",\"breadcrumb\":{\"@id\":\"https:\\\/\\\/jornalbeirario.com.br\\\/portal\\\/?p=3401#breadcrumb\"},\"inLanguage\":\"pt-BR\",\"potentialAction\":[{\"@type\":\"ReadAction\",\"target\":[\"https:\\\/\\\/jornalbeirario.com.br\\\/portal\\\/?p=3401\"]}]},{\"@type\":\"BreadcrumbList\",\"@id\":\"https:\\\/\\\/jornalbeirario.com.br\\\/portal\\\/?p=3401#breadcrumb\",\"itemListElement\":[{\"@type\":\"ListItem\",\"position\":1,\"name\":\"Home\",\"item\":\"https:\\\/\\\/jornalbeirario.com.br\\\/portal\"},{\"@type\":\"ListItem\",\"position\":2,\"name\":\"QUEM PENSA? Estou (sinceramente, sem ironias) assustada!\"}]},{\"@type\":\"WebSite\",\"@id\":\"https:\\\/\\\/jornalbeirario.com.br\\\/portal\\\/#website\",\"url\":\"https:\\\/\\\/jornalbeirario.com.br\\\/portal\\\/\",\"name\":\"JORNAL BEIRA RIO\",\"description\":\"\",\"publisher\":{\"@id\":\"https:\\\/\\\/jornalbeirario.com.br\\\/portal\\\/#organization\"},\"potentialAction\":[{\"@type\":\"SearchAction\",\"target\":{\"@type\":\"EntryPoint\",\"urlTemplate\":\"https:\\\/\\\/jornalbeirario.com.br\\\/portal\\\/?s={search_term_string}\"},\"query-input\":{\"@type\":\"PropertyValueSpecification\",\"valueRequired\":true,\"valueName\":\"search_term_string\"}}],\"inLanguage\":\"pt-BR\"},{\"@type\":\"Organization\",\"@id\":\"https:\\\/\\\/jornalbeirario.com.br\\\/portal\\\/#organization\",\"name\":\"JORNAL BEIRA RIO\",\"url\":\"https:\\\/\\\/jornalbeirario.com.br\\\/portal\\\/\",\"logo\":{\"@type\":\"ImageObject\",\"inLanguage\":\"pt-BR\",\"@id\":\"https:\\\/\\\/jornalbeirario.com.br\\\/portal\\\/#\\\/schema\\\/logo\\\/image\\\/\",\"url\":\"https:\\\/\\\/jornalbeirario.com.br\\\/portal\\\/wp-content\\\/uploads\\\/2017\\\/09\\\/BEIRA-RIO_logo600.png\",\"contentUrl\":\"https:\\\/\\\/jornalbeirario.com.br\\\/portal\\\/wp-content\\\/uploads\\\/2017\\\/09\\\/BEIRA-RIO_logo600.png\",\"width\":650,\"height\":108,\"caption\":\"JORNAL BEIRA RIO\"},\"image\":{\"@id\":\"https:\\\/\\\/jornalbeirario.com.br\\\/portal\\\/#\\\/schema\\\/logo\\\/image\\\/\"}},{\"@type\":\"Person\",\"@id\":\"https:\\\/\\\/jornalbeirario.com.br\\\/portal\\\/#\\\/schema\\\/person\\\/c6c423e4c2465d2a9233f6539173e7c1\",\"name\":\"Jornal BEIRA-RIO\",\"image\":{\"@type\":\"ImageObject\",\"inLanguage\":\"pt-BR\",\"@id\":\"https:\\\/\\\/jornalbeirario.com.br\\\/portal\\\/wp-content\\\/uploads\\\/2023\\\/10\\\/logojbr1.jpg\",\"url\":\"https:\\\/\\\/jornalbeirario.com.br\\\/portal\\\/wp-content\\\/uploads\\\/2023\\\/10\\\/logojbr1.jpg\",\"contentUrl\":\"https:\\\/\\\/jornalbeirario.com.br\\\/portal\\\/wp-content\\\/uploads\\\/2023\\\/10\\\/logojbr1.jpg\",\"caption\":\"Jornal BEIRA-RIO\"},\"url\":\"https:\\\/\\\/jornalbeirario.com.br\\\/portal\\\/?author=1\"}]}<\/script>\n<!-- \/ Yoast SEO plugin. -->","yoast_head_json":{"title":"QUEM PENSA? Estou (sinceramente, sem ironias) assustada! - JORNAL BEIRA RIO","robots":{"index":"index","follow":"follow","max-snippet":"max-snippet:-1","max-image-preview":"max-image-preview:large","max-video-preview":"max-video-preview:-1"},"canonical":"https:\/\/jornalbeirario.com.br\/portal\/?p=3401","og_locale":"pt_BR","og_type":"article","og_title":"QUEM PENSA? Estou (sinceramente, sem ironias) assustada! - JORNAL BEIRA RIO","og_description":"Sei que muitas pessoas me consideram muito ir\u00f4nica, talvez eu seja &#8211; um pouquinho &#8211; mesmo, mas tem uma explica\u00e7\u00e3o, acredito. Minha ironia, al\u00e9m","og_url":"https:\/\/jornalbeirario.com.br\/portal\/?p=3401","og_site_name":"JORNAL BEIRA RIO","article_published_time":"2013-01-14T14:39:39+00:00","author":"Jornal BEIRA-RIO","twitter_card":"summary_large_image","twitter_misc":{"Escrito por":"Jornal BEIRA-RIO","Est. tempo de leitura":"5 minutos"},"schema":{"@context":"https:\/\/schema.org","@graph":[{"@type":"Article","@id":"https:\/\/jornalbeirario.com.br\/portal\/?p=3401#article","isPartOf":{"@id":"https:\/\/jornalbeirario.com.br\/portal\/?p=3401"},"author":{"name":"Jornal BEIRA-RIO","@id":"https:\/\/jornalbeirario.com.br\/portal\/#\/schema\/person\/c6c423e4c2465d2a9233f6539173e7c1"},"headline":"QUEM PENSA? Estou (sinceramente, sem ironias) assustada!","datePublished":"2013-01-14T14:39:39+00:00","mainEntityOfPage":{"@id":"https:\/\/jornalbeirario.com.br\/portal\/?p=3401"},"wordCount":969,"commentCount":0,"publisher":{"@id":"https:\/\/jornalbeirario.com.br\/portal\/#organization"},"articleSection":["Opini\u00e3o"],"inLanguage":"pt-BR","potentialAction":[{"@type":"CommentAction","name":"Comment","target":["https:\/\/jornalbeirario.com.br\/portal\/?p=3401#respond"]}]},{"@type":"WebPage","@id":"https:\/\/jornalbeirario.com.br\/portal\/?p=3401","url":"https:\/\/jornalbeirario.com.br\/portal\/?p=3401","name":"QUEM PENSA? Estou (sinceramente, sem ironias) assustada! - JORNAL BEIRA RIO","isPartOf":{"@id":"https:\/\/jornalbeirario.com.br\/portal\/#website"},"datePublished":"2013-01-14T14:39:39+00:00","breadcrumb":{"@id":"https:\/\/jornalbeirario.com.br\/portal\/?p=3401#breadcrumb"},"inLanguage":"pt-BR","potentialAction":[{"@type":"ReadAction","target":["https:\/\/jornalbeirario.com.br\/portal\/?p=3401"]}]},{"@type":"BreadcrumbList","@id":"https:\/\/jornalbeirario.com.br\/portal\/?p=3401#breadcrumb","itemListElement":[{"@type":"ListItem","position":1,"name":"Home","item":"https:\/\/jornalbeirario.com.br\/portal"},{"@type":"ListItem","position":2,"name":"QUEM PENSA? Estou (sinceramente, sem ironias) assustada!"}]},{"@type":"WebSite","@id":"https:\/\/jornalbeirario.com.br\/portal\/#website","url":"https:\/\/jornalbeirario.com.br\/portal\/","name":"JORNAL BEIRA RIO","description":"","publisher":{"@id":"https:\/\/jornalbeirario.com.br\/portal\/#organization"},"potentialAction":[{"@type":"SearchAction","target":{"@type":"EntryPoint","urlTemplate":"https:\/\/jornalbeirario.com.br\/portal\/?s={search_term_string}"},"query-input":{"@type":"PropertyValueSpecification","valueRequired":true,"valueName":"search_term_string"}}],"inLanguage":"pt-BR"},{"@type":"Organization","@id":"https:\/\/jornalbeirario.com.br\/portal\/#organization","name":"JORNAL BEIRA RIO","url":"https:\/\/jornalbeirario.com.br\/portal\/","logo":{"@type":"ImageObject","inLanguage":"pt-BR","@id":"https:\/\/jornalbeirario.com.br\/portal\/#\/schema\/logo\/image\/","url":"https:\/\/jornalbeirario.com.br\/portal\/wp-content\/uploads\/2017\/09\/BEIRA-RIO_logo600.png","contentUrl":"https:\/\/jornalbeirario.com.br\/portal\/wp-content\/uploads\/2017\/09\/BEIRA-RIO_logo600.png","width":650,"height":108,"caption":"JORNAL BEIRA RIO"},"image":{"@id":"https:\/\/jornalbeirario.com.br\/portal\/#\/schema\/logo\/image\/"}},{"@type":"Person","@id":"https:\/\/jornalbeirario.com.br\/portal\/#\/schema\/person\/c6c423e4c2465d2a9233f6539173e7c1","name":"Jornal BEIRA-RIO","image":{"@type":"ImageObject","inLanguage":"pt-BR","@id":"https:\/\/jornalbeirario.com.br\/portal\/wp-content\/uploads\/2023\/10\/logojbr1.jpg","url":"https:\/\/jornalbeirario.com.br\/portal\/wp-content\/uploads\/2023\/10\/logojbr1.jpg","contentUrl":"https:\/\/jornalbeirario.com.br\/portal\/wp-content\/uploads\/2023\/10\/logojbr1.jpg","caption":"Jornal BEIRA-RIO"},"url":"https:\/\/jornalbeirario.com.br\/portal\/?author=1"}]}},"_links":{"self":[{"href":"https:\/\/jornalbeirario.com.br\/portal\/index.php?rest_route=\/wp\/v2\/posts\/3401","targetHints":{"allow":["GET"]}}],"collection":[{"href":"https:\/\/jornalbeirario.com.br\/portal\/index.php?rest_route=\/wp\/v2\/posts"}],"about":[{"href":"https:\/\/jornalbeirario.com.br\/portal\/index.php?rest_route=\/wp\/v2\/types\/post"}],"author":[{"embeddable":true,"href":"https:\/\/jornalbeirario.com.br\/portal\/index.php?rest_route=\/wp\/v2\/users\/1"}],"replies":[{"embeddable":true,"href":"https:\/\/jornalbeirario.com.br\/portal\/index.php?rest_route=%2Fwp%2Fv2%2Fcomments&post=3401"}],"version-history":[{"count":2,"href":"https:\/\/jornalbeirario.com.br\/portal\/index.php?rest_route=\/wp\/v2\/posts\/3401\/revisions"}],"predecessor-version":[{"id":3403,"href":"https:\/\/jornalbeirario.com.br\/portal\/index.php?rest_route=\/wp\/v2\/posts\/3401\/revisions\/3403"}],"wp:attachment":[{"href":"https:\/\/jornalbeirario.com.br\/portal\/index.php?rest_route=%2Fwp%2Fv2%2Fmedia&parent=3401"}],"wp:term":[{"taxonomy":"category","embeddable":true,"href":"https:\/\/jornalbeirario.com.br\/portal\/index.php?rest_route=%2Fwp%2Fv2%2Fcategories&post=3401"},{"taxonomy":"post_tag","embeddable":true,"href":"https:\/\/jornalbeirario.com.br\/portal\/index.php?rest_route=%2Fwp%2Fv2%2Ftags&post=3401"}],"curies":[{"name":"wp","href":"https:\/\/api.w.org\/{rel}","templated":true}]}}