
{"id":33996,"date":"2015-10-09T09:15:58","date_gmt":"2015-10-09T09:15:58","guid":{"rendered":"http:\/\/jornalbeirario.com.br\/portal\/portal\/?p=33996"},"modified":"2015-10-09T09:16:39","modified_gmt":"2015-10-09T09:16:39","slug":"acredite-se-quiser-146","status":"publish","type":"post","link":"https:\/\/jornalbeirario.com.br\/portal\/?p=33996","title":{"rendered":"Acredite se Quiser"},"content":{"rendered":"<p style=\"text-align: justify;\">&#8211; A mesa diretora da C\u00e2mara Municipal de Resende fez um requerimento ao prefeito municipal, no dia 1\u00ba, querendo saber sobre o cumprimento de disposi\u00e7\u00f5es da Lei Org\u00e2nica Municipal. Depois foi explicado que eles querem saber se a prefeitura est\u00e1 informando os vereadores sobre todas as licita\u00e7\u00f5es que realizam para que os integrantes do Legislativo possa fiscaliz\u00e1-las.\u00a0 Ser\u00e1 que os vereadores n\u00e3o sabem que informar sobre licita\u00e7\u00f5es a todos e n\u00e3o apenas aos vereadores, \u00e9 uma lei federal?<\/p>\n<p style=\"text-align: justify;\">&#8211; Falando em licita\u00e7\u00f5es, continuam as investiga\u00e7\u00f5es do Minist\u00e9rio P\u00fablico Estadual (MPE) sobre as licita\u00e7\u00f5es realizadas pela C\u00e2mara de Resende. Tamb\u00e9m na sess\u00e3o do dia 1\u00ba o vereador Jos\u00e9 Ol\u00edmpio (PCdoB) questionou a postura da Casa Legislativa que, depois das apreens\u00f5es de documentos realizadas pelo MPE, tem fingido que nada aconteceu. \u201cA gente precisa de explica\u00e7\u00e3o. O que aconteceu eu tamb\u00e9m n\u00e3o sei, mas como vereador tenho que saber, at\u00e9 para dar uma explica\u00e7\u00e3o\u201d, comentou Ol\u00edmpio. Roque Cerqueira (PDT) endossou o coment\u00e1rio e disse que o presidente da Casa deve chamar os vereadores e informar o que houve, porque \u201cl\u00e1 fora o pessoal sabe e a gente n\u00e3o sabe\u201d. Roque disse ainda que \u201c\u00e9 muita maldade em cima dessa Casa\u201d.\u00a0 No dia 7 o MPE foi procurado e respondeu apenas que \u201cas investiga\u00e7\u00f5es prosseguem com a an\u00e1lise de documentos sigilosos. N\u00e3o h\u00e1 mais informa\u00e7\u00f5es neste momento\u201d.<\/p>\n<p style=\"text-align: justify;\">&#8211; Tamb\u00e9m est\u00e1 em andamento, no Minist\u00e9rio P\u00fablico Federal (MPF), a not\u00edcia de fato que apura grilagem na Comunidade Terra Livre, em Resende, e que tem o vereador Tiago Vieira Martins, o Tisga (PPS), como o principal suspeito. Segundo o \u00f3rg\u00e3o, o procurador Paulo S\u00e9rgio Ferreira Filho ainda aguarda retorno do Incra (Instituto Nacional de Coloniza\u00e7\u00e3o e Reforma Agr\u00e1ria) para prosseguir com as investiga\u00e7\u00f5es. Nesta semana ele reiterou a solicita\u00e7\u00e3o, j\u00e1 que o prazo estipulado para um retorno est\u00e1 para vencer. Caso o Incra diga que n\u00e3o tem interesse nas terras da comunidade, a investiga\u00e7\u00e3o ter\u00e1 que ser conduzida pelo MPE.<\/p>\n<p style=\"text-align: justify;\">&#8211; Programa voltado para crian\u00e7as e adolescentes do Morro do Cruzeiro em Resende \u201cest\u00e1 virando bagun\u00e7a\u201d segundo moradores do local. A coordena\u00e7\u00e3o do programa est\u00e1 sendo mudada por ordem do prefeito Jos\u00e9 Rechuan e corre pelas esquinas do bairro que quem cuidar\u00e1 agora ser\u00e1 uma ONG criada e que tem liga\u00e7\u00e3o com o vereador St\u00eanio. Oi? Ser\u00e1 isso verdade?<\/p>\n<p style=\"text-align: justify;\">&#8211; No dia 6, os vereadores conseguiram aprovar em primeira vota\u00e7\u00e3o, por unanimidade, o novo Estatuto dos Servidores do munic\u00edpio de Resende. A segunda vota\u00e7\u00e3o deve ser s\u00f3 no dia 20, porque a lei determina um espa\u00e7o de dez dias entre elas. Apesar da unanimidade, quase houve confus\u00e3o. Isso porque o sindicato chegou ao local com uma bolsa cheia de nariz de palha\u00e7o, um informe em que pedia aos vereadores que aprovassem o documento com duas das emendas propostas e rejeitassem uma terceira de autoria do vereador Pedro Paulo Florenzano (PP), e uma mo\u00e7\u00e3o de rep\u00fadio ao vereador Ir\u00e2ni \u00c2ngelo (Pros). Al\u00e9m disso, o coment\u00e1rio dos corredores \u00e9 que a mo\u00e7\u00e3o era uma retalia\u00e7\u00e3o ao requerimento 116\/15, de autoria de Ir\u00e2ni, que questionava o montante total financeiro repassado pela prefeitura de Resende ao sindicato desde 2008.<\/p>\n<p style=\"text-align: justify;\">&#8211; Os vereadores est\u00e3o querendo ajudar no aumento da arrecada\u00e7\u00e3o de Resende de qualquer forma. No dia 6 deu entrada na Casa Legislativa um projeto para regulamentar os Food Trucks no munic\u00edpio estabelecendo, claro, os devidos impostos. O projeto \u00e9 de autoria dos vereadores Thiago Forastieiri (PSC) e Jeremias Casemiro, o Mirim (Solidariedade). Na mesma sess\u00e3o entraria em vota\u00e7\u00e3o outro projeto voltado para alterar os valores de terreno e constru\u00e7\u00e3o no munic\u00edpio, de autoria do prefeito. Este, contudo, foi retirado de pauta.<\/p>\n<p style=\"text-align: justify;\">&#8211; Embora as c\u00e2meras e totens instalados pela prefeitura de Resende pare\u00e7am n\u00e3o estar cumprindo a fun\u00e7\u00e3o de captar e gravar imagens, coibindo a viol\u00eancia do munic\u00edpio, eles n\u00e3o param de serem usados pelos humoristas de plant\u00e3o nas redes sociais. Nesta semana foram comparados aos rob\u00f4s do filme \u201cGuerra nas Estrelas\u201d e ao raio desmemorizador do filme \u201cHomens de Preto\u201d. A piada s\u00f3 perde a gra\u00e7a quando algu\u00e9m lembra que os equipamentos custam R$ 179.700 por m\u00eas.<\/p>\n","protected":false},"excerpt":{"rendered":"<p>&#8211; A mesa diretora da C\u00e2mara Municipal de Resende fez um requerimento ao prefeito municipal, no dia 1\u00ba, querendo saber sobre o cumprimento de<\/p>\n","protected":false},"author":1,"featured_media":0,"comment_status":"open","ping_status":"open","sticky":false,"template":"","format":"standard","meta":{"pmpro_default_level":"","footnotes":""},"categories":[11],"tags":[],"class_list":["post-33996","post","type-post","status-publish","format-standard","hentry","category-politica","pmpro-has-access"],"yoast_head":"<!-- This site is optimized with the Yoast SEO plugin v27.5 - https:\/\/yoast.com\/product\/yoast-seo-wordpress\/ -->\n<title>Acredite se Quiser - JORNAL BEIRA RIO<\/title>\n<meta name=\"robots\" content=\"index, follow, max-snippet:-1, max-image-preview:large, max-video-preview:-1\" \/>\n<link rel=\"canonical\" href=\"https:\/\/jornalbeirario.com.br\/portal\/?p=33996\" \/>\n<meta property=\"og:locale\" content=\"pt_BR\" \/>\n<meta property=\"og:type\" content=\"article\" \/>\n<meta property=\"og:title\" content=\"Acredite se Quiser - JORNAL BEIRA RIO\" \/>\n<meta property=\"og:description\" content=\"&#8211; A mesa diretora da C\u00e2mara Municipal de Resende fez um requerimento ao prefeito municipal, no dia 1\u00ba, querendo saber sobre o cumprimento de\" \/>\n<meta property=\"og:url\" content=\"https:\/\/jornalbeirario.com.br\/portal\/?p=33996\" \/>\n<meta property=\"og:site_name\" content=\"JORNAL BEIRA RIO\" \/>\n<meta property=\"article:published_time\" content=\"2015-10-09T09:15:58+00:00\" \/>\n<meta property=\"article:modified_time\" content=\"2015-10-09T09:16:39+00:00\" \/>\n<meta name=\"author\" content=\"Jornal BEIRA-RIO\" \/>\n<meta name=\"twitter:card\" content=\"summary_large_image\" \/>\n<meta name=\"twitter:label1\" content=\"Escrito por\" \/>\n\t<meta name=\"twitter:data1\" content=\"Jornal BEIRA-RIO\" \/>\n\t<meta name=\"twitter:label2\" content=\"Est. tempo de leitura\" \/>\n\t<meta name=\"twitter:data2\" content=\"4 minutos\" \/>\n<script type=\"application\/ld+json\" class=\"yoast-schema-graph\">{\"@context\":\"https:\\\/\\\/schema.org\",\"@graph\":[{\"@type\":\"Article\",\"@id\":\"https:\\\/\\\/jornalbeirario.com.br\\\/portal\\\/?p=33996#article\",\"isPartOf\":{\"@id\":\"https:\\\/\\\/jornalbeirario.com.br\\\/portal\\\/?p=33996\"},\"author\":{\"name\":\"Jornal BEIRA-RIO\",\"@id\":\"https:\\\/\\\/jornalbeirario.com.br\\\/portal\\\/#\\\/schema\\\/person\\\/c6c423e4c2465d2a9233f6539173e7c1\"},\"headline\":\"Acredite se Quiser\",\"datePublished\":\"2015-10-09T09:15:58+00:00\",\"dateModified\":\"2015-10-09T09:16:39+00:00\",\"mainEntityOfPage\":{\"@id\":\"https:\\\/\\\/jornalbeirario.com.br\\\/portal\\\/?p=33996\"},\"wordCount\":748,\"commentCount\":0,\"publisher\":{\"@id\":\"https:\\\/\\\/jornalbeirario.com.br\\\/portal\\\/#organization\"},\"articleSection\":[\"Pol\u00edtica\"],\"inLanguage\":\"pt-BR\",\"potentialAction\":[{\"@type\":\"CommentAction\",\"name\":\"Comment\",\"target\":[\"https:\\\/\\\/jornalbeirario.com.br\\\/portal\\\/?p=33996#respond\"]}]},{\"@type\":\"WebPage\",\"@id\":\"https:\\\/\\\/jornalbeirario.com.br\\\/portal\\\/?p=33996\",\"url\":\"https:\\\/\\\/jornalbeirario.com.br\\\/portal\\\/?p=33996\",\"name\":\"Acredite se Quiser - JORNAL BEIRA RIO\",\"isPartOf\":{\"@id\":\"https:\\\/\\\/jornalbeirario.com.br\\\/portal\\\/#website\"},\"datePublished\":\"2015-10-09T09:15:58+00:00\",\"dateModified\":\"2015-10-09T09:16:39+00:00\",\"breadcrumb\":{\"@id\":\"https:\\\/\\\/jornalbeirario.com.br\\\/portal\\\/?p=33996#breadcrumb\"},\"inLanguage\":\"pt-BR\",\"potentialAction\":[{\"@type\":\"ReadAction\",\"target\":[\"https:\\\/\\\/jornalbeirario.com.br\\\/portal\\\/?p=33996\"]}]},{\"@type\":\"BreadcrumbList\",\"@id\":\"https:\\\/\\\/jornalbeirario.com.br\\\/portal\\\/?p=33996#breadcrumb\",\"itemListElement\":[{\"@type\":\"ListItem\",\"position\":1,\"name\":\"Home\",\"item\":\"https:\\\/\\\/jornalbeirario.com.br\\\/portal\"},{\"@type\":\"ListItem\",\"position\":2,\"name\":\"Acredite se Quiser\"}]},{\"@type\":\"WebSite\",\"@id\":\"https:\\\/\\\/jornalbeirario.com.br\\\/portal\\\/#website\",\"url\":\"https:\\\/\\\/jornalbeirario.com.br\\\/portal\\\/\",\"name\":\"JORNAL BEIRA RIO\",\"description\":\"\",\"publisher\":{\"@id\":\"https:\\\/\\\/jornalbeirario.com.br\\\/portal\\\/#organization\"},\"potentialAction\":[{\"@type\":\"SearchAction\",\"target\":{\"@type\":\"EntryPoint\",\"urlTemplate\":\"https:\\\/\\\/jornalbeirario.com.br\\\/portal\\\/?s={search_term_string}\"},\"query-input\":{\"@type\":\"PropertyValueSpecification\",\"valueRequired\":true,\"valueName\":\"search_term_string\"}}],\"inLanguage\":\"pt-BR\"},{\"@type\":\"Organization\",\"@id\":\"https:\\\/\\\/jornalbeirario.com.br\\\/portal\\\/#organization\",\"name\":\"JORNAL BEIRA RIO\",\"url\":\"https:\\\/\\\/jornalbeirario.com.br\\\/portal\\\/\",\"logo\":{\"@type\":\"ImageObject\",\"inLanguage\":\"pt-BR\",\"@id\":\"https:\\\/\\\/jornalbeirario.com.br\\\/portal\\\/#\\\/schema\\\/logo\\\/image\\\/\",\"url\":\"https:\\\/\\\/jornalbeirario.com.br\\\/portal\\\/wp-content\\\/uploads\\\/2017\\\/09\\\/BEIRA-RIO_logo600.png\",\"contentUrl\":\"https:\\\/\\\/jornalbeirario.com.br\\\/portal\\\/wp-content\\\/uploads\\\/2017\\\/09\\\/BEIRA-RIO_logo600.png\",\"width\":650,\"height\":108,\"caption\":\"JORNAL BEIRA RIO\"},\"image\":{\"@id\":\"https:\\\/\\\/jornalbeirario.com.br\\\/portal\\\/#\\\/schema\\\/logo\\\/image\\\/\"}},{\"@type\":\"Person\",\"@id\":\"https:\\\/\\\/jornalbeirario.com.br\\\/portal\\\/#\\\/schema\\\/person\\\/c6c423e4c2465d2a9233f6539173e7c1\",\"name\":\"Jornal BEIRA-RIO\",\"image\":{\"@type\":\"ImageObject\",\"inLanguage\":\"pt-BR\",\"@id\":\"https:\\\/\\\/jornalbeirario.com.br\\\/portal\\\/wp-content\\\/uploads\\\/2023\\\/10\\\/logojbr1.jpg\",\"url\":\"https:\\\/\\\/jornalbeirario.com.br\\\/portal\\\/wp-content\\\/uploads\\\/2023\\\/10\\\/logojbr1.jpg\",\"contentUrl\":\"https:\\\/\\\/jornalbeirario.com.br\\\/portal\\\/wp-content\\\/uploads\\\/2023\\\/10\\\/logojbr1.jpg\",\"caption\":\"Jornal BEIRA-RIO\"},\"url\":\"https:\\\/\\\/jornalbeirario.com.br\\\/portal\\\/?author=1\"}]}<\/script>\n<!-- \/ Yoast SEO plugin. -->","yoast_head_json":{"title":"Acredite se Quiser - JORNAL BEIRA RIO","robots":{"index":"index","follow":"follow","max-snippet":"max-snippet:-1","max-image-preview":"max-image-preview:large","max-video-preview":"max-video-preview:-1"},"canonical":"https:\/\/jornalbeirario.com.br\/portal\/?p=33996","og_locale":"pt_BR","og_type":"article","og_title":"Acredite se Quiser - JORNAL BEIRA RIO","og_description":"&#8211; A mesa diretora da C\u00e2mara Municipal de Resende fez um requerimento ao prefeito municipal, no dia 1\u00ba, querendo saber sobre o cumprimento de","og_url":"https:\/\/jornalbeirario.com.br\/portal\/?p=33996","og_site_name":"JORNAL BEIRA RIO","article_published_time":"2015-10-09T09:15:58+00:00","article_modified_time":"2015-10-09T09:16:39+00:00","author":"Jornal BEIRA-RIO","twitter_card":"summary_large_image","twitter_misc":{"Escrito por":"Jornal BEIRA-RIO","Est. tempo de leitura":"4 minutos"},"schema":{"@context":"https:\/\/schema.org","@graph":[{"@type":"Article","@id":"https:\/\/jornalbeirario.com.br\/portal\/?p=33996#article","isPartOf":{"@id":"https:\/\/jornalbeirario.com.br\/portal\/?p=33996"},"author":{"name":"Jornal BEIRA-RIO","@id":"https:\/\/jornalbeirario.com.br\/portal\/#\/schema\/person\/c6c423e4c2465d2a9233f6539173e7c1"},"headline":"Acredite se Quiser","datePublished":"2015-10-09T09:15:58+00:00","dateModified":"2015-10-09T09:16:39+00:00","mainEntityOfPage":{"@id":"https:\/\/jornalbeirario.com.br\/portal\/?p=33996"},"wordCount":748,"commentCount":0,"publisher":{"@id":"https:\/\/jornalbeirario.com.br\/portal\/#organization"},"articleSection":["Pol\u00edtica"],"inLanguage":"pt-BR","potentialAction":[{"@type":"CommentAction","name":"Comment","target":["https:\/\/jornalbeirario.com.br\/portal\/?p=33996#respond"]}]},{"@type":"WebPage","@id":"https:\/\/jornalbeirario.com.br\/portal\/?p=33996","url":"https:\/\/jornalbeirario.com.br\/portal\/?p=33996","name":"Acredite se Quiser - JORNAL BEIRA RIO","isPartOf":{"@id":"https:\/\/jornalbeirario.com.br\/portal\/#website"},"datePublished":"2015-10-09T09:15:58+00:00","dateModified":"2015-10-09T09:16:39+00:00","breadcrumb":{"@id":"https:\/\/jornalbeirario.com.br\/portal\/?p=33996#breadcrumb"},"inLanguage":"pt-BR","potentialAction":[{"@type":"ReadAction","target":["https:\/\/jornalbeirario.com.br\/portal\/?p=33996"]}]},{"@type":"BreadcrumbList","@id":"https:\/\/jornalbeirario.com.br\/portal\/?p=33996#breadcrumb","itemListElement":[{"@type":"ListItem","position":1,"name":"Home","item":"https:\/\/jornalbeirario.com.br\/portal"},{"@type":"ListItem","position":2,"name":"Acredite se Quiser"}]},{"@type":"WebSite","@id":"https:\/\/jornalbeirario.com.br\/portal\/#website","url":"https:\/\/jornalbeirario.com.br\/portal\/","name":"JORNAL BEIRA RIO","description":"","publisher":{"@id":"https:\/\/jornalbeirario.com.br\/portal\/#organization"},"potentialAction":[{"@type":"SearchAction","target":{"@type":"EntryPoint","urlTemplate":"https:\/\/jornalbeirario.com.br\/portal\/?s={search_term_string}"},"query-input":{"@type":"PropertyValueSpecification","valueRequired":true,"valueName":"search_term_string"}}],"inLanguage":"pt-BR"},{"@type":"Organization","@id":"https:\/\/jornalbeirario.com.br\/portal\/#organization","name":"JORNAL BEIRA RIO","url":"https:\/\/jornalbeirario.com.br\/portal\/","logo":{"@type":"ImageObject","inLanguage":"pt-BR","@id":"https:\/\/jornalbeirario.com.br\/portal\/#\/schema\/logo\/image\/","url":"https:\/\/jornalbeirario.com.br\/portal\/wp-content\/uploads\/2017\/09\/BEIRA-RIO_logo600.png","contentUrl":"https:\/\/jornalbeirario.com.br\/portal\/wp-content\/uploads\/2017\/09\/BEIRA-RIO_logo600.png","width":650,"height":108,"caption":"JORNAL BEIRA RIO"},"image":{"@id":"https:\/\/jornalbeirario.com.br\/portal\/#\/schema\/logo\/image\/"}},{"@type":"Person","@id":"https:\/\/jornalbeirario.com.br\/portal\/#\/schema\/person\/c6c423e4c2465d2a9233f6539173e7c1","name":"Jornal BEIRA-RIO","image":{"@type":"ImageObject","inLanguage":"pt-BR","@id":"https:\/\/jornalbeirario.com.br\/portal\/wp-content\/uploads\/2023\/10\/logojbr1.jpg","url":"https:\/\/jornalbeirario.com.br\/portal\/wp-content\/uploads\/2023\/10\/logojbr1.jpg","contentUrl":"https:\/\/jornalbeirario.com.br\/portal\/wp-content\/uploads\/2023\/10\/logojbr1.jpg","caption":"Jornal BEIRA-RIO"},"url":"https:\/\/jornalbeirario.com.br\/portal\/?author=1"}]}},"_links":{"self":[{"href":"https:\/\/jornalbeirario.com.br\/portal\/index.php?rest_route=\/wp\/v2\/posts\/33996","targetHints":{"allow":["GET"]}}],"collection":[{"href":"https:\/\/jornalbeirario.com.br\/portal\/index.php?rest_route=\/wp\/v2\/posts"}],"about":[{"href":"https:\/\/jornalbeirario.com.br\/portal\/index.php?rest_route=\/wp\/v2\/types\/post"}],"author":[{"embeddable":true,"href":"https:\/\/jornalbeirario.com.br\/portal\/index.php?rest_route=\/wp\/v2\/users\/1"}],"replies":[{"embeddable":true,"href":"https:\/\/jornalbeirario.com.br\/portal\/index.php?rest_route=%2Fwp%2Fv2%2Fcomments&post=33996"}],"version-history":[{"count":3,"href":"https:\/\/jornalbeirario.com.br\/portal\/index.php?rest_route=\/wp\/v2\/posts\/33996\/revisions"}],"predecessor-version":[{"id":34082,"href":"https:\/\/jornalbeirario.com.br\/portal\/index.php?rest_route=\/wp\/v2\/posts\/33996\/revisions\/34082"}],"wp:attachment":[{"href":"https:\/\/jornalbeirario.com.br\/portal\/index.php?rest_route=%2Fwp%2Fv2%2Fmedia&parent=33996"}],"wp:term":[{"taxonomy":"category","embeddable":true,"href":"https:\/\/jornalbeirario.com.br\/portal\/index.php?rest_route=%2Fwp%2Fv2%2Fcategories&post=33996"},{"taxonomy":"post_tag","embeddable":true,"href":"https:\/\/jornalbeirario.com.br\/portal\/index.php?rest_route=%2Fwp%2Fv2%2Ftags&post=33996"}],"curies":[{"name":"wp","href":"https:\/\/api.w.org\/{rel}","templated":true}]}}