
{"id":33702,"date":"2015-09-25T09:02:39","date_gmt":"2015-09-25T09:02:39","guid":{"rendered":"http:\/\/jornalbeirario.com.br\/portal\/portal\/?p=33702"},"modified":"2015-09-25T09:02:39","modified_gmt":"2015-09-25T09:02:39","slug":"lais-amaral-113","status":"publish","type":"post","link":"https:\/\/jornalbeirario.com.br\/portal\/?p=33702","title":{"rendered":"La\u00eds Amaral"},"content":{"rendered":"<p style=\"text-align: justify;\"><strong>Como d\u00f3i a nossa realidade? (1)<\/strong><br \/>\nQuem tiver um pouco mais de independ\u00eancia e deixar de pautar sua vida e suas perspectivas pela grande imprensa, a Velha M\u00eddia Comercial (que tem seu lado e joga com isso claramente), viver\u00e1 menos desesperan\u00e7ado. As \u00faltimas not\u00edcias da greve geral na Finl\u00e2ndia contra a pol\u00edtica de arrocho do governo daquele pa\u00eds na s\u00f3lida pen\u00ednsula escandinava, o p\u00edfio crescimento m\u00e9dio do PIB nos pa\u00edses europeus, a queda da economia chinesa, a estagna\u00e7\u00e3o econ\u00f4mica dos USA em rela\u00e7\u00e3o a 2014 (www.folha1.uol.com.br) e as crises (entre elas a humanit\u00e1ria) na Europa, nos apresentam um cen\u00e1rio de crise global o que, se n\u00e3o nos conforta, pelo menos mostra que n\u00e3o estamos sozinhos nessa tempestade e que o esfor\u00e7o dever\u00e1 ser de todos (o mundo) para sairmos. A crise capitalista, uma crise financeira que incomoda muito mais a rentistas e especuladores das finan\u00e7as (embora eles nunca percam), tamb\u00e9m afeta a economia como um todo. N\u00e3o h\u00e1 como negar. Mas se antes, por exemplo, os exportadores brasileiros choravam com o d\u00f3lar baixo hoje est\u00e3o rindo \u00e0 toa, como os exportadores de carne de frango (somos o maior no mundo), de suco de laranja, de aeronaves, etc. Viva o d\u00f3lar em alta exultam. E pessoal, pra quem conheceu infla\u00e7\u00e3o de 70% ao m\u00eas, desabastecimento, apag\u00e3o, Celic de 45%, 50 milh\u00f5es de famintos no pa\u00eds e o FMI fungando no cangote ditando nossa economia, o que vivemos agora d\u00e1 pra tirar de letra. Apesar do Sardenberg e da Miriam Leit\u00e3o.<\/p>\n<p><strong>Como d\u00f3i a nossa realidade? (2)<\/strong><br \/>\nNa terceira semana de setembro, informa o Minist\u00e9rio do Desenvolvimento, a balan\u00e7a comercial brasileira continuou com super\u00e1vit. As exporta\u00e7\u00f5es no m\u00eas somaram US$ 10,082 bilh\u00f5es e as importa\u00e7\u00f5es, US$ 8,288 bilh\u00f5es, com saldo positivo de US$ 1,794 bilh\u00e3o. E apesar da chamada \u2018turbul\u00eancia econ\u00f4mica\u2019, o varejo tamb\u00e9m d\u00e1 mostras de n\u00e3o sofrer tanto com a \u2018crise\u2019. Ou, apesar dela. O setor de franquias, por exemplo, cresceu 11% no primeiro semestre do ano segundo a Associa\u00e7\u00e3o Brasileira de Franchising (ABF). Destaque para servi\u00e7os dom\u00e9sticos e cuidadores de idosos, Pet shops e por a\u00ed vai. Se a crise \u00e9 financeira e na ind\u00fastria, o Setor Terci\u00e1rio vai se mexendo bem. Para citar o nosso quintal, se a ind\u00fastria automobil\u00edstica sofre a c\u00edclica crise do capital, e nos tira um pouco do sono, em Visconde de Mau\u00e1 a chamada \u2018Ind\u00fastria do Turismo\u2019 que emprega 95% da m\u00e3o de obra dispon\u00edvel na regi\u00e3o, vive tempos de estabilidade, sem sustos exagerados. O Turismo pode ser uma alternativa confort\u00e1vel de desenvolvimento para o munic\u00edpio. E n\u00e3o podemos e n\u00e3o devemos tampar o sol com a peneira. O capitalismo \u00e9 assim, como um moribundo que vez ou outra d\u00e1 uma melhorada e amea\u00e7a deixar o CTI. Mas logo vem outra reca\u00edda e volta \u00e0 coma. \u00c9 c\u00edclico. N\u00e3o h\u00e1 motivos para cortar os pulsos. N\u00e3o podemos \u00e9 entrar em depress\u00e3o e achar que vivemos o pior dos mundos. A sensa\u00e7\u00e3o t\u00e9rmica \u00e9 sempre mais intensa do que a temperatura real.<\/p>\n<p><strong>TRIPA<\/strong><br \/>\n* Dia 1\u00ba de outubro dois eventos culturais \u00e0s 10 horas, em Resende: No arquivo Hist\u00f3rico da cidade, ser\u00e1 aberta uma exposi\u00e7\u00e3o relativa ao sesquicenten\u00e1rio do jornalista Alfredo Sodr\u00e9. Simultaneamente, ser\u00e1 aberta no Museu da Imagem e do Som (MIS) a exposi\u00e7\u00e3o com capas de discos, dessa vez em homenagem ao centen\u00e1rio de nascimento de Orlando Silva, o \u201cRei da Voz\u201d. Claudionor Rosa colabora com sua cole\u00e7\u00e3o com capas de discos de artistas contempor\u00e2neos de Orlando Silva * POLITICA: Enquanto alguns partidos, de oposi\u00e7\u00e3o ao governo municipal e os pr\u00f3prios partidos de apoio ao Prefeitura Rechuan ainda desenham suas estrat\u00e9gias em termos de nomes para as elei\u00e7\u00f5es do ano que vem, o DEM anuncia que lan\u00e7a o seu pr\u00e9-candidato \u00e0 Prefeitura, no dia 25 deste m\u00eas: Edison Louroza. No ato dever\u00e1 estar presente o l\u00edder da legenda, o deputado Rodrigo Maia * Cinco blocos pr\u00e9-carnavalescos da cidade, a saber \u2018Crust\u00e1ceos da Mangua\u00e7a\u2019, \u2018Kibeleza\u2019, \u2018Pedra Sonora\u2019 (Maracatu), \u2018Vai quem Quer do Ipiranga e \u2018Cor sim, Cor n\u00e3o\u2019 tem conversado sobre o Carnaval do ano que vem e sobre a cria\u00e7\u00e3o de uma associa\u00e7\u00e3o desses blocos que desfilam um s\u00e1bado antes do Carnaval. A pr\u00f3xima reuni\u00e3o est\u00e1 marcada para 6 de outubro \u00e0s 18h30min no Bar Atl\u00e2ntico * Falar em Atl\u00e2ntico, hoje (sexta) \u00e9 noitada de samba com Wilsinho Ramalho quebrando todas. \u00d3tima pedida! *<\/p>\n<p><strong>ANIVERS\u00c1RIO<\/strong><br \/>\nDia 17 mudaram de idade os amigos: Alex Spada, Augusto Costa, Rosilaine da Silva, Cl\u00e9bio Almeida e Marisa Siqueira. No dia 19, o Denilson de Paula e a Patr\u00edcia Tavares inauguraram idade nova. No dia 20 sopraram velinhas a Bella Eve, a Pamela Nogueira, a Dra. Maria Eliza, a Virginia Duarte (Vivi) e o Rui Camejo. No dia 21 mais um grupo de grandes figuras recebeu os \u2018parab\u00e9ns\u2019: a Lourdes Barboza, a grande Carmem Aguiar, a Claudia Rodrigues e o Guilherme Salgado do \u2018Garfo e Faca\u2019. No dia 22 contaram mais um ano de vida a Ana Paula Assis, o salgueirense e botafoguense roxo, Z\u00e9 Roberto Corr\u00eaa, o vasca\u00edno Cezinha do PT, outro vasca\u00edno o Marcos Alexandre, o Marquinho do Bar Atl\u00e2ntico e o Victor Duarte, da Baixada. E no dia 27, Dia de S\u00e3o Cosme e Dami\u00e3o, sopra velinhas a editora-assistente do jornal <strong>BEIRA-RIO<\/strong>, Loliza Domingues. Parab\u00e9ns e todas as felicidades do mundo a eles.<\/p>\n","protected":false},"excerpt":{"rendered":"<p>Como d\u00f3i a nossa realidade? (1) Quem tiver um pouco mais de independ\u00eancia e deixar de pautar sua vida e suas perspectivas pela grande<\/p>\n","protected":false},"author":1,"featured_media":0,"comment_status":"open","ping_status":"open","sticky":false,"template":"","format":"standard","meta":{"pmpro_default_level":"","footnotes":""},"categories":[13],"tags":[],"class_list":["post-33702","post","type-post","status-publish","format-standard","hentry","category-social","pmpro-has-access"],"yoast_head":"<!-- This site is optimized with the Yoast SEO plugin v27.4 - https:\/\/yoast.com\/product\/yoast-seo-wordpress\/ -->\n<title>La\u00eds Amaral - JORNAL BEIRA RIO<\/title>\n<meta name=\"robots\" content=\"index, follow, max-snippet:-1, max-image-preview:large, max-video-preview:-1\" \/>\n<link rel=\"canonical\" href=\"https:\/\/jornalbeirario.com.br\/portal\/?p=33702\" \/>\n<meta property=\"og:locale\" content=\"pt_BR\" \/>\n<meta property=\"og:type\" content=\"article\" \/>\n<meta property=\"og:title\" content=\"La\u00eds Amaral - JORNAL BEIRA RIO\" \/>\n<meta property=\"og:description\" content=\"Como d\u00f3i a nossa realidade? (1) Quem tiver um pouco mais de independ\u00eancia e deixar de pautar sua vida e suas perspectivas pela grande\" \/>\n<meta property=\"og:url\" content=\"https:\/\/jornalbeirario.com.br\/portal\/?p=33702\" \/>\n<meta property=\"og:site_name\" content=\"JORNAL BEIRA RIO\" \/>\n<meta property=\"article:published_time\" content=\"2015-09-25T09:02:39+00:00\" \/>\n<meta name=\"author\" content=\"Jornal BEIRA-RIO\" \/>\n<meta name=\"twitter:card\" content=\"summary_large_image\" \/>\n<meta name=\"twitter:label1\" content=\"Escrito por\" \/>\n\t<meta name=\"twitter:data1\" content=\"Jornal BEIRA-RIO\" \/>\n\t<meta name=\"twitter:label2\" content=\"Est. tempo de leitura\" \/>\n\t<meta name=\"twitter:data2\" content=\"5 minutos\" \/>\n<script type=\"application\/ld+json\" class=\"yoast-schema-graph\">{\"@context\":\"https:\\\/\\\/schema.org\",\"@graph\":[{\"@type\":\"Article\",\"@id\":\"https:\\\/\\\/jornalbeirario.com.br\\\/portal\\\/?p=33702#article\",\"isPartOf\":{\"@id\":\"https:\\\/\\\/jornalbeirario.com.br\\\/portal\\\/?p=33702\"},\"author\":{\"name\":\"Jornal BEIRA-RIO\",\"@id\":\"https:\\\/\\\/jornalbeirario.com.br\\\/portal\\\/#\\\/schema\\\/person\\\/c6c423e4c2465d2a9233f6539173e7c1\"},\"headline\":\"La\u00eds Amaral\",\"datePublished\":\"2015-09-25T09:02:39+00:00\",\"mainEntityOfPage\":{\"@id\":\"https:\\\/\\\/jornalbeirario.com.br\\\/portal\\\/?p=33702\"},\"wordCount\":960,\"commentCount\":0,\"publisher\":{\"@id\":\"https:\\\/\\\/jornalbeirario.com.br\\\/portal\\\/#organization\"},\"articleSection\":[\"Social\"],\"inLanguage\":\"pt-BR\",\"potentialAction\":[{\"@type\":\"CommentAction\",\"name\":\"Comment\",\"target\":[\"https:\\\/\\\/jornalbeirario.com.br\\\/portal\\\/?p=33702#respond\"]}]},{\"@type\":\"WebPage\",\"@id\":\"https:\\\/\\\/jornalbeirario.com.br\\\/portal\\\/?p=33702\",\"url\":\"https:\\\/\\\/jornalbeirario.com.br\\\/portal\\\/?p=33702\",\"name\":\"La\u00eds Amaral - JORNAL BEIRA RIO\",\"isPartOf\":{\"@id\":\"https:\\\/\\\/jornalbeirario.com.br\\\/portal\\\/#website\"},\"datePublished\":\"2015-09-25T09:02:39+00:00\",\"breadcrumb\":{\"@id\":\"https:\\\/\\\/jornalbeirario.com.br\\\/portal\\\/?p=33702#breadcrumb\"},\"inLanguage\":\"pt-BR\",\"potentialAction\":[{\"@type\":\"ReadAction\",\"target\":[\"https:\\\/\\\/jornalbeirario.com.br\\\/portal\\\/?p=33702\"]}]},{\"@type\":\"BreadcrumbList\",\"@id\":\"https:\\\/\\\/jornalbeirario.com.br\\\/portal\\\/?p=33702#breadcrumb\",\"itemListElement\":[{\"@type\":\"ListItem\",\"position\":1,\"name\":\"Home\",\"item\":\"https:\\\/\\\/jornalbeirario.com.br\\\/portal\"},{\"@type\":\"ListItem\",\"position\":2,\"name\":\"La\u00eds Amaral\"}]},{\"@type\":\"WebSite\",\"@id\":\"https:\\\/\\\/jornalbeirario.com.br\\\/portal\\\/#website\",\"url\":\"https:\\\/\\\/jornalbeirario.com.br\\\/portal\\\/\",\"name\":\"JORNAL BEIRA RIO\",\"description\":\"\",\"publisher\":{\"@id\":\"https:\\\/\\\/jornalbeirario.com.br\\\/portal\\\/#organization\"},\"potentialAction\":[{\"@type\":\"SearchAction\",\"target\":{\"@type\":\"EntryPoint\",\"urlTemplate\":\"https:\\\/\\\/jornalbeirario.com.br\\\/portal\\\/?s={search_term_string}\"},\"query-input\":{\"@type\":\"PropertyValueSpecification\",\"valueRequired\":true,\"valueName\":\"search_term_string\"}}],\"inLanguage\":\"pt-BR\"},{\"@type\":\"Organization\",\"@id\":\"https:\\\/\\\/jornalbeirario.com.br\\\/portal\\\/#organization\",\"name\":\"JORNAL BEIRA RIO\",\"url\":\"https:\\\/\\\/jornalbeirario.com.br\\\/portal\\\/\",\"logo\":{\"@type\":\"ImageObject\",\"inLanguage\":\"pt-BR\",\"@id\":\"https:\\\/\\\/jornalbeirario.com.br\\\/portal\\\/#\\\/schema\\\/logo\\\/image\\\/\",\"url\":\"https:\\\/\\\/jornalbeirario.com.br\\\/portal\\\/wp-content\\\/uploads\\\/2017\\\/09\\\/BEIRA-RIO_logo600.png\",\"contentUrl\":\"https:\\\/\\\/jornalbeirario.com.br\\\/portal\\\/wp-content\\\/uploads\\\/2017\\\/09\\\/BEIRA-RIO_logo600.png\",\"width\":650,\"height\":108,\"caption\":\"JORNAL BEIRA RIO\"},\"image\":{\"@id\":\"https:\\\/\\\/jornalbeirario.com.br\\\/portal\\\/#\\\/schema\\\/logo\\\/image\\\/\"}},{\"@type\":\"Person\",\"@id\":\"https:\\\/\\\/jornalbeirario.com.br\\\/portal\\\/#\\\/schema\\\/person\\\/c6c423e4c2465d2a9233f6539173e7c1\",\"name\":\"Jornal BEIRA-RIO\",\"image\":{\"@type\":\"ImageObject\",\"inLanguage\":\"pt-BR\",\"@id\":\"https:\\\/\\\/jornalbeirario.com.br\\\/portal\\\/wp-content\\\/uploads\\\/2023\\\/10\\\/logojbr1.jpg\",\"url\":\"https:\\\/\\\/jornalbeirario.com.br\\\/portal\\\/wp-content\\\/uploads\\\/2023\\\/10\\\/logojbr1.jpg\",\"contentUrl\":\"https:\\\/\\\/jornalbeirario.com.br\\\/portal\\\/wp-content\\\/uploads\\\/2023\\\/10\\\/logojbr1.jpg\",\"caption\":\"Jornal BEIRA-RIO\"},\"url\":\"https:\\\/\\\/jornalbeirario.com.br\\\/portal\\\/?author=1\"}]}<\/script>\n<!-- \/ Yoast SEO plugin. -->","yoast_head_json":{"title":"La\u00eds Amaral - JORNAL BEIRA RIO","robots":{"index":"index","follow":"follow","max-snippet":"max-snippet:-1","max-image-preview":"max-image-preview:large","max-video-preview":"max-video-preview:-1"},"canonical":"https:\/\/jornalbeirario.com.br\/portal\/?p=33702","og_locale":"pt_BR","og_type":"article","og_title":"La\u00eds Amaral - JORNAL BEIRA RIO","og_description":"Como d\u00f3i a nossa realidade? (1) Quem tiver um pouco mais de independ\u00eancia e deixar de pautar sua vida e suas perspectivas pela grande","og_url":"https:\/\/jornalbeirario.com.br\/portal\/?p=33702","og_site_name":"JORNAL BEIRA RIO","article_published_time":"2015-09-25T09:02:39+00:00","author":"Jornal BEIRA-RIO","twitter_card":"summary_large_image","twitter_misc":{"Escrito por":"Jornal BEIRA-RIO","Est. tempo de leitura":"5 minutos"},"schema":{"@context":"https:\/\/schema.org","@graph":[{"@type":"Article","@id":"https:\/\/jornalbeirario.com.br\/portal\/?p=33702#article","isPartOf":{"@id":"https:\/\/jornalbeirario.com.br\/portal\/?p=33702"},"author":{"name":"Jornal BEIRA-RIO","@id":"https:\/\/jornalbeirario.com.br\/portal\/#\/schema\/person\/c6c423e4c2465d2a9233f6539173e7c1"},"headline":"La\u00eds Amaral","datePublished":"2015-09-25T09:02:39+00:00","mainEntityOfPage":{"@id":"https:\/\/jornalbeirario.com.br\/portal\/?p=33702"},"wordCount":960,"commentCount":0,"publisher":{"@id":"https:\/\/jornalbeirario.com.br\/portal\/#organization"},"articleSection":["Social"],"inLanguage":"pt-BR","potentialAction":[{"@type":"CommentAction","name":"Comment","target":["https:\/\/jornalbeirario.com.br\/portal\/?p=33702#respond"]}]},{"@type":"WebPage","@id":"https:\/\/jornalbeirario.com.br\/portal\/?p=33702","url":"https:\/\/jornalbeirario.com.br\/portal\/?p=33702","name":"La\u00eds Amaral - JORNAL BEIRA RIO","isPartOf":{"@id":"https:\/\/jornalbeirario.com.br\/portal\/#website"},"datePublished":"2015-09-25T09:02:39+00:00","breadcrumb":{"@id":"https:\/\/jornalbeirario.com.br\/portal\/?p=33702#breadcrumb"},"inLanguage":"pt-BR","potentialAction":[{"@type":"ReadAction","target":["https:\/\/jornalbeirario.com.br\/portal\/?p=33702"]}]},{"@type":"BreadcrumbList","@id":"https:\/\/jornalbeirario.com.br\/portal\/?p=33702#breadcrumb","itemListElement":[{"@type":"ListItem","position":1,"name":"Home","item":"https:\/\/jornalbeirario.com.br\/portal"},{"@type":"ListItem","position":2,"name":"La\u00eds Amaral"}]},{"@type":"WebSite","@id":"https:\/\/jornalbeirario.com.br\/portal\/#website","url":"https:\/\/jornalbeirario.com.br\/portal\/","name":"JORNAL BEIRA RIO","description":"","publisher":{"@id":"https:\/\/jornalbeirario.com.br\/portal\/#organization"},"potentialAction":[{"@type":"SearchAction","target":{"@type":"EntryPoint","urlTemplate":"https:\/\/jornalbeirario.com.br\/portal\/?s={search_term_string}"},"query-input":{"@type":"PropertyValueSpecification","valueRequired":true,"valueName":"search_term_string"}}],"inLanguage":"pt-BR"},{"@type":"Organization","@id":"https:\/\/jornalbeirario.com.br\/portal\/#organization","name":"JORNAL BEIRA RIO","url":"https:\/\/jornalbeirario.com.br\/portal\/","logo":{"@type":"ImageObject","inLanguage":"pt-BR","@id":"https:\/\/jornalbeirario.com.br\/portal\/#\/schema\/logo\/image\/","url":"https:\/\/jornalbeirario.com.br\/portal\/wp-content\/uploads\/2017\/09\/BEIRA-RIO_logo600.png","contentUrl":"https:\/\/jornalbeirario.com.br\/portal\/wp-content\/uploads\/2017\/09\/BEIRA-RIO_logo600.png","width":650,"height":108,"caption":"JORNAL BEIRA RIO"},"image":{"@id":"https:\/\/jornalbeirario.com.br\/portal\/#\/schema\/logo\/image\/"}},{"@type":"Person","@id":"https:\/\/jornalbeirario.com.br\/portal\/#\/schema\/person\/c6c423e4c2465d2a9233f6539173e7c1","name":"Jornal BEIRA-RIO","image":{"@type":"ImageObject","inLanguage":"pt-BR","@id":"https:\/\/jornalbeirario.com.br\/portal\/wp-content\/uploads\/2023\/10\/logojbr1.jpg","url":"https:\/\/jornalbeirario.com.br\/portal\/wp-content\/uploads\/2023\/10\/logojbr1.jpg","contentUrl":"https:\/\/jornalbeirario.com.br\/portal\/wp-content\/uploads\/2023\/10\/logojbr1.jpg","caption":"Jornal BEIRA-RIO"},"url":"https:\/\/jornalbeirario.com.br\/portal\/?author=1"}]}},"_links":{"self":[{"href":"https:\/\/jornalbeirario.com.br\/portal\/index.php?rest_route=\/wp\/v2\/posts\/33702","targetHints":{"allow":["GET"]}}],"collection":[{"href":"https:\/\/jornalbeirario.com.br\/portal\/index.php?rest_route=\/wp\/v2\/posts"}],"about":[{"href":"https:\/\/jornalbeirario.com.br\/portal\/index.php?rest_route=\/wp\/v2\/types\/post"}],"author":[{"embeddable":true,"href":"https:\/\/jornalbeirario.com.br\/portal\/index.php?rest_route=\/wp\/v2\/users\/1"}],"replies":[{"embeddable":true,"href":"https:\/\/jornalbeirario.com.br\/portal\/index.php?rest_route=%2Fwp%2Fv2%2Fcomments&post=33702"}],"version-history":[{"count":2,"href":"https:\/\/jornalbeirario.com.br\/portal\/index.php?rest_route=\/wp\/v2\/posts\/33702\/revisions"}],"predecessor-version":[{"id":33763,"href":"https:\/\/jornalbeirario.com.br\/portal\/index.php?rest_route=\/wp\/v2\/posts\/33702\/revisions\/33763"}],"wp:attachment":[{"href":"https:\/\/jornalbeirario.com.br\/portal\/index.php?rest_route=%2Fwp%2Fv2%2Fmedia&parent=33702"}],"wp:term":[{"taxonomy":"category","embeddable":true,"href":"https:\/\/jornalbeirario.com.br\/portal\/index.php?rest_route=%2Fwp%2Fv2%2Fcategories&post=33702"},{"taxonomy":"post_tag","embeddable":true,"href":"https:\/\/jornalbeirario.com.br\/portal\/index.php?rest_route=%2Fwp%2Fv2%2Ftags&post=33702"}],"curies":[{"name":"wp","href":"https:\/\/api.w.org\/{rel}","templated":true}]}}