
{"id":33483,"date":"2015-09-18T06:54:23","date_gmt":"2015-09-18T06:54:23","guid":{"rendered":"http:\/\/jornalbeirario.com.br\/portal\/portal\/?p=33483"},"modified":"2015-09-18T06:54:23","modified_gmt":"2015-09-18T06:54:23","slug":"lais-amaral-112","status":"publish","type":"post","link":"https:\/\/jornalbeirario.com.br\/portal\/?p=33483","title":{"rendered":"La\u00eds Amaral"},"content":{"rendered":"<p style=\"text-align: justify;\"><strong>\u2018O Lado Escuro da Noite\u2019, de Vinciprova lotou o Espa\u00e7o \u2018Z\u2019 e agradou o p\u00fablico<\/strong><br \/>\n\u201cO Lado Escuro da Noite\u201d, com\u00e9dia escrita e dirigida por Arthur Vinciprova, que tamb\u00e9m atuou, ficou em cartaz no Espa\u00e7o \u2018Z\u2019, nos dias 3, 4, 5 e 6 deste m\u00eas, e bem que merecia uma nova temporada. Diferente de outras produ\u00e7\u00f5es de Vinciprova, a com\u00e9dia se volta para o pr\u00f3prio meio art\u00edstico, mais especificamente do cinema, e mais especificamente para os bastidores, o lado que os simples mortais desconhecem das entranhas. \u00c9 o lado escuro. Eu fui no s\u00e1bado e foi o maior p\u00fablico que presenciei no Espa\u00e7o \u2018Z\u2019. Foram colocadas cadeiras avulsas nas laterais da plateia, tal a lota\u00e7\u00e3o. E o pessoal riu e aplaudiu muito a trama e as interpreta\u00e7\u00f5es da M\u00f4nica Izidora, muito legal como uma roteirista beirando o fracasso, o Julinho Pires, um diretor pilantra, tamb\u00e9m beirando o ostracismo, J\u00e9ssica Pavone, uma atriz oportunista procurando se al\u00e7ar na carreira e o pr\u00f3prio Artur Vinciprova, como um ator canastr\u00e3o. Muito bom !! Ainda falando em teatro, no fim de semana passado (11 e 12) o ator e diretor Cal\u00e9 Miranda apresentou tamb\u00e9m no Espa\u00e7o \u2018Z\u2019, o seu belo e instigante \u2018Ori\u2019. J\u00e1 assisti e n\u00e3o pude rever por ter me ausentado da cidade no s\u00e1bado. \u2018Ori\u2019 (que aborda Orix\u00e1s do Candombl\u00e9) foi criado pelo pr\u00f3prio Cal\u00e9 para participar de um festival em Barcelona. Depois de dois anos rodando pelo pa\u00eds e Europa, voltou para duas apresenta\u00e7\u00f5es em Resende.<\/p>\n<p style=\"text-align: justify;\"><strong>Alerj recebe demandas do Turismo da regi\u00e3o das Agulhas Negras<\/strong><br \/>\nSegunda-feira, dia 21, o Secret\u00e1rio Estadual de Turismo, Nilo S\u00e9rgio F\u00e9lix estar\u00e1 na regi\u00e3o para entregar as \u2018placas de valoriza\u00e7\u00e3o tur\u00edstica\u2019 da Estrada Parque. As placas ser\u00e3o instaladas de Penedo a Visconde de Mau\u00e1. A boa not\u00edcia foi apenas uma das informa\u00e7\u00f5es que rolaram na Audi\u00eancia P\u00fablica realizada nessa ter\u00e7a-feira na Assembleia Legislativa do Rio de Janeiro, para que a Comiss\u00e3o de Turismo acolhesse as demandas da Regi\u00e3o das Agulhas Negras. As reivindica\u00e7\u00f5es foram levadas pelas secretarias de Turismo de Resende e Itatiaia e a reuni\u00e3o contou ainda com representantes do Trade tur\u00edstico da regi\u00e3o e dos conselhos de turismo municipais e o do Conretur, o conselho regional. Pela comiss\u00e3o, entre outros deputados, participaram dois deputados da regi\u00e3o: a Dra. Ana Paula Rechuan (PMDB) e o Dr. Julianelli (Psol). Ambos demonstraram conhecimento e interesse pela mat\u00e9ria. Durante as interven\u00e7\u00f5es Julianelli chamou a aten\u00e7\u00e3o para a import\u00e2ncia do Turismo Rural na regi\u00e3o e Ana Paula Rechuan destacou a necessidade de se valorizar a m\u00e3o de obra do setor, elogiou a uni\u00e3o dos munic\u00edpios que apresentaram as demandas em um \u00fanico documento e sugeriu a cria\u00e7\u00e3o de um aplicativo para informar sobre os atrativos tur\u00edsticos no Estado. Outra boa not\u00edcia surgida na AP \u00e9 que o Estado pretende fazer a sinaliza\u00e7\u00e3o tur\u00edstica da Via Dutra com vistas \u00e0 Olimp\u00edada de 2016, a partir de Resende e Itatiaia. Show !!<\/p>\n<p style=\"text-align: justify;\"><strong>TRIPA<\/strong><br \/>\n* Neste s\u00e1bado, Claudionor Rosa e o pessoal do Gr\u00eamio Liter\u00e1rio de Resende estar\u00e3o comemorando os 50 anos do Col\u00e9gio Souza Dantas. A efem\u00e9ride, como gosta o \u2018Preto Velho\u2019 est\u00e1 marcada para come\u00e7ar \u00e0s 15 horas e, como sempre, as mulheres levam os salgados e os homens os refrigerantes * O Centro Cultural Visconde de Mau\u00e1, dirigido h\u00e1 11 anos pela valente M\u00e1rcia Patroc\u00ednio, convida para a abertura da \u201c9\u00aa Primavera dos Museus\u201d, neste domingo, dia 20, \u00e0s 11 horas. A tem\u00e1tica \u00e9 ind\u00edgena com a exposi\u00e7\u00e3o \u201cNhanderuvu\u00e7u \u2013 a representa\u00e7\u00e3o do imagin\u00e1rio Guarany\u201d, do artista Rafael Fioratto. Presentes os escritores Daniel Munduruku e Cristino Wapichana, apresentando seus livros. O CCVM \u00e9 um dos 807 espa\u00e7os culturais Brasil que participa da 9\u00aa Primavera dos Museus, numa iniciativa do Minist\u00e9rio da Cultura, atrav\u00e9s do Instituto Brasileiro de Museus (Ibram). O CCVM conta com a parceria do Instituto U\u00b4ka \u2013 Casa dos Saberes Ancestrais (Lorena \u2013 SP). A programa\u00e7\u00e3o se estende at\u00e9 30 de setembro (s\u00e1bados, domingos e feriados, das 10 \u00e0s 18h). Durante a semana, com agendamento pr\u00e9vio, visitas guiadas, conta\u00e7\u00e3o de hist\u00f3rias (com Cristino Wapichana), oficinas (com Lucia S\u00e3o Thiago e Wilson Menegale) e v\u00eddeos com tem\u00e1tica ind\u00edgena, para a comunidade escolar. * Domingo tamb\u00e9m tem baile \u00e0 moda antiga na quadra do Santo Amaro, a partir das 18 horas. Quem comanda \u00e9 o Claudinho Freitas. Vale Conferir !! * Na segunda-feira, dia 19, o Claudionor Rosa (olha ele de novo a\u00ed) estar\u00e1 a partir das 14 horas falando sobre a hist\u00f3ria de Resende e cidadania para a garotada do Centro Comunit\u00e1rio Educativo Esperan\u00e7a do Futuro, no bairro Jardim Beira-Rio. O \u2018Centro\u2019 \u00e9 uma ONG que promove complemento educacional aos jovens, depois do hor\u00e1rio escolar * A tocha ol\u00edmpica vai passar por Resende !!!<\/p>\n<p style=\"text-align: justify;\"><strong>ANIVERS\u00c1RIO<\/strong><br \/>\nDia 10 passado mudaram de idade a Lenir Medeiros, o Odylo Franco e o Maur\u00edcio Sim\u00e3o. Dia 12 soprou velinhas a amiga Zuleica Florentino. No dia 14 tamb\u00e9m soprou velinhas a dona Katia Zaidan, a \u2018Maiiiinha\u2019. No dia 15, uma turma grande de amigos inaugurou idade nova: duas Let\u00edcias, a minha colega de trabalho Let\u00edcia Ferreira e a Let\u00edcia Dias, e tamb\u00e9m a Norma Chaffin, a Cida Dias, o Samuel Nogueira (Preto), o botafoguense desconfiado Z\u00e9 Luiz Balieiro e o Dalmo Coelho. Dia 16, ficaram mais experientes, outra colega de trabalho, a Patr\u00edcia Soares, e o Guilherme Marques Coelho, filho do Dalmo. Parab\u00e9ns e todas as felicidades do mundo a eles.<\/p>\n","protected":false},"excerpt":{"rendered":"<p>\u2018O Lado Escuro da Noite\u2019, de Vinciprova lotou o Espa\u00e7o \u2018Z\u2019 e agradou o p\u00fablico \u201cO Lado Escuro da Noite\u201d, com\u00e9dia escrita e dirigida<\/p>\n","protected":false},"author":1,"featured_media":0,"comment_status":"open","ping_status":"open","sticky":false,"template":"","format":"standard","meta":{"pmpro_default_level":"","footnotes":""},"categories":[13],"tags":[],"class_list":["post-33483","post","type-post","status-publish","format-standard","hentry","category-social","pmpro-has-access"],"yoast_head":"<!-- This site is optimized with the Yoast SEO plugin v27.4 - https:\/\/yoast.com\/product\/yoast-seo-wordpress\/ -->\n<title>La\u00eds Amaral - JORNAL BEIRA RIO<\/title>\n<meta name=\"robots\" content=\"index, follow, max-snippet:-1, max-image-preview:large, max-video-preview:-1\" \/>\n<link rel=\"canonical\" href=\"https:\/\/jornalbeirario.com.br\/portal\/?p=33483\" \/>\n<meta property=\"og:locale\" content=\"pt_BR\" \/>\n<meta property=\"og:type\" content=\"article\" \/>\n<meta property=\"og:title\" content=\"La\u00eds Amaral - JORNAL BEIRA RIO\" \/>\n<meta property=\"og:description\" content=\"\u2018O Lado Escuro da Noite\u2019, de Vinciprova lotou o Espa\u00e7o \u2018Z\u2019 e agradou o p\u00fablico \u201cO Lado Escuro da Noite\u201d, com\u00e9dia escrita e dirigida\" \/>\n<meta property=\"og:url\" content=\"https:\/\/jornalbeirario.com.br\/portal\/?p=33483\" \/>\n<meta property=\"og:site_name\" content=\"JORNAL BEIRA RIO\" \/>\n<meta property=\"article:published_time\" content=\"2015-09-18T06:54:23+00:00\" \/>\n<meta name=\"author\" content=\"Jornal BEIRA-RIO\" \/>\n<meta name=\"twitter:card\" content=\"summary_large_image\" \/>\n<meta name=\"twitter:label1\" content=\"Escrito por\" \/>\n\t<meta name=\"twitter:data1\" content=\"Jornal BEIRA-RIO\" \/>\n\t<meta name=\"twitter:label2\" content=\"Est. tempo de leitura\" \/>\n\t<meta name=\"twitter:data2\" content=\"5 minutos\" \/>\n<script type=\"application\/ld+json\" class=\"yoast-schema-graph\">{\"@context\":\"https:\\\/\\\/schema.org\",\"@graph\":[{\"@type\":\"Article\",\"@id\":\"https:\\\/\\\/jornalbeirario.com.br\\\/portal\\\/?p=33483#article\",\"isPartOf\":{\"@id\":\"https:\\\/\\\/jornalbeirario.com.br\\\/portal\\\/?p=33483\"},\"author\":{\"name\":\"Jornal BEIRA-RIO\",\"@id\":\"https:\\\/\\\/jornalbeirario.com.br\\\/portal\\\/#\\\/schema\\\/person\\\/c6c423e4c2465d2a9233f6539173e7c1\"},\"headline\":\"La\u00eds Amaral\",\"datePublished\":\"2015-09-18T06:54:23+00:00\",\"mainEntityOfPage\":{\"@id\":\"https:\\\/\\\/jornalbeirario.com.br\\\/portal\\\/?p=33483\"},\"wordCount\":955,\"commentCount\":0,\"publisher\":{\"@id\":\"https:\\\/\\\/jornalbeirario.com.br\\\/portal\\\/#organization\"},\"articleSection\":[\"Social\"],\"inLanguage\":\"pt-BR\",\"potentialAction\":[{\"@type\":\"CommentAction\",\"name\":\"Comment\",\"target\":[\"https:\\\/\\\/jornalbeirario.com.br\\\/portal\\\/?p=33483#respond\"]}]},{\"@type\":\"WebPage\",\"@id\":\"https:\\\/\\\/jornalbeirario.com.br\\\/portal\\\/?p=33483\",\"url\":\"https:\\\/\\\/jornalbeirario.com.br\\\/portal\\\/?p=33483\",\"name\":\"La\u00eds Amaral - JORNAL BEIRA RIO\",\"isPartOf\":{\"@id\":\"https:\\\/\\\/jornalbeirario.com.br\\\/portal\\\/#website\"},\"datePublished\":\"2015-09-18T06:54:23+00:00\",\"breadcrumb\":{\"@id\":\"https:\\\/\\\/jornalbeirario.com.br\\\/portal\\\/?p=33483#breadcrumb\"},\"inLanguage\":\"pt-BR\",\"potentialAction\":[{\"@type\":\"ReadAction\",\"target\":[\"https:\\\/\\\/jornalbeirario.com.br\\\/portal\\\/?p=33483\"]}]},{\"@type\":\"BreadcrumbList\",\"@id\":\"https:\\\/\\\/jornalbeirario.com.br\\\/portal\\\/?p=33483#breadcrumb\",\"itemListElement\":[{\"@type\":\"ListItem\",\"position\":1,\"name\":\"Home\",\"item\":\"https:\\\/\\\/jornalbeirario.com.br\\\/portal\"},{\"@type\":\"ListItem\",\"position\":2,\"name\":\"La\u00eds Amaral\"}]},{\"@type\":\"WebSite\",\"@id\":\"https:\\\/\\\/jornalbeirario.com.br\\\/portal\\\/#website\",\"url\":\"https:\\\/\\\/jornalbeirario.com.br\\\/portal\\\/\",\"name\":\"JORNAL BEIRA RIO\",\"description\":\"\",\"publisher\":{\"@id\":\"https:\\\/\\\/jornalbeirario.com.br\\\/portal\\\/#organization\"},\"potentialAction\":[{\"@type\":\"SearchAction\",\"target\":{\"@type\":\"EntryPoint\",\"urlTemplate\":\"https:\\\/\\\/jornalbeirario.com.br\\\/portal\\\/?s={search_term_string}\"},\"query-input\":{\"@type\":\"PropertyValueSpecification\",\"valueRequired\":true,\"valueName\":\"search_term_string\"}}],\"inLanguage\":\"pt-BR\"},{\"@type\":\"Organization\",\"@id\":\"https:\\\/\\\/jornalbeirario.com.br\\\/portal\\\/#organization\",\"name\":\"JORNAL BEIRA RIO\",\"url\":\"https:\\\/\\\/jornalbeirario.com.br\\\/portal\\\/\",\"logo\":{\"@type\":\"ImageObject\",\"inLanguage\":\"pt-BR\",\"@id\":\"https:\\\/\\\/jornalbeirario.com.br\\\/portal\\\/#\\\/schema\\\/logo\\\/image\\\/\",\"url\":\"https:\\\/\\\/jornalbeirario.com.br\\\/portal\\\/wp-content\\\/uploads\\\/2017\\\/09\\\/BEIRA-RIO_logo600.png\",\"contentUrl\":\"https:\\\/\\\/jornalbeirario.com.br\\\/portal\\\/wp-content\\\/uploads\\\/2017\\\/09\\\/BEIRA-RIO_logo600.png\",\"width\":650,\"height\":108,\"caption\":\"JORNAL BEIRA RIO\"},\"image\":{\"@id\":\"https:\\\/\\\/jornalbeirario.com.br\\\/portal\\\/#\\\/schema\\\/logo\\\/image\\\/\"}},{\"@type\":\"Person\",\"@id\":\"https:\\\/\\\/jornalbeirario.com.br\\\/portal\\\/#\\\/schema\\\/person\\\/c6c423e4c2465d2a9233f6539173e7c1\",\"name\":\"Jornal BEIRA-RIO\",\"image\":{\"@type\":\"ImageObject\",\"inLanguage\":\"pt-BR\",\"@id\":\"https:\\\/\\\/jornalbeirario.com.br\\\/portal\\\/wp-content\\\/uploads\\\/2023\\\/10\\\/logojbr1.jpg\",\"url\":\"https:\\\/\\\/jornalbeirario.com.br\\\/portal\\\/wp-content\\\/uploads\\\/2023\\\/10\\\/logojbr1.jpg\",\"contentUrl\":\"https:\\\/\\\/jornalbeirario.com.br\\\/portal\\\/wp-content\\\/uploads\\\/2023\\\/10\\\/logojbr1.jpg\",\"caption\":\"Jornal BEIRA-RIO\"},\"url\":\"https:\\\/\\\/jornalbeirario.com.br\\\/portal\\\/?author=1\"}]}<\/script>\n<!-- \/ Yoast SEO plugin. -->","yoast_head_json":{"title":"La\u00eds Amaral - JORNAL BEIRA RIO","robots":{"index":"index","follow":"follow","max-snippet":"max-snippet:-1","max-image-preview":"max-image-preview:large","max-video-preview":"max-video-preview:-1"},"canonical":"https:\/\/jornalbeirario.com.br\/portal\/?p=33483","og_locale":"pt_BR","og_type":"article","og_title":"La\u00eds Amaral - JORNAL BEIRA RIO","og_description":"\u2018O Lado Escuro da Noite\u2019, de Vinciprova lotou o Espa\u00e7o \u2018Z\u2019 e agradou o p\u00fablico \u201cO Lado Escuro da Noite\u201d, com\u00e9dia escrita e dirigida","og_url":"https:\/\/jornalbeirario.com.br\/portal\/?p=33483","og_site_name":"JORNAL BEIRA RIO","article_published_time":"2015-09-18T06:54:23+00:00","author":"Jornal BEIRA-RIO","twitter_card":"summary_large_image","twitter_misc":{"Escrito por":"Jornal BEIRA-RIO","Est. tempo de leitura":"5 minutos"},"schema":{"@context":"https:\/\/schema.org","@graph":[{"@type":"Article","@id":"https:\/\/jornalbeirario.com.br\/portal\/?p=33483#article","isPartOf":{"@id":"https:\/\/jornalbeirario.com.br\/portal\/?p=33483"},"author":{"name":"Jornal BEIRA-RIO","@id":"https:\/\/jornalbeirario.com.br\/portal\/#\/schema\/person\/c6c423e4c2465d2a9233f6539173e7c1"},"headline":"La\u00eds Amaral","datePublished":"2015-09-18T06:54:23+00:00","mainEntityOfPage":{"@id":"https:\/\/jornalbeirario.com.br\/portal\/?p=33483"},"wordCount":955,"commentCount":0,"publisher":{"@id":"https:\/\/jornalbeirario.com.br\/portal\/#organization"},"articleSection":["Social"],"inLanguage":"pt-BR","potentialAction":[{"@type":"CommentAction","name":"Comment","target":["https:\/\/jornalbeirario.com.br\/portal\/?p=33483#respond"]}]},{"@type":"WebPage","@id":"https:\/\/jornalbeirario.com.br\/portal\/?p=33483","url":"https:\/\/jornalbeirario.com.br\/portal\/?p=33483","name":"La\u00eds Amaral - JORNAL BEIRA RIO","isPartOf":{"@id":"https:\/\/jornalbeirario.com.br\/portal\/#website"},"datePublished":"2015-09-18T06:54:23+00:00","breadcrumb":{"@id":"https:\/\/jornalbeirario.com.br\/portal\/?p=33483#breadcrumb"},"inLanguage":"pt-BR","potentialAction":[{"@type":"ReadAction","target":["https:\/\/jornalbeirario.com.br\/portal\/?p=33483"]}]},{"@type":"BreadcrumbList","@id":"https:\/\/jornalbeirario.com.br\/portal\/?p=33483#breadcrumb","itemListElement":[{"@type":"ListItem","position":1,"name":"Home","item":"https:\/\/jornalbeirario.com.br\/portal"},{"@type":"ListItem","position":2,"name":"La\u00eds Amaral"}]},{"@type":"WebSite","@id":"https:\/\/jornalbeirario.com.br\/portal\/#website","url":"https:\/\/jornalbeirario.com.br\/portal\/","name":"JORNAL BEIRA RIO","description":"","publisher":{"@id":"https:\/\/jornalbeirario.com.br\/portal\/#organization"},"potentialAction":[{"@type":"SearchAction","target":{"@type":"EntryPoint","urlTemplate":"https:\/\/jornalbeirario.com.br\/portal\/?s={search_term_string}"},"query-input":{"@type":"PropertyValueSpecification","valueRequired":true,"valueName":"search_term_string"}}],"inLanguage":"pt-BR"},{"@type":"Organization","@id":"https:\/\/jornalbeirario.com.br\/portal\/#organization","name":"JORNAL BEIRA RIO","url":"https:\/\/jornalbeirario.com.br\/portal\/","logo":{"@type":"ImageObject","inLanguage":"pt-BR","@id":"https:\/\/jornalbeirario.com.br\/portal\/#\/schema\/logo\/image\/","url":"https:\/\/jornalbeirario.com.br\/portal\/wp-content\/uploads\/2017\/09\/BEIRA-RIO_logo600.png","contentUrl":"https:\/\/jornalbeirario.com.br\/portal\/wp-content\/uploads\/2017\/09\/BEIRA-RIO_logo600.png","width":650,"height":108,"caption":"JORNAL BEIRA RIO"},"image":{"@id":"https:\/\/jornalbeirario.com.br\/portal\/#\/schema\/logo\/image\/"}},{"@type":"Person","@id":"https:\/\/jornalbeirario.com.br\/portal\/#\/schema\/person\/c6c423e4c2465d2a9233f6539173e7c1","name":"Jornal BEIRA-RIO","image":{"@type":"ImageObject","inLanguage":"pt-BR","@id":"https:\/\/jornalbeirario.com.br\/portal\/wp-content\/uploads\/2023\/10\/logojbr1.jpg","url":"https:\/\/jornalbeirario.com.br\/portal\/wp-content\/uploads\/2023\/10\/logojbr1.jpg","contentUrl":"https:\/\/jornalbeirario.com.br\/portal\/wp-content\/uploads\/2023\/10\/logojbr1.jpg","caption":"Jornal BEIRA-RIO"},"url":"https:\/\/jornalbeirario.com.br\/portal\/?author=1"}]}},"_links":{"self":[{"href":"https:\/\/jornalbeirario.com.br\/portal\/index.php?rest_route=\/wp\/v2\/posts\/33483","targetHints":{"allow":["GET"]}}],"collection":[{"href":"https:\/\/jornalbeirario.com.br\/portal\/index.php?rest_route=\/wp\/v2\/posts"}],"about":[{"href":"https:\/\/jornalbeirario.com.br\/portal\/index.php?rest_route=\/wp\/v2\/types\/post"}],"author":[{"embeddable":true,"href":"https:\/\/jornalbeirario.com.br\/portal\/index.php?rest_route=\/wp\/v2\/users\/1"}],"replies":[{"embeddable":true,"href":"https:\/\/jornalbeirario.com.br\/portal\/index.php?rest_route=%2Fwp%2Fv2%2Fcomments&post=33483"}],"version-history":[{"count":3,"href":"https:\/\/jornalbeirario.com.br\/portal\/index.php?rest_route=\/wp\/v2\/posts\/33483\/revisions"}],"predecessor-version":[{"id":33523,"href":"https:\/\/jornalbeirario.com.br\/portal\/index.php?rest_route=\/wp\/v2\/posts\/33483\/revisions\/33523"}],"wp:attachment":[{"href":"https:\/\/jornalbeirario.com.br\/portal\/index.php?rest_route=%2Fwp%2Fv2%2Fmedia&parent=33483"}],"wp:term":[{"taxonomy":"category","embeddable":true,"href":"https:\/\/jornalbeirario.com.br\/portal\/index.php?rest_route=%2Fwp%2Fv2%2Fcategories&post=33483"},{"taxonomy":"post_tag","embeddable":true,"href":"https:\/\/jornalbeirario.com.br\/portal\/index.php?rest_route=%2Fwp%2Fv2%2Ftags&post=33483"}],"curies":[{"name":"wp","href":"https:\/\/api.w.org\/{rel}","templated":true}]}}