
{"id":33277,"date":"2015-09-11T12:01:51","date_gmt":"2015-09-11T12:01:51","guid":{"rendered":"http:\/\/jornalbeirario.com.br\/portal\/portal\/?p=33277"},"modified":"2015-09-11T12:01:51","modified_gmt":"2015-09-11T12:01:51","slug":"quem-pensa-passaram-quatro-anos-fazendo-o-que-o-peixe-faz","status":"publish","type":"post","link":"https:\/\/jornalbeirario.com.br\/portal\/?p=33277","title":{"rendered":"Quem pensa? Passaram quatro anos  fazendo o que o peixe faz&#8230;"},"content":{"rendered":"<p>&#8230; e agora pensam que o papinho de<br \/>\n\u201cproximidade de ano eleitoral\u201d vai colar?<\/p>\n<p>Os vereadores de Resende e seus assessores aqui e ali j\u00e1 come\u00e7aram com aquele discurso pobre que as cr\u00edticas feitas aos trabalhos legislativos (se \u00e9 que podemos chamar de trabalho o que fazem) se d\u00e3o por conta da proximidade do ano de elei\u00e7\u00f5es municipais. Com aquele esp\u00edrito p\u00fablico (#sqn) que lhes \u00e9 peculiar tecem um ros\u00e1rio de lamenta\u00e7\u00f5es sobre o quanto s\u00e3o \u201cv\u00edtimas\u201d da imprensa, dos opositores, dos que desejam ser vereadores e por a\u00ed vai. \u00c9 bem verdade, que podemos tirar desse bolo os mais experientes que n\u00e3o entram no \u201cmimimi\u201d e tamb\u00e9m outros tr\u00eas (com muita boa vomtade) que sabem que esse discurso amador e fraco n\u00e3o d\u00e1 votos, pelo contr\u00e1rio: chama aten\u00e7\u00e3o sobre aqueles vereadores que batem no peito e dizem que s\u00e3o t\u00e3o impolutos quanto \u00e0 mulher de C\u00e9sar. Pobre mulher de C\u00e9sar, sempre a mulher.<\/p>\n<p>Dia desses, numa sess\u00e3o legislativa, alguns vereadores (aqueles mais chor\u00f5es, claro) intimidaram uma rep\u00f3rter que estava fazendo seu trabalho no plen\u00e1rio. Adivinha? Isso. Uma rep\u00f3rter do jornal BEIRA-RIO, porque o seman\u00e1rio nunca se curvou \u00e0s bobagens que falam ou deixou de questionar a falta de compromisso p\u00fablico desses homens que ganham para representar a popula\u00e7\u00e3o. Pois bem, mas n\u00e3o \u00e9 sobre a intimida\u00e7\u00e3o da rep\u00f3rter que chegou a ouvir que deveria procurar outro emprego para \u201cn\u00e3o ficar marcada\u201d. Seria uma amea\u00e7a ao futuro da profissional? Entre outras p\u00e9rolas, teve vereador afirmando que \u201ctem projeto que j\u00e1 fez mulheres (novamente as mulheres) perderem 30 quilos e isso o jornal n\u00e3o fala\u201d N\u00e3o, caro leitor, n\u00e3o \u00e9 uma piada. O vereador Davi cujo sal\u00e1rio \u00e9 de R$ 10 mil \u2013 pagos por n\u00f3s &#8211; falou isso. Claro que teve gente preferindo ser surda.<\/p>\n<p>Mas n\u00e3o s\u00e3o sobre as bobagens, t\u00e3o comuns, dos vereadores que este artigo se refere. Antes tudo de ruim que fizessem fosse apenas isso, amea\u00e7ar, constranger e mentir, sob o manto da imunidade parlamentar, cidad\u00e3os que trabalham.<\/p>\n<p>Algu\u00e9m deve ter esquecido de contar para eles que \u201ccara feia e dentes \u00e0 mostra\u201d n\u00e3o imp\u00f5em medo aos que sabem como desempenhar seu papel. O assunto aqui a ser registrado \u00e9 o perigo que esse Legislativo tem representado para o munic\u00edpio com gastos absurdos e desnecess\u00e1rios e claro, isso chama muito mais aten\u00e7\u00e3o neste momento em que se fala de crise.<\/p>\n<p>Os vereadores, pelo que notamos, n\u00e3o est\u00e3o nem a\u00ed quando \u00e9 o dinheiro do povo gasto em viagens, sem presta\u00e7\u00e3o de contas, como mostrou a reportagem da TV Rio Sul, no \u00faltimo dia 9, quando fazem licita\u00e7\u00f5es estranhas e quando falta transpar\u00eancia para elucidar as compras antecipadas da obra da C\u00e2mara municipal, obra ali\u00e1s que agora correm para inaugurar, pois passar mais um anivers\u00e1rio da cidade pode chamar mais aten\u00e7\u00e3o ainda e l\u00e1 se foram dentro do que se sabe, cerca de R$ 9 milh\u00f5es. Os vereadores n\u00e3o conseguiram levar a cabo uma \u00fanica investiga\u00e7\u00e3o parlamentar sobre os diversos esc\u00e2ndalos que pesam sobre o Executivo, inclusive de corrup\u00e7\u00e3o e risco de vida \u00e0 popula\u00e7\u00e3o como foi o caso do Dossi\u00ea Cruz.<\/p>\n<p>Pensa que est\u00e3o satisfeitos? N\u00e3o. Os vereadores criaram um Fundo para ficar com o dinheiro do exerc\u00edcio findo. Este assunto j\u00e1 foi veiculado algumas vezes pelo jornal BEIRA-RIO e demonstra o quanto d\u00e3o de ombros \u00e0s reais necessidades da popula\u00e7\u00e3o. Como os 6% do or\u00e7amento municipal tem repasse obrigat\u00f3rio para a C\u00e2mara independente da arrecada\u00e7\u00e3o e da crise que se estabeleceu, qualquer altera\u00e7\u00e3o deveria ter iniciativa dos pr\u00f3prios vereadores. E todos sabemos que isso n\u00e3o acontecer\u00e1, pois se tem uma coisa que eles n\u00e3o pensam \u00e9 no bem estar da popula\u00e7\u00e3o. Tem vereador que consegue enganar alguns e at\u00e9 faturar uns votos dizendo que est\u00e1 viajando para buscar recursos com deputados federais. Uma fal\u00e1cia. O tr\u00e2mite da vinda de um recurso via emenda parlamentar n\u00e3o tem nem um peda\u00e7o da unha de vereador quanto mais sua influ\u00eancia ou prest\u00edgio. \u00c0s vezes um deputado do mesmo partido que recebeu o prefeito, porque no prefeito eles t\u00eam interesse, afinal \u00e9 quem tem a m\u00e1quina administrativa na m\u00e3o e vamos combinar, muitos vereadores tamb\u00e9m, ali na palma da m\u00e3o. Pois bem, esse deputado j\u00e1 incluiu a emenda no or\u00e7amento do ano anterior. A\u00ed o partido e o vereador ficam sabendo, e saem correndo para Bras\u00edlia. Mais uma di\u00e1ria paga por n\u00f3s, n\u00e9? Por que n\u00e3o?<\/p>\n<p>Ou ent\u00e3o, conhecedores de que o Executivo tem um projeto correm para pedir estudos de viabilidade, assim parecem que s\u00e3o os pais do feito. Poderia ser ate engra\u00e7ado se pelo menos fiscalizassem seus pr\u00f3prios pedidos, como a aplica\u00e7\u00e3o correta dos recursos, qualidade dos servi\u00e7os&#8230; essas coisas, que por acaso s\u00e3o obriga\u00e7\u00f5es dos vereadores. Isso eles n\u00e3o falam. N\u00e3o contam que a obriga\u00e7\u00e3o deles n\u00e3o \u00e9 gastar dinheiro para fazer pedido em Bras\u00edlia ou no Rio de Janeiro, mas sim fiscalizar o que \u00e9 feito pelo Executivo e criar leis que possam transformar uma determinada situa\u00e7\u00e3o para melhor e para a coletividade. Vereador n\u00e3o \u00e9 para fazer caridade e resolver problemas dos amigos. \u00c9 para legislar para toda a cidade, mas o pragmatismo cont\u00e1bil muitas vezes \u00e9 o determinante. Fazem a conta de quantos agradando aqui e acol\u00e1 conseguem de retorno (leia-se votos) e pronto&#8230; j\u00e1 basta.<\/p>\n<p>Ainda sobre os gastos da C\u00e2mara Municipal, gostaria de pedir, se esse artigo chegar ao Minist\u00e9rio P\u00fablico e ao Tribunal de Contas do Estado, que fiquem muito atentos n\u00e3o apenas aos gastos com a \u201csobra\u201d parlamentar que agora n\u00e3o volta mais aos cofres p\u00fablicos, gra\u00e7as \u00e0 manobra feita pelos vereadores, mas tamb\u00e9m o que andam fazendo com projetos apresentados pelo presidente da Casa e Mesa Diretora que compila leis sobre o n\u00famero de cargos comissionados na Casa, ali\u00e1s, a popula\u00e7\u00e3o e autoridades fiscalizadoras deveriam se debru\u00e7ar sobre sal\u00e1rios de at\u00e9 R$ 14 mil de alguns CCs do Legislativo.<\/p>\n<p>Ana L\u00facia<br \/>\nEditora do jornal BEIRA-RIO<br \/>\nanalucia@jornalbeirario.com.br<\/p>\n","protected":false},"excerpt":{"rendered":"<p>&#8230; e agora pensam que o papinho de \u201cproximidade de ano eleitoral\u201d vai colar? Os vereadores de Resende e seus assessores aqui e ali<\/p>\n","protected":false},"author":1,"featured_media":0,"comment_status":"open","ping_status":"open","sticky":false,"template":"","format":"standard","meta":{"pmpro_default_level":"","footnotes":""},"categories":[8],"tags":[155],"class_list":["post-33277","post","type-post","status-publish","format-standard","hentry","category-opiniao","tag-dehoraemhora","pmpro-has-access"],"yoast_head":"<!-- This site is optimized with the Yoast SEO plugin v27.4 - https:\/\/yoast.com\/product\/yoast-seo-wordpress\/ -->\n<title>Quem pensa? Passaram quatro anos fazendo o que o peixe faz... - JORNAL BEIRA RIO<\/title>\n<meta name=\"robots\" content=\"index, follow, max-snippet:-1, max-image-preview:large, max-video-preview:-1\" \/>\n<link rel=\"canonical\" href=\"https:\/\/jornalbeirario.com.br\/portal\/?p=33277\" \/>\n<meta property=\"og:locale\" content=\"pt_BR\" \/>\n<meta property=\"og:type\" content=\"article\" \/>\n<meta property=\"og:title\" content=\"Quem pensa? Passaram quatro anos fazendo o que o peixe faz... - JORNAL BEIRA RIO\" \/>\n<meta property=\"og:description\" content=\"&#8230; e agora pensam que o papinho de \u201cproximidade de ano eleitoral\u201d vai colar? Os vereadores de Resende e seus assessores aqui e ali\" \/>\n<meta property=\"og:url\" content=\"https:\/\/jornalbeirario.com.br\/portal\/?p=33277\" \/>\n<meta property=\"og:site_name\" content=\"JORNAL BEIRA RIO\" \/>\n<meta property=\"article:published_time\" content=\"2015-09-11T12:01:51+00:00\" \/>\n<meta name=\"author\" content=\"Jornal BEIRA-RIO\" \/>\n<meta name=\"twitter:card\" content=\"summary_large_image\" \/>\n<meta name=\"twitter:label1\" content=\"Escrito por\" \/>\n\t<meta name=\"twitter:data1\" content=\"Jornal BEIRA-RIO\" \/>\n\t<meta name=\"twitter:label2\" content=\"Est. tempo de leitura\" \/>\n\t<meta name=\"twitter:data2\" content=\"5 minutos\" \/>\n<script type=\"application\/ld+json\" class=\"yoast-schema-graph\">{\"@context\":\"https:\\\/\\\/schema.org\",\"@graph\":[{\"@type\":\"Article\",\"@id\":\"https:\\\/\\\/jornalbeirario.com.br\\\/portal\\\/?p=33277#article\",\"isPartOf\":{\"@id\":\"https:\\\/\\\/jornalbeirario.com.br\\\/portal\\\/?p=33277\"},\"author\":{\"name\":\"Jornal BEIRA-RIO\",\"@id\":\"https:\\\/\\\/jornalbeirario.com.br\\\/portal\\\/#\\\/schema\\\/person\\\/c6c423e4c2465d2a9233f6539173e7c1\"},\"headline\":\"Quem pensa? Passaram quatro anos fazendo o que o peixe faz&#8230;\",\"datePublished\":\"2015-09-11T12:01:51+00:00\",\"mainEntityOfPage\":{\"@id\":\"https:\\\/\\\/jornalbeirario.com.br\\\/portal\\\/?p=33277\"},\"wordCount\":1090,\"commentCount\":1,\"publisher\":{\"@id\":\"https:\\\/\\\/jornalbeirario.com.br\\\/portal\\\/#organization\"},\"keywords\":[\"dehoraemhora\"],\"articleSection\":[\"Opini\u00e3o\"],\"inLanguage\":\"pt-BR\",\"potentialAction\":[{\"@type\":\"CommentAction\",\"name\":\"Comment\",\"target\":[\"https:\\\/\\\/jornalbeirario.com.br\\\/portal\\\/?p=33277#respond\"]}]},{\"@type\":\"WebPage\",\"@id\":\"https:\\\/\\\/jornalbeirario.com.br\\\/portal\\\/?p=33277\",\"url\":\"https:\\\/\\\/jornalbeirario.com.br\\\/portal\\\/?p=33277\",\"name\":\"Quem pensa? Passaram quatro anos fazendo o que o peixe faz... - JORNAL BEIRA RIO\",\"isPartOf\":{\"@id\":\"https:\\\/\\\/jornalbeirario.com.br\\\/portal\\\/#website\"},\"datePublished\":\"2015-09-11T12:01:51+00:00\",\"breadcrumb\":{\"@id\":\"https:\\\/\\\/jornalbeirario.com.br\\\/portal\\\/?p=33277#breadcrumb\"},\"inLanguage\":\"pt-BR\",\"potentialAction\":[{\"@type\":\"ReadAction\",\"target\":[\"https:\\\/\\\/jornalbeirario.com.br\\\/portal\\\/?p=33277\"]}]},{\"@type\":\"BreadcrumbList\",\"@id\":\"https:\\\/\\\/jornalbeirario.com.br\\\/portal\\\/?p=33277#breadcrumb\",\"itemListElement\":[{\"@type\":\"ListItem\",\"position\":1,\"name\":\"Home\",\"item\":\"https:\\\/\\\/jornalbeirario.com.br\\\/portal\"},{\"@type\":\"ListItem\",\"position\":2,\"name\":\"Quem pensa? Passaram quatro anos fazendo o que o peixe faz&#8230;\"}]},{\"@type\":\"WebSite\",\"@id\":\"https:\\\/\\\/jornalbeirario.com.br\\\/portal\\\/#website\",\"url\":\"https:\\\/\\\/jornalbeirario.com.br\\\/portal\\\/\",\"name\":\"JORNAL BEIRA RIO\",\"description\":\"\",\"publisher\":{\"@id\":\"https:\\\/\\\/jornalbeirario.com.br\\\/portal\\\/#organization\"},\"potentialAction\":[{\"@type\":\"SearchAction\",\"target\":{\"@type\":\"EntryPoint\",\"urlTemplate\":\"https:\\\/\\\/jornalbeirario.com.br\\\/portal\\\/?s={search_term_string}\"},\"query-input\":{\"@type\":\"PropertyValueSpecification\",\"valueRequired\":true,\"valueName\":\"search_term_string\"}}],\"inLanguage\":\"pt-BR\"},{\"@type\":\"Organization\",\"@id\":\"https:\\\/\\\/jornalbeirario.com.br\\\/portal\\\/#organization\",\"name\":\"JORNAL BEIRA RIO\",\"url\":\"https:\\\/\\\/jornalbeirario.com.br\\\/portal\\\/\",\"logo\":{\"@type\":\"ImageObject\",\"inLanguage\":\"pt-BR\",\"@id\":\"https:\\\/\\\/jornalbeirario.com.br\\\/portal\\\/#\\\/schema\\\/logo\\\/image\\\/\",\"url\":\"https:\\\/\\\/jornalbeirario.com.br\\\/portal\\\/wp-content\\\/uploads\\\/2017\\\/09\\\/BEIRA-RIO_logo600.png\",\"contentUrl\":\"https:\\\/\\\/jornalbeirario.com.br\\\/portal\\\/wp-content\\\/uploads\\\/2017\\\/09\\\/BEIRA-RIO_logo600.png\",\"width\":650,\"height\":108,\"caption\":\"JORNAL BEIRA RIO\"},\"image\":{\"@id\":\"https:\\\/\\\/jornalbeirario.com.br\\\/portal\\\/#\\\/schema\\\/logo\\\/image\\\/\"}},{\"@type\":\"Person\",\"@id\":\"https:\\\/\\\/jornalbeirario.com.br\\\/portal\\\/#\\\/schema\\\/person\\\/c6c423e4c2465d2a9233f6539173e7c1\",\"name\":\"Jornal BEIRA-RIO\",\"image\":{\"@type\":\"ImageObject\",\"inLanguage\":\"pt-BR\",\"@id\":\"https:\\\/\\\/jornalbeirario.com.br\\\/portal\\\/wp-content\\\/uploads\\\/2023\\\/10\\\/logojbr1.jpg\",\"url\":\"https:\\\/\\\/jornalbeirario.com.br\\\/portal\\\/wp-content\\\/uploads\\\/2023\\\/10\\\/logojbr1.jpg\",\"contentUrl\":\"https:\\\/\\\/jornalbeirario.com.br\\\/portal\\\/wp-content\\\/uploads\\\/2023\\\/10\\\/logojbr1.jpg\",\"caption\":\"Jornal BEIRA-RIO\"},\"url\":\"https:\\\/\\\/jornalbeirario.com.br\\\/portal\\\/?author=1\"}]}<\/script>\n<!-- \/ Yoast SEO plugin. -->","yoast_head_json":{"title":"Quem pensa? Passaram quatro anos fazendo o que o peixe faz... - JORNAL BEIRA RIO","robots":{"index":"index","follow":"follow","max-snippet":"max-snippet:-1","max-image-preview":"max-image-preview:large","max-video-preview":"max-video-preview:-1"},"canonical":"https:\/\/jornalbeirario.com.br\/portal\/?p=33277","og_locale":"pt_BR","og_type":"article","og_title":"Quem pensa? Passaram quatro anos fazendo o que o peixe faz... - JORNAL BEIRA RIO","og_description":"&#8230; e agora pensam que o papinho de \u201cproximidade de ano eleitoral\u201d vai colar? Os vereadores de Resende e seus assessores aqui e ali","og_url":"https:\/\/jornalbeirario.com.br\/portal\/?p=33277","og_site_name":"JORNAL BEIRA RIO","article_published_time":"2015-09-11T12:01:51+00:00","author":"Jornal BEIRA-RIO","twitter_card":"summary_large_image","twitter_misc":{"Escrito por":"Jornal BEIRA-RIO","Est. tempo de leitura":"5 minutos"},"schema":{"@context":"https:\/\/schema.org","@graph":[{"@type":"Article","@id":"https:\/\/jornalbeirario.com.br\/portal\/?p=33277#article","isPartOf":{"@id":"https:\/\/jornalbeirario.com.br\/portal\/?p=33277"},"author":{"name":"Jornal BEIRA-RIO","@id":"https:\/\/jornalbeirario.com.br\/portal\/#\/schema\/person\/c6c423e4c2465d2a9233f6539173e7c1"},"headline":"Quem pensa? Passaram quatro anos fazendo o que o peixe faz&#8230;","datePublished":"2015-09-11T12:01:51+00:00","mainEntityOfPage":{"@id":"https:\/\/jornalbeirario.com.br\/portal\/?p=33277"},"wordCount":1090,"commentCount":1,"publisher":{"@id":"https:\/\/jornalbeirario.com.br\/portal\/#organization"},"keywords":["dehoraemhora"],"articleSection":["Opini\u00e3o"],"inLanguage":"pt-BR","potentialAction":[{"@type":"CommentAction","name":"Comment","target":["https:\/\/jornalbeirario.com.br\/portal\/?p=33277#respond"]}]},{"@type":"WebPage","@id":"https:\/\/jornalbeirario.com.br\/portal\/?p=33277","url":"https:\/\/jornalbeirario.com.br\/portal\/?p=33277","name":"Quem pensa? Passaram quatro anos fazendo o que o peixe faz... - JORNAL BEIRA RIO","isPartOf":{"@id":"https:\/\/jornalbeirario.com.br\/portal\/#website"},"datePublished":"2015-09-11T12:01:51+00:00","breadcrumb":{"@id":"https:\/\/jornalbeirario.com.br\/portal\/?p=33277#breadcrumb"},"inLanguage":"pt-BR","potentialAction":[{"@type":"ReadAction","target":["https:\/\/jornalbeirario.com.br\/portal\/?p=33277"]}]},{"@type":"BreadcrumbList","@id":"https:\/\/jornalbeirario.com.br\/portal\/?p=33277#breadcrumb","itemListElement":[{"@type":"ListItem","position":1,"name":"Home","item":"https:\/\/jornalbeirario.com.br\/portal"},{"@type":"ListItem","position":2,"name":"Quem pensa? Passaram quatro anos fazendo o que o peixe faz&#8230;"}]},{"@type":"WebSite","@id":"https:\/\/jornalbeirario.com.br\/portal\/#website","url":"https:\/\/jornalbeirario.com.br\/portal\/","name":"JORNAL BEIRA RIO","description":"","publisher":{"@id":"https:\/\/jornalbeirario.com.br\/portal\/#organization"},"potentialAction":[{"@type":"SearchAction","target":{"@type":"EntryPoint","urlTemplate":"https:\/\/jornalbeirario.com.br\/portal\/?s={search_term_string}"},"query-input":{"@type":"PropertyValueSpecification","valueRequired":true,"valueName":"search_term_string"}}],"inLanguage":"pt-BR"},{"@type":"Organization","@id":"https:\/\/jornalbeirario.com.br\/portal\/#organization","name":"JORNAL BEIRA RIO","url":"https:\/\/jornalbeirario.com.br\/portal\/","logo":{"@type":"ImageObject","inLanguage":"pt-BR","@id":"https:\/\/jornalbeirario.com.br\/portal\/#\/schema\/logo\/image\/","url":"https:\/\/jornalbeirario.com.br\/portal\/wp-content\/uploads\/2017\/09\/BEIRA-RIO_logo600.png","contentUrl":"https:\/\/jornalbeirario.com.br\/portal\/wp-content\/uploads\/2017\/09\/BEIRA-RIO_logo600.png","width":650,"height":108,"caption":"JORNAL BEIRA RIO"},"image":{"@id":"https:\/\/jornalbeirario.com.br\/portal\/#\/schema\/logo\/image\/"}},{"@type":"Person","@id":"https:\/\/jornalbeirario.com.br\/portal\/#\/schema\/person\/c6c423e4c2465d2a9233f6539173e7c1","name":"Jornal BEIRA-RIO","image":{"@type":"ImageObject","inLanguage":"pt-BR","@id":"https:\/\/jornalbeirario.com.br\/portal\/wp-content\/uploads\/2023\/10\/logojbr1.jpg","url":"https:\/\/jornalbeirario.com.br\/portal\/wp-content\/uploads\/2023\/10\/logojbr1.jpg","contentUrl":"https:\/\/jornalbeirario.com.br\/portal\/wp-content\/uploads\/2023\/10\/logojbr1.jpg","caption":"Jornal BEIRA-RIO"},"url":"https:\/\/jornalbeirario.com.br\/portal\/?author=1"}]}},"_links":{"self":[{"href":"https:\/\/jornalbeirario.com.br\/portal\/index.php?rest_route=\/wp\/v2\/posts\/33277","targetHints":{"allow":["GET"]}}],"collection":[{"href":"https:\/\/jornalbeirario.com.br\/portal\/index.php?rest_route=\/wp\/v2\/posts"}],"about":[{"href":"https:\/\/jornalbeirario.com.br\/portal\/index.php?rest_route=\/wp\/v2\/types\/post"}],"author":[{"embeddable":true,"href":"https:\/\/jornalbeirario.com.br\/portal\/index.php?rest_route=\/wp\/v2\/users\/1"}],"replies":[{"embeddable":true,"href":"https:\/\/jornalbeirario.com.br\/portal\/index.php?rest_route=%2Fwp%2Fv2%2Fcomments&post=33277"}],"version-history":[{"count":2,"href":"https:\/\/jornalbeirario.com.br\/portal\/index.php?rest_route=\/wp\/v2\/posts\/33277\/revisions"}],"predecessor-version":[{"id":33289,"href":"https:\/\/jornalbeirario.com.br\/portal\/index.php?rest_route=\/wp\/v2\/posts\/33277\/revisions\/33289"}],"wp:attachment":[{"href":"https:\/\/jornalbeirario.com.br\/portal\/index.php?rest_route=%2Fwp%2Fv2%2Fmedia&parent=33277"}],"wp:term":[{"taxonomy":"category","embeddable":true,"href":"https:\/\/jornalbeirario.com.br\/portal\/index.php?rest_route=%2Fwp%2Fv2%2Fcategories&post=33277"},{"taxonomy":"post_tag","embeddable":true,"href":"https:\/\/jornalbeirario.com.br\/portal\/index.php?rest_route=%2Fwp%2Fv2%2Ftags&post=33277"}],"curies":[{"name":"wp","href":"https:\/\/api.w.org\/{rel}","templated":true}]}}