
{"id":33263,"date":"2015-09-11T11:58:15","date_gmt":"2015-09-11T11:58:15","guid":{"rendered":"http:\/\/jornalbeirario.com.br\/portal\/portal\/?p=33263"},"modified":"2015-09-11T11:58:15","modified_gmt":"2015-09-11T11:58:15","slug":"caso-de-policia-143","status":"publish","type":"post","link":"https:\/\/jornalbeirario.com.br\/portal\/?p=33263","title":{"rendered":"Caso de Pol\u00edcia"},"content":{"rendered":"<p>ASSALTO e agress\u00e3o. Uma comerciante de 22 anos foi agredida em sua loja de produtos agropecu\u00e1rios na noite do dia 8, no bairro Morada do Contorno, em Resende. Dois homens a renderam, sendo um deles armado, e, como ela reagiu gritando, levou v\u00e1rias coronhadas na cabe\u00e7a. O homem fugiu sem levar nada e a mulher foi encaminhada ao Hospital de Emerg\u00eancia, onde chegou desorientada. At\u00e9 o fechamento desta edi\u00e7\u00e3o ela estava internada em observa\u00e7\u00e3o porque havia suspeita de traumatismo craniano.<br \/>\nrrr<br \/>\nPRESO por suspeita de homic\u00eddio. O servente Diego Coutinho da Silva, de 25 anos, foi preso temporariamente por 30 dias na noite do dia 8, em uma casa do bairro Itapuca, em Resende, suspeito de participar da morte do pedreiro Paulo Henrique Rodrigues Almeida, de 43 anos. O pedreiro foi morto com tiros na cabe\u00e7a em casa, na Fazenda da Barra 1, na noite do dia 2. Na ocasi\u00e3o, Dhenys Marlley Pereira, de 19 anos, tamb\u00e9m foi baleado no cora\u00e7\u00e3o e morreu no Hospital Municipal S\u00e3o Francisco de Assis, em Porto Real, para onde foi levado. Segundo as investiga\u00e7\u00f5es feitas pela Pol\u00edcia Civil, Dhenys estava envolvido no homic\u00eddio de Paulo Henrique Almeida, junto com Diego da Silva e uma terceira pessoa. Antes de morrer, Almeida conseguiu revidar o disparo, acertando Dhenys. O terceiro suspeito de matar Paulo Henrique tamb\u00e9m j\u00e1 teve a pris\u00e3o tempor\u00e1ria decretada, mas ainda n\u00e3o foi encontrado pelos policiais.<br \/>\nrrr<br \/>\nFURTO de farm\u00e1cia em Itatiaia. Uma farm\u00e1cia foi furtada na noite do dia 5, no Centro de Itatiaia. A gerente da loja, de 25 anos, contou que o suspeito se aproximou dela simulando uma arma com o dedo embaixo da blusa e a obrigou a entregar os R$ 164 que estavam no caixa e seus dois aparelhos de telefone celular, fugindo em seguida. Policiais militares foram acionados e conseguiram descobrir quem era o suspeito, indo at\u00e9 a casa da av\u00f3 dele. No local, o homem, de 22 anos, conseguiu fugir pela janela, deixando para tr\u00e1s um embrulho de papel com os aparelhos de telefone da v\u00edtima. At\u00e9 o fechamento desta edi\u00e7\u00e3o ele n\u00e3o havia sido preso.<br \/>\nrrr<br \/>\nDROGARIA furtada em Resende. Leandro Ramos de Souza, de 31 anos, foi preso na manh\u00e3 do dia 4 suspeito de ter furtado uma drogaria no bairro Cidade Alegria, em Resende, no final da tarde anterior. Ele foi flagrado por uma c\u00e2mera de seguran\u00e7a da loja enquanto furtava algumas mercadorias e, na manh\u00e3 seguinte, testemunhas o viram rodando o local e chamaram a Pol\u00edcia Militar, que o prendeu e o encaminhou \u00e0 89\u00aa DP.<br \/>\nrrr<br \/>\nINC\u00caNDIO. A aut\u00f4noma Talita da Silva Rodrigues, de 27 anos, se feriu em um inc\u00eandio acidental em sua casa, em um pr\u00e9dio da Cidade Alegria, em Resende, na manh\u00e3 do dia 5. Ela n\u00e3o chegou a se queimar, mas devido \u00e0 intoxica\u00e7\u00e3o teve que ser atendida no Hospital de Emerg\u00eancia e j\u00e1 foi liberada. O filho dela, uma crian\u00e7a de oito anos que tamb\u00e9m estava na casa, foi encaminhado para o Hospital da Crian\u00e7a e segue internado na Neovida.<br \/>\nrrr<br \/>\nRECUPERA\u00c7\u00c3O de carro. Um Fiat Uno verde de um morador do bairro Cabral, em Resende, foi encontrado abandonado e com as portas abertas na Fazenda da Barra 3, na noite do dia 7. Estavam faltando bateria, r\u00e1dio com cd, chave de roda e estepe. A Pol\u00edcia Militar n\u00e3o divulgou quando o ve\u00edculo havia sido levado.<br \/>\nrrr<br \/>\nCRACK. Anderson Diogo dos Reis, o Dez Centavos, de 22 anos, e o servente de pedreiro Wallace Alvarenga de Carvalho, de 20 anos, foram presos em flagrante com crack na madrugada do dia 7 para o dia 8, no bairro Campo Alegre, em Itatiaia. Ap\u00f3s den\u00fancias, policiais militares observaram a movimenta\u00e7\u00e3o de uma casa em que uma das pessoas ficava na laje com as drogas e o outro descia para receber o dinheiro, assim que os usu\u00e1rios que estavam na rua acendiam um isqueiro. Os agentes subiram na laje e encontraram os dois vendendo a droga a uma terceira pessoa e os deteve. Foram encontradas 12 pedras de crack, R$ 40 e uma tesoura. Reis e Carvalho ficaram detidos na 99\u00aa DP e o terceiro homem foi liberado ap\u00f3s prestar esclarecimentos.<br \/>\nrrr<br \/>\nADOLESCENTE apreendido. Um adolescente de 16 anos foi apreendido ap\u00f3s confessar que estava vendendo drogas na tarde do dia 7, no bairro Morada do Contorno, em Resende. Policiais Militares relataram que faziam patrulhamento na \u00e1rea quando foram avisados sobre dois homens vendendo drogas na regi\u00e3o, sendo um deles o adolescente. Os agentes o abordaram e encontraram com ele uma trouxinha de maconha, R$ 135 e um aparelho de telefone celular. Ele confessou que havia vendido outras 17 trouxinhas e ficou apreendido na 89\u00aa DP por fato an\u00e1logo ao tr\u00e1fico de drogas.<br \/>\nrrr<br \/>\nCARRO x carro. A dona de casa Eliana Lourdes Barboza da Silva, de 38 anos, e o servente Jo\u00e3o Batista, de 36 anos, se feriram na batida entre dois carros na Capelinha, em Resende, na madrugada do dia 5. Eles foram atendidos no Hospital de Emerg\u00eancia. A veterin\u00e1ria Bruna Bruno Cambraia, de 33 anos, tamb\u00e9m se feriu na batida entre dois carros em frente ao Hospital de Porto Real, na tarde do dia 8. Ela foi socorrida e depois transferida para o Hospital de Emerg\u00eancia de Resende.<br \/>\nrrr<br \/>\nLEI seca. Um homem de 51 anos foi preso em flagrante suspeito de dirigir embriagado na noite do dia 4, no Km 306 da Rodovia Presidente Dutra, em Resende. Ele foi abordado pela Pol\u00edcia Rodovi\u00e1ria Federal (PRF), que percebeu que o Fiat Uno branco conduzido pelo homem estava andando em ziguezague. Ele foi submetido ao teste do baf\u00f4metro que acusou 0,98 miligramas de \u00e1lcool por litro em seu sangue e ficou detido na 89\u00aa DP at\u00e9 pagar a fian\u00e7a de R$ 600.<br \/>\nrrr<br \/>\nPAULADA e tiro. O lavrador Ad\u00e3o Jesus de Souza, o D\u00e3o, de 54 anos, foi internado no Hospital de Emerg\u00eancia, em Resende, com marcas de tiros e pauladas na tarde do dia 5. Ele se envolveu em uma briga na Vila de Rio Preto, em Visconde de Mau\u00e1, onde recebeu tiros e a paulada, sendo socorrido e levado ao hospital por familiares. A Pol\u00edcia Civil registrou o caso como tentativa de homic\u00eddio e j\u00e1 come\u00e7ou a coletar depoimentos, mas at\u00e9 o fechamento desta edi\u00e7\u00e3o ningu\u00e9m havia sido preso.<br \/>\nrrr<br \/>\nATROPELAMENTOS. Uma estudante de 14 anos foi atropelada na Cidade Alegria, em Resende, na noite do dia 2. O servente de pedreiro Jos\u00e9 Luis Afonso, de 43 anos, foi atropelado pr\u00f3ximo a um Campo de Futebol do bairro Cidade Alegria, na tarde do dia 6. A aut\u00f4noma Scarlet Okloone de Oliveira Coutinho, de 18anos, foi atropelada por um carro enquanto andava de bicicleta pr\u00f3ximo a um posto de gasolina no Km 01 da RJ 163, na tarde do dia 6. O gar\u00e7om Antonio Regino Rodrigues, de 32 anos, foi atropelado por uma moto no bairro Novo Surubi, na tarde do dia 8. Todos foram atendidos no Hospital de Emerg\u00eancia, em Resende.<br \/>\nrrr<br \/>\nMOTOS. O montador Rafael Oliveira Tavares, de 24 anos, caiu de moto pr\u00f3ximo a uma universidade do bairro Jardim Bras\u00edlia, em Resende, na noite do dia 4. O vendedor Alex Sandro Andrade da Silva, de 24 anos, caiu de moto na Baixada Olaria, na tarde do dia 5. Severino Soares dos Santos, de 53 anos, caiu de moto na manh\u00e3 do dia 6, na Rodovia Presidente Dutra, pr\u00f3ximo ao Parque Embaixador. O taxista Alexander Junior Viana de Brito, de 21 anos, caiu de moto no bairro Morada da Colina, na tarde do dia 6. O operador de ro\u00e7adeira Francisco de Paula Gon\u00e7alves, de 35 anos, caiu de moto no Polo Industrial, em Porto Real, na madrugada do dia 7. A cobradora Suelly Priscila Lopes Pires, de 24 anos, caiu de moto em frente \u00e0 Policl\u00ednica do Para\u00edso, na tarde do dia 8. Todos foram atendidos no Hospital de Emerg\u00eancia, em Resende.<br \/>\nrrr<br \/>\nBICICLETA x moto. O padeiro Gabriel Gon\u00e7alves, de 19 anos, se feriu na batida entre uma moto e uma bicicleta pr\u00f3ximo ao DPO da Cidade Alegria, em Resende, na tarde do dia 8. Ele foi atendido no Hospital de Emerg\u00eancia.<br \/>\nrrr<br \/>\nQUEDA. A vendedora Rafaela da Concei\u00e7\u00e3o Campos, de 33 anos, que mora na Itapuca, em Resende, caiu de um \u00f4nibus da Via\u00e7\u00e3o S\u00e3o Miguel, na manh\u00e3 do dia 4. Ela foi atendida no Hospital de Emerg\u00eancia.<br \/>\nrrr<br \/>\nAGRESS\u00c3O. 15 pessoas deram entrada no Hospital de Emerg\u00eancia nesta semana afirmando terem sido agredidas. Destes, nove eram homens e seis mulheres. Os registros no hospital foram feitos entre os dias 1\u00ba e 8 de agosto.<br \/>\nrrr<br \/>\nMORTO a tiros. O aut\u00f4nomo Ruan Pereira Carvalho Bertuani, de 25 anos, morreu na tarde do dia 9, no Hospital de Emerg\u00eancia. Ele teve lacera\u00e7\u00e3o e hemorragia pulmonares, infec\u00e7\u00e3o pulmonar e ferimento por proj\u00e9til de arma de fogo e edema cerebral e estava internado desde o dia 28, quando foi baleado pelo enteado, Raphael Henrique Toshio Dato Maeda, de 19 anos. Na ocasi\u00e3o, o Raphael relatou que o padrasto havia brigado com or irm\u00e3os mais novo e com sua m\u00e3e, chegando a agredi-la. Ele amea\u00e7ou o padrasto, mas a m\u00e3e interveio e nada aconteceu. Mais tarde, quando ela saiu para trabalhar, Raphael deu dois tiros no padrasto e fugiu pela Rodovia Presidente Dutra, em dire\u00e7\u00e3o a Barra Mansa, ap\u00f3s interceptar um desconhecido que passava de carro. Houve persegui\u00e7\u00e3o policial e o rapaz foi preso em flagrante pr\u00f3ximo a Floriano. Enquanto isso, Ruan era socorrido por vizinhos e chegou em estado grav\u00edssimo no Hospital de Emerg\u00eancia, onde ficou internado no CTI.<\/p>\n","protected":false},"excerpt":{"rendered":"<p>ASSALTO e agress\u00e3o. Uma comerciante de 22 anos foi agredida em sua loja de produtos agropecu\u00e1rios na noite do dia 8, no bairro Morada<\/p>\n","protected":false},"author":1,"featured_media":0,"comment_status":"open","ping_status":"open","sticky":false,"template":"","format":"standard","meta":{"pmpro_default_level":"","footnotes":""},"categories":[10],"tags":[155],"class_list":["post-33263","post","type-post","status-publish","format-standard","hentry","category-policia","tag-dehoraemhora","pmpro-has-access"],"yoast_head":"<!-- This site is optimized with the Yoast SEO plugin v27.4 - https:\/\/yoast.com\/product\/yoast-seo-wordpress\/ -->\n<title>Caso de Pol\u00edcia - JORNAL BEIRA RIO<\/title>\n<meta name=\"robots\" content=\"index, follow, max-snippet:-1, max-image-preview:large, max-video-preview:-1\" \/>\n<link rel=\"canonical\" href=\"https:\/\/jornalbeirario.com.br\/portal\/?p=33263\" \/>\n<meta property=\"og:locale\" content=\"pt_BR\" \/>\n<meta property=\"og:type\" content=\"article\" \/>\n<meta property=\"og:title\" content=\"Caso de Pol\u00edcia - JORNAL BEIRA RIO\" \/>\n<meta property=\"og:description\" content=\"ASSALTO e agress\u00e3o. Uma comerciante de 22 anos foi agredida em sua loja de produtos agropecu\u00e1rios na noite do dia 8, no bairro Morada\" \/>\n<meta property=\"og:url\" content=\"https:\/\/jornalbeirario.com.br\/portal\/?p=33263\" \/>\n<meta property=\"og:site_name\" content=\"JORNAL BEIRA RIO\" \/>\n<meta property=\"article:published_time\" content=\"2015-09-11T11:58:15+00:00\" \/>\n<meta name=\"author\" content=\"Jornal BEIRA-RIO\" \/>\n<meta name=\"twitter:card\" content=\"summary_large_image\" \/>\n<meta name=\"twitter:label1\" content=\"Escrito por\" \/>\n\t<meta name=\"twitter:data1\" content=\"Jornal BEIRA-RIO\" \/>\n\t<meta name=\"twitter:label2\" content=\"Est. tempo de leitura\" \/>\n\t<meta name=\"twitter:data2\" content=\"8 minutos\" \/>\n<script type=\"application\/ld+json\" class=\"yoast-schema-graph\">{\"@context\":\"https:\\\/\\\/schema.org\",\"@graph\":[{\"@type\":\"Article\",\"@id\":\"https:\\\/\\\/jornalbeirario.com.br\\\/portal\\\/?p=33263#article\",\"isPartOf\":{\"@id\":\"https:\\\/\\\/jornalbeirario.com.br\\\/portal\\\/?p=33263\"},\"author\":{\"name\":\"Jornal BEIRA-RIO\",\"@id\":\"https:\\\/\\\/jornalbeirario.com.br\\\/portal\\\/#\\\/schema\\\/person\\\/c6c423e4c2465d2a9233f6539173e7c1\"},\"headline\":\"Caso de Pol\u00edcia\",\"datePublished\":\"2015-09-11T11:58:15+00:00\",\"mainEntityOfPage\":{\"@id\":\"https:\\\/\\\/jornalbeirario.com.br\\\/portal\\\/?p=33263\"},\"wordCount\":1616,\"commentCount\":0,\"publisher\":{\"@id\":\"https:\\\/\\\/jornalbeirario.com.br\\\/portal\\\/#organization\"},\"keywords\":[\"dehoraemhora\"],\"articleSection\":[\"Pol\u00edcia\"],\"inLanguage\":\"pt-BR\",\"potentialAction\":[{\"@type\":\"CommentAction\",\"name\":\"Comment\",\"target\":[\"https:\\\/\\\/jornalbeirario.com.br\\\/portal\\\/?p=33263#respond\"]}]},{\"@type\":\"WebPage\",\"@id\":\"https:\\\/\\\/jornalbeirario.com.br\\\/portal\\\/?p=33263\",\"url\":\"https:\\\/\\\/jornalbeirario.com.br\\\/portal\\\/?p=33263\",\"name\":\"Caso de Pol\u00edcia - JORNAL BEIRA RIO\",\"isPartOf\":{\"@id\":\"https:\\\/\\\/jornalbeirario.com.br\\\/portal\\\/#website\"},\"datePublished\":\"2015-09-11T11:58:15+00:00\",\"breadcrumb\":{\"@id\":\"https:\\\/\\\/jornalbeirario.com.br\\\/portal\\\/?p=33263#breadcrumb\"},\"inLanguage\":\"pt-BR\",\"potentialAction\":[{\"@type\":\"ReadAction\",\"target\":[\"https:\\\/\\\/jornalbeirario.com.br\\\/portal\\\/?p=33263\"]}]},{\"@type\":\"BreadcrumbList\",\"@id\":\"https:\\\/\\\/jornalbeirario.com.br\\\/portal\\\/?p=33263#breadcrumb\",\"itemListElement\":[{\"@type\":\"ListItem\",\"position\":1,\"name\":\"Home\",\"item\":\"https:\\\/\\\/jornalbeirario.com.br\\\/portal\"},{\"@type\":\"ListItem\",\"position\":2,\"name\":\"Caso de Pol\u00edcia\"}]},{\"@type\":\"WebSite\",\"@id\":\"https:\\\/\\\/jornalbeirario.com.br\\\/portal\\\/#website\",\"url\":\"https:\\\/\\\/jornalbeirario.com.br\\\/portal\\\/\",\"name\":\"JORNAL BEIRA RIO\",\"description\":\"\",\"publisher\":{\"@id\":\"https:\\\/\\\/jornalbeirario.com.br\\\/portal\\\/#organization\"},\"potentialAction\":[{\"@type\":\"SearchAction\",\"target\":{\"@type\":\"EntryPoint\",\"urlTemplate\":\"https:\\\/\\\/jornalbeirario.com.br\\\/portal\\\/?s={search_term_string}\"},\"query-input\":{\"@type\":\"PropertyValueSpecification\",\"valueRequired\":true,\"valueName\":\"search_term_string\"}}],\"inLanguage\":\"pt-BR\"},{\"@type\":\"Organization\",\"@id\":\"https:\\\/\\\/jornalbeirario.com.br\\\/portal\\\/#organization\",\"name\":\"JORNAL BEIRA RIO\",\"url\":\"https:\\\/\\\/jornalbeirario.com.br\\\/portal\\\/\",\"logo\":{\"@type\":\"ImageObject\",\"inLanguage\":\"pt-BR\",\"@id\":\"https:\\\/\\\/jornalbeirario.com.br\\\/portal\\\/#\\\/schema\\\/logo\\\/image\\\/\",\"url\":\"https:\\\/\\\/jornalbeirario.com.br\\\/portal\\\/wp-content\\\/uploads\\\/2017\\\/09\\\/BEIRA-RIO_logo600.png\",\"contentUrl\":\"https:\\\/\\\/jornalbeirario.com.br\\\/portal\\\/wp-content\\\/uploads\\\/2017\\\/09\\\/BEIRA-RIO_logo600.png\",\"width\":650,\"height\":108,\"caption\":\"JORNAL BEIRA RIO\"},\"image\":{\"@id\":\"https:\\\/\\\/jornalbeirario.com.br\\\/portal\\\/#\\\/schema\\\/logo\\\/image\\\/\"}},{\"@type\":\"Person\",\"@id\":\"https:\\\/\\\/jornalbeirario.com.br\\\/portal\\\/#\\\/schema\\\/person\\\/c6c423e4c2465d2a9233f6539173e7c1\",\"name\":\"Jornal BEIRA-RIO\",\"image\":{\"@type\":\"ImageObject\",\"inLanguage\":\"pt-BR\",\"@id\":\"https:\\\/\\\/jornalbeirario.com.br\\\/portal\\\/wp-content\\\/uploads\\\/2023\\\/10\\\/logojbr1.jpg\",\"url\":\"https:\\\/\\\/jornalbeirario.com.br\\\/portal\\\/wp-content\\\/uploads\\\/2023\\\/10\\\/logojbr1.jpg\",\"contentUrl\":\"https:\\\/\\\/jornalbeirario.com.br\\\/portal\\\/wp-content\\\/uploads\\\/2023\\\/10\\\/logojbr1.jpg\",\"caption\":\"Jornal BEIRA-RIO\"},\"url\":\"https:\\\/\\\/jornalbeirario.com.br\\\/portal\\\/?author=1\"}]}<\/script>\n<!-- \/ Yoast SEO plugin. -->","yoast_head_json":{"title":"Caso de Pol\u00edcia - JORNAL BEIRA RIO","robots":{"index":"index","follow":"follow","max-snippet":"max-snippet:-1","max-image-preview":"max-image-preview:large","max-video-preview":"max-video-preview:-1"},"canonical":"https:\/\/jornalbeirario.com.br\/portal\/?p=33263","og_locale":"pt_BR","og_type":"article","og_title":"Caso de Pol\u00edcia - JORNAL BEIRA RIO","og_description":"ASSALTO e agress\u00e3o. Uma comerciante de 22 anos foi agredida em sua loja de produtos agropecu\u00e1rios na noite do dia 8, no bairro Morada","og_url":"https:\/\/jornalbeirario.com.br\/portal\/?p=33263","og_site_name":"JORNAL BEIRA RIO","article_published_time":"2015-09-11T11:58:15+00:00","author":"Jornal BEIRA-RIO","twitter_card":"summary_large_image","twitter_misc":{"Escrito por":"Jornal BEIRA-RIO","Est. tempo de leitura":"8 minutos"},"schema":{"@context":"https:\/\/schema.org","@graph":[{"@type":"Article","@id":"https:\/\/jornalbeirario.com.br\/portal\/?p=33263#article","isPartOf":{"@id":"https:\/\/jornalbeirario.com.br\/portal\/?p=33263"},"author":{"name":"Jornal BEIRA-RIO","@id":"https:\/\/jornalbeirario.com.br\/portal\/#\/schema\/person\/c6c423e4c2465d2a9233f6539173e7c1"},"headline":"Caso de Pol\u00edcia","datePublished":"2015-09-11T11:58:15+00:00","mainEntityOfPage":{"@id":"https:\/\/jornalbeirario.com.br\/portal\/?p=33263"},"wordCount":1616,"commentCount":0,"publisher":{"@id":"https:\/\/jornalbeirario.com.br\/portal\/#organization"},"keywords":["dehoraemhora"],"articleSection":["Pol\u00edcia"],"inLanguage":"pt-BR","potentialAction":[{"@type":"CommentAction","name":"Comment","target":["https:\/\/jornalbeirario.com.br\/portal\/?p=33263#respond"]}]},{"@type":"WebPage","@id":"https:\/\/jornalbeirario.com.br\/portal\/?p=33263","url":"https:\/\/jornalbeirario.com.br\/portal\/?p=33263","name":"Caso de Pol\u00edcia - JORNAL BEIRA RIO","isPartOf":{"@id":"https:\/\/jornalbeirario.com.br\/portal\/#website"},"datePublished":"2015-09-11T11:58:15+00:00","breadcrumb":{"@id":"https:\/\/jornalbeirario.com.br\/portal\/?p=33263#breadcrumb"},"inLanguage":"pt-BR","potentialAction":[{"@type":"ReadAction","target":["https:\/\/jornalbeirario.com.br\/portal\/?p=33263"]}]},{"@type":"BreadcrumbList","@id":"https:\/\/jornalbeirario.com.br\/portal\/?p=33263#breadcrumb","itemListElement":[{"@type":"ListItem","position":1,"name":"Home","item":"https:\/\/jornalbeirario.com.br\/portal"},{"@type":"ListItem","position":2,"name":"Caso de Pol\u00edcia"}]},{"@type":"WebSite","@id":"https:\/\/jornalbeirario.com.br\/portal\/#website","url":"https:\/\/jornalbeirario.com.br\/portal\/","name":"JORNAL BEIRA RIO","description":"","publisher":{"@id":"https:\/\/jornalbeirario.com.br\/portal\/#organization"},"potentialAction":[{"@type":"SearchAction","target":{"@type":"EntryPoint","urlTemplate":"https:\/\/jornalbeirario.com.br\/portal\/?s={search_term_string}"},"query-input":{"@type":"PropertyValueSpecification","valueRequired":true,"valueName":"search_term_string"}}],"inLanguage":"pt-BR"},{"@type":"Organization","@id":"https:\/\/jornalbeirario.com.br\/portal\/#organization","name":"JORNAL BEIRA RIO","url":"https:\/\/jornalbeirario.com.br\/portal\/","logo":{"@type":"ImageObject","inLanguage":"pt-BR","@id":"https:\/\/jornalbeirario.com.br\/portal\/#\/schema\/logo\/image\/","url":"https:\/\/jornalbeirario.com.br\/portal\/wp-content\/uploads\/2017\/09\/BEIRA-RIO_logo600.png","contentUrl":"https:\/\/jornalbeirario.com.br\/portal\/wp-content\/uploads\/2017\/09\/BEIRA-RIO_logo600.png","width":650,"height":108,"caption":"JORNAL BEIRA RIO"},"image":{"@id":"https:\/\/jornalbeirario.com.br\/portal\/#\/schema\/logo\/image\/"}},{"@type":"Person","@id":"https:\/\/jornalbeirario.com.br\/portal\/#\/schema\/person\/c6c423e4c2465d2a9233f6539173e7c1","name":"Jornal BEIRA-RIO","image":{"@type":"ImageObject","inLanguage":"pt-BR","@id":"https:\/\/jornalbeirario.com.br\/portal\/wp-content\/uploads\/2023\/10\/logojbr1.jpg","url":"https:\/\/jornalbeirario.com.br\/portal\/wp-content\/uploads\/2023\/10\/logojbr1.jpg","contentUrl":"https:\/\/jornalbeirario.com.br\/portal\/wp-content\/uploads\/2023\/10\/logojbr1.jpg","caption":"Jornal BEIRA-RIO"},"url":"https:\/\/jornalbeirario.com.br\/portal\/?author=1"}]}},"_links":{"self":[{"href":"https:\/\/jornalbeirario.com.br\/portal\/index.php?rest_route=\/wp\/v2\/posts\/33263","targetHints":{"allow":["GET"]}}],"collection":[{"href":"https:\/\/jornalbeirario.com.br\/portal\/index.php?rest_route=\/wp\/v2\/posts"}],"about":[{"href":"https:\/\/jornalbeirario.com.br\/portal\/index.php?rest_route=\/wp\/v2\/types\/post"}],"author":[{"embeddable":true,"href":"https:\/\/jornalbeirario.com.br\/portal\/index.php?rest_route=\/wp\/v2\/users\/1"}],"replies":[{"embeddable":true,"href":"https:\/\/jornalbeirario.com.br\/portal\/index.php?rest_route=%2Fwp%2Fv2%2Fcomments&post=33263"}],"version-history":[{"count":2,"href":"https:\/\/jornalbeirario.com.br\/portal\/index.php?rest_route=\/wp\/v2\/posts\/33263\/revisions"}],"predecessor-version":[{"id":33284,"href":"https:\/\/jornalbeirario.com.br\/portal\/index.php?rest_route=\/wp\/v2\/posts\/33263\/revisions\/33284"}],"wp:attachment":[{"href":"https:\/\/jornalbeirario.com.br\/portal\/index.php?rest_route=%2Fwp%2Fv2%2Fmedia&parent=33263"}],"wp:term":[{"taxonomy":"category","embeddable":true,"href":"https:\/\/jornalbeirario.com.br\/portal\/index.php?rest_route=%2Fwp%2Fv2%2Fcategories&post=33263"},{"taxonomy":"post_tag","embeddable":true,"href":"https:\/\/jornalbeirario.com.br\/portal\/index.php?rest_route=%2Fwp%2Fv2%2Ftags&post=33263"}],"curies":[{"name":"wp","href":"https:\/\/api.w.org\/{rel}","templated":true}]}}