
{"id":32666,"date":"2015-08-21T09:24:07","date_gmt":"2015-08-21T09:24:07","guid":{"rendered":"http:\/\/jornalbeirario.com.br\/portal\/portal\/?p=32666"},"modified":"2015-08-21T21:44:44","modified_gmt":"2015-08-21T21:44:44","slug":"resenprevi-deve-votar-contra-atico","status":"publish","type":"post","link":"https:\/\/jornalbeirario.com.br\/portal\/?p=32666","title":{"rendered":"Resenprevi deve votar contra \u00c1tico"},"content":{"rendered":"<p style=\"text-align: justify;\"><a href=\"https:\/\/jornalbeirario.com.br\/portal\/wp-content\/uploads\/2015\/08\/chumbinho1.jpg\"><img loading=\"lazy\" decoding=\"async\" class=\"alignleft size-medium wp-image-32637\" title=\"chumbinho1\" src=\"https:\/\/jornalbeirario.com.br\/portal\/wp-content\/uploads\/2015\/08\/chumbinho1-300x225.jpg\" alt=\"\" width=\"300\" height=\"225\" srcset=\"https:\/\/jornalbeirario.com.br\/portal\/wp-content\/uploads\/2015\/08\/chumbinho1-300x225.jpg 300w, https:\/\/jornalbeirario.com.br\/portal\/wp-content\/uploads\/2015\/08\/chumbinho1.jpg 640w\" sizes=\"auto, (max-width: 300px) 100vw, 300px\" \/><\/a>O presidente do Instituto de Previd\u00eancia dos Servidores P\u00fablicos de Resende (Resenprevi), Ant\u00f4nio Geraldo Dias Peixoto, o Chumbinho (foto), revelou nesta semana que o instituto levaria argumentos contr\u00e1rios \u00e0 ades\u00e3o do Resenprevi ao fundo de energia da empresa \u00c1tico na reuni\u00e3o de seu conselho deliberativo, realizada no dia 20, ap\u00f3s o fechamento desta edi\u00e7\u00e3o. No dia 11, a empresa havia feito uma apresenta\u00e7\u00e3o ao instituto prometendo altos rendimentos com a aplica\u00e7\u00e3o e levando inseguran\u00e7a aos servidores, j\u00e1 que \u00e9 o Resenprevi que custeia suas aposentadorias.<\/p>\n<p style=\"text-align: justify;\">\u2014 Ainda n\u00e3o respondemos, mas na quinta-feira (dia 20), na pr\u00f3xima reuni\u00e3o do conselho deliberativo, levaremos argumentos para votar contra. \u00c9 um fundo s\u00f3 de energia e evitamos investimentos em s\u00f3 um tipo de papel. E a internet hoje \u00e9 muito boa nesse sentido, se quero saber se algu\u00e9m \u00e9 uma boa pessoa \u00e9 s\u00f3 colocar o nome completo. O mercado financeiro \u00e9 muito sens\u00edvel, ent\u00e3o imagine pegar uma empresa que s\u00f3 tem um tipo de papel e com risco institucional \u2013 declarou Chumbinho.<\/p>\n<p style=\"text-align: justify;\">A pol\u00eamica em torno do investimento come\u00e7ou inicialmente porque a reuni\u00e3o em que a empresa apresentou a proposta de investimento aconteceu a portas fechadas, na prefeitura de Resende e sem a participa\u00e7\u00e3o da empresa que presta consultoria ao Resenprevi, a Cr\u00e9dito e Mercado Gest\u00e3o de Valores Imobili\u00e1rios. Al\u00e9m disso, a empresa \u00e9 mencionada pela Pol\u00edcia Federal em uma opera\u00e7\u00e3o que investiga fundos de investimentos que ajudaram a \u201cquebrar\u201d institutos municipais de previd\u00eancia do pa\u00eds.<\/p>\n<p style=\"text-align: justify;\"><em>Leia mais sobre a mat\u00e9ria no jornal <strong>BEIRA-RIO<\/strong>. Assine j\u00e1!<\/em><\/p>\n<p style=\"text-align: justify;\">\n<p style=\"text-align: justify;\">Nota da reda\u00e7\u00e3o: Na noite de quinta-feira, dia 20, Ant\u00f4nio Geraldo Dias Peixoto, confirmou a informa\u00e7\u00e3o que havia antecipado em entrevista exclusiva ao <strong>BEIRA-RIO<\/strong> de que na reuni\u00e3o realizada poucas horas antes o conselho do Resenprevi havia negado o investimento proposto pela \u00c1tico.<\/p>\n<p style=\"text-align: justify;\">J\u00e1 a empresa, em nome do Grupo \u00c1tico,\u00a0 informou em nota enviada ao jornal <strong>BEIRA-RIO<\/strong> no final da tarde desta sexta-feira, dia 21, que &#8220;atua com elevados instrumentos de governan\u00e7a, processos de controles internos e ferramentas jur\u00eddicas para garantir idoneidade de seus investimentos e opera\u00e7\u00f5es&#8221;. Ainda de acordo com a assessoria de comunica\u00e7\u00e3o, uma de suas empresas, a Bolt Energias, &#8220;acaba de receber um rating \u2018A-(bra)\u2019 da Fitch, uma das tr\u00eas maiores ag\u00eancias de classifica\u00e7\u00e3o de riscos do mundo, por sua capacidade de gest\u00e3o, perfil satisfat\u00f3rio de cr\u00e9dito e desenvolvimento operacional sustent\u00e1vel&#8221;.<\/p>\n","protected":false},"excerpt":{"rendered":"<p>O presidente do Instituto de Previd\u00eancia dos Servidores P\u00fablicos de Resende (Resenprevi), Ant\u00f4nio Geraldo Dias Peixoto, o Chumbinho (foto), revelou nesta semana que o<\/p>\n","protected":false},"author":1,"featured_media":32637,"comment_status":"open","ping_status":"open","sticky":false,"template":"","format":"standard","meta":{"pmpro_default_level":"","footnotes":""},"categories":[11],"tags":[],"class_list":["post-32666","post","type-post","status-publish","format-standard","has-post-thumbnail","hentry","category-politica","pmpro-has-access"],"yoast_head":"<!-- This site is optimized with the Yoast SEO plugin v27.4 - https:\/\/yoast.com\/product\/yoast-seo-wordpress\/ -->\n<title>Resenprevi deve votar contra \u00c1tico - JORNAL BEIRA RIO<\/title>\n<meta name=\"robots\" content=\"index, follow, max-snippet:-1, max-image-preview:large, max-video-preview:-1\" \/>\n<link rel=\"canonical\" href=\"https:\/\/jornalbeirario.com.br\/portal\/?p=32666\" \/>\n<meta property=\"og:locale\" content=\"pt_BR\" \/>\n<meta property=\"og:type\" content=\"article\" \/>\n<meta property=\"og:title\" content=\"Resenprevi deve votar contra \u00c1tico - JORNAL BEIRA RIO\" \/>\n<meta property=\"og:description\" content=\"O presidente do Instituto de Previd\u00eancia dos Servidores P\u00fablicos de Resende (Resenprevi), Ant\u00f4nio Geraldo Dias Peixoto, o Chumbinho (foto), revelou nesta semana que o\" \/>\n<meta property=\"og:url\" content=\"https:\/\/jornalbeirario.com.br\/portal\/?p=32666\" \/>\n<meta property=\"og:site_name\" content=\"JORNAL BEIRA RIO\" \/>\n<meta property=\"article:published_time\" content=\"2015-08-21T09:24:07+00:00\" \/>\n<meta property=\"article:modified_time\" content=\"2015-08-21T21:44:44+00:00\" \/>\n<meta property=\"og:image\" content=\"https:\/\/jornalbeirario.com.br\/portal\/wp-content\/uploads\/2015\/08\/chumbinho1.jpg\" \/>\n\t<meta property=\"og:image:width\" content=\"640\" \/>\n\t<meta property=\"og:image:height\" content=\"480\" \/>\n\t<meta property=\"og:image:type\" content=\"image\/jpeg\" \/>\n<meta name=\"author\" content=\"Jornal BEIRA-RIO\" \/>\n<meta name=\"twitter:card\" content=\"summary_large_image\" \/>\n<meta name=\"twitter:label1\" content=\"Escrito por\" \/>\n\t<meta name=\"twitter:data1\" content=\"Jornal BEIRA-RIO\" \/>\n\t<meta name=\"twitter:label2\" content=\"Est. tempo de leitura\" \/>\n\t<meta name=\"twitter:data2\" content=\"2 minutos\" \/>\n<script type=\"application\/ld+json\" class=\"yoast-schema-graph\">{\"@context\":\"https:\\\/\\\/schema.org\",\"@graph\":[{\"@type\":\"Article\",\"@id\":\"https:\\\/\\\/jornalbeirario.com.br\\\/portal\\\/?p=32666#article\",\"isPartOf\":{\"@id\":\"https:\\\/\\\/jornalbeirario.com.br\\\/portal\\\/?p=32666\"},\"author\":{\"name\":\"Jornal BEIRA-RIO\",\"@id\":\"https:\\\/\\\/jornalbeirario.com.br\\\/portal\\\/#\\\/schema\\\/person\\\/c6c423e4c2465d2a9233f6539173e7c1\"},\"headline\":\"Resenprevi deve votar contra \u00c1tico\",\"datePublished\":\"2015-08-21T09:24:07+00:00\",\"dateModified\":\"2015-08-21T21:44:44+00:00\",\"mainEntityOfPage\":{\"@id\":\"https:\\\/\\\/jornalbeirario.com.br\\\/portal\\\/?p=32666\"},\"wordCount\":424,\"commentCount\":0,\"publisher\":{\"@id\":\"https:\\\/\\\/jornalbeirario.com.br\\\/portal\\\/#organization\"},\"image\":{\"@id\":\"https:\\\/\\\/jornalbeirario.com.br\\\/portal\\\/?p=32666#primaryimage\"},\"thumbnailUrl\":\"https:\\\/\\\/jornalbeirario.com.br\\\/portal\\\/wp-content\\\/uploads\\\/2015\\\/08\\\/chumbinho1.jpg\",\"articleSection\":[\"Pol\u00edtica\"],\"inLanguage\":\"pt-BR\",\"potentialAction\":[{\"@type\":\"CommentAction\",\"name\":\"Comment\",\"target\":[\"https:\\\/\\\/jornalbeirario.com.br\\\/portal\\\/?p=32666#respond\"]}]},{\"@type\":\"WebPage\",\"@id\":\"https:\\\/\\\/jornalbeirario.com.br\\\/portal\\\/?p=32666\",\"url\":\"https:\\\/\\\/jornalbeirario.com.br\\\/portal\\\/?p=32666\",\"name\":\"Resenprevi deve votar contra \u00c1tico - JORNAL BEIRA RIO\",\"isPartOf\":{\"@id\":\"https:\\\/\\\/jornalbeirario.com.br\\\/portal\\\/#website\"},\"primaryImageOfPage\":{\"@id\":\"https:\\\/\\\/jornalbeirario.com.br\\\/portal\\\/?p=32666#primaryimage\"},\"image\":{\"@id\":\"https:\\\/\\\/jornalbeirario.com.br\\\/portal\\\/?p=32666#primaryimage\"},\"thumbnailUrl\":\"https:\\\/\\\/jornalbeirario.com.br\\\/portal\\\/wp-content\\\/uploads\\\/2015\\\/08\\\/chumbinho1.jpg\",\"datePublished\":\"2015-08-21T09:24:07+00:00\",\"dateModified\":\"2015-08-21T21:44:44+00:00\",\"breadcrumb\":{\"@id\":\"https:\\\/\\\/jornalbeirario.com.br\\\/portal\\\/?p=32666#breadcrumb\"},\"inLanguage\":\"pt-BR\",\"potentialAction\":[{\"@type\":\"ReadAction\",\"target\":[\"https:\\\/\\\/jornalbeirario.com.br\\\/portal\\\/?p=32666\"]}]},{\"@type\":\"ImageObject\",\"inLanguage\":\"pt-BR\",\"@id\":\"https:\\\/\\\/jornalbeirario.com.br\\\/portal\\\/?p=32666#primaryimage\",\"url\":\"https:\\\/\\\/jornalbeirario.com.br\\\/portal\\\/wp-content\\\/uploads\\\/2015\\\/08\\\/chumbinho1.jpg\",\"contentUrl\":\"https:\\\/\\\/jornalbeirario.com.br\\\/portal\\\/wp-content\\\/uploads\\\/2015\\\/08\\\/chumbinho1.jpg\",\"width\":\"640\",\"height\":\"480\"},{\"@type\":\"BreadcrumbList\",\"@id\":\"https:\\\/\\\/jornalbeirario.com.br\\\/portal\\\/?p=32666#breadcrumb\",\"itemListElement\":[{\"@type\":\"ListItem\",\"position\":1,\"name\":\"Home\",\"item\":\"https:\\\/\\\/jornalbeirario.com.br\\\/portal\"},{\"@type\":\"ListItem\",\"position\":2,\"name\":\"Resenprevi deve votar contra \u00c1tico\"}]},{\"@type\":\"WebSite\",\"@id\":\"https:\\\/\\\/jornalbeirario.com.br\\\/portal\\\/#website\",\"url\":\"https:\\\/\\\/jornalbeirario.com.br\\\/portal\\\/\",\"name\":\"JORNAL BEIRA RIO\",\"description\":\"\",\"publisher\":{\"@id\":\"https:\\\/\\\/jornalbeirario.com.br\\\/portal\\\/#organization\"},\"potentialAction\":[{\"@type\":\"SearchAction\",\"target\":{\"@type\":\"EntryPoint\",\"urlTemplate\":\"https:\\\/\\\/jornalbeirario.com.br\\\/portal\\\/?s={search_term_string}\"},\"query-input\":{\"@type\":\"PropertyValueSpecification\",\"valueRequired\":true,\"valueName\":\"search_term_string\"}}],\"inLanguage\":\"pt-BR\"},{\"@type\":\"Organization\",\"@id\":\"https:\\\/\\\/jornalbeirario.com.br\\\/portal\\\/#organization\",\"name\":\"JORNAL BEIRA RIO\",\"url\":\"https:\\\/\\\/jornalbeirario.com.br\\\/portal\\\/\",\"logo\":{\"@type\":\"ImageObject\",\"inLanguage\":\"pt-BR\",\"@id\":\"https:\\\/\\\/jornalbeirario.com.br\\\/portal\\\/#\\\/schema\\\/logo\\\/image\\\/\",\"url\":\"https:\\\/\\\/jornalbeirario.com.br\\\/portal\\\/wp-content\\\/uploads\\\/2017\\\/09\\\/BEIRA-RIO_logo600.png\",\"contentUrl\":\"https:\\\/\\\/jornalbeirario.com.br\\\/portal\\\/wp-content\\\/uploads\\\/2017\\\/09\\\/BEIRA-RIO_logo600.png\",\"width\":650,\"height\":108,\"caption\":\"JORNAL BEIRA RIO\"},\"image\":{\"@id\":\"https:\\\/\\\/jornalbeirario.com.br\\\/portal\\\/#\\\/schema\\\/logo\\\/image\\\/\"}},{\"@type\":\"Person\",\"@id\":\"https:\\\/\\\/jornalbeirario.com.br\\\/portal\\\/#\\\/schema\\\/person\\\/c6c423e4c2465d2a9233f6539173e7c1\",\"name\":\"Jornal BEIRA-RIO\",\"image\":{\"@type\":\"ImageObject\",\"inLanguage\":\"pt-BR\",\"@id\":\"https:\\\/\\\/jornalbeirario.com.br\\\/portal\\\/wp-content\\\/uploads\\\/2023\\\/10\\\/logojbr1.jpg\",\"url\":\"https:\\\/\\\/jornalbeirario.com.br\\\/portal\\\/wp-content\\\/uploads\\\/2023\\\/10\\\/logojbr1.jpg\",\"contentUrl\":\"https:\\\/\\\/jornalbeirario.com.br\\\/portal\\\/wp-content\\\/uploads\\\/2023\\\/10\\\/logojbr1.jpg\",\"caption\":\"Jornal BEIRA-RIO\"},\"url\":\"https:\\\/\\\/jornalbeirario.com.br\\\/portal\\\/?author=1\"}]}<\/script>\n<!-- \/ Yoast SEO plugin. -->","yoast_head_json":{"title":"Resenprevi deve votar contra \u00c1tico - JORNAL BEIRA RIO","robots":{"index":"index","follow":"follow","max-snippet":"max-snippet:-1","max-image-preview":"max-image-preview:large","max-video-preview":"max-video-preview:-1"},"canonical":"https:\/\/jornalbeirario.com.br\/portal\/?p=32666","og_locale":"pt_BR","og_type":"article","og_title":"Resenprevi deve votar contra \u00c1tico - JORNAL BEIRA RIO","og_description":"O presidente do Instituto de Previd\u00eancia dos Servidores P\u00fablicos de Resende (Resenprevi), Ant\u00f4nio Geraldo Dias Peixoto, o Chumbinho (foto), revelou nesta semana que o","og_url":"https:\/\/jornalbeirario.com.br\/portal\/?p=32666","og_site_name":"JORNAL BEIRA RIO","article_published_time":"2015-08-21T09:24:07+00:00","article_modified_time":"2015-08-21T21:44:44+00:00","og_image":[{"width":640,"height":480,"url":"https:\/\/jornalbeirario.com.br\/portal\/wp-content\/uploads\/2015\/08\/chumbinho1.jpg","type":"image\/jpeg"}],"author":"Jornal BEIRA-RIO","twitter_card":"summary_large_image","twitter_misc":{"Escrito por":"Jornal BEIRA-RIO","Est. tempo de leitura":"2 minutos"},"schema":{"@context":"https:\/\/schema.org","@graph":[{"@type":"Article","@id":"https:\/\/jornalbeirario.com.br\/portal\/?p=32666#article","isPartOf":{"@id":"https:\/\/jornalbeirario.com.br\/portal\/?p=32666"},"author":{"name":"Jornal BEIRA-RIO","@id":"https:\/\/jornalbeirario.com.br\/portal\/#\/schema\/person\/c6c423e4c2465d2a9233f6539173e7c1"},"headline":"Resenprevi deve votar contra \u00c1tico","datePublished":"2015-08-21T09:24:07+00:00","dateModified":"2015-08-21T21:44:44+00:00","mainEntityOfPage":{"@id":"https:\/\/jornalbeirario.com.br\/portal\/?p=32666"},"wordCount":424,"commentCount":0,"publisher":{"@id":"https:\/\/jornalbeirario.com.br\/portal\/#organization"},"image":{"@id":"https:\/\/jornalbeirario.com.br\/portal\/?p=32666#primaryimage"},"thumbnailUrl":"https:\/\/jornalbeirario.com.br\/portal\/wp-content\/uploads\/2015\/08\/chumbinho1.jpg","articleSection":["Pol\u00edtica"],"inLanguage":"pt-BR","potentialAction":[{"@type":"CommentAction","name":"Comment","target":["https:\/\/jornalbeirario.com.br\/portal\/?p=32666#respond"]}]},{"@type":"WebPage","@id":"https:\/\/jornalbeirario.com.br\/portal\/?p=32666","url":"https:\/\/jornalbeirario.com.br\/portal\/?p=32666","name":"Resenprevi deve votar contra \u00c1tico - JORNAL BEIRA RIO","isPartOf":{"@id":"https:\/\/jornalbeirario.com.br\/portal\/#website"},"primaryImageOfPage":{"@id":"https:\/\/jornalbeirario.com.br\/portal\/?p=32666#primaryimage"},"image":{"@id":"https:\/\/jornalbeirario.com.br\/portal\/?p=32666#primaryimage"},"thumbnailUrl":"https:\/\/jornalbeirario.com.br\/portal\/wp-content\/uploads\/2015\/08\/chumbinho1.jpg","datePublished":"2015-08-21T09:24:07+00:00","dateModified":"2015-08-21T21:44:44+00:00","breadcrumb":{"@id":"https:\/\/jornalbeirario.com.br\/portal\/?p=32666#breadcrumb"},"inLanguage":"pt-BR","potentialAction":[{"@type":"ReadAction","target":["https:\/\/jornalbeirario.com.br\/portal\/?p=32666"]}]},{"@type":"ImageObject","inLanguage":"pt-BR","@id":"https:\/\/jornalbeirario.com.br\/portal\/?p=32666#primaryimage","url":"https:\/\/jornalbeirario.com.br\/portal\/wp-content\/uploads\/2015\/08\/chumbinho1.jpg","contentUrl":"https:\/\/jornalbeirario.com.br\/portal\/wp-content\/uploads\/2015\/08\/chumbinho1.jpg","width":"640","height":"480"},{"@type":"BreadcrumbList","@id":"https:\/\/jornalbeirario.com.br\/portal\/?p=32666#breadcrumb","itemListElement":[{"@type":"ListItem","position":1,"name":"Home","item":"https:\/\/jornalbeirario.com.br\/portal"},{"@type":"ListItem","position":2,"name":"Resenprevi deve votar contra \u00c1tico"}]},{"@type":"WebSite","@id":"https:\/\/jornalbeirario.com.br\/portal\/#website","url":"https:\/\/jornalbeirario.com.br\/portal\/","name":"JORNAL BEIRA RIO","description":"","publisher":{"@id":"https:\/\/jornalbeirario.com.br\/portal\/#organization"},"potentialAction":[{"@type":"SearchAction","target":{"@type":"EntryPoint","urlTemplate":"https:\/\/jornalbeirario.com.br\/portal\/?s={search_term_string}"},"query-input":{"@type":"PropertyValueSpecification","valueRequired":true,"valueName":"search_term_string"}}],"inLanguage":"pt-BR"},{"@type":"Organization","@id":"https:\/\/jornalbeirario.com.br\/portal\/#organization","name":"JORNAL BEIRA RIO","url":"https:\/\/jornalbeirario.com.br\/portal\/","logo":{"@type":"ImageObject","inLanguage":"pt-BR","@id":"https:\/\/jornalbeirario.com.br\/portal\/#\/schema\/logo\/image\/","url":"https:\/\/jornalbeirario.com.br\/portal\/wp-content\/uploads\/2017\/09\/BEIRA-RIO_logo600.png","contentUrl":"https:\/\/jornalbeirario.com.br\/portal\/wp-content\/uploads\/2017\/09\/BEIRA-RIO_logo600.png","width":650,"height":108,"caption":"JORNAL BEIRA RIO"},"image":{"@id":"https:\/\/jornalbeirario.com.br\/portal\/#\/schema\/logo\/image\/"}},{"@type":"Person","@id":"https:\/\/jornalbeirario.com.br\/portal\/#\/schema\/person\/c6c423e4c2465d2a9233f6539173e7c1","name":"Jornal BEIRA-RIO","image":{"@type":"ImageObject","inLanguage":"pt-BR","@id":"https:\/\/jornalbeirario.com.br\/portal\/wp-content\/uploads\/2023\/10\/logojbr1.jpg","url":"https:\/\/jornalbeirario.com.br\/portal\/wp-content\/uploads\/2023\/10\/logojbr1.jpg","contentUrl":"https:\/\/jornalbeirario.com.br\/portal\/wp-content\/uploads\/2023\/10\/logojbr1.jpg","caption":"Jornal BEIRA-RIO"},"url":"https:\/\/jornalbeirario.com.br\/portal\/?author=1"}]}},"_links":{"self":[{"href":"https:\/\/jornalbeirario.com.br\/portal\/index.php?rest_route=\/wp\/v2\/posts\/32666","targetHints":{"allow":["GET"]}}],"collection":[{"href":"https:\/\/jornalbeirario.com.br\/portal\/index.php?rest_route=\/wp\/v2\/posts"}],"about":[{"href":"https:\/\/jornalbeirario.com.br\/portal\/index.php?rest_route=\/wp\/v2\/types\/post"}],"author":[{"embeddable":true,"href":"https:\/\/jornalbeirario.com.br\/portal\/index.php?rest_route=\/wp\/v2\/users\/1"}],"replies":[{"embeddable":true,"href":"https:\/\/jornalbeirario.com.br\/portal\/index.php?rest_route=%2Fwp%2Fv2%2Fcomments&post=32666"}],"version-history":[{"count":8,"href":"https:\/\/jornalbeirario.com.br\/portal\/index.php?rest_route=\/wp\/v2\/posts\/32666\/revisions"}],"predecessor-version":[{"id":32725,"href":"https:\/\/jornalbeirario.com.br\/portal\/index.php?rest_route=\/wp\/v2\/posts\/32666\/revisions\/32725"}],"wp:featuredmedia":[{"embeddable":true,"href":"https:\/\/jornalbeirario.com.br\/portal\/index.php?rest_route=\/wp\/v2\/media\/32637"}],"wp:attachment":[{"href":"https:\/\/jornalbeirario.com.br\/portal\/index.php?rest_route=%2Fwp%2Fv2%2Fmedia&parent=32666"}],"wp:term":[{"taxonomy":"category","embeddable":true,"href":"https:\/\/jornalbeirario.com.br\/portal\/index.php?rest_route=%2Fwp%2Fv2%2Fcategories&post=32666"},{"taxonomy":"post_tag","embeddable":true,"href":"https:\/\/jornalbeirario.com.br\/portal\/index.php?rest_route=%2Fwp%2Fv2%2Ftags&post=32666"}],"curies":[{"name":"wp","href":"https:\/\/api.w.org\/{rel}","templated":true}]}}